{"id":51812,"date":"2017-02-07T00:00:00","date_gmt":"2017-02-07T00:00:00","guid":{"rendered":"http:\/\/www.fondazionepirelli.org\/fondazione-pirelli\/buon-governo-dimpresa\/"},"modified":"2019-05-09T10:16:40","modified_gmt":"2019-05-09T10:16:40","slug":"buon-governo-dimpresa","status":"publish","type":"post","link":"https:\/\/www.fondazionepirelli.org\/it\/cultura-dimpresa\/buon-governo-dimpresa\/","title":{"rendered":"Buon governo d\u2019impresa"},"content":{"rendered":"<p><em>Esempi, principi e ispirazioni per dare vita ad imprese \u201cbuone\u201d e a societ\u00e0 nelle quali vivere meglio<\/em><\/p><p>Esiste un buon governo della societ\u00e0 cos\u00ec come delle imprese. Due volti di uno stesso sistema \u2013 produttivo e sociale -, che possono (e devono), convivere e che, quando animati da individui consapevoli,\u00a0 reciprocamente riescono a scambiarsi risorse e indicazioni utili alla buona crescita. Non \u00e8 facile. Ma gli esempi ci sono.<\/p>\n<p>Mario Minoja\u00a0 (professore associato confermato di Economia aziendale presso il Dipartimento di Comunicazione e di Economia dell\u2019Universit\u00e0 di Modena e Reggio Emilia), dopo aver raccontato una serie di esempi in un precedente volume (di cui si \u00e8 parlato anche in questo spazio nell\u2019ambito dei ragionamenti di cultura d\u2019impresa), ha provato a riprendere le fila del discorso attorno alle condizioni del buon governo di aziende e societ\u00e0. Ne \u00e8 scaturito \u00a0\u201cIl buon governo. Insegnamenti dalle storie di imprese, istituzioni e realt\u00e0 locali\u201d. Un testo scritto a pi\u00f9 mani che pu\u00f2 dare molto a molte categorie di lettori.<\/p>\n<p>Viene spiegato nell\u2019introduzione scritta da Vittorio Coda: \u201cIl primo libro riporta le 11 storie di imprese e istituzioni specificamente studiate nel corso della ricerca: tre imprese, tre aziende sanitarie, due aziende non profit, tre enti pubblici territoriali . Questo libro d\u00e0 conto di ci\u00f2 che \u00e8 parso di imparare da queste storie, nonch\u00e9 da una casistica pi\u00f9 vasta, in tema di buon governo e buona gestione di imprese, istituzioni e sviluppo locale\u201d.\u00a0 Il tutto \u2013 occorre dirlo -, \u00e8 frutto di una ricerca dell\u2019ISVI (Istituto per i Valori d\u2019Impresa) sul tema \u201cBene comune e comportamenti responsabili nelle imprese e nelle istituzioni\u201d.<\/p>\n<p>Chiaro l\u2019obiettivo: \u201cFornire un contributo per promuovere e praticare la cultura del buon governo e della buona gestione in ogni ambito produttivo, evidenziando i valori che ne sono alla base e il loro concreto esplicarsi, nella consapevolezza che il perseguimento del bene comune\u00a0 \u00e8 frutto dell\u2019azione corale di tutti i tipi di organizzazioni produttive che vi sono insediate\u201d. Imprenditori, <em>manager<\/em>, aziende, lavoratori entrano cos\u00ec a pieno diritto in questo vasto ragionamento. E hanno un ruolo determinante.<\/p>\n<p>Il libro quindi si dipana lungo tre parti. Nella prima vengono delineati i principi di una buona gestione d\u2019impresa e di un buon sviluppo locale. Nella seconda vengono approfondite le caratteristiche del buon governo di particolari tipologie d\u2019impresa. Nella terza si cerca di trarre le fila del tutto partendo dagli esempi di insuccesso e da quelli di successo nella storia delle imprese e del territorio.<\/p>\n<p>Il nucleo centrale del libro \u00e8 sintetizzato fin dalle prime righe: \u201cEsiste un insieme di principi\/valori alla base del buon <em>management<\/em> di qualsiasi organizzazione produttiva (imprese, istituti del settore sanitario, istituti no profit, enti pubblici territoriali) e (\u2026) tale comunanza di principi\/valori dischiude opportunit\u00e0 di apprendimento e trasferimento di competenze manageriali tra istituti differenti nel pieno rispetto della identit\u00e0 propria di ciascun istituto\u201d.<\/p>\n<p><strong>\u00a0<\/strong><\/p>\n<p><strong>Il buon governo. <\/strong><strong>Insegnamenti dalle storie di imprese, istituzioni e realt\u00e0 locali<\/strong><\/p>\n<p>Mario Minoja (a cura di)<\/p>\n<p>EGEA, 2017<\/p>","protected":false},"excerpt":{"rendered":"<p>Esempi, principi e ispirazioni per dare vita ad imprese \u201cbuone\u201d e a societ\u00e0 nelle quali vivere meglioEsiste un buon governo della societ\u00e0 cos\u00ec come delle imprese. Due volti di uno stesso sistema \u2013 produttivo e sociale -, che possono (e devono), convivere e che, quando animati da individui consapevoli,\u00a0 reciprocamente riescono a scambiarsi risorse e [&hellip;]<\/p>\n","protected":false},"author":1,"featured_media":51813,"comment_status":"open","ping_status":"open","sticky":false,"template":"","format":"standard","meta":{"footnotes":""},"categories":[52,58],"tags":[],"class_list":["post-51812","post","type-post","status-publish","format-standard","has-post-thumbnail","hentry","category-cultura-dimpresa","category-recensioni-libri"],"acf":[],"yoast_head":"<!-- This site is optimized with the Yoast SEO plugin v25.0 - https:\/\/yoast.com\/wordpress\/plugins\/seo\/ -->\n<title>Buon governo d\u2019impresa - Fondazione Pirelli<\/title>\n<meta name=\"robots\" content=\"index, follow, max-snippet:-1, max-image-preview:large, max-video-preview:-1\" \/>\n<link rel=\"canonical\" href=\"https:\/\/www.fondazionepirelli.org\/it\/cultura-dimpresa\/buon-governo-dimpresa\/\" \/>\n<meta property=\"og:locale\" content=\"it_IT\" \/>\n<meta property=\"og:type\" content=\"article\" \/>\n<meta property=\"og:title\" content=\"Buon governo d\u2019impresa - Fondazione Pirelli\" \/>\n<meta property=\"og:description\" content=\"Esempi, principi e ispirazioni per dare vita ad imprese \u201cbuone\u201d e a societ\u00e0 nelle quali vivere meglioEsiste un buon governo della societ\u00e0 cos\u00ec come delle imprese. Due volti di uno stesso sistema \u2013 produttivo e sociale -, che possono (e devono), convivere e che, quando animati da individui consapevoli,\u00a0 reciprocamente riescono a scambiarsi risorse e [&hellip;]\" \/>\n<meta property=\"og:url\" content=\"https:\/\/www.fondazionepirelli.org\/it\/cultura-dimpresa\/buon-governo-dimpresa\/\" \/>\n<meta property=\"og:site_name\" content=\"Fondazione Pirelli\" \/>\n<meta property=\"article:published_time\" content=\"2017-02-07T00:00:00+00:00\" \/>\n<meta property=\"article:modified_time\" content=\"2019-05-09T10:16:40+00:00\" \/>\n<meta property=\"og:image\" content=\"https:\/\/wpsite-assets.fondazionepirelli.org\/wp-content\/uploads\/2019\/05\/20101314\/buon-governo.jpg\" \/>\n\t<meta property=\"og:image:width\" content=\"254\" \/>\n\t<meta property=\"og:image:height\" content=\"377\" \/>\n\t<meta property=\"og:image:type\" content=\"image\/jpeg\" \/>\n<meta name=\"author\" content=\"fondadmin\" \/>\n<meta name=\"twitter:card\" content=\"summary_large_image\" \/>\n<meta name=\"twitter:label1\" content=\"Scritto da\" \/>\n\t<meta name=\"twitter:data1\" content=\"fondadmin\" \/>\n\t<meta name=\"twitter:label2\" content=\"Tempo di lettura stimato\" \/>\n\t<meta name=\"twitter:data2\" content=\"2 minuti\" \/>\n<script type=\"application\/ld+json\" class=\"yoast-schema-graph\">{\"@context\":\"https:\/\/schema.org\",\"@graph\":[{\"@type\":\"WebPage\",\"@id\":\"https:\/\/www.fondazionepirelli.org\/it\/cultura-dimpresa\/buon-governo-dimpresa\/\",\"url\":\"https:\/\/www.fondazionepirelli.org\/it\/cultura-dimpresa\/buon-governo-dimpresa\/\",\"name\":\"Buon governo d\u2019impresa - Fondazione Pirelli\",\"isPartOf\":{\"@id\":\"https:\/\/www.fondazionepirelli.org\/it\/#website\"},\"primaryImageOfPage\":{\"@id\":\"https:\/\/www.fondazionepirelli.org\/it\/cultura-dimpresa\/buon-governo-dimpresa\/#primaryimage\"},\"image\":{\"@id\":\"https:\/\/www.fondazionepirelli.org\/it\/cultura-dimpresa\/buon-governo-dimpresa\/#primaryimage\"},\"thumbnailUrl\":\"https:\/\/wpsite-assets.fondazionepirelli.org\/wp-content\/uploads\/2019\/05\/20101314\/buon-governo.jpg\",\"datePublished\":\"2017-02-07T00:00:00+00:00\",\"dateModified\":\"2019-05-09T10:16:40+00:00\",\"author\":{\"@id\":\"https:\/\/www.fondazionepirelli.org\/it\/#\/schema\/person\/f47d097000832c4a6e54538c791fdf25\"},\"breadcrumb\":{\"@id\":\"https:\/\/www.fondazionepirelli.org\/it\/cultura-dimpresa\/buon-governo-dimpresa\/#breadcrumb\"},\"inLanguage\":\"it-IT\",\"potentialAction\":[{\"@type\":\"ReadAction\",\"target\":[\"https:\/\/www.fondazionepirelli.org\/it\/cultura-dimpresa\/buon-governo-dimpresa\/\"]}]},{\"@type\":\"ImageObject\",\"inLanguage\":\"it-IT\",\"@id\":\"https:\/\/www.fondazionepirelli.org\/it\/cultura-dimpresa\/buon-governo-dimpresa\/#primaryimage\",\"url\":\"https:\/\/wpsite-assets.fondazionepirelli.org\/wp-content\/uploads\/2019\/05\/20101314\/buon-governo.jpg\",\"contentUrl\":\"https:\/\/wpsite-assets.fondazionepirelli.org\/wp-content\/uploads\/2019\/05\/20101314\/buon-governo.jpg\",\"width\":254,\"height\":377},{\"@type\":\"BreadcrumbList\",\"@id\":\"https:\/\/www.fondazionepirelli.org\/it\/cultura-dimpresa\/buon-governo-dimpresa\/#breadcrumb\",\"itemListElement\":[{\"@type\":\"ListItem\",\"position\":1,\"name\":\"Home\",\"item\":\"https:\/\/www.fondazionepirelli.org\/it\/\"},{\"@type\":\"ListItem\",\"position\":2,\"name\":\"Buon governo d\u2019impresa\"}]},{\"@type\":\"WebSite\",\"@id\":\"https:\/\/www.fondazionepirelli.org\/it\/#website\",\"url\":\"https:\/\/www.fondazionepirelli.org\/it\/\",\"name\":\"Fondazione Pirelli\",\"description\":\"\",\"potentialAction\":[{\"@type\":\"SearchAction\",\"target\":{\"@type\":\"EntryPoint\",\"urlTemplate\":\"https:\/\/www.fondazionepirelli.org\/it\/?s={search_term_string}\"},\"query-input\":{\"@type\":\"PropertyValueSpecification\",\"valueRequired\":true,\"valueName\":\"search_term_string\"}}],\"inLanguage\":\"it-IT\"},{\"@type\":\"Person\",\"@id\":\"https:\/\/www.fondazionepirelli.org\/it\/#\/schema\/person\/f47d097000832c4a6e54538c791fdf25\",\"name\":\"fondadmin\",\"image\":{\"@type\":\"ImageObject\",\"inLanguage\":\"it-IT\",\"@id\":\"https:\/\/www.fondazionepirelli.org\/it\/#\/schema\/person\/image\/\",\"url\":\"https:\/\/secure.gravatar.com\/avatar\/e69498a9175ca244966e51e53c88712c024fcebe41f9a05f75657f1bb25e489b?s=96&d=mm&r=g\",\"contentUrl\":\"https:\/\/secure.gravatar.com\/avatar\/e69498a9175ca244966e51e53c88712c024fcebe41f9a05f75657f1bb25e489b?s=96&d=mm&r=g\",\"caption\":\"fondadmin\"},\"url\":\"https:\/\/www.fondazionepirelli.org\/it\/author\/fondadmin\/\"}]}<\/script>\n<!-- \/ Yoast SEO plugin. -->","yoast_head_json":{"title":"Buon governo d\u2019impresa - Fondazione Pirelli","robots":{"index":"index","follow":"follow","max-snippet":"max-snippet:-1","max-image-preview":"max-image-preview:large","max-video-preview":"max-video-preview:-1"},"canonical":"https:\/\/www.fondazionepirelli.org\/it\/cultura-dimpresa\/buon-governo-dimpresa\/","og_locale":"it_IT","og_type":"article","og_title":"Buon governo d\u2019impresa - Fondazione Pirelli","og_description":"Esempi, principi e ispirazioni per dare vita ad imprese \u201cbuone\u201d e a societ\u00e0 nelle quali vivere meglioEsiste un buon governo della societ\u00e0 cos\u00ec come delle imprese. Due volti di uno stesso sistema \u2013 produttivo e sociale -, che possono (e devono), convivere e che, quando animati da individui consapevoli,\u00a0 reciprocamente riescono a scambiarsi risorse e [&hellip;]","og_url":"https:\/\/www.fondazionepirelli.org\/it\/cultura-dimpresa\/buon-governo-dimpresa\/","og_site_name":"Fondazione Pirelli","article_published_time":"2017-02-07T00:00:00+00:00","article_modified_time":"2019-05-09T10:16:40+00:00","og_image":[{"width":254,"height":377,"url":"https:\/\/wpsite-assets.fondazionepirelli.org\/wp-content\/uploads\/2019\/05\/20101314\/buon-governo.jpg","type":"image\/jpeg"}],"author":"fondadmin","twitter_card":"summary_large_image","twitter_misc":{"Scritto da":"fondadmin","Tempo di lettura stimato":"2 minuti"},"schema":{"@context":"https:\/\/schema.org","@graph":[{"@type":"WebPage","@id":"https:\/\/www.fondazionepirelli.org\/it\/cultura-dimpresa\/buon-governo-dimpresa\/","url":"https:\/\/www.fondazionepirelli.org\/it\/cultura-dimpresa\/buon-governo-dimpresa\/","name":"Buon governo d\u2019impresa - Fondazione Pirelli","isPartOf":{"@id":"https:\/\/www.fondazionepirelli.org\/it\/#website"},"primaryImageOfPage":{"@id":"https:\/\/www.fondazionepirelli.org\/it\/cultura-dimpresa\/buon-governo-dimpresa\/#primaryimage"},"image":{"@id":"https:\/\/www.fondazionepirelli.org\/it\/cultura-dimpresa\/buon-governo-dimpresa\/#primaryimage"},"thumbnailUrl":"https:\/\/wpsite-assets.fondazionepirelli.org\/wp-content\/uploads\/2019\/05\/20101314\/buon-governo.jpg","datePublished":"2017-02-07T00:00:00+00:00","dateModified":"2019-05-09T10:16:40+00:00","author":{"@id":"https:\/\/www.fondazionepirelli.org\/it\/#\/schema\/person\/f47d097000832c4a6e54538c791fdf25"},"breadcrumb":{"@id":"https:\/\/www.fondazionepirelli.org\/it\/cultura-dimpresa\/buon-governo-dimpresa\/#breadcrumb"},"inLanguage":"it-IT","potentialAction":[{"@type":"ReadAction","target":["https:\/\/www.fondazionepirelli.org\/it\/cultura-dimpresa\/buon-governo-dimpresa\/"]}]},{"@type":"ImageObject","inLanguage":"it-IT","@id":"https:\/\/www.fondazionepirelli.org\/it\/cultura-dimpresa\/buon-governo-dimpresa\/#primaryimage","url":"https:\/\/wpsite-assets.fondazionepirelli.org\/wp-content\/uploads\/2019\/05\/20101314\/buon-governo.jpg","contentUrl":"https:\/\/wpsite-assets.fondazionepirelli.org\/wp-content\/uploads\/2019\/05\/20101314\/buon-governo.jpg","width":254,"height":377},{"@type":"BreadcrumbList","@id":"https:\/\/www.fondazionepirelli.org\/it\/cultura-dimpresa\/buon-governo-dimpresa\/#breadcrumb","itemListElement":[{"@type":"ListItem","position":1,"name":"Home","item":"https:\/\/www.fondazionepirelli.org\/it\/"},{"@type":"ListItem","position":2,"name":"Buon governo d\u2019impresa"}]},{"@type":"WebSite","@id":"https:\/\/www.fondazionepirelli.org\/it\/#website","url":"https:\/\/www.fondazionepirelli.org\/it\/","name":"Fondazione Pirelli","description":"","potentialAction":[{"@type":"SearchAction","target":{"@type":"EntryPoint","urlTemplate":"https:\/\/www.fondazionepirelli.org\/it\/?s={search_term_string}"},"query-input":{"@type":"PropertyValueSpecification","valueRequired":true,"valueName":"search_term_string"}}],"inLanguage":"it-IT"},{"@type":"Person","@id":"https:\/\/www.fondazionepirelli.org\/it\/#\/schema\/person\/f47d097000832c4a6e54538c791fdf25","name":"fondadmin","image":{"@type":"ImageObject","inLanguage":"it-IT","@id":"https:\/\/www.fondazionepirelli.org\/it\/#\/schema\/person\/image\/","url":"https:\/\/secure.gravatar.com\/avatar\/e69498a9175ca244966e51e53c88712c024fcebe41f9a05f75657f1bb25e489b?s=96&d=mm&r=g","contentUrl":"https:\/\/secure.gravatar.com\/avatar\/e69498a9175ca244966e51e53c88712c024fcebe41f9a05f75657f1bb25e489b?s=96&d=mm&r=g","caption":"fondadmin"},"url":"https:\/\/www.fondazionepirelli.org\/it\/author\/fondadmin\/"}]}},"_links":{"self":[{"href":"https:\/\/www.fondazionepirelli.org\/it\/wp-json\/wp\/v2\/posts\/51812\/"}],"collection":[{"href":"https:\/\/www.fondazionepirelli.org\/it\/wp-json\/wp\/v2\/posts\/"}],"about":[{"href":"https:\/\/www.fondazionepirelli.org\/it\/wp-json\/wp\/v2\/types\/post\/"}],"author":[{"embeddable":true,"href":"https:\/\/www.fondazionepirelli.org\/it\/wp-json\/wp\/v2\/users\/1\/"}],"replies":[{"embeddable":true,"href":"https:\/\/www.fondazionepirelli.org\/it\/wp-json\/wp\/v2\/comments\/?post=51812"}],"version-history":[{"count":1,"href":"https:\/\/www.fondazionepirelli.org\/it\/wp-json\/wp\/v2\/posts\/51812\/revisions\/"}],"predecessor-version":[{"id":53398,"href":"https:\/\/www.fondazionepirelli.org\/it\/wp-json\/wp\/v2\/posts\/51812\/revisions\/53398\/"}],"wp:featuredmedia":[{"embeddable":true,"href":"https:\/\/www.fondazionepirelli.org\/it\/wp-json\/wp\/v2\/media\/51813\/"}],"wp:attachment":[{"href":"https:\/\/www.fondazionepirelli.org\/it\/wp-json\/wp\/v2\/media\/?parent=51812"}],"wp:term":[{"taxonomy":"category","embeddable":true,"href":"https:\/\/www.fondazionepirelli.org\/it\/wp-json\/wp\/v2\/categories\/?post=51812"},{"taxonomy":"post_tag","embeddable":true,"href":"https:\/\/www.fondazionepirelli.org\/it\/wp-json\/wp\/v2\/tags\/?post=51812"}],"curies":[{"name":"wp","href":"https:\/\/api.w.org\/{rel}","templated":true}]}}