{"id":51815,"date":"2017-02-07T00:00:00","date_gmt":"2017-02-07T00:00:00","guid":{"rendered":"http:\/\/www.fondazionepirelli.org\/fondazione-pirelli\/quale-mondo-per-le-imprese-familiari\/"},"modified":"2019-05-09T10:17:19","modified_gmt":"2019-05-09T10:17:19","slug":"quale-mondo-per-le-imprese-familiari","status":"publish","type":"post","link":"https:\/\/www.fondazionepirelli.org\/it\/cultura-dimpresa\/quale-mondo-per-le-imprese-familiari\/","title":{"rendered":"Quale mondo per le imprese familiari?"},"content":{"rendered":"<p><em>Una ricerca fra management e sociologia, mette a fuoco lo stato dell\u2019arte dell\u2019analisi dei rapporti fra famiglia e internazionalizzazione della produzione<\/em><\/p><p>Imprese votate a crescere anche all\u2019estero e imprese inchiodate ai propri mercati. Dualismo costante in ogni sistema produttivo. E dualismo che pu\u00f2 condurre, a seconda della prevalenza dell\u2019uno o dell\u2019altro orientamento, allo sviluppo reale di sistemi di territori importanti dal punto di vista produttivo, oppure ad un loro pi\u00f9 o meno lento declino. Questione di organizzazione e di capacit\u00e0, ma anche di storia e di impostazione imprenditoriale. Ambiti nei quali la natura familiare dell\u2019impresa pu\u00f2 contare molto.<\/p>\n<p>Per questo \u00e8 utile leggere\u00a0\u201cComprendre L\u2019impact Du Conservatisme Sur La Performance Internationale Des Entreprises Familiales: Un Etat De L\u2019art\u201d di Hind Hourmat Allah della\u00a0 Cadi Ayyad University di Marrakech (Marocco) apparso recentemente sul <em>Global Journal of Management and Business Research<\/em>. Si tratta di un lavoro che ha un gran pregio: fornire in poche pagine il quadro esaustivo dello stato dell\u2019arte degli studi sui rapporti fra sviluppo d\u2019impresa, famiglia e tendenza alla conservazione che pu\u00f2 essere presente nella stessa.<\/p>\n<p>Pi\u00f9 in particolare, l&#8217;obiettivo di questo lavoro \u00e8 quello di condurre una riflessione sul rapporto che pu\u00f2 esistere tra il conservatorismo come stato d&#8217;animo e modalit\u00e0 di lettura congiunturale e approccio alla gestione dell\u2019impresa, con attenzione alle prestazioni delle imprese familiari nei confronti dell\u2019internazionalizzazione dell\u2019attivit\u00e0.<\/p>\n<p>Il testo \u2013 dopo un inquadramento del tema -, passa quindi a fissare chiaramente cosa si possa intendere per conservatorismo familiare, poi approfondisce la natura dell\u2019impresa familiare vista come un \u201cbastione del conservatorismo\u201d, successivamente analizza la letteratura varia che individua, a seconda dei casi, il conservatorismo presente nelle imprese familiari come fattori di inibizione oppure di stimolo all\u2019internazionalizzazione. Nel primo caso, viene spiegato, pare prevalere una sorta di \u201cattaccamento emotivo al <em>business<\/em>\u201d oltre che la consuetudine nella gestione aziendale; in questo ambito, le imprese familiari mostrano una maggiore riduzione della loro capacit\u00e0 di essere innovative.<\/p>\n<p>Nel secondo caso, invece, il conservatorismo d\u2019impresa viene letto come un elemento neutro o a volte in grado di stimolare l&#8217;internazionalizzazione; ci\u00f2 che conta qui per\u00f2 \u00e8 la forza del contesto familiare avezzo a guardare oltre i confini, la presenza di una cultura dell\u2019altro e d\u2019impresa che si stacca dalla consuetudine e guarda alla novit\u00e0.<\/p>\n<p>Il tema dei complessi legami fra gestione d\u2019impresa e propriet\u00e0 d\u2019impresa \u00e8 ben lontano dall\u2019essere dipanato in maniera esaustiva, ma l\u2019articolo\u00a0 di Hind Hourmat Allah \u00e8 un buon strumento per capire qualcosa di pi\u00f9.<\/p><p><strong>Comprendre L\u2019impact Du Conservatisme Sur La Performance Internationale Des Entreprises Familiales: Un Etat De L\u2019art<\/strong><\/p>\n<p>Hind Hourmat Allah (GREFSO, Facult\u00e9 de Droit, Cadi Ayyad University, Marrakech)<\/p>\n<p>Global Journal of Management and Business Research: A Administration and Management, Volume 16 Issue 10, 2016<\/p>\n","protected":false},"excerpt":{"rendered":"<p>Una ricerca fra management e sociologia, mette a fuoco lo stato dell\u2019arte dell\u2019analisi dei rapporti fra famiglia e internazionalizzazione della produzioneImprese votate a crescere anche all\u2019estero e imprese inchiodate ai propri mercati. Dualismo costante in ogni sistema produttivo. E dualismo che pu\u00f2 condurre, a seconda della prevalenza dell\u2019uno o dell\u2019altro orientamento, allo sviluppo reale di [&hellip;]<\/p>\n","protected":false},"author":1,"featured_media":0,"comment_status":"open","ping_status":"open","sticky":false,"template":"","format":"standard","meta":{"footnotes":""},"categories":[54,52],"tags":[],"class_list":["post-51815","post","type-post","status-publish","format-standard","hentry","category-approfondimenti","category-cultura-dimpresa"],"acf":[],"yoast_head":"<!-- This site is optimized with the Yoast SEO plugin v25.0 - https:\/\/yoast.com\/wordpress\/plugins\/seo\/ -->\n<title>Quale mondo per le imprese familiari? - Fondazione Pirelli<\/title>\n<meta name=\"robots\" content=\"index, follow, max-snippet:-1, max-image-preview:large, max-video-preview:-1\" \/>\n<link rel=\"canonical\" href=\"https:\/\/www.fondazionepirelli.org\/it\/cultura-dimpresa\/quale-mondo-per-le-imprese-familiari\/\" \/>\n<meta property=\"og:locale\" content=\"it_IT\" \/>\n<meta property=\"og:type\" content=\"article\" \/>\n<meta property=\"og:title\" content=\"Quale mondo per le imprese familiari? - Fondazione Pirelli\" \/>\n<meta property=\"og:description\" content=\"Una ricerca fra management e sociologia, mette a fuoco lo stato dell\u2019arte dell\u2019analisi dei rapporti fra famiglia e internazionalizzazione della produzioneImprese votate a crescere anche all\u2019estero e imprese inchiodate ai propri mercati. Dualismo costante in ogni sistema produttivo. E dualismo che pu\u00f2 condurre, a seconda della prevalenza dell\u2019uno o dell\u2019altro orientamento, allo sviluppo reale di [&hellip;]\" \/>\n<meta property=\"og:url\" content=\"https:\/\/www.fondazionepirelli.org\/it\/cultura-dimpresa\/quale-mondo-per-le-imprese-familiari\/\" \/>\n<meta property=\"og:site_name\" content=\"Fondazione Pirelli\" \/>\n<meta property=\"article:published_time\" content=\"2017-02-07T00:00:00+00:00\" \/>\n<meta property=\"article:modified_time\" content=\"2019-05-09T10:17:19+00:00\" \/>\n<meta name=\"author\" content=\"fondadmin\" \/>\n<meta name=\"twitter:card\" content=\"summary_large_image\" \/>\n<meta name=\"twitter:label1\" content=\"Scritto da\" \/>\n\t<meta name=\"twitter:data1\" content=\"fondadmin\" \/>\n\t<meta name=\"twitter:label2\" content=\"Tempo di lettura stimato\" \/>\n\t<meta name=\"twitter:data2\" content=\"2 minuti\" \/>\n<script type=\"application\/ld+json\" class=\"yoast-schema-graph\">{\"@context\":\"https:\/\/schema.org\",\"@graph\":[{\"@type\":\"WebPage\",\"@id\":\"https:\/\/www.fondazionepirelli.org\/it\/cultura-dimpresa\/quale-mondo-per-le-imprese-familiari\/\",\"url\":\"https:\/\/www.fondazionepirelli.org\/it\/cultura-dimpresa\/quale-mondo-per-le-imprese-familiari\/\",\"name\":\"Quale mondo per le imprese familiari? - Fondazione Pirelli\",\"isPartOf\":{\"@id\":\"https:\/\/www.fondazionepirelli.org\/it\/#website\"},\"datePublished\":\"2017-02-07T00:00:00+00:00\",\"dateModified\":\"2019-05-09T10:17:19+00:00\",\"author\":{\"@id\":\"https:\/\/www.fondazionepirelli.org\/it\/#\/schema\/person\/f47d097000832c4a6e54538c791fdf25\"},\"breadcrumb\":{\"@id\":\"https:\/\/www.fondazionepirelli.org\/it\/cultura-dimpresa\/quale-mondo-per-le-imprese-familiari\/#breadcrumb\"},\"inLanguage\":\"it-IT\",\"potentialAction\":[{\"@type\":\"ReadAction\",\"target\":[\"https:\/\/www.fondazionepirelli.org\/it\/cultura-dimpresa\/quale-mondo-per-le-imprese-familiari\/\"]}]},{\"@type\":\"BreadcrumbList\",\"@id\":\"https:\/\/www.fondazionepirelli.org\/it\/cultura-dimpresa\/quale-mondo-per-le-imprese-familiari\/#breadcrumb\",\"itemListElement\":[{\"@type\":\"ListItem\",\"position\":1,\"name\":\"Home\",\"item\":\"https:\/\/www.fondazionepirelli.org\/it\/\"},{\"@type\":\"ListItem\",\"position\":2,\"name\":\"Quale mondo per le imprese familiari?\"}]},{\"@type\":\"WebSite\",\"@id\":\"https:\/\/www.fondazionepirelli.org\/it\/#website\",\"url\":\"https:\/\/www.fondazionepirelli.org\/it\/\",\"name\":\"Fondazione Pirelli\",\"description\":\"\",\"potentialAction\":[{\"@type\":\"SearchAction\",\"target\":{\"@type\":\"EntryPoint\",\"urlTemplate\":\"https:\/\/www.fondazionepirelli.org\/it\/?s={search_term_string}\"},\"query-input\":{\"@type\":\"PropertyValueSpecification\",\"valueRequired\":true,\"valueName\":\"search_term_string\"}}],\"inLanguage\":\"it-IT\"},{\"@type\":\"Person\",\"@id\":\"https:\/\/www.fondazionepirelli.org\/it\/#\/schema\/person\/f47d097000832c4a6e54538c791fdf25\",\"name\":\"fondadmin\",\"image\":{\"@type\":\"ImageObject\",\"inLanguage\":\"it-IT\",\"@id\":\"https:\/\/www.fondazionepirelli.org\/it\/#\/schema\/person\/image\/\",\"url\":\"https:\/\/secure.gravatar.com\/avatar\/e69498a9175ca244966e51e53c88712c024fcebe41f9a05f75657f1bb25e489b?s=96&d=mm&r=g\",\"contentUrl\":\"https:\/\/secure.gravatar.com\/avatar\/e69498a9175ca244966e51e53c88712c024fcebe41f9a05f75657f1bb25e489b?s=96&d=mm&r=g\",\"caption\":\"fondadmin\"},\"url\":\"https:\/\/www.fondazionepirelli.org\/it\/author\/fondadmin\/\"}]}<\/script>\n<!-- \/ Yoast SEO plugin. -->","yoast_head_json":{"title":"Quale mondo per le imprese familiari? - Fondazione Pirelli","robots":{"index":"index","follow":"follow","max-snippet":"max-snippet:-1","max-image-preview":"max-image-preview:large","max-video-preview":"max-video-preview:-1"},"canonical":"https:\/\/www.fondazionepirelli.org\/it\/cultura-dimpresa\/quale-mondo-per-le-imprese-familiari\/","og_locale":"it_IT","og_type":"article","og_title":"Quale mondo per le imprese familiari? - Fondazione Pirelli","og_description":"Una ricerca fra management e sociologia, mette a fuoco lo stato dell\u2019arte dell\u2019analisi dei rapporti fra famiglia e internazionalizzazione della produzioneImprese votate a crescere anche all\u2019estero e imprese inchiodate ai propri mercati. Dualismo costante in ogni sistema produttivo. E dualismo che pu\u00f2 condurre, a seconda della prevalenza dell\u2019uno o dell\u2019altro orientamento, allo sviluppo reale di [&hellip;]","og_url":"https:\/\/www.fondazionepirelli.org\/it\/cultura-dimpresa\/quale-mondo-per-le-imprese-familiari\/","og_site_name":"Fondazione Pirelli","article_published_time":"2017-02-07T00:00:00+00:00","article_modified_time":"2019-05-09T10:17:19+00:00","author":"fondadmin","twitter_card":"summary_large_image","twitter_misc":{"Scritto da":"fondadmin","Tempo di lettura stimato":"2 minuti"},"schema":{"@context":"https:\/\/schema.org","@graph":[{"@type":"WebPage","@id":"https:\/\/www.fondazionepirelli.org\/it\/cultura-dimpresa\/quale-mondo-per-le-imprese-familiari\/","url":"https:\/\/www.fondazionepirelli.org\/it\/cultura-dimpresa\/quale-mondo-per-le-imprese-familiari\/","name":"Quale mondo per le imprese familiari? - Fondazione Pirelli","isPartOf":{"@id":"https:\/\/www.fondazionepirelli.org\/it\/#website"},"datePublished":"2017-02-07T00:00:00+00:00","dateModified":"2019-05-09T10:17:19+00:00","author":{"@id":"https:\/\/www.fondazionepirelli.org\/it\/#\/schema\/person\/f47d097000832c4a6e54538c791fdf25"},"breadcrumb":{"@id":"https:\/\/www.fondazionepirelli.org\/it\/cultura-dimpresa\/quale-mondo-per-le-imprese-familiari\/#breadcrumb"},"inLanguage":"it-IT","potentialAction":[{"@type":"ReadAction","target":["https:\/\/www.fondazionepirelli.org\/it\/cultura-dimpresa\/quale-mondo-per-le-imprese-familiari\/"]}]},{"@type":"BreadcrumbList","@id":"https:\/\/www.fondazionepirelli.org\/it\/cultura-dimpresa\/quale-mondo-per-le-imprese-familiari\/#breadcrumb","itemListElement":[{"@type":"ListItem","position":1,"name":"Home","item":"https:\/\/www.fondazionepirelli.org\/it\/"},{"@type":"ListItem","position":2,"name":"Quale mondo per le imprese familiari?"}]},{"@type":"WebSite","@id":"https:\/\/www.fondazionepirelli.org\/it\/#website","url":"https:\/\/www.fondazionepirelli.org\/it\/","name":"Fondazione Pirelli","description":"","potentialAction":[{"@type":"SearchAction","target":{"@type":"EntryPoint","urlTemplate":"https:\/\/www.fondazionepirelli.org\/it\/?s={search_term_string}"},"query-input":{"@type":"PropertyValueSpecification","valueRequired":true,"valueName":"search_term_string"}}],"inLanguage":"it-IT"},{"@type":"Person","@id":"https:\/\/www.fondazionepirelli.org\/it\/#\/schema\/person\/f47d097000832c4a6e54538c791fdf25","name":"fondadmin","image":{"@type":"ImageObject","inLanguage":"it-IT","@id":"https:\/\/www.fondazionepirelli.org\/it\/#\/schema\/person\/image\/","url":"https:\/\/secure.gravatar.com\/avatar\/e69498a9175ca244966e51e53c88712c024fcebe41f9a05f75657f1bb25e489b?s=96&d=mm&r=g","contentUrl":"https:\/\/secure.gravatar.com\/avatar\/e69498a9175ca244966e51e53c88712c024fcebe41f9a05f75657f1bb25e489b?s=96&d=mm&r=g","caption":"fondadmin"},"url":"https:\/\/www.fondazionepirelli.org\/it\/author\/fondadmin\/"}]}},"_links":{"self":[{"href":"https:\/\/www.fondazionepirelli.org\/it\/wp-json\/wp\/v2\/posts\/51815\/"}],"collection":[{"href":"https:\/\/www.fondazionepirelli.org\/it\/wp-json\/wp\/v2\/posts\/"}],"about":[{"href":"https:\/\/www.fondazionepirelli.org\/it\/wp-json\/wp\/v2\/types\/post\/"}],"author":[{"embeddable":true,"href":"https:\/\/www.fondazionepirelli.org\/it\/wp-json\/wp\/v2\/users\/1\/"}],"replies":[{"embeddable":true,"href":"https:\/\/www.fondazionepirelli.org\/it\/wp-json\/wp\/v2\/comments\/?post=51815"}],"version-history":[{"count":1,"href":"https:\/\/www.fondazionepirelli.org\/it\/wp-json\/wp\/v2\/posts\/51815\/revisions\/"}],"predecessor-version":[{"id":53399,"href":"https:\/\/www.fondazionepirelli.org\/it\/wp-json\/wp\/v2\/posts\/51815\/revisions\/53399\/"}],"wp:attachment":[{"href":"https:\/\/www.fondazionepirelli.org\/it\/wp-json\/wp\/v2\/media\/?parent=51815"}],"wp:term":[{"taxonomy":"category","embeddable":true,"href":"https:\/\/www.fondazionepirelli.org\/it\/wp-json\/wp\/v2\/categories\/?post=51815"},{"taxonomy":"post_tag","embeddable":true,"href":"https:\/\/www.fondazionepirelli.org\/it\/wp-json\/wp\/v2\/tags\/?post=51815"}],"curies":[{"name":"wp","href":"https:\/\/api.w.org\/{rel}","templated":true}]}}