{"id":51817,"date":"2017-02-07T00:00:00","date_gmt":"2017-02-07T00:00:00","guid":{"rendered":"http:\/\/www.fondazionepirelli.org\/fondazione-pirelli\/la-cultura-e-anche-una-fabbrica-bella-e-non-soltanto-un-palazzo-storico-ecco-come-favorire-sviluppo-economico-e-inclusione-sociale\/"},"modified":"2019-05-30T16:09:41","modified_gmt":"2019-05-30T16:09:41","slug":"la-cultura-e-anche-una-fabbrica-bella-e-non-soltanto-un-palazzo-storico-ecco-come-favorire-sviluppo-economico-e-inclusione-sociale","status":"publish","type":"post","link":"https:\/\/www.fondazionepirelli.org\/it\/cultura-dimpresa\/la-cultura-e-anche-una-fabbrica-bella-e-non-soltanto-un-palazzo-storico-ecco-come-favorire-sviluppo-economico-e-inclusione-sociale\/","title":{"rendered":"La cultura \u00e8 anche una &#8220;fabbrica bella&#8221; e non soltanto un  palazzo storico: ecco come favorire sviluppo economico e inclusione sociale"},"content":{"rendered":"<p class=\"Corpo\"><span lang=\"IT\"><strong>Cultura<\/strong> \u00e8 un palazzo normanno, una cupola araba, un dipinto di Caravaggio, una piazza barocca animata da un mercato popolare. Ma cultura \u00e8 anche una <strong>fabbrica<\/strong>, un <strong>laboratorio di ricerca<\/strong>, uno spazio in cui si ripete e si trasforma, ogni giorno, il rito umanissimo del lavoro. <strong>Palermo<\/strong>, citt\u00e0 mediterranea densa d&#8217;arte e di storia, ha appena vinto la gara per diventare capitale italiana della cultura 2018. <strong>Settimo Torinese<\/strong>, piccola citt\u00e0 industriale, le ha tenuto testa, sino all&#8217;ultimo. E la competizione, quest&#8217;anno pi\u00f9 che in passato, ha avuto il merito di rilanciare un tema cardine dell&#8217;identit\u00e0 italiana, quella sedimentata e quella che abbiamo la responsabilit\u00e0 di continuare a costruire: cos&#8217;\u00e8 cultura? E quali sono le relazioni e i processi culturali che fanno vivere una comunit\u00e0, locale e nazionale?<\/span><\/p>\n<p class=\"Corpo\"><span lang=\"IT\">Viviamo stagioni incerte, in cui tramonta il mito sempre e comunque positivo della globalizzazione, si ripresentano gli incubi del nazionalismo (le &#8220;piccole patrie&#8221; chiuse e respingenti, il predominio protezionista degli egoismi particolare, incuranti del mondo) ma, contemporaneamente, si rid\u00e0 valore al territorio, al dialogo fertile tra &#8220;globus&#8221; e &#8220;locus&#8221;, per usare la bella dialettica cara a un politico-intellettuale come Piero Bassetti. E la commissione del ministero della Cultura, nel lungo dibattito per indicare la citt\u00e0 &#8220;capitale culturale&#8221;, ha saputo aprire un confronto che potr\u00e0 produrre buoni frutti, dare legittimit\u00e0 a un&#8217;idea di cultura ampia, contemporanea. Facendo tesoro anche d&#8217;un riferimento internazionale: nel 2010 capitale europea della cultura era stato il bacino minerario della Ruhr, luogo cardine dell&#8217;industria tedesca. <\/span><\/p>\n<p class=\"Corpo\"><span lang=\"IT\">E&#8217; la &#8220;<strong>cultura politecnica<\/strong>&#8220;, ritrovando l&#8217;intreccio, gi\u00e0 evidente in molte pagine della storia italiana, tra saperi umanistici e conoscenze scientifiche, tra la matematica e la pittura, la letteratura e l&#8217;astronomia, la ricerca e le sue ricadute su miti e riti quotidiani, linguaggi e consumi popolari. Il premio Nobel per la Chimica allo scienziato <strong>Giulio Natta<\/strong> nel 1963 ne \u00e8 paradigma: il rapporto tra universit\u00e0 e laboratori di <strong>Pirelli<\/strong> e Montecatini, la scoperta del polipropilene, la produzione industriale della plastica Moplen, un primato italiano scientifico e imprenditoriale che segna il tempo. Cos\u00ec come \u00e8 paradigma la vicenda di Primo Levi, scrittore intenso, non solo della tragedia dell&#8217;Olocausto, ma anche della bellezza del lavoro industriale e della scienza, nelle pagine di &#8220;La chiave a stella&#8221; e di &#8220;Il sistema periodico&#8221;. Un chimico, Levi. In una fabbrica di vernici, la Siva. A Settimo Torinese.<\/span><\/p>\n<p class=\"Corpo\"><span lang=\"IT\">La lezione di Levi \u00e8 ancora attuale: &#8220;La nobilt\u00e0 dell&#8217;uomo, acquisita in cento secoli di prove ed errori, era consistita nel farsi signore della materia&#8230; Vincere la materia \u00e8 comprenderla, e comprendere la materia \u00e8 necessario per comprendere noi stessi&#8230; e quindi il Sistema Periodico di Mendeleev&#8230; \u00e8 una poesia, pi\u00f9 alta e pi\u00f9 solenne di tutte le poesie digerite in liceo&#8221;. E&#8217; un centro culturale, oggi, la Siva. Per lavorare sulla Memoria (dell&#8217;Olocausto, innanzitutto). E sui valori dell&#8217;accoglienza, dell&#8217;ospitalit\u00e0, dell&#8217;integrazione. Valori civili. E culturali.<\/span><\/p>\n<p class=\"Corpo\"><span lang=\"IT\">Sta proprio qui, la novit\u00e0 introdotta nel discorso pubblico italiano dalla candidatura di Settimo Torinese. Nell&#8217;idea che cultura significhi impresa, fabbrica, lavoro operaio (&#8220;Settimo e l&#8217;orgoglio d&#8217;una cultura da tuta blu&#8221;, ha notato giustamente Rocco Moliterni su &#8220;La Stampa&#8221;, 4 febbraio), laboratori, ricerca e innovazione, in &#8220;fabbriche belle&#8221; ed efficienti, dalla Pirelli progettata da <strong>Renzo Piano<\/strong> alla Lavazza e a L&#8217;Or\u00e9al, centro europeo d&#8217;innovazione. Architetture. Ambiente. E inclusione sociale.<\/span><\/p>\n<p class=\"Corpo\"><span lang=\"IT\">Era periferia piatta e grigia, Settimo, negli anni Cinquanta e Sessanta. Dormitorio popolare, di lavoratori delle industrie torinesi. Ma anche, nel tempo, luogo dell&#8217;accoglienza di migliaia di persone che arrivavano dai paesi del Sud e proprio in fabbrica acquisivano coscienza dei diritti e dei doveri, dignit\u00e0, cittadinanza. Valori forti, politici e civili. Cultura. Che ancora oggi si ripete e si rinnova, per gli immigrati che vengono da altri territori del mondo e proprio qui trovano integrazione. Solidariet\u00e0, accoglienza, inclusione. Ancora una volta, cultura. E il suo racconto. Tra teatro, mostre, musica in fabbrica. Se ne continuer\u00e0 a parlare.<\/span><\/p>\n<p class=\"Corpo\"><span lang=\"IT\">Molti dei valori messi in luce da Settimo possono essere valide indicazioni anche per progetti e iniziative di Palermo. Il <strong>valore dell&#8217;industria<\/strong> e del lavoro operaio, per esempio, riflettendo sull&#8217;esperienza delle &#8220;tute blu&#8221; del Cantiere Navale, luogo di dignit\u00e0 e identit\u00e0 orgogliosa in contrasto netto con la citt\u00e0 delle clientele impiegatizie e delle relazioni mafiose. La centralit\u00e0 dei saperi scientifici (la storia di Palermo racconta il valore internazionale del Circolo Matematico ai primi del Novecento e poi dei laboratori di biologia molecolare diretti da un grande scienziato, Alberto Monroy). L&#8217;<strong>innovazione culturale<\/strong> di respiro europeo (letteratura, musica, teatro, editoria). Ma anche le abitudini dell&#8217;accoglienza e del confronto culturale, in una citt\u00e0 al centro del Mediterraneo (utile rileggere le pagine del &#8220;Breviario mediterraneo&#8221; d&#8217;uno storico straordinario come Predrag Matvejevic, che della Sicilia e di alcuni siciliani era amico curioso e sincero). Forse, proprio a Palermo, i valori culturali che Settimo ha portato all&#8217;attenzione nazionale potrebbero essere ripresi, approfonditi, rilanciati. Fabbrica vuol dire anche fabbricare buone idee, no?<\/span><\/p>\n","protected":false},"excerpt":{"rendered":"<p>Cultura \u00e8 un palazzo normanno, una cupola araba, un dipinto di Caravaggio, una piazza barocca animata da un mercato popolare. Ma cultura \u00e8 anche una fabbrica, un laboratorio di ricerca, uno spazio in cui si ripete e si trasforma, ogni giorno, il rito umanissimo del lavoro. Palermo, citt\u00e0 mediterranea densa d&#8217;arte e di storia, ha [&hellip;]<\/p>\n","protected":false},"author":1,"featured_media":51818,"comment_status":"open","ping_status":"open","sticky":false,"template":"","format":"standard","meta":{"footnotes":""},"categories":[53,52],"tags":[],"class_list":["post-51817","post","type-post","status-publish","format-standard","has-post-thumbnail","hentry","category-blog","category-cultura-dimpresa"],"acf":[],"yoast_head":"<!-- This site is optimized with the Yoast SEO plugin v25.0 - https:\/\/yoast.com\/wordpress\/plugins\/seo\/ -->\n<title>La cultura \u00e8 anche una &quot;fabbrica bella&quot; e non soltanto un palazzo storico: ecco come favorire sviluppo economico e inclusione sociale - Fondazione Pirelli<\/title>\n<meta name=\"robots\" content=\"index, follow, max-snippet:-1, max-image-preview:large, max-video-preview:-1\" \/>\n<link rel=\"canonical\" href=\"https:\/\/www.fondazionepirelli.org\/it\/cultura-dimpresa\/la-cultura-e-anche-una-fabbrica-bella-e-non-soltanto-un-palazzo-storico-ecco-come-favorire-sviluppo-economico-e-inclusione-sociale\/\" \/>\n<meta property=\"og:locale\" content=\"it_IT\" \/>\n<meta property=\"og:type\" content=\"article\" \/>\n<meta property=\"og:title\" content=\"La cultura \u00e8 anche una &quot;fabbrica bella&quot; e non soltanto un palazzo storico: ecco come favorire sviluppo economico e inclusione sociale - Fondazione Pirelli\" \/>\n<meta property=\"og:description\" content=\"Cultura \u00e8 un palazzo normanno, una cupola araba, un dipinto di Caravaggio, una piazza barocca animata da un mercato popolare. Ma cultura \u00e8 anche una fabbrica, un laboratorio di ricerca, uno spazio in cui si ripete e si trasforma, ogni giorno, il rito umanissimo del lavoro. Palermo, citt\u00e0 mediterranea densa d&#8217;arte e di storia, ha [&hellip;]\" \/>\n<meta property=\"og:url\" content=\"https:\/\/www.fondazionepirelli.org\/it\/cultura-dimpresa\/la-cultura-e-anche-una-fabbrica-bella-e-non-soltanto-un-palazzo-storico-ecco-come-favorire-sviluppo-economico-e-inclusione-sociale\/\" \/>\n<meta property=\"og:site_name\" content=\"Fondazione Pirelli\" \/>\n<meta property=\"article:published_time\" content=\"2017-02-07T00:00:00+00:00\" \/>\n<meta property=\"article:modified_time\" content=\"2019-05-30T16:09:41+00:00\" \/>\n<meta property=\"og:image\" content=\"https:\/\/wpsite-assets.fondazionepirelli.org\/wp-content\/uploads\/2019\/05\/20101314\/PIRELLI_D03_13575-e1559232568249.jpg\" \/>\n\t<meta property=\"og:image:width\" content=\"600\" \/>\n\t<meta property=\"og:image:height\" content=\"400\" \/>\n\t<meta property=\"og:image:type\" content=\"image\/jpeg\" \/>\n<meta name=\"author\" content=\"fondadmin\" \/>\n<meta name=\"twitter:card\" content=\"summary_large_image\" \/>\n<meta name=\"twitter:label1\" content=\"Scritto da\" \/>\n\t<meta name=\"twitter:data1\" content=\"fondadmin\" \/>\n\t<meta name=\"twitter:label2\" content=\"Tempo di lettura stimato\" \/>\n\t<meta name=\"twitter:data2\" content=\"4 minuti\" \/>\n<script type=\"application\/ld+json\" class=\"yoast-schema-graph\">{\"@context\":\"https:\/\/schema.org\",\"@graph\":[{\"@type\":\"WebPage\",\"@id\":\"https:\/\/www.fondazionepirelli.org\/it\/cultura-dimpresa\/la-cultura-e-anche-una-fabbrica-bella-e-non-soltanto-un-palazzo-storico-ecco-come-favorire-sviluppo-economico-e-inclusione-sociale\/\",\"url\":\"https:\/\/www.fondazionepirelli.org\/it\/cultura-dimpresa\/la-cultura-e-anche-una-fabbrica-bella-e-non-soltanto-un-palazzo-storico-ecco-come-favorire-sviluppo-economico-e-inclusione-sociale\/\",\"name\":\"La cultura \u00e8 anche una \\\"fabbrica bella\\\" e non soltanto un palazzo storico: ecco come favorire sviluppo economico e inclusione sociale - Fondazione Pirelli\",\"isPartOf\":{\"@id\":\"https:\/\/www.fondazionepirelli.org\/it\/#website\"},\"primaryImageOfPage\":{\"@id\":\"https:\/\/www.fondazionepirelli.org\/it\/cultura-dimpresa\/la-cultura-e-anche-una-fabbrica-bella-e-non-soltanto-un-palazzo-storico-ecco-come-favorire-sviluppo-economico-e-inclusione-sociale\/#primaryimage\"},\"image\":{\"@id\":\"https:\/\/www.fondazionepirelli.org\/it\/cultura-dimpresa\/la-cultura-e-anche-una-fabbrica-bella-e-non-soltanto-un-palazzo-storico-ecco-come-favorire-sviluppo-economico-e-inclusione-sociale\/#primaryimage\"},\"thumbnailUrl\":\"https:\/\/wpsite-assets.fondazionepirelli.org\/wp-content\/uploads\/2019\/05\/20101314\/PIRELLI_D03_13575-e1559232568249.jpg\",\"datePublished\":\"2017-02-07T00:00:00+00:00\",\"dateModified\":\"2019-05-30T16:09:41+00:00\",\"author\":{\"@id\":\"https:\/\/www.fondazionepirelli.org\/it\/#\/schema\/person\/f47d097000832c4a6e54538c791fdf25\"},\"breadcrumb\":{\"@id\":\"https:\/\/www.fondazionepirelli.org\/it\/cultura-dimpresa\/la-cultura-e-anche-una-fabbrica-bella-e-non-soltanto-un-palazzo-storico-ecco-come-favorire-sviluppo-economico-e-inclusione-sociale\/#breadcrumb\"},\"inLanguage\":\"it-IT\",\"potentialAction\":[{\"@type\":\"ReadAction\",\"target\":[\"https:\/\/www.fondazionepirelli.org\/it\/cultura-dimpresa\/la-cultura-e-anche-una-fabbrica-bella-e-non-soltanto-un-palazzo-storico-ecco-come-favorire-sviluppo-economico-e-inclusione-sociale\/\"]}]},{\"@type\":\"ImageObject\",\"inLanguage\":\"it-IT\",\"@id\":\"https:\/\/www.fondazionepirelli.org\/it\/cultura-dimpresa\/la-cultura-e-anche-una-fabbrica-bella-e-non-soltanto-un-palazzo-storico-ecco-come-favorire-sviluppo-economico-e-inclusione-sociale\/#primaryimage\",\"url\":\"https:\/\/wpsite-assets.fondazionepirelli.org\/wp-content\/uploads\/2019\/05\/20101314\/PIRELLI_D03_13575-e1559232568249.jpg\",\"contentUrl\":\"https:\/\/wpsite-assets.fondazionepirelli.org\/wp-content\/uploads\/2019\/05\/20101314\/PIRELLI_D03_13575-e1559232568249.jpg\",\"width\":600,\"height\":400},{\"@type\":\"BreadcrumbList\",\"@id\":\"https:\/\/www.fondazionepirelli.org\/it\/cultura-dimpresa\/la-cultura-e-anche-una-fabbrica-bella-e-non-soltanto-un-palazzo-storico-ecco-come-favorire-sviluppo-economico-e-inclusione-sociale\/#breadcrumb\",\"itemListElement\":[{\"@type\":\"ListItem\",\"position\":1,\"name\":\"Home\",\"item\":\"https:\/\/www.fondazionepirelli.org\/it\/\"},{\"@type\":\"ListItem\",\"position\":2,\"name\":\"La cultura \u00e8 anche una &#8220;fabbrica bella&#8221; e non soltanto un palazzo storico: ecco come favorire sviluppo economico e inclusione sociale\"}]},{\"@type\":\"WebSite\",\"@id\":\"https:\/\/www.fondazionepirelli.org\/it\/#website\",\"url\":\"https:\/\/www.fondazionepirelli.org\/it\/\",\"name\":\"Fondazione Pirelli\",\"description\":\"\",\"potentialAction\":[{\"@type\":\"SearchAction\",\"target\":{\"@type\":\"EntryPoint\",\"urlTemplate\":\"https:\/\/www.fondazionepirelli.org\/it\/?s={search_term_string}\"},\"query-input\":{\"@type\":\"PropertyValueSpecification\",\"valueRequired\":true,\"valueName\":\"search_term_string\"}}],\"inLanguage\":\"it-IT\"},{\"@type\":\"Person\",\"@id\":\"https:\/\/www.fondazionepirelli.org\/it\/#\/schema\/person\/f47d097000832c4a6e54538c791fdf25\",\"name\":\"fondadmin\",\"image\":{\"@type\":\"ImageObject\",\"inLanguage\":\"it-IT\",\"@id\":\"https:\/\/www.fondazionepirelli.org\/it\/#\/schema\/person\/image\/\",\"url\":\"https:\/\/secure.gravatar.com\/avatar\/e69498a9175ca244966e51e53c88712c024fcebe41f9a05f75657f1bb25e489b?s=96&d=mm&r=g\",\"contentUrl\":\"https:\/\/secure.gravatar.com\/avatar\/e69498a9175ca244966e51e53c88712c024fcebe41f9a05f75657f1bb25e489b?s=96&d=mm&r=g\",\"caption\":\"fondadmin\"},\"url\":\"https:\/\/www.fondazionepirelli.org\/it\/author\/fondadmin\/\"}]}<\/script>\n<!-- \/ Yoast SEO plugin. -->","yoast_head_json":{"title":"La cultura \u00e8 anche una \"fabbrica bella\" e non soltanto un palazzo storico: ecco come favorire sviluppo economico e inclusione sociale - Fondazione Pirelli","robots":{"index":"index","follow":"follow","max-snippet":"max-snippet:-1","max-image-preview":"max-image-preview:large","max-video-preview":"max-video-preview:-1"},"canonical":"https:\/\/www.fondazionepirelli.org\/it\/cultura-dimpresa\/la-cultura-e-anche-una-fabbrica-bella-e-non-soltanto-un-palazzo-storico-ecco-come-favorire-sviluppo-economico-e-inclusione-sociale\/","og_locale":"it_IT","og_type":"article","og_title":"La cultura \u00e8 anche una \"fabbrica bella\" e non soltanto un palazzo storico: ecco come favorire sviluppo economico e inclusione sociale - Fondazione Pirelli","og_description":"Cultura \u00e8 un palazzo normanno, una cupola araba, un dipinto di Caravaggio, una piazza barocca animata da un mercato popolare. Ma cultura \u00e8 anche una fabbrica, un laboratorio di ricerca, uno spazio in cui si ripete e si trasforma, ogni giorno, il rito umanissimo del lavoro. Palermo, citt\u00e0 mediterranea densa d&#8217;arte e di storia, ha [&hellip;]","og_url":"https:\/\/www.fondazionepirelli.org\/it\/cultura-dimpresa\/la-cultura-e-anche-una-fabbrica-bella-e-non-soltanto-un-palazzo-storico-ecco-come-favorire-sviluppo-economico-e-inclusione-sociale\/","og_site_name":"Fondazione Pirelli","article_published_time":"2017-02-07T00:00:00+00:00","article_modified_time":"2019-05-30T16:09:41+00:00","og_image":[{"width":600,"height":400,"url":"https:\/\/wpsite-assets.fondazionepirelli.org\/wp-content\/uploads\/2019\/05\/20101314\/PIRELLI_D03_13575-e1559232568249.jpg","type":"image\/jpeg"}],"author":"fondadmin","twitter_card":"summary_large_image","twitter_misc":{"Scritto da":"fondadmin","Tempo di lettura stimato":"4 minuti"},"schema":{"@context":"https:\/\/schema.org","@graph":[{"@type":"WebPage","@id":"https:\/\/www.fondazionepirelli.org\/it\/cultura-dimpresa\/la-cultura-e-anche-una-fabbrica-bella-e-non-soltanto-un-palazzo-storico-ecco-come-favorire-sviluppo-economico-e-inclusione-sociale\/","url":"https:\/\/www.fondazionepirelli.org\/it\/cultura-dimpresa\/la-cultura-e-anche-una-fabbrica-bella-e-non-soltanto-un-palazzo-storico-ecco-come-favorire-sviluppo-economico-e-inclusione-sociale\/","name":"La cultura \u00e8 anche una \"fabbrica bella\" e non soltanto un palazzo storico: ecco come favorire sviluppo economico e inclusione sociale - Fondazione Pirelli","isPartOf":{"@id":"https:\/\/www.fondazionepirelli.org\/it\/#website"},"primaryImageOfPage":{"@id":"https:\/\/www.fondazionepirelli.org\/it\/cultura-dimpresa\/la-cultura-e-anche-una-fabbrica-bella-e-non-soltanto-un-palazzo-storico-ecco-come-favorire-sviluppo-economico-e-inclusione-sociale\/#primaryimage"},"image":{"@id":"https:\/\/www.fondazionepirelli.org\/it\/cultura-dimpresa\/la-cultura-e-anche-una-fabbrica-bella-e-non-soltanto-un-palazzo-storico-ecco-come-favorire-sviluppo-economico-e-inclusione-sociale\/#primaryimage"},"thumbnailUrl":"https:\/\/wpsite-assets.fondazionepirelli.org\/wp-content\/uploads\/2019\/05\/20101314\/PIRELLI_D03_13575-e1559232568249.jpg","datePublished":"2017-02-07T00:00:00+00:00","dateModified":"2019-05-30T16:09:41+00:00","author":{"@id":"https:\/\/www.fondazionepirelli.org\/it\/#\/schema\/person\/f47d097000832c4a6e54538c791fdf25"},"breadcrumb":{"@id":"https:\/\/www.fondazionepirelli.org\/it\/cultura-dimpresa\/la-cultura-e-anche-una-fabbrica-bella-e-non-soltanto-un-palazzo-storico-ecco-come-favorire-sviluppo-economico-e-inclusione-sociale\/#breadcrumb"},"inLanguage":"it-IT","potentialAction":[{"@type":"ReadAction","target":["https:\/\/www.fondazionepirelli.org\/it\/cultura-dimpresa\/la-cultura-e-anche-una-fabbrica-bella-e-non-soltanto-un-palazzo-storico-ecco-come-favorire-sviluppo-economico-e-inclusione-sociale\/"]}]},{"@type":"ImageObject","inLanguage":"it-IT","@id":"https:\/\/www.fondazionepirelli.org\/it\/cultura-dimpresa\/la-cultura-e-anche-una-fabbrica-bella-e-non-soltanto-un-palazzo-storico-ecco-come-favorire-sviluppo-economico-e-inclusione-sociale\/#primaryimage","url":"https:\/\/wpsite-assets.fondazionepirelli.org\/wp-content\/uploads\/2019\/05\/20101314\/PIRELLI_D03_13575-e1559232568249.jpg","contentUrl":"https:\/\/wpsite-assets.fondazionepirelli.org\/wp-content\/uploads\/2019\/05\/20101314\/PIRELLI_D03_13575-e1559232568249.jpg","width":600,"height":400},{"@type":"BreadcrumbList","@id":"https:\/\/www.fondazionepirelli.org\/it\/cultura-dimpresa\/la-cultura-e-anche-una-fabbrica-bella-e-non-soltanto-un-palazzo-storico-ecco-come-favorire-sviluppo-economico-e-inclusione-sociale\/#breadcrumb","itemListElement":[{"@type":"ListItem","position":1,"name":"Home","item":"https:\/\/www.fondazionepirelli.org\/it\/"},{"@type":"ListItem","position":2,"name":"La cultura \u00e8 anche una &#8220;fabbrica bella&#8221; e non soltanto un palazzo storico: ecco come favorire sviluppo economico e inclusione sociale"}]},{"@type":"WebSite","@id":"https:\/\/www.fondazionepirelli.org\/it\/#website","url":"https:\/\/www.fondazionepirelli.org\/it\/","name":"Fondazione Pirelli","description":"","potentialAction":[{"@type":"SearchAction","target":{"@type":"EntryPoint","urlTemplate":"https:\/\/www.fondazionepirelli.org\/it\/?s={search_term_string}"},"query-input":{"@type":"PropertyValueSpecification","valueRequired":true,"valueName":"search_term_string"}}],"inLanguage":"it-IT"},{"@type":"Person","@id":"https:\/\/www.fondazionepirelli.org\/it\/#\/schema\/person\/f47d097000832c4a6e54538c791fdf25","name":"fondadmin","image":{"@type":"ImageObject","inLanguage":"it-IT","@id":"https:\/\/www.fondazionepirelli.org\/it\/#\/schema\/person\/image\/","url":"https:\/\/secure.gravatar.com\/avatar\/e69498a9175ca244966e51e53c88712c024fcebe41f9a05f75657f1bb25e489b?s=96&d=mm&r=g","contentUrl":"https:\/\/secure.gravatar.com\/avatar\/e69498a9175ca244966e51e53c88712c024fcebe41f9a05f75657f1bb25e489b?s=96&d=mm&r=g","caption":"fondadmin"},"url":"https:\/\/www.fondazionepirelli.org\/it\/author\/fondadmin\/"}]}},"_links":{"self":[{"href":"https:\/\/www.fondazionepirelli.org\/it\/wp-json\/wp\/v2\/posts\/51817\/"}],"collection":[{"href":"https:\/\/www.fondazionepirelli.org\/it\/wp-json\/wp\/v2\/posts\/"}],"about":[{"href":"https:\/\/www.fondazionepirelli.org\/it\/wp-json\/wp\/v2\/types\/post\/"}],"author":[{"embeddable":true,"href":"https:\/\/www.fondazionepirelli.org\/it\/wp-json\/wp\/v2\/users\/1\/"}],"replies":[{"embeddable":true,"href":"https:\/\/www.fondazionepirelli.org\/it\/wp-json\/wp\/v2\/comments\/?post=51817"}],"version-history":[{"count":2,"href":"https:\/\/www.fondazionepirelli.org\/it\/wp-json\/wp\/v2\/posts\/51817\/revisions\/"}],"predecessor-version":[{"id":57047,"href":"https:\/\/www.fondazionepirelli.org\/it\/wp-json\/wp\/v2\/posts\/51817\/revisions\/57047\/"}],"wp:featuredmedia":[{"embeddable":true,"href":"https:\/\/www.fondazionepirelli.org\/it\/wp-json\/wp\/v2\/media\/51818\/"}],"wp:attachment":[{"href":"https:\/\/www.fondazionepirelli.org\/it\/wp-json\/wp\/v2\/media\/?parent=51817"}],"wp:term":[{"taxonomy":"category","embeddable":true,"href":"https:\/\/www.fondazionepirelli.org\/it\/wp-json\/wp\/v2\/categories\/?post=51817"},{"taxonomy":"post_tag","embeddable":true,"href":"https:\/\/www.fondazionepirelli.org\/it\/wp-json\/wp\/v2\/tags\/?post=51817"}],"curies":[{"name":"wp","href":"https:\/\/api.w.org\/{rel}","templated":true}]}}