{"id":51823,"date":"2017-01-31T00:00:00","date_gmt":"2017-01-31T00:00:00","guid":{"rendered":"http:\/\/www.fondazionepirelli.org\/fondazione-pirelli\/jazz-dimpresa\/"},"modified":"2019-05-09T10:11:44","modified_gmt":"2019-05-09T10:11:44","slug":"jazz-dimpresa","status":"publish","type":"post","link":"https:\/\/www.fondazionepirelli.org\/it\/cultura-dimpresa\/jazz-dimpresa\/","title":{"rendered":"Jazz d\u2019impresa"},"content":{"rendered":"<p><em>Un libro appena pubblicato unisce la buona gestione aziendale con la capacit\u00e0 di fare musica improvvisando; ne nasce un metodo nuovo e affascinante di organizzazione della produzione<\/em><\/p><p>Gestire con efficacia un\u2019impresa pu\u00f2 voler dire anche improvvisare. Estro del momento, capacit\u00e0 di afferrare l\u2019istante, calcolo istantaneo e istintivo fanno parte del bagaglio \u2013 anche culturale -, di un buon imprenditore e manager. Che non significa abbandonare la razionalit\u00e0, ma renderla pi\u00f9 piena con altri ingredienti dell\u2019agire umano. Accade cos\u00ec che il mestiere di gestire un\u2019impresa si avvicini molto ad altri campi di attivit\u00e0, come quello della musica e del jazz in particolare. Sempre cultura d\u2019impresa, ma colta da un lato inconsueto.<br \/>\nE\u2019 attorno a queste idee che si \u00e8 esercitato Frank J. Barrett (economista ed esperto di management), con il suo \u201cDisordine armonico. Leadership e jazz\u201d. Un volumetto di poco meno di duecento pagine, da leggere con attenzione e con mente scevra da schemi preconfezionati.<br \/>\nLe domande dalle quali si parte sono semplici. Che cosa possono insegnarci Duke Ellington e Miles Davis sulla leadership? Esiste un modo efficace per far fronte alla complessit\u00e0 in contesti organizzativi che cambiano in continuazione? La risposta \u00e8 grosso modo quella indicata pi\u00f9 sopra. E\u2019 necessario saper improvvisare. Inventare nuove risposte, assumere rischi calcolati senza un piano predeterminato o una rete di sicurezza che garantisca risultati specifici, negoziare strada facendo senza soffermarsi sugli errori per non soffocare le idee: in breve, dire \u201cs\u00ec\u201d alla confusione, accettare il disordine che \u00e8 proprio dell\u2019attuale mondo del lavoro, sempre pi\u00f9 movimentato e tormentato ma anche \u2013 proprio per questo \u2013 enormemente innovativo e fertile. Il parallelismo (che d\u00e0 anche il titolo al libro), \u00e8 appunto con la tecnica del jazz. Perch\u00e9, \u00e8 l\u2019idea di Barrett, questo \u00e8 esattamente ci\u00f2 che fanno i grandi jazzisti. Barrett dimostra quindi come l\u2019improvvisazione, tratto caratteristico della \u00abmentalit\u00e0 jazz\u00bb, e le competenze che l\u2019accompagnano siano oggi essenziali per una gestione d\u2019impresa efficace.<br \/>\nIl testo si fa leggere e si dipana attraverso il racconto affascinante delle intuizioni e delle innovazioni dei grandi del jazz come Miles Davis e Sonny Rollins, ma anche dell\u2019esperienza diretta di musicista quale \u00e8 lo stesso Barrett. Disordine (spesso apparente) e capacit\u00e0 di disimparare sono i due concetti da quali inizia il libro per poi passare all\u2019esame delle risorse che si possono trarre dagli errori commessi e poi ancora dalla semplicit\u00e0 dell\u2019organizzazione cos\u00ec come dalla capacit\u00e0 di stare insieme, scambiarsi le idee, essere di volta in volta gregari e solisti. Viene cos\u00ec presentato una sorta di nuovo modello di leadership e collaborazione nelle organizzazioni. Tutto con un solo segreto: saper padroneggiare l\u2019arte di disimparare, eseguire e sperimentare allo stesso tempo, alternarsi negli assolo e sostenersi a vicenda. Belle, poi, la presentazione a due voci di Paolo Fresu (jazzista) e Severino Salvemini (economista ed esperto di organizzazione aziendale).<br \/>\nIl libro di Barrett \u00e8 ossigeno puro per manager e imprenditori in cerca di aria nuova per le loro imprese.<\/p>\n<p>Disordine armonico. Leadership e jazz<br \/>\nFrank J. Barrett<br \/>\nEGEA, 2017<\/p>\n","protected":false},"excerpt":{"rendered":"<p>Un libro appena pubblicato unisce la buona gestione aziendale con la capacit\u00e0 di fare musica improvvisando; ne nasce un metodo nuovo e affascinante di organizzazione della produzioneGestire con efficacia un\u2019impresa pu\u00f2 voler dire anche improvvisare. Estro del momento, capacit\u00e0 di afferrare l\u2019istante, calcolo istantaneo e istintivo fanno parte del bagaglio \u2013 anche culturale -, di [&hellip;]<\/p>\n","protected":false},"author":1,"featured_media":51824,"comment_status":"open","ping_status":"open","sticky":false,"template":"","format":"standard","meta":{"footnotes":""},"categories":[52,58],"tags":[],"class_list":["post-51823","post","type-post","status-publish","format-standard","has-post-thumbnail","hentry","category-cultura-dimpresa","category-recensioni-libri"],"acf":[],"yoast_head":"<!-- This site is optimized with the Yoast SEO plugin v25.0 - https:\/\/yoast.com\/wordpress\/plugins\/seo\/ -->\n<title>Jazz d\u2019impresa - Fondazione Pirelli<\/title>\n<meta name=\"robots\" content=\"index, follow, max-snippet:-1, max-image-preview:large, max-video-preview:-1\" \/>\n<link rel=\"canonical\" href=\"https:\/\/www.fondazionepirelli.org\/it\/cultura-dimpresa\/jazz-dimpresa\/\" \/>\n<meta property=\"og:locale\" content=\"it_IT\" \/>\n<meta property=\"og:type\" content=\"article\" \/>\n<meta property=\"og:title\" content=\"Jazz d\u2019impresa - Fondazione Pirelli\" \/>\n<meta property=\"og:description\" content=\"Un libro appena pubblicato unisce la buona gestione aziendale con la capacit\u00e0 di fare musica improvvisando; ne nasce un metodo nuovo e affascinante di organizzazione della produzioneGestire con efficacia un\u2019impresa pu\u00f2 voler dire anche improvvisare. Estro del momento, capacit\u00e0 di afferrare l\u2019istante, calcolo istantaneo e istintivo fanno parte del bagaglio \u2013 anche culturale -, di [&hellip;]\" \/>\n<meta property=\"og:url\" content=\"https:\/\/127.0.0.1\/it\/cultura-dimpresa\/jazz-dimpresa\/\" \/>\n<meta property=\"og:site_name\" content=\"Fondazione Pirelli\" \/>\n<meta property=\"article:published_time\" content=\"2017-01-31T00:00:00+00:00\" \/>\n<meta property=\"article:modified_time\" content=\"2019-05-09T10:11:44+00:00\" \/>\n<meta property=\"og:image\" content=\"https:\/\/wpsite-assets.fondazionepirelli.org\/wp-content\/uploads\/2019\/05\/20101311\/disordine-armonico.jpg\" \/>\n\t<meta property=\"og:image:width\" content=\"277\" \/>\n\t<meta property=\"og:image:height\" content=\"431\" \/>\n\t<meta property=\"og:image:type\" content=\"image\/jpeg\" \/>\n<meta name=\"author\" content=\"fondadmin\" \/>\n<meta name=\"twitter:card\" content=\"summary_large_image\" \/>\n<meta name=\"twitter:label1\" content=\"Scritto da\" \/>\n\t<meta name=\"twitter:data1\" content=\"fondadmin\" \/>\n\t<meta name=\"twitter:label2\" content=\"Tempo di lettura stimato\" \/>\n\t<meta name=\"twitter:data2\" content=\"2 minuti\" \/>\n<script type=\"application\/ld+json\" class=\"yoast-schema-graph\">{\"@context\":\"https:\/\/schema.org\",\"@graph\":[{\"@type\":\"WebPage\",\"@id\":\"https:\/\/127.0.0.1\/it\/cultura-dimpresa\/jazz-dimpresa\/\",\"url\":\"https:\/\/127.0.0.1\/it\/cultura-dimpresa\/jazz-dimpresa\/\",\"name\":\"Jazz d\u2019impresa - Fondazione Pirelli\",\"isPartOf\":{\"@id\":\"https:\/\/www.fondazionepirelli.org\/it\/#website\"},\"primaryImageOfPage\":{\"@id\":\"https:\/\/127.0.0.1\/it\/cultura-dimpresa\/jazz-dimpresa\/#primaryimage\"},\"image\":{\"@id\":\"https:\/\/127.0.0.1\/it\/cultura-dimpresa\/jazz-dimpresa\/#primaryimage\"},\"thumbnailUrl\":\"https:\/\/wpsite-assets.fondazionepirelli.org\/wp-content\/uploads\/2019\/05\/20101311\/disordine-armonico.jpg\",\"datePublished\":\"2017-01-31T00:00:00+00:00\",\"dateModified\":\"2019-05-09T10:11:44+00:00\",\"author\":{\"@id\":\"https:\/\/www.fondazionepirelli.org\/it\/#\/schema\/person\/f47d097000832c4a6e54538c791fdf25\"},\"breadcrumb\":{\"@id\":\"https:\/\/127.0.0.1\/it\/cultura-dimpresa\/jazz-dimpresa\/#breadcrumb\"},\"inLanguage\":\"it-IT\",\"potentialAction\":[{\"@type\":\"ReadAction\",\"target\":[\"https:\/\/127.0.0.1\/it\/cultura-dimpresa\/jazz-dimpresa\/\"]}]},{\"@type\":\"ImageObject\",\"inLanguage\":\"it-IT\",\"@id\":\"https:\/\/127.0.0.1\/it\/cultura-dimpresa\/jazz-dimpresa\/#primaryimage\",\"url\":\"https:\/\/wpsite-assets.fondazionepirelli.org\/wp-content\/uploads\/2019\/05\/20101311\/disordine-armonico.jpg\",\"contentUrl\":\"https:\/\/wpsite-assets.fondazionepirelli.org\/wp-content\/uploads\/2019\/05\/20101311\/disordine-armonico.jpg\",\"width\":277,\"height\":431},{\"@type\":\"BreadcrumbList\",\"@id\":\"https:\/\/127.0.0.1\/it\/cultura-dimpresa\/jazz-dimpresa\/#breadcrumb\",\"itemListElement\":[{\"@type\":\"ListItem\",\"position\":1,\"name\":\"Home\",\"item\":\"https:\/\/www.fondazionepirelli.org\/it\/\"},{\"@type\":\"ListItem\",\"position\":2,\"name\":\"Jazz d\u2019impresa\"}]},{\"@type\":\"WebSite\",\"@id\":\"https:\/\/www.fondazionepirelli.org\/it\/#website\",\"url\":\"https:\/\/www.fondazionepirelli.org\/it\/\",\"name\":\"Fondazione Pirelli\",\"description\":\"\",\"potentialAction\":[{\"@type\":\"SearchAction\",\"target\":{\"@type\":\"EntryPoint\",\"urlTemplate\":\"https:\/\/www.fondazionepirelli.org\/it\/?s={search_term_string}\"},\"query-input\":{\"@type\":\"PropertyValueSpecification\",\"valueRequired\":true,\"valueName\":\"search_term_string\"}}],\"inLanguage\":\"it-IT\"},{\"@type\":\"Person\",\"@id\":\"https:\/\/www.fondazionepirelli.org\/it\/#\/schema\/person\/f47d097000832c4a6e54538c791fdf25\",\"name\":\"fondadmin\",\"image\":{\"@type\":\"ImageObject\",\"inLanguage\":\"it-IT\",\"@id\":\"https:\/\/www.fondazionepirelli.org\/it\/#\/schema\/person\/image\/\",\"url\":\"https:\/\/secure.gravatar.com\/avatar\/e69498a9175ca244966e51e53c88712c024fcebe41f9a05f75657f1bb25e489b?s=96&d=mm&r=g\",\"contentUrl\":\"https:\/\/secure.gravatar.com\/avatar\/e69498a9175ca244966e51e53c88712c024fcebe41f9a05f75657f1bb25e489b?s=96&d=mm&r=g\",\"caption\":\"fondadmin\"},\"url\":\"https:\/\/www.fondazionepirelli.org\/it\/author\/fondadmin\/\"}]}<\/script>\n<!-- \/ Yoast SEO plugin. -->","yoast_head_json":{"title":"Jazz d\u2019impresa - Fondazione Pirelli","robots":{"index":"index","follow":"follow","max-snippet":"max-snippet:-1","max-image-preview":"max-image-preview:large","max-video-preview":"max-video-preview:-1"},"canonical":"https:\/\/www.fondazionepirelli.org\/it\/cultura-dimpresa\/jazz-dimpresa\/","og_locale":"it_IT","og_type":"article","og_title":"Jazz d\u2019impresa - Fondazione Pirelli","og_description":"Un libro appena pubblicato unisce la buona gestione aziendale con la capacit\u00e0 di fare musica improvvisando; ne nasce un metodo nuovo e affascinante di organizzazione della produzioneGestire con efficacia un\u2019impresa pu\u00f2 voler dire anche improvvisare. Estro del momento, capacit\u00e0 di afferrare l\u2019istante, calcolo istantaneo e istintivo fanno parte del bagaglio \u2013 anche culturale -, di [&hellip;]","og_url":"https:\/\/127.0.0.1\/it\/cultura-dimpresa\/jazz-dimpresa\/","og_site_name":"Fondazione Pirelli","article_published_time":"2017-01-31T00:00:00+00:00","article_modified_time":"2019-05-09T10:11:44+00:00","og_image":[{"width":277,"height":431,"url":"https:\/\/wpsite-assets.fondazionepirelli.org\/wp-content\/uploads\/2019\/05\/20101311\/disordine-armonico.jpg","type":"image\/jpeg"}],"author":"fondadmin","twitter_card":"summary_large_image","twitter_misc":{"Scritto da":"fondadmin","Tempo di lettura stimato":"2 minuti"},"schema":{"@context":"https:\/\/schema.org","@graph":[{"@type":"WebPage","@id":"https:\/\/127.0.0.1\/it\/cultura-dimpresa\/jazz-dimpresa\/","url":"https:\/\/127.0.0.1\/it\/cultura-dimpresa\/jazz-dimpresa\/","name":"Jazz d\u2019impresa - Fondazione Pirelli","isPartOf":{"@id":"https:\/\/www.fondazionepirelli.org\/it\/#website"},"primaryImageOfPage":{"@id":"https:\/\/127.0.0.1\/it\/cultura-dimpresa\/jazz-dimpresa\/#primaryimage"},"image":{"@id":"https:\/\/127.0.0.1\/it\/cultura-dimpresa\/jazz-dimpresa\/#primaryimage"},"thumbnailUrl":"https:\/\/wpsite-assets.fondazionepirelli.org\/wp-content\/uploads\/2019\/05\/20101311\/disordine-armonico.jpg","datePublished":"2017-01-31T00:00:00+00:00","dateModified":"2019-05-09T10:11:44+00:00","author":{"@id":"https:\/\/www.fondazionepirelli.org\/it\/#\/schema\/person\/f47d097000832c4a6e54538c791fdf25"},"breadcrumb":{"@id":"https:\/\/127.0.0.1\/it\/cultura-dimpresa\/jazz-dimpresa\/#breadcrumb"},"inLanguage":"it-IT","potentialAction":[{"@type":"ReadAction","target":["https:\/\/127.0.0.1\/it\/cultura-dimpresa\/jazz-dimpresa\/"]}]},{"@type":"ImageObject","inLanguage":"it-IT","@id":"https:\/\/127.0.0.1\/it\/cultura-dimpresa\/jazz-dimpresa\/#primaryimage","url":"https:\/\/wpsite-assets.fondazionepirelli.org\/wp-content\/uploads\/2019\/05\/20101311\/disordine-armonico.jpg","contentUrl":"https:\/\/wpsite-assets.fondazionepirelli.org\/wp-content\/uploads\/2019\/05\/20101311\/disordine-armonico.jpg","width":277,"height":431},{"@type":"BreadcrumbList","@id":"https:\/\/127.0.0.1\/it\/cultura-dimpresa\/jazz-dimpresa\/#breadcrumb","itemListElement":[{"@type":"ListItem","position":1,"name":"Home","item":"https:\/\/www.fondazionepirelli.org\/it\/"},{"@type":"ListItem","position":2,"name":"Jazz d\u2019impresa"}]},{"@type":"WebSite","@id":"https:\/\/www.fondazionepirelli.org\/it\/#website","url":"https:\/\/www.fondazionepirelli.org\/it\/","name":"Fondazione Pirelli","description":"","potentialAction":[{"@type":"SearchAction","target":{"@type":"EntryPoint","urlTemplate":"https:\/\/www.fondazionepirelli.org\/it\/?s={search_term_string}"},"query-input":{"@type":"PropertyValueSpecification","valueRequired":true,"valueName":"search_term_string"}}],"inLanguage":"it-IT"},{"@type":"Person","@id":"https:\/\/www.fondazionepirelli.org\/it\/#\/schema\/person\/f47d097000832c4a6e54538c791fdf25","name":"fondadmin","image":{"@type":"ImageObject","inLanguage":"it-IT","@id":"https:\/\/www.fondazionepirelli.org\/it\/#\/schema\/person\/image\/","url":"https:\/\/secure.gravatar.com\/avatar\/e69498a9175ca244966e51e53c88712c024fcebe41f9a05f75657f1bb25e489b?s=96&d=mm&r=g","contentUrl":"https:\/\/secure.gravatar.com\/avatar\/e69498a9175ca244966e51e53c88712c024fcebe41f9a05f75657f1bb25e489b?s=96&d=mm&r=g","caption":"fondadmin"},"url":"https:\/\/www.fondazionepirelli.org\/it\/author\/fondadmin\/"}]}},"_links":{"self":[{"href":"https:\/\/www.fondazionepirelli.org\/it\/wp-json\/wp\/v2\/posts\/51823\/"}],"collection":[{"href":"https:\/\/www.fondazionepirelli.org\/it\/wp-json\/wp\/v2\/posts\/"}],"about":[{"href":"https:\/\/www.fondazionepirelli.org\/it\/wp-json\/wp\/v2\/types\/post\/"}],"author":[{"embeddable":true,"href":"https:\/\/www.fondazionepirelli.org\/it\/wp-json\/wp\/v2\/users\/1\/"}],"replies":[{"embeddable":true,"href":"https:\/\/www.fondazionepirelli.org\/it\/wp-json\/wp\/v2\/comments\/?post=51823"}],"version-history":[{"count":1,"href":"https:\/\/www.fondazionepirelli.org\/it\/wp-json\/wp\/v2\/posts\/51823\/revisions\/"}],"predecessor-version":[{"id":53392,"href":"https:\/\/www.fondazionepirelli.org\/it\/wp-json\/wp\/v2\/posts\/51823\/revisions\/53392\/"}],"wp:featuredmedia":[{"embeddable":true,"href":"https:\/\/www.fondazionepirelli.org\/it\/wp-json\/wp\/v2\/media\/51824\/"}],"wp:attachment":[{"href":"https:\/\/www.fondazionepirelli.org\/it\/wp-json\/wp\/v2\/media\/?parent=51823"}],"wp:term":[{"taxonomy":"category","embeddable":true,"href":"https:\/\/www.fondazionepirelli.org\/it\/wp-json\/wp\/v2\/categories\/?post=51823"},{"taxonomy":"post_tag","embeddable":true,"href":"https:\/\/www.fondazionepirelli.org\/it\/wp-json\/wp\/v2\/tags\/?post=51823"}],"curies":[{"name":"wp","href":"https:\/\/api.w.org\/{rel}","templated":true}]}}