{"id":51860,"date":"2017-01-10T00:00:00","date_gmt":"2017-01-10T00:00:00","guid":{"rendered":"http:\/\/www.fondazionepirelli.org\/fondazione-pirelli\/la-cultura-negli-oggetti\/"},"modified":"2019-05-09T09:54:28","modified_gmt":"2019-05-09T09:54:28","slug":"la-cultura-negli-oggetti","status":"publish","type":"post","link":"https:\/\/www.fondazionepirelli.org\/it\/cultura-dimpresa\/la-cultura-negli-oggetti\/","title":{"rendered":"La cultura negli oggetti"},"content":{"rendered":"<p><em>Condensata in un libro la storia delle \u201ccose\u201d che hanno cambiato la nostra vita e che indicano un mutamento culturale individuale, sociale e produttivo<\/em><\/p><p>La cultura \u00e8 fatta anche di oggetti minuti. Indicatori di qualcosa di pi\u00f9 grande ma non di elitario, qualcosa che segna la nostra vita, la caratterizza e finisce quindi per delineare un\u2019epoca, un modo di vedere le cose, di intendere il lavoro e il tempo libero, i rapporti personali e quelli sociali. Qualcosa che di volta in volta si definisce come cultura a tutto tondo oppure d\u2019impresa, delle masse oppure di singoli strati della societ\u00e0. Tornare agli oggetti che di questa cultura hanno segnato il percorso \u00e8 utile. Fa bene a tutti. Anche perch\u00e9 non solo \u201cle cose\u201d indicano un modo di vivere ma pure di lavorare, di intendere lo sviluppo, il progresso, la crescita. Per questo non solo \u00e8 bello ma utilissimo leggere \u201cI migliori oggetti della nostra vita\u201d di Marta Boneschi pubblicato da poche settimane.<\/p>\n<p>Si tratta di un viaggio negli oggetti\u00a0 che grosso modo negli ultimi cento anni e specialmente dal dopoguerra ad oggi, hanno di fatto cambiato la nostra vita e ne hanno caratterizzato le tappe principali. L\u2019idea dalla quale prende le mosse il volume \u00e8 semplice: nel ventesimo secolo, e specialmente negli ultimi decenni, la vita delle persone \u00e8 cambiata come mai in precedenza; valori, comportamenti, stili di vita, oggetti che ci accompagnavano da secoli sono andati in soffitta. Una rivoluzione. Ma una rivoluzione fatta di oggetti talvolta, come si \u00e8 detto, apparentemente minuti, talaltra entrati quasi subito nella consuetudine giornaliera delle persone.<\/p>\n<p>Abbiamo \u2013 viene spiegato -, gli antibiotici che ci guariscono, l\u2019acqua corrente e il riscaldamento, il <em>frigidaire<\/em> e il <em>minipimer<\/em>. Abbiamo il treno, la bicicletta, lo <em>scooter<\/em>, l\u2019automobile per viaggiare e far vacanza; il cinema, la radio e la televisione. E abbiamo, oggi, altri oggetti che hanno generato abitudini come i telefonini e gli <em>smartphone<\/em>, senza parlare dei <em>computer <\/em>\u00a0e di Internet.<\/p>\n<p>Di tutto questo Marta Boneschi \u2013 storica ma forse prima di tutto giornalista capace di raccontare con lievit\u00e0 ma precisione -, propone un catalogo ragionato delle cose che ci hanno fatti ci\u00f2 che siamo. E che quindi, appunto, hanno fatto la cultura dell\u2019oggi, in immagini e in parole. Scorrono quindi lungo le pagine del libro i racconti di oggetti di vita quotidiana (come le attrezzature di cucina, i farmaci, la lavatrice, la macchine da cucire, la plastica, la radio, il telefono, la bicicletta), ma anche altri che hanno dato svolte percepite da tutti (come l\u2019automobile, l\u2019autostrada, la televisione, il treno, la vespa), e ancora che hanno caratterizzato \u201csalti sensibili\u201d nel costume (la pubblicit\u00e0, la pillola, il libro, il cinema). Molti di questi, poi, sono prodotti che hanno fatto la storia dell\u2019industria italiana e che sono per sempre identificati con grandi marchi di fabbrica. Segni, questi, anche di un\u2019evoluzione della cultura d\u2019impresa che in qualche modo viene cos\u00ec recuperata e valorizzata. Tutti, dal primo all\u2019ultimo, sono raccontati con parole e immagini, passione e precisione.<\/p>\n<p>Quanto scritto da Marta Boneschi, tuttavia, non deve essere preso solo come un album divertente e acuto della vita e del costume contemporanei. Dietro al testo, dentro al testo, c\u2019\u00e8 molto di pi\u00f9. C\u2019\u00e8 il ritratto dinamico di una societ\u00e0 \u2013 quella italiana in particolare -, che in pochi anni ha cambiato pelle e sostanza, ha mutato i propri ideali (forse non sempre in meglio), ha trovato nuovi percorsi e nuovi paradigmi di crescita (sociale ed economica), ha affrontato nuove sfide (anche produttive e industriali).<\/p>\n<p>\u201cI migliori oggetti della nostra vita\u201d \u00e8 allora un buon libro per tutti. Anche per chi cerca di capire meglio la societ\u00e0 di oggi e le sue difficolt\u00e0.<\/p><p><strong>I migliori oggetti della nostra vita<\/strong><\/p>\n<p>Marta Boneschi<\/p>\n<p>il Mulino, 2016<\/p>\n","protected":false},"excerpt":{"rendered":"<p>Condensata in un libro la storia delle \u201ccose\u201d che hanno cambiato la nostra vita e che indicano un mutamento culturale individuale, sociale e produttivoLa cultura \u00e8 fatta anche di oggetti minuti. Indicatori di qualcosa di pi\u00f9 grande ma non di elitario, qualcosa che segna la nostra vita, la caratterizza e finisce quindi per delineare un\u2019epoca, [&hellip;]<\/p>\n","protected":false},"author":1,"featured_media":51861,"comment_status":"open","ping_status":"open","sticky":false,"template":"","format":"standard","meta":{"footnotes":""},"categories":[52,58],"tags":[],"class_list":["post-51860","post","type-post","status-publish","format-standard","has-post-thumbnail","hentry","category-cultura-dimpresa","category-recensioni-libri"],"acf":[],"yoast_head":"<!-- This site is optimized with the Yoast SEO plugin v25.0 - https:\/\/yoast.com\/wordpress\/plugins\/seo\/ -->\n<title>La cultura negli oggetti - Fondazione Pirelli<\/title>\n<meta name=\"robots\" content=\"index, follow, max-snippet:-1, max-image-preview:large, max-video-preview:-1\" \/>\n<link rel=\"canonical\" href=\"https:\/\/www.fondazionepirelli.org\/it\/cultura-dimpresa\/la-cultura-negli-oggetti\/\" \/>\n<meta property=\"og:locale\" content=\"it_IT\" \/>\n<meta property=\"og:type\" content=\"article\" \/>\n<meta property=\"og:title\" content=\"La cultura negli oggetti - Fondazione Pirelli\" \/>\n<meta property=\"og:description\" content=\"Condensata in un libro la storia delle \u201ccose\u201d che hanno cambiato la nostra vita e che indicano un mutamento culturale individuale, sociale e produttivoLa cultura \u00e8 fatta anche di oggetti minuti. Indicatori di qualcosa di pi\u00f9 grande ma non di elitario, qualcosa che segna la nostra vita, la caratterizza e finisce quindi per delineare un\u2019epoca, [&hellip;]\" \/>\n<meta property=\"og:url\" content=\"https:\/\/127.0.0.1\/it\/cultura-dimpresa\/la-cultura-negli-oggetti\/\" \/>\n<meta property=\"og:site_name\" content=\"Fondazione Pirelli\" \/>\n<meta property=\"article:published_time\" content=\"2017-01-10T00:00:00+00:00\" \/>\n<meta property=\"article:modified_time\" content=\"2019-05-09T09:54:28+00:00\" \/>\n<meta property=\"og:image\" content=\"https:\/\/wpsite-assets.fondazionepirelli.org\/wp-content\/uploads\/2019\/05\/20101304\/i-migliori-oggetti.jpg\" \/>\n\t<meta property=\"og:image:width\" content=\"319\" \/>\n\t<meta property=\"og:image:height\" content=\"458\" \/>\n\t<meta property=\"og:image:type\" content=\"image\/jpeg\" \/>\n<meta name=\"author\" content=\"fondadmin\" \/>\n<meta name=\"twitter:card\" content=\"summary_large_image\" \/>\n<meta name=\"twitter:label1\" content=\"Scritto da\" \/>\n\t<meta name=\"twitter:data1\" content=\"fondadmin\" \/>\n\t<meta name=\"twitter:label2\" content=\"Tempo di lettura stimato\" \/>\n\t<meta name=\"twitter:data2\" content=\"3 minuti\" \/>\n<script type=\"application\/ld+json\" class=\"yoast-schema-graph\">{\"@context\":\"https:\/\/schema.org\",\"@graph\":[{\"@type\":\"WebPage\",\"@id\":\"https:\/\/127.0.0.1\/it\/cultura-dimpresa\/la-cultura-negli-oggetti\/\",\"url\":\"https:\/\/127.0.0.1\/it\/cultura-dimpresa\/la-cultura-negli-oggetti\/\",\"name\":\"La cultura negli oggetti - Fondazione Pirelli\",\"isPartOf\":{\"@id\":\"https:\/\/www.fondazionepirelli.org\/it\/#website\"},\"primaryImageOfPage\":{\"@id\":\"https:\/\/127.0.0.1\/it\/cultura-dimpresa\/la-cultura-negli-oggetti\/#primaryimage\"},\"image\":{\"@id\":\"https:\/\/127.0.0.1\/it\/cultura-dimpresa\/la-cultura-negli-oggetti\/#primaryimage\"},\"thumbnailUrl\":\"https:\/\/wpsite-assets.fondazionepirelli.org\/wp-content\/uploads\/2019\/05\/20101304\/i-migliori-oggetti.jpg\",\"datePublished\":\"2017-01-10T00:00:00+00:00\",\"dateModified\":\"2019-05-09T09:54:28+00:00\",\"author\":{\"@id\":\"https:\/\/www.fondazionepirelli.org\/it\/#\/schema\/person\/f47d097000832c4a6e54538c791fdf25\"},\"breadcrumb\":{\"@id\":\"https:\/\/127.0.0.1\/it\/cultura-dimpresa\/la-cultura-negli-oggetti\/#breadcrumb\"},\"inLanguage\":\"it-IT\",\"potentialAction\":[{\"@type\":\"ReadAction\",\"target\":[\"https:\/\/127.0.0.1\/it\/cultura-dimpresa\/la-cultura-negli-oggetti\/\"]}]},{\"@type\":\"ImageObject\",\"inLanguage\":\"it-IT\",\"@id\":\"https:\/\/127.0.0.1\/it\/cultura-dimpresa\/la-cultura-negli-oggetti\/#primaryimage\",\"url\":\"https:\/\/wpsite-assets.fondazionepirelli.org\/wp-content\/uploads\/2019\/05\/20101304\/i-migliori-oggetti.jpg\",\"contentUrl\":\"https:\/\/wpsite-assets.fondazionepirelli.org\/wp-content\/uploads\/2019\/05\/20101304\/i-migliori-oggetti.jpg\",\"width\":319,\"height\":458},{\"@type\":\"BreadcrumbList\",\"@id\":\"https:\/\/127.0.0.1\/it\/cultura-dimpresa\/la-cultura-negli-oggetti\/#breadcrumb\",\"itemListElement\":[{\"@type\":\"ListItem\",\"position\":1,\"name\":\"Home\",\"item\":\"https:\/\/www.fondazionepirelli.org\/it\/\"},{\"@type\":\"ListItem\",\"position\":2,\"name\":\"La cultura negli oggetti\"}]},{\"@type\":\"WebSite\",\"@id\":\"https:\/\/www.fondazionepirelli.org\/it\/#website\",\"url\":\"https:\/\/www.fondazionepirelli.org\/it\/\",\"name\":\"Fondazione Pirelli\",\"description\":\"\",\"potentialAction\":[{\"@type\":\"SearchAction\",\"target\":{\"@type\":\"EntryPoint\",\"urlTemplate\":\"https:\/\/www.fondazionepirelli.org\/it\/?s={search_term_string}\"},\"query-input\":{\"@type\":\"PropertyValueSpecification\",\"valueRequired\":true,\"valueName\":\"search_term_string\"}}],\"inLanguage\":\"it-IT\"},{\"@type\":\"Person\",\"@id\":\"https:\/\/www.fondazionepirelli.org\/it\/#\/schema\/person\/f47d097000832c4a6e54538c791fdf25\",\"name\":\"fondadmin\",\"image\":{\"@type\":\"ImageObject\",\"inLanguage\":\"it-IT\",\"@id\":\"https:\/\/www.fondazionepirelli.org\/it\/#\/schema\/person\/image\/\",\"url\":\"https:\/\/secure.gravatar.com\/avatar\/e69498a9175ca244966e51e53c88712c024fcebe41f9a05f75657f1bb25e489b?s=96&d=mm&r=g\",\"contentUrl\":\"https:\/\/secure.gravatar.com\/avatar\/e69498a9175ca244966e51e53c88712c024fcebe41f9a05f75657f1bb25e489b?s=96&d=mm&r=g\",\"caption\":\"fondadmin\"},\"url\":\"https:\/\/www.fondazionepirelli.org\/it\/author\/fondadmin\/\"}]}<\/script>\n<!-- \/ Yoast SEO plugin. -->","yoast_head_json":{"title":"La cultura negli oggetti - Fondazione Pirelli","robots":{"index":"index","follow":"follow","max-snippet":"max-snippet:-1","max-image-preview":"max-image-preview:large","max-video-preview":"max-video-preview:-1"},"canonical":"https:\/\/www.fondazionepirelli.org\/it\/cultura-dimpresa\/la-cultura-negli-oggetti\/","og_locale":"it_IT","og_type":"article","og_title":"La cultura negli oggetti - Fondazione Pirelli","og_description":"Condensata in un libro la storia delle \u201ccose\u201d che hanno cambiato la nostra vita e che indicano un mutamento culturale individuale, sociale e produttivoLa cultura \u00e8 fatta anche di oggetti minuti. Indicatori di qualcosa di pi\u00f9 grande ma non di elitario, qualcosa che segna la nostra vita, la caratterizza e finisce quindi per delineare un\u2019epoca, [&hellip;]","og_url":"https:\/\/127.0.0.1\/it\/cultura-dimpresa\/la-cultura-negli-oggetti\/","og_site_name":"Fondazione Pirelli","article_published_time":"2017-01-10T00:00:00+00:00","article_modified_time":"2019-05-09T09:54:28+00:00","og_image":[{"width":319,"height":458,"url":"https:\/\/wpsite-assets.fondazionepirelli.org\/wp-content\/uploads\/2019\/05\/20101304\/i-migliori-oggetti.jpg","type":"image\/jpeg"}],"author":"fondadmin","twitter_card":"summary_large_image","twitter_misc":{"Scritto da":"fondadmin","Tempo di lettura stimato":"3 minuti"},"schema":{"@context":"https:\/\/schema.org","@graph":[{"@type":"WebPage","@id":"https:\/\/127.0.0.1\/it\/cultura-dimpresa\/la-cultura-negli-oggetti\/","url":"https:\/\/127.0.0.1\/it\/cultura-dimpresa\/la-cultura-negli-oggetti\/","name":"La cultura negli oggetti - Fondazione Pirelli","isPartOf":{"@id":"https:\/\/www.fondazionepirelli.org\/it\/#website"},"primaryImageOfPage":{"@id":"https:\/\/127.0.0.1\/it\/cultura-dimpresa\/la-cultura-negli-oggetti\/#primaryimage"},"image":{"@id":"https:\/\/127.0.0.1\/it\/cultura-dimpresa\/la-cultura-negli-oggetti\/#primaryimage"},"thumbnailUrl":"https:\/\/wpsite-assets.fondazionepirelli.org\/wp-content\/uploads\/2019\/05\/20101304\/i-migliori-oggetti.jpg","datePublished":"2017-01-10T00:00:00+00:00","dateModified":"2019-05-09T09:54:28+00:00","author":{"@id":"https:\/\/www.fondazionepirelli.org\/it\/#\/schema\/person\/f47d097000832c4a6e54538c791fdf25"},"breadcrumb":{"@id":"https:\/\/127.0.0.1\/it\/cultura-dimpresa\/la-cultura-negli-oggetti\/#breadcrumb"},"inLanguage":"it-IT","potentialAction":[{"@type":"ReadAction","target":["https:\/\/127.0.0.1\/it\/cultura-dimpresa\/la-cultura-negli-oggetti\/"]}]},{"@type":"ImageObject","inLanguage":"it-IT","@id":"https:\/\/127.0.0.1\/it\/cultura-dimpresa\/la-cultura-negli-oggetti\/#primaryimage","url":"https:\/\/wpsite-assets.fondazionepirelli.org\/wp-content\/uploads\/2019\/05\/20101304\/i-migliori-oggetti.jpg","contentUrl":"https:\/\/wpsite-assets.fondazionepirelli.org\/wp-content\/uploads\/2019\/05\/20101304\/i-migliori-oggetti.jpg","width":319,"height":458},{"@type":"BreadcrumbList","@id":"https:\/\/127.0.0.1\/it\/cultura-dimpresa\/la-cultura-negli-oggetti\/#breadcrumb","itemListElement":[{"@type":"ListItem","position":1,"name":"Home","item":"https:\/\/www.fondazionepirelli.org\/it\/"},{"@type":"ListItem","position":2,"name":"La cultura negli oggetti"}]},{"@type":"WebSite","@id":"https:\/\/www.fondazionepirelli.org\/it\/#website","url":"https:\/\/www.fondazionepirelli.org\/it\/","name":"Fondazione Pirelli","description":"","potentialAction":[{"@type":"SearchAction","target":{"@type":"EntryPoint","urlTemplate":"https:\/\/www.fondazionepirelli.org\/it\/?s={search_term_string}"},"query-input":{"@type":"PropertyValueSpecification","valueRequired":true,"valueName":"search_term_string"}}],"inLanguage":"it-IT"},{"@type":"Person","@id":"https:\/\/www.fondazionepirelli.org\/it\/#\/schema\/person\/f47d097000832c4a6e54538c791fdf25","name":"fondadmin","image":{"@type":"ImageObject","inLanguage":"it-IT","@id":"https:\/\/www.fondazionepirelli.org\/it\/#\/schema\/person\/image\/","url":"https:\/\/secure.gravatar.com\/avatar\/e69498a9175ca244966e51e53c88712c024fcebe41f9a05f75657f1bb25e489b?s=96&d=mm&r=g","contentUrl":"https:\/\/secure.gravatar.com\/avatar\/e69498a9175ca244966e51e53c88712c024fcebe41f9a05f75657f1bb25e489b?s=96&d=mm&r=g","caption":"fondadmin"},"url":"https:\/\/www.fondazionepirelli.org\/it\/author\/fondadmin\/"}]}},"_links":{"self":[{"href":"https:\/\/www.fondazionepirelli.org\/it\/wp-json\/wp\/v2\/posts\/51860\/"}],"collection":[{"href":"https:\/\/www.fondazionepirelli.org\/it\/wp-json\/wp\/v2\/posts\/"}],"about":[{"href":"https:\/\/www.fondazionepirelli.org\/it\/wp-json\/wp\/v2\/types\/post\/"}],"author":[{"embeddable":true,"href":"https:\/\/www.fondazionepirelli.org\/it\/wp-json\/wp\/v2\/users\/1\/"}],"replies":[{"embeddable":true,"href":"https:\/\/www.fondazionepirelli.org\/it\/wp-json\/wp\/v2\/comments\/?post=51860"}],"version-history":[{"count":1,"href":"https:\/\/www.fondazionepirelli.org\/it\/wp-json\/wp\/v2\/posts\/51860\/revisions\/"}],"predecessor-version":[{"id":53379,"href":"https:\/\/www.fondazionepirelli.org\/it\/wp-json\/wp\/v2\/posts\/51860\/revisions\/53379\/"}],"wp:featuredmedia":[{"embeddable":true,"href":"https:\/\/www.fondazionepirelli.org\/it\/wp-json\/wp\/v2\/media\/51861\/"}],"wp:attachment":[{"href":"https:\/\/www.fondazionepirelli.org\/it\/wp-json\/wp\/v2\/media\/?parent=51860"}],"wp:term":[{"taxonomy":"category","embeddable":true,"href":"https:\/\/www.fondazionepirelli.org\/it\/wp-json\/wp\/v2\/categories\/?post=51860"},{"taxonomy":"post_tag","embeddable":true,"href":"https:\/\/www.fondazionepirelli.org\/it\/wp-json\/wp\/v2\/tags\/?post=51860"}],"curies":[{"name":"wp","href":"https:\/\/api.w.org\/{rel}","templated":true}]}}