{"id":52001,"date":"2018-12-18T00:00:00","date_gmt":"2018-12-18T00:00:00","guid":{"rendered":"http:\/\/www.fondazionepirelli.org\/fondazione-pirelli\/buona-cultura-del-bene-comune-e-buona-economia\/"},"modified":"2019-09-20T09:15:54","modified_gmt":"2019-09-20T07:15:54","slug":"buona-cultura-del-bene-comune-e-buona-economia","status":"publish","type":"post","link":"https:\/\/www.fondazionepirelli.org\/it\/cultura-dimpresa\/buona-cultura-del-bene-comune-e-buona-economia\/","title":{"rendered":"Buona cultura del bene comune e buona economia"},"content":{"rendered":"<p><em>L\u2019ultimo libro di Pierluigi Ciocca racconta i legami fra crisi economica e crisi culturale del Paese<\/em><\/p>\n<p><strong>\u00a0<\/strong><\/p>\n<p>Capire meglio per agire meglio. E\u2019 uno dei principi d\u2019azione cardine della buona gestione d\u2019impresa ma anche di un\u2019intera economia. Senza dire della necessit\u00e0 di ogni avveduto <em>manager <\/em>cos\u00ec come di ogni buon imprenditore, di informarsi per capire e quindi decidere. E\u2019 per questo che serve \u2013 e molto \u2013 leggere \u201cTornare alla crescita. Perch\u00e9 l\u2019economia italiana \u00e8 in crisi e cosa fare per rifondarla\u201d, scritto da Pierluigi Ciocca e appena pubblicato. Poco pi\u00f9 di duecento pagine di piccolo formato ma di grande approfondimento sulla situazione dell\u2019economia italiana, sul percorso che l\u2019ha portata fin qui e su quello che occorrerebbe compiere per farla uscire dalla crisi che la stringe adesso.<\/p>\n<p>Il libro \u00e8 una raccolta di scritti \u201cvariamente datati e variamente impostati\u201d, che danno conto del percorso di analisi di Ciocca nei confronti della nostra economia. Alla base una considerazione che vale per tutte le pagine del libro: \u201cVivace in passato, l\u2019economia italiana \u00e8 ferma da anni. Alla decadenza hanno concorso la finanza pubblica, squilibrata; le infrastrutture, deteriorate; l\u2019ordinamento giuridico, inadeguato; il dinamismo d\u2019impresa, appannato. L\u2019Europa non fa quanto potrebbe. A reagire, a fare fronte, sono chiamate cultura, istituzioni, politica, da ultimo la societ\u00e0 civile del paese. Solo cos\u00ec potr\u00e0 ritrovarsi la via della crescita\u201d. Se questa \u00e8 la sintesi delineata dall\u2019economista, lo stesso si trova di fronte ad un\u2019Italia dalla bassa produttivit\u00e0 e con una disoccupazione alta, un Paese che riesce solo lentamente ad uscire dalle recessioni del 2008-2013 e che soprattutto si nasconde alcuni problemi di fondo: il debito pubblico che innervosisce i mercati finanziari; le infrastrutture che si depauperano; il diritto dell\u2019economia che viene superato; le imprese che non riescono a rispondere all\u2019urgenza di investire, innovare, cogliere le opportunit\u00e0 della rivoluzione digitale.<\/p>\n<p>Ciocca scrive della storia dell\u2019economia italiana con linguaggio piano, comprensibile, non privo di tecnicismi ma sempre attento a farsi comprendere. Per l\u2019autore hanno pesato i limiti della politica economica: l\u2019incompleto risanamento del bilancio; il taglio degli investimenti pubblici; i ritardi nella riscrittura dell\u2019ordinamento; le insufficienti pressioni concorrenziali sulle imprese. Sin dalla svalutazione della lira del 1992 le imprese si sono adagiate sui facili profitti prospettati dal cambio debole, dalla moderazione salariale, dai sussidi statali, dalla scandalosa evasione delle imposte.<\/p>\n<p>Ma quindi che fare? Per Ciocca s\u2019impone una rifondazione dell\u2019economia, che ne arresti il regresso. A partire dall\u2019euro visto come moneta preziosa e irrinunciabile. L\u2019autore indica un cammino in sette mosse. Si tratta di sette linee d\u2019intervento: dal riequilibrio del bilancio a una nuova strategia per il Sud, passando per gli investimenti pubblici, una diversa politica europea, la perequazione distributiva, un nuovo diritto dell\u2019economia, la concorrenza.<\/p>\n<p>Quello che per\u00f2 caratterizza il libro di Ciocca \u00e8 anche altro. Non c\u2019\u00e8 solo l\u2019economia nella crisi, perch\u00e9 questa affonda le radici oltre l\u2019economia, nello strato pi\u00f9 profondo della cultura, delle istituzioni, della politica del Belpaese. Cultura quindi, abitudini anche, modo d\u2019intendere il bene comune. E\u2019 per questo \u2013 soprattutto, forse -, che l\u2019impegno letterario di Ciocca va letto e apprezzato.<\/p>\n<p>Bella la citazione di Carlo Azeglio Ciampi posta all\u2019inizio del libro: \u201cSi va facendo strada in me la convinzione che il fattore economico, pure cruciale, non spieghi per intero la natura della crisi che stiamo ancora attraversando [\u2026]. \u00c8 a fattori di ordine culturale \u2013 e se l\u2019aggettivo non spaventa troppo, di natura spirituale \u2013 che occorre guardare con lucidit\u00e0 e senso critico\u201d.<\/p><p><strong>Tornare alla crescita. Perch\u00e9 l\u2019economia italiana \u00e8 in crisi e cosa fare per rifondarla<\/strong><\/p>\n<p>Pierluigi Ciocca<\/p>\n<p>Donzelli, 2018<\/p>","protected":false},"excerpt":{"rendered":"<p>L\u2019ultimo libro di Pierluigi Ciocca racconta i legami fra crisi economica e crisi culturale del Paese \u00a0 Capire meglio per agire meglio. E\u2019 uno dei principi d\u2019azione cardine della buona gestione d\u2019impresa ma anche di un\u2019intera economia. Senza dire della necessit\u00e0 di ogni avveduto manager cos\u00ec come di ogni buon imprenditore, di informarsi per capire [&hellip;]<\/p>\n","protected":false},"author":1,"featured_media":68854,"comment_status":"open","ping_status":"open","sticky":false,"template":"","format":"standard","meta":{"footnotes":""},"categories":[52,58],"tags":[],"class_list":["post-52001","post","type-post","status-publish","format-standard","has-post-thumbnail","hentry","category-cultura-dimpresa","category-recensioni-libri"],"acf":[],"yoast_head":"<!-- This site is optimized with the Yoast SEO plugin v25.0 - https:\/\/yoast.com\/wordpress\/plugins\/seo\/ -->\n<title>Buona cultura del bene comune e buona economia - Fondazione Pirelli<\/title>\n<meta name=\"robots\" content=\"index, follow, max-snippet:-1, max-image-preview:large, max-video-preview:-1\" \/>\n<link rel=\"canonical\" href=\"https:\/\/www.fondazionepirelli.org\/it\/cultura-dimpresa\/buona-cultura-del-bene-comune-e-buona-economia\/\" \/>\n<meta property=\"og:locale\" content=\"it_IT\" \/>\n<meta property=\"og:type\" content=\"article\" \/>\n<meta property=\"og:title\" content=\"Buona cultura del bene comune e buona economia - Fondazione Pirelli\" \/>\n<meta property=\"og:description\" content=\"L\u2019ultimo libro di Pierluigi Ciocca racconta i legami fra crisi economica e crisi culturale del Paese \u00a0 Capire meglio per agire meglio. E\u2019 uno dei principi d\u2019azione cardine della buona gestione d\u2019impresa ma anche di un\u2019intera economia. Senza dire della necessit\u00e0 di ogni avveduto manager cos\u00ec come di ogni buon imprenditore, di informarsi per capire [&hellip;]\" \/>\n<meta property=\"og:url\" content=\"https:\/\/www.fondazionepirelli.org\/it\/cultura-dimpresa\/buona-cultura-del-bene-comune-e-buona-economia\/\" \/>\n<meta property=\"og:site_name\" content=\"Fondazione Pirelli\" \/>\n<meta property=\"article:published_time\" content=\"2018-12-18T00:00:00+00:00\" \/>\n<meta property=\"article:modified_time\" content=\"2019-09-20T07:15:54+00:00\" \/>\n<meta property=\"og:image\" content=\"https:\/\/wpsite-assets.fondazionepirelli.org\/wp-content\/uploads\/2018\/12\/20091542\/tornare-alla-crescita.jpg\" \/>\n\t<meta property=\"og:image:width\" content=\"345\" \/>\n\t<meta property=\"og:image:height\" content=\"507\" \/>\n\t<meta property=\"og:image:type\" content=\"image\/jpeg\" \/>\n<meta name=\"author\" content=\"fondadmin\" \/>\n<meta name=\"twitter:card\" content=\"summary_large_image\" \/>\n<meta name=\"twitter:label1\" content=\"Scritto da\" \/>\n\t<meta name=\"twitter:data1\" content=\"fondadmin\" \/>\n\t<meta name=\"twitter:label2\" content=\"Tempo di lettura stimato\" \/>\n\t<meta name=\"twitter:data2\" content=\"3 minuti\" \/>\n<script type=\"application\/ld+json\" class=\"yoast-schema-graph\">{\"@context\":\"https:\/\/schema.org\",\"@graph\":[{\"@type\":\"WebPage\",\"@id\":\"https:\/\/www.fondazionepirelli.org\/it\/cultura-dimpresa\/buona-cultura-del-bene-comune-e-buona-economia\/\",\"url\":\"https:\/\/www.fondazionepirelli.org\/it\/cultura-dimpresa\/buona-cultura-del-bene-comune-e-buona-economia\/\",\"name\":\"Buona cultura del bene comune e buona economia - Fondazione Pirelli\",\"isPartOf\":{\"@id\":\"https:\/\/www.fondazionepirelli.org\/it\/#website\"},\"primaryImageOfPage\":{\"@id\":\"https:\/\/www.fondazionepirelli.org\/it\/cultura-dimpresa\/buona-cultura-del-bene-comune-e-buona-economia\/#primaryimage\"},\"image\":{\"@id\":\"https:\/\/www.fondazionepirelli.org\/it\/cultura-dimpresa\/buona-cultura-del-bene-comune-e-buona-economia\/#primaryimage\"},\"thumbnailUrl\":\"https:\/\/wpsite-assets.fondazionepirelli.org\/wp-content\/uploads\/2018\/12\/20091542\/tornare-alla-crescita.jpg\",\"datePublished\":\"2018-12-18T00:00:00+00:00\",\"dateModified\":\"2019-09-20T07:15:54+00:00\",\"author\":{\"@id\":\"https:\/\/www.fondazionepirelli.org\/it\/#\/schema\/person\/f47d097000832c4a6e54538c791fdf25\"},\"breadcrumb\":{\"@id\":\"https:\/\/www.fondazionepirelli.org\/it\/cultura-dimpresa\/buona-cultura-del-bene-comune-e-buona-economia\/#breadcrumb\"},\"inLanguage\":\"it-IT\",\"potentialAction\":[{\"@type\":\"ReadAction\",\"target\":[\"https:\/\/www.fondazionepirelli.org\/it\/cultura-dimpresa\/buona-cultura-del-bene-comune-e-buona-economia\/\"]}]},{\"@type\":\"ImageObject\",\"inLanguage\":\"it-IT\",\"@id\":\"https:\/\/www.fondazionepirelli.org\/it\/cultura-dimpresa\/buona-cultura-del-bene-comune-e-buona-economia\/#primaryimage\",\"url\":\"https:\/\/wpsite-assets.fondazionepirelli.org\/wp-content\/uploads\/2018\/12\/20091542\/tornare-alla-crescita.jpg\",\"contentUrl\":\"https:\/\/wpsite-assets.fondazionepirelli.org\/wp-content\/uploads\/2018\/12\/20091542\/tornare-alla-crescita.jpg\",\"width\":345,\"height\":507},{\"@type\":\"BreadcrumbList\",\"@id\":\"https:\/\/www.fondazionepirelli.org\/it\/cultura-dimpresa\/buona-cultura-del-bene-comune-e-buona-economia\/#breadcrumb\",\"itemListElement\":[{\"@type\":\"ListItem\",\"position\":1,\"name\":\"Home\",\"item\":\"https:\/\/www.fondazionepirelli.org\/it\/\"},{\"@type\":\"ListItem\",\"position\":2,\"name\":\"Buona cultura del bene comune e buona economia\"}]},{\"@type\":\"WebSite\",\"@id\":\"https:\/\/www.fondazionepirelli.org\/it\/#website\",\"url\":\"https:\/\/www.fondazionepirelli.org\/it\/\",\"name\":\"Fondazione Pirelli\",\"description\":\"\",\"potentialAction\":[{\"@type\":\"SearchAction\",\"target\":{\"@type\":\"EntryPoint\",\"urlTemplate\":\"https:\/\/www.fondazionepirelli.org\/it\/?s={search_term_string}\"},\"query-input\":{\"@type\":\"PropertyValueSpecification\",\"valueRequired\":true,\"valueName\":\"search_term_string\"}}],\"inLanguage\":\"it-IT\"},{\"@type\":\"Person\",\"@id\":\"https:\/\/www.fondazionepirelli.org\/it\/#\/schema\/person\/f47d097000832c4a6e54538c791fdf25\",\"name\":\"fondadmin\",\"image\":{\"@type\":\"ImageObject\",\"inLanguage\":\"it-IT\",\"@id\":\"https:\/\/www.fondazionepirelli.org\/it\/#\/schema\/person\/image\/\",\"url\":\"https:\/\/secure.gravatar.com\/avatar\/e69498a9175ca244966e51e53c88712c024fcebe41f9a05f75657f1bb25e489b?s=96&d=mm&r=g\",\"contentUrl\":\"https:\/\/secure.gravatar.com\/avatar\/e69498a9175ca244966e51e53c88712c024fcebe41f9a05f75657f1bb25e489b?s=96&d=mm&r=g\",\"caption\":\"fondadmin\"},\"url\":\"https:\/\/www.fondazionepirelli.org\/it\/author\/fondadmin\/\"}]}<\/script>\n<!-- \/ Yoast SEO plugin. -->","yoast_head_json":{"title":"Buona cultura del bene comune e buona economia - Fondazione Pirelli","robots":{"index":"index","follow":"follow","max-snippet":"max-snippet:-1","max-image-preview":"max-image-preview:large","max-video-preview":"max-video-preview:-1"},"canonical":"https:\/\/www.fondazionepirelli.org\/it\/cultura-dimpresa\/buona-cultura-del-bene-comune-e-buona-economia\/","og_locale":"it_IT","og_type":"article","og_title":"Buona cultura del bene comune e buona economia - Fondazione Pirelli","og_description":"L\u2019ultimo libro di Pierluigi Ciocca racconta i legami fra crisi economica e crisi culturale del Paese \u00a0 Capire meglio per agire meglio. E\u2019 uno dei principi d\u2019azione cardine della buona gestione d\u2019impresa ma anche di un\u2019intera economia. Senza dire della necessit\u00e0 di ogni avveduto manager cos\u00ec come di ogni buon imprenditore, di informarsi per capire [&hellip;]","og_url":"https:\/\/www.fondazionepirelli.org\/it\/cultura-dimpresa\/buona-cultura-del-bene-comune-e-buona-economia\/","og_site_name":"Fondazione Pirelli","article_published_time":"2018-12-18T00:00:00+00:00","article_modified_time":"2019-09-20T07:15:54+00:00","og_image":[{"width":345,"height":507,"url":"https:\/\/wpsite-assets.fondazionepirelli.org\/wp-content\/uploads\/2018\/12\/20091542\/tornare-alla-crescita.jpg","type":"image\/jpeg"}],"author":"fondadmin","twitter_card":"summary_large_image","twitter_misc":{"Scritto da":"fondadmin","Tempo di lettura stimato":"3 minuti"},"schema":{"@context":"https:\/\/schema.org","@graph":[{"@type":"WebPage","@id":"https:\/\/www.fondazionepirelli.org\/it\/cultura-dimpresa\/buona-cultura-del-bene-comune-e-buona-economia\/","url":"https:\/\/www.fondazionepirelli.org\/it\/cultura-dimpresa\/buona-cultura-del-bene-comune-e-buona-economia\/","name":"Buona cultura del bene comune e buona economia - Fondazione Pirelli","isPartOf":{"@id":"https:\/\/www.fondazionepirelli.org\/it\/#website"},"primaryImageOfPage":{"@id":"https:\/\/www.fondazionepirelli.org\/it\/cultura-dimpresa\/buona-cultura-del-bene-comune-e-buona-economia\/#primaryimage"},"image":{"@id":"https:\/\/www.fondazionepirelli.org\/it\/cultura-dimpresa\/buona-cultura-del-bene-comune-e-buona-economia\/#primaryimage"},"thumbnailUrl":"https:\/\/wpsite-assets.fondazionepirelli.org\/wp-content\/uploads\/2018\/12\/20091542\/tornare-alla-crescita.jpg","datePublished":"2018-12-18T00:00:00+00:00","dateModified":"2019-09-20T07:15:54+00:00","author":{"@id":"https:\/\/www.fondazionepirelli.org\/it\/#\/schema\/person\/f47d097000832c4a6e54538c791fdf25"},"breadcrumb":{"@id":"https:\/\/www.fondazionepirelli.org\/it\/cultura-dimpresa\/buona-cultura-del-bene-comune-e-buona-economia\/#breadcrumb"},"inLanguage":"it-IT","potentialAction":[{"@type":"ReadAction","target":["https:\/\/www.fondazionepirelli.org\/it\/cultura-dimpresa\/buona-cultura-del-bene-comune-e-buona-economia\/"]}]},{"@type":"ImageObject","inLanguage":"it-IT","@id":"https:\/\/www.fondazionepirelli.org\/it\/cultura-dimpresa\/buona-cultura-del-bene-comune-e-buona-economia\/#primaryimage","url":"https:\/\/wpsite-assets.fondazionepirelli.org\/wp-content\/uploads\/2018\/12\/20091542\/tornare-alla-crescita.jpg","contentUrl":"https:\/\/wpsite-assets.fondazionepirelli.org\/wp-content\/uploads\/2018\/12\/20091542\/tornare-alla-crescita.jpg","width":345,"height":507},{"@type":"BreadcrumbList","@id":"https:\/\/www.fondazionepirelli.org\/it\/cultura-dimpresa\/buona-cultura-del-bene-comune-e-buona-economia\/#breadcrumb","itemListElement":[{"@type":"ListItem","position":1,"name":"Home","item":"https:\/\/www.fondazionepirelli.org\/it\/"},{"@type":"ListItem","position":2,"name":"Buona cultura del bene comune e buona economia"}]},{"@type":"WebSite","@id":"https:\/\/www.fondazionepirelli.org\/it\/#website","url":"https:\/\/www.fondazionepirelli.org\/it\/","name":"Fondazione Pirelli","description":"","potentialAction":[{"@type":"SearchAction","target":{"@type":"EntryPoint","urlTemplate":"https:\/\/www.fondazionepirelli.org\/it\/?s={search_term_string}"},"query-input":{"@type":"PropertyValueSpecification","valueRequired":true,"valueName":"search_term_string"}}],"inLanguage":"it-IT"},{"@type":"Person","@id":"https:\/\/www.fondazionepirelli.org\/it\/#\/schema\/person\/f47d097000832c4a6e54538c791fdf25","name":"fondadmin","image":{"@type":"ImageObject","inLanguage":"it-IT","@id":"https:\/\/www.fondazionepirelli.org\/it\/#\/schema\/person\/image\/","url":"https:\/\/secure.gravatar.com\/avatar\/e69498a9175ca244966e51e53c88712c024fcebe41f9a05f75657f1bb25e489b?s=96&d=mm&r=g","contentUrl":"https:\/\/secure.gravatar.com\/avatar\/e69498a9175ca244966e51e53c88712c024fcebe41f9a05f75657f1bb25e489b?s=96&d=mm&r=g","caption":"fondadmin"},"url":"https:\/\/www.fondazionepirelli.org\/it\/author\/fondadmin\/"}]}},"_links":{"self":[{"href":"https:\/\/www.fondazionepirelli.org\/it\/wp-json\/wp\/v2\/posts\/52001\/"}],"collection":[{"href":"https:\/\/www.fondazionepirelli.org\/it\/wp-json\/wp\/v2\/posts\/"}],"about":[{"href":"https:\/\/www.fondazionepirelli.org\/it\/wp-json\/wp\/v2\/types\/post\/"}],"author":[{"embeddable":true,"href":"https:\/\/www.fondazionepirelli.org\/it\/wp-json\/wp\/v2\/users\/1\/"}],"replies":[{"embeddable":true,"href":"https:\/\/www.fondazionepirelli.org\/it\/wp-json\/wp\/v2\/comments\/?post=52001"}],"version-history":[{"count":2,"href":"https:\/\/www.fondazionepirelli.org\/it\/wp-json\/wp\/v2\/posts\/52001\/revisions\/"}],"predecessor-version":[{"id":68856,"href":"https:\/\/www.fondazionepirelli.org\/it\/wp-json\/wp\/v2\/posts\/52001\/revisions\/68856\/"}],"wp:featuredmedia":[{"embeddable":true,"href":"https:\/\/www.fondazionepirelli.org\/it\/wp-json\/wp\/v2\/media\/68854\/"}],"wp:attachment":[{"href":"https:\/\/www.fondazionepirelli.org\/it\/wp-json\/wp\/v2\/media\/?parent=52001"}],"wp:term":[{"taxonomy":"category","embeddable":true,"href":"https:\/\/www.fondazionepirelli.org\/it\/wp-json\/wp\/v2\/categories\/?post=52001"},{"taxonomy":"post_tag","embeddable":true,"href":"https:\/\/www.fondazionepirelli.org\/it\/wp-json\/wp\/v2\/tags\/?post=52001"}],"curies":[{"name":"wp","href":"https:\/\/api.w.org\/{rel}","templated":true}]}}