{"id":52005,"date":"2018-12-13T00:00:00","date_gmt":"2018-12-13T00:00:00","guid":{"rendered":"http:\/\/www.fondazionepirelli.org\/fondazione-pirelli\/un-2018-lungo-dieci-anni\/"},"modified":"2022-01-28T16:48:56","modified_gmt":"2022-01-28T15:48:56","slug":"un-2018-lungo-dieci-anni","status":"publish","type":"post","link":"https:\/\/www.fondazionepirelli.org\/it\/la-fondazione\/un-2018-lungo-dieci-anni\/","title":{"rendered":"Un 2018 lungo dieci anni"},"content":{"rendered":"<p>La Fondazione Pirelli ha festeggiato il suo <strong>decimo anniversario<\/strong>: dieci anni di lavoro, tra mostre e pubblicazioni, laboratori per le scuole e visite guidate alla scoperta del territorio. In questi anni sono stati innumerevoli i percorsi espositivi dedicati alla storia di Pirelli, che ne hanno raccontato la duplice identit\u00e0 milanese e multinazionale. Abbiamo immortalato <strong>la fabbrica e il lavoro<\/strong>, recuperando gli sguardi dei pionieri dell\u2019arte fotografica e poi coinvolgendo grandi maestri contemporanei. La storia della nostra pubblicit\u00e0 \u00e8 stata ripercorsa attraverso i suoi slogan immortali e reinterpretata con strumenti digitali e interattivi.<\/p>\n<p>A migliaia di appassionati abbiamo mostrato gli indimenticabili <strong>bozzetti pubblicitari originali<\/strong> che hanno contribuito a scrivere la storia del design internazionale. E migliaia sono stati gli <strong>studenti<\/strong> che hanno partecipato ai nostri laboratori sulla grafica, il cinema, la fotografia e la robotica. Di anno in anno ci sono venuti a trovare colleghi curiosi di vedere le nostre proposte per un <strong>Natale<\/strong> da festeggiare, per celebrare la festa della donna, l\u20198 marzo, per raccontare usi e costumi legati al cibo e alle pause pranzo, o ancora per approfondire temi rilevanti e attuali, come quello della sostenibilit\u00e0. Abbiamo aperto le porte della Fondazione anche ai numerosi studiosi alla ricerca di fatti e notizie sulla storia del Novecento e si \u00e8 sempre pi\u00f9 intensificato il rapporto con le <strong>universit\u00e0<\/strong>, sia italiane, sia straniere. La valorizzazione del brand e la promozione della nostra cultura d&#8217;impresa sono da sempre parte integrante della mission della Fondazione. La rubrica &#8220;<strong>Storia e storie dal mondo Pirelli&#8221;<\/strong>, che ha contribuito a far conoscere il nostro importante patrimonio, vi saluta e vi d\u00e0 appuntamento al <strong>2019<\/strong> con nuove storie da raccontare. <strong>Auguri!<\/strong><\/p>\n","protected":false},"excerpt":{"rendered":"<p>La Fondazione Pirelli ha festeggiato il suo decimo anniversario: dieci anni di lavoro, tra mostre e pubblicazioni, laboratori per le scuole e visite guidate alla scoperta del territorio. In questi anni sono stati innumerevoli i percorsi espositivi dedicati alla storia di Pirelli, che ne hanno raccontato la duplice identit\u00e0 milanese e multinazionale. Abbiamo immortalato la [&hellip;]<\/p>\n","protected":false},"author":1,"featured_media":54162,"comment_status":"open","ping_status":"open","sticky":false,"template":"","format":"standard","meta":{"footnotes":""},"categories":[63,64],"tags":[99],"class_list":["post-52005","post","type-post","status-publish","format-standard","has-post-thumbnail","hentry","category-la-fondazione","category-la-fondazione-pirelli","tag-10-anni"],"acf":[],"yoast_head":"<!-- This site is optimized with the Yoast SEO plugin v25.0 - https:\/\/yoast.com\/wordpress\/plugins\/seo\/ -->\n<title>Un 2018 lungo dieci anni | Fondazione Pirelli<\/title>\n<meta name=\"description\" content=\"La Fondazione Pirelli ha festeggiato il suo\u00a0decimo anniversario. Visita il nostro sito e scopri di pi\u00f9 su tutte le attivit\u00e0 e iniziative realizzate in questi anni.\" \/>\n<meta name=\"robots\" content=\"index, follow, max-snippet:-1, max-image-preview:large, max-video-preview:-1\" \/>\n<link rel=\"canonical\" href=\"https:\/\/www.fondazionepirelli.org\/it\/la-fondazione\/un-2018-lungo-dieci-anni\/\" \/>\n<meta property=\"og:locale\" content=\"it_IT\" \/>\n<meta property=\"og:type\" content=\"article\" \/>\n<meta property=\"og:title\" content=\"Un 2018 lungo dieci anni | Fondazione Pirelli\" \/>\n<meta property=\"og:description\" content=\"La Fondazione Pirelli ha festeggiato il suo\u00a0decimo anniversario. Visita il nostro sito e scopri di pi\u00f9 su tutte le attivit\u00e0 e iniziative realizzate in questi anni.\" \/>\n<meta property=\"og:url\" content=\"https:\/\/www.fondazionepirelli.org\/it\/la-fondazione\/un-2018-lungo-dieci-anni\/\" \/>\n<meta property=\"og:site_name\" content=\"Fondazione Pirelli\" \/>\n<meta property=\"article:published_time\" content=\"2018-12-13T00:00:00+00:00\" \/>\n<meta property=\"article:modified_time\" content=\"2022-01-28T15:48:56+00:00\" \/>\n<meta property=\"og:image\" content=\"https:\/\/wpsite-assets.fondazionepirelli.org\/wp-content\/uploads\/2018\/12\/20100857\/Un-2018-lungo-dieci-anni-e1574090448659.jpg\" \/>\n\t<meta property=\"og:image:width\" content=\"600\" \/>\n\t<meta property=\"og:image:height\" content=\"420\" \/>\n\t<meta property=\"og:image:type\" content=\"image\/jpeg\" \/>\n<meta name=\"author\" content=\"fondadmin\" \/>\n<meta name=\"twitter:card\" content=\"summary_large_image\" \/>\n<meta name=\"twitter:label1\" content=\"Scritto da\" \/>\n\t<meta name=\"twitter:data1\" content=\"fondadmin\" \/>\n\t<meta name=\"twitter:label2\" content=\"Tempo di lettura stimato\" \/>\n\t<meta name=\"twitter:data2\" content=\"1 minuto\" \/>\n<script type=\"application\/ld+json\" class=\"yoast-schema-graph\">{\"@context\":\"https:\/\/schema.org\",\"@graph\":[{\"@type\":\"WebPage\",\"@id\":\"https:\/\/www.fondazionepirelli.org\/it\/la-fondazione\/un-2018-lungo-dieci-anni\/\",\"url\":\"https:\/\/www.fondazionepirelli.org\/it\/la-fondazione\/un-2018-lungo-dieci-anni\/\",\"name\":\"Un 2018 lungo dieci anni | Fondazione Pirelli\",\"isPartOf\":{\"@id\":\"https:\/\/www.fondazionepirelli.org\/it\/#website\"},\"primaryImageOfPage\":{\"@id\":\"https:\/\/www.fondazionepirelli.org\/it\/la-fondazione\/un-2018-lungo-dieci-anni\/#primaryimage\"},\"image\":{\"@id\":\"https:\/\/www.fondazionepirelli.org\/it\/la-fondazione\/un-2018-lungo-dieci-anni\/#primaryimage\"},\"thumbnailUrl\":\"https:\/\/wpsite-assets.fondazionepirelli.org\/wp-content\/uploads\/2018\/12\/20100857\/Un-2018-lungo-dieci-anni-e1574090448659.jpg\",\"datePublished\":\"2018-12-13T00:00:00+00:00\",\"dateModified\":\"2022-01-28T15:48:56+00:00\",\"author\":{\"@id\":\"https:\/\/www.fondazionepirelli.org\/it\/#\/schema\/person\/f47d097000832c4a6e54538c791fdf25\"},\"description\":\"La Fondazione Pirelli ha festeggiato il suo\u00a0decimo anniversario. Visita il nostro sito e scopri di pi\u00f9 su tutte le attivit\u00e0 e iniziative realizzate in questi anni.\",\"breadcrumb\":{\"@id\":\"https:\/\/www.fondazionepirelli.org\/it\/la-fondazione\/un-2018-lungo-dieci-anni\/#breadcrumb\"},\"inLanguage\":\"it-IT\",\"potentialAction\":[{\"@type\":\"ReadAction\",\"target\":[\"https:\/\/www.fondazionepirelli.org\/it\/la-fondazione\/un-2018-lungo-dieci-anni\/\"]}]},{\"@type\":\"ImageObject\",\"inLanguage\":\"it-IT\",\"@id\":\"https:\/\/www.fondazionepirelli.org\/it\/la-fondazione\/un-2018-lungo-dieci-anni\/#primaryimage\",\"url\":\"https:\/\/wpsite-assets.fondazionepirelli.org\/wp-content\/uploads\/2018\/12\/20100857\/Un-2018-lungo-dieci-anni-e1574090448659.jpg\",\"contentUrl\":\"https:\/\/wpsite-assets.fondazionepirelli.org\/wp-content\/uploads\/2018\/12\/20100857\/Un-2018-lungo-dieci-anni-e1574090448659.jpg\",\"width\":600,\"height\":420},{\"@type\":\"BreadcrumbList\",\"@id\":\"https:\/\/www.fondazionepirelli.org\/it\/la-fondazione\/un-2018-lungo-dieci-anni\/#breadcrumb\",\"itemListElement\":[{\"@type\":\"ListItem\",\"position\":1,\"name\":\"Home\",\"item\":\"https:\/\/www.fondazionepirelli.org\/it\/\"},{\"@type\":\"ListItem\",\"position\":2,\"name\":\"Un 2018 lungo dieci anni\"}]},{\"@type\":\"WebSite\",\"@id\":\"https:\/\/www.fondazionepirelli.org\/it\/#website\",\"url\":\"https:\/\/www.fondazionepirelli.org\/it\/\",\"name\":\"Fondazione Pirelli\",\"description\":\"\",\"potentialAction\":[{\"@type\":\"SearchAction\",\"target\":{\"@type\":\"EntryPoint\",\"urlTemplate\":\"https:\/\/www.fondazionepirelli.org\/it\/?s={search_term_string}\"},\"query-input\":{\"@type\":\"PropertyValueSpecification\",\"valueRequired\":true,\"valueName\":\"search_term_string\"}}],\"inLanguage\":\"it-IT\"},{\"@type\":\"Person\",\"@id\":\"https:\/\/www.fondazionepirelli.org\/it\/#\/schema\/person\/f47d097000832c4a6e54538c791fdf25\",\"name\":\"fondadmin\",\"image\":{\"@type\":\"ImageObject\",\"inLanguage\":\"it-IT\",\"@id\":\"https:\/\/www.fondazionepirelli.org\/it\/#\/schema\/person\/image\/\",\"url\":\"https:\/\/secure.gravatar.com\/avatar\/e69498a9175ca244966e51e53c88712c024fcebe41f9a05f75657f1bb25e489b?s=96&d=mm&r=g\",\"contentUrl\":\"https:\/\/secure.gravatar.com\/avatar\/e69498a9175ca244966e51e53c88712c024fcebe41f9a05f75657f1bb25e489b?s=96&d=mm&r=g\",\"caption\":\"fondadmin\"},\"url\":\"https:\/\/www.fondazionepirelli.org\/it\/author\/fondadmin\/\"}]}<\/script>\n<!-- \/ Yoast SEO plugin. -->","yoast_head_json":{"title":"Un 2018 lungo dieci anni | Fondazione Pirelli","description":"La Fondazione Pirelli ha festeggiato il suo\u00a0decimo anniversario. Visita il nostro sito e scopri di pi\u00f9 su tutte le attivit\u00e0 e iniziative realizzate in questi anni.","robots":{"index":"index","follow":"follow","max-snippet":"max-snippet:-1","max-image-preview":"max-image-preview:large","max-video-preview":"max-video-preview:-1"},"canonical":"https:\/\/www.fondazionepirelli.org\/it\/la-fondazione\/un-2018-lungo-dieci-anni\/","og_locale":"it_IT","og_type":"article","og_title":"Un 2018 lungo dieci anni | Fondazione Pirelli","og_description":"La Fondazione Pirelli ha festeggiato il suo\u00a0decimo anniversario. Visita il nostro sito e scopri di pi\u00f9 su tutte le attivit\u00e0 e iniziative realizzate in questi anni.","og_url":"https:\/\/www.fondazionepirelli.org\/it\/la-fondazione\/un-2018-lungo-dieci-anni\/","og_site_name":"Fondazione Pirelli","article_published_time":"2018-12-13T00:00:00+00:00","article_modified_time":"2022-01-28T15:48:56+00:00","og_image":[{"width":600,"height":420,"url":"https:\/\/wpsite-assets.fondazionepirelli.org\/wp-content\/uploads\/2018\/12\/20100857\/Un-2018-lungo-dieci-anni-e1574090448659.jpg","type":"image\/jpeg"}],"author":"fondadmin","twitter_card":"summary_large_image","twitter_misc":{"Scritto da":"fondadmin","Tempo di lettura stimato":"1 minuto"},"schema":{"@context":"https:\/\/schema.org","@graph":[{"@type":"WebPage","@id":"https:\/\/www.fondazionepirelli.org\/it\/la-fondazione\/un-2018-lungo-dieci-anni\/","url":"https:\/\/www.fondazionepirelli.org\/it\/la-fondazione\/un-2018-lungo-dieci-anni\/","name":"Un 2018 lungo dieci anni | Fondazione Pirelli","isPartOf":{"@id":"https:\/\/www.fondazionepirelli.org\/it\/#website"},"primaryImageOfPage":{"@id":"https:\/\/www.fondazionepirelli.org\/it\/la-fondazione\/un-2018-lungo-dieci-anni\/#primaryimage"},"image":{"@id":"https:\/\/www.fondazionepirelli.org\/it\/la-fondazione\/un-2018-lungo-dieci-anni\/#primaryimage"},"thumbnailUrl":"https:\/\/wpsite-assets.fondazionepirelli.org\/wp-content\/uploads\/2018\/12\/20100857\/Un-2018-lungo-dieci-anni-e1574090448659.jpg","datePublished":"2018-12-13T00:00:00+00:00","dateModified":"2022-01-28T15:48:56+00:00","author":{"@id":"https:\/\/www.fondazionepirelli.org\/it\/#\/schema\/person\/f47d097000832c4a6e54538c791fdf25"},"description":"La Fondazione Pirelli ha festeggiato il suo\u00a0decimo anniversario. Visita il nostro sito e scopri di pi\u00f9 su tutte le attivit\u00e0 e iniziative realizzate in questi anni.","breadcrumb":{"@id":"https:\/\/www.fondazionepirelli.org\/it\/la-fondazione\/un-2018-lungo-dieci-anni\/#breadcrumb"},"inLanguage":"it-IT","potentialAction":[{"@type":"ReadAction","target":["https:\/\/www.fondazionepirelli.org\/it\/la-fondazione\/un-2018-lungo-dieci-anni\/"]}]},{"@type":"ImageObject","inLanguage":"it-IT","@id":"https:\/\/www.fondazionepirelli.org\/it\/la-fondazione\/un-2018-lungo-dieci-anni\/#primaryimage","url":"https:\/\/wpsite-assets.fondazionepirelli.org\/wp-content\/uploads\/2018\/12\/20100857\/Un-2018-lungo-dieci-anni-e1574090448659.jpg","contentUrl":"https:\/\/wpsite-assets.fondazionepirelli.org\/wp-content\/uploads\/2018\/12\/20100857\/Un-2018-lungo-dieci-anni-e1574090448659.jpg","width":600,"height":420},{"@type":"BreadcrumbList","@id":"https:\/\/www.fondazionepirelli.org\/it\/la-fondazione\/un-2018-lungo-dieci-anni\/#breadcrumb","itemListElement":[{"@type":"ListItem","position":1,"name":"Home","item":"https:\/\/www.fondazionepirelli.org\/it\/"},{"@type":"ListItem","position":2,"name":"Un 2018 lungo dieci anni"}]},{"@type":"WebSite","@id":"https:\/\/www.fondazionepirelli.org\/it\/#website","url":"https:\/\/www.fondazionepirelli.org\/it\/","name":"Fondazione Pirelli","description":"","potentialAction":[{"@type":"SearchAction","target":{"@type":"EntryPoint","urlTemplate":"https:\/\/www.fondazionepirelli.org\/it\/?s={search_term_string}"},"query-input":{"@type":"PropertyValueSpecification","valueRequired":true,"valueName":"search_term_string"}}],"inLanguage":"it-IT"},{"@type":"Person","@id":"https:\/\/www.fondazionepirelli.org\/it\/#\/schema\/person\/f47d097000832c4a6e54538c791fdf25","name":"fondadmin","image":{"@type":"ImageObject","inLanguage":"it-IT","@id":"https:\/\/www.fondazionepirelli.org\/it\/#\/schema\/person\/image\/","url":"https:\/\/secure.gravatar.com\/avatar\/e69498a9175ca244966e51e53c88712c024fcebe41f9a05f75657f1bb25e489b?s=96&d=mm&r=g","contentUrl":"https:\/\/secure.gravatar.com\/avatar\/e69498a9175ca244966e51e53c88712c024fcebe41f9a05f75657f1bb25e489b?s=96&d=mm&r=g","caption":"fondadmin"},"url":"https:\/\/www.fondazionepirelli.org\/it\/author\/fondadmin\/"}]}},"_links":{"self":[{"href":"https:\/\/www.fondazionepirelli.org\/it\/wp-json\/wp\/v2\/posts\/52005\/"}],"collection":[{"href":"https:\/\/www.fondazionepirelli.org\/it\/wp-json\/wp\/v2\/posts\/"}],"about":[{"href":"https:\/\/www.fondazionepirelli.org\/it\/wp-json\/wp\/v2\/types\/post\/"}],"author":[{"embeddable":true,"href":"https:\/\/www.fondazionepirelli.org\/it\/wp-json\/wp\/v2\/users\/1\/"}],"replies":[{"embeddable":true,"href":"https:\/\/www.fondazionepirelli.org\/it\/wp-json\/wp\/v2\/comments\/?post=52005"}],"version-history":[{"count":7,"href":"https:\/\/www.fondazionepirelli.org\/it\/wp-json\/wp\/v2\/posts\/52005\/revisions\/"}],"predecessor-version":[{"id":72026,"href":"https:\/\/www.fondazionepirelli.org\/it\/wp-json\/wp\/v2\/posts\/52005\/revisions\/72026\/"}],"wp:featuredmedia":[{"embeddable":true,"href":"https:\/\/www.fondazionepirelli.org\/it\/wp-json\/wp\/v2\/media\/54162\/"}],"wp:attachment":[{"href":"https:\/\/www.fondazionepirelli.org\/it\/wp-json\/wp\/v2\/media\/?parent=52005"}],"wp:term":[{"taxonomy":"category","embeddable":true,"href":"https:\/\/www.fondazionepirelli.org\/it\/wp-json\/wp\/v2\/categories\/?post=52005"},{"taxonomy":"post_tag","embeddable":true,"href":"https:\/\/www.fondazionepirelli.org\/it\/wp-json\/wp\/v2\/tags\/?post=52005"}],"curies":[{"name":"wp","href":"https:\/\/api.w.org\/{rel}","templated":true}]}}