{"id":52007,"date":"2018-12-11T00:00:00","date_gmt":"2018-12-11T00:00:00","guid":{"rendered":"http:\/\/www.fondazionepirelli.org\/fondazione-pirelli\/vita-dimprenditore\/"},"modified":"2019-05-09T09:30:53","modified_gmt":"2019-05-09T09:30:53","slug":"vita-dimprenditore","status":"publish","type":"post","link":"https:\/\/www.fondazionepirelli.org\/it\/cultura-dimpresa\/vita-dimprenditore\/","title":{"rendered":"Vita d\u2019imprenditore"},"content":{"rendered":"<p><em>Dalle motivazioni per le quali viene dedicato i Premio Roma 2018, una bella lezione di cultura d\u2019impresa<\/em><\/p><p>Ogni tanto occorre immergersi nella cultura d\u2019impresa vissuta. Non quella descritta nei manuali, ma quella reale \u2013 vissuta, appunto -, da singole persone (imprenditori, <em>manager <\/em>anche semplici operai), che con le loro azioni hanno impersonificato pi\u00f9 di altri l\u2019essenza di ci\u00f2 che poi i libri sintetizzano in cultura del produrre. Dell\u2019intraprendere, anzi. I modi sono due: ascoltare dalla viva voce dei protagonisti l\u2019avventura imprenditoriale che hanno vissuto, oppure apprenderne le gesta attraverso rare buone letture. E\u2019 il caso della \u201c<em>Laudatio<\/em> a Vito Pertosa\u201d che il Direttore generale di Banca d\u2019Italia, Salvatore Rossi, ha dedicato appunto a Pertosa in occasione del conferimento a questo del Premio Roma.<\/p>\n<p>Quella di Pertosa \u00e8 la classica avventura imprenditoriale di un uomo del sud che nel sud (a Monopoli), continua a vivere e lavorare, anche se i suoi prodotti e lui stesso, come spiega Rossi, girano ormai il mondo. Passato dalla produzione di\u00a0 treni per il controllo e la misurazione di binari e linee elettriche aeree, Pertosa adesso si \u00e8 dedicato a quella di piccoli satelliti e aerei superleggeri; senza aver trascurato di ricomprarsi la sua prima azienda .<\/p>\n<p>Tutto nato dall\u2019attivit\u00e0 di Vito e del padre: la fabbricazione di carretti agricoli. Vita d\u2019impresa che sa di avventura, appunto. Che nata e sviluppatasi nel Mezzogiorno, ha ancora di pi\u00f9 il sapore di qualcosa di quasi unico. Anche se non \u00e8 cos\u00ec. Spiega infatti Rossi: \u201cSi argomenta spesso che l\u2019economia meridionale sarebbe prigioniera della sua societ\u00e0 e delle sue istituzioni, inadatte a favorire lo sviluppo. Capitale sociale scadente, amministrazione pubblica pi\u00f9 inefficiente a parit\u00e0 di risorse, burocrazia pi\u00f9 soffocante a parit\u00e0 di norme rallentano o impediscono la marcia delle imprese, ne soffocano lo slancio. Tutto questo \u00e8 vero in molti casi, ma vi sono anche felici eccezioni. Vi sono imprenditori e imprese che sfidano la gravit\u00e0\u201d. Pertosa \u00e8 uno di questi e Salvatore Rossi lo racconto con un tono leggero ma ugualmente attento e profondo. Lo racconta da amico ma da severo economista qual \u00e8. Per questo Rossi spiega come per far fare il salto di qualit\u00e0 alle imprese, occorra un favorevole connubio fra doti personali dell\u2019imprenditore e territorio: una sorta di alchimia che abbisogna comunque di pi\u00f9 componenti, ma nella quale l\u2019imprenditore \u00e8 fondamentale.<\/p>\n<p>La <em>Laudatio <\/em>\u00a0in occasione del Premio Roma, oltre che essere racconto di un uomo si trasforma cos\u00ec in una piccola lezione di buona gestione imprenditoriale. Che fa bene a tutti.<\/p><p><strong><em>Laudatio<\/em><\/strong><strong> a Vito Pertosa<\/strong><\/p>\n<p>Salvatore Rossi,<\/p>\n<p>Banca d\u2019Italia, 6 dicembre 2018<\/p>\n","protected":false},"excerpt":{"rendered":"<p>Dalle motivazioni per le quali viene dedicato i Premio Roma 2018, una bella lezione di cultura d\u2019impresaOgni tanto occorre immergersi nella cultura d\u2019impresa vissuta. Non quella descritta nei manuali, ma quella reale \u2013 vissuta, appunto -, da singole persone (imprenditori, manager anche semplici operai), che con le loro azioni hanno impersonificato pi\u00f9 di altri l\u2019essenza [&hellip;]<\/p>\n","protected":false},"author":1,"featured_media":0,"comment_status":"open","ping_status":"open","sticky":false,"template":"","format":"standard","meta":{"footnotes":""},"categories":[54,52],"tags":[],"class_list":["post-52007","post","type-post","status-publish","format-standard","hentry","category-approfondimenti","category-cultura-dimpresa"],"acf":[],"yoast_head":"<!-- This site is optimized with the Yoast SEO plugin v25.0 - https:\/\/yoast.com\/wordpress\/plugins\/seo\/ -->\n<title>Vita d\u2019imprenditore - Fondazione Pirelli<\/title>\n<meta name=\"robots\" content=\"index, follow, max-snippet:-1, max-image-preview:large, max-video-preview:-1\" \/>\n<link rel=\"canonical\" href=\"https:\/\/www.fondazionepirelli.org\/it\/cultura-dimpresa\/vita-dimprenditore\/\" \/>\n<meta property=\"og:locale\" content=\"it_IT\" \/>\n<meta property=\"og:type\" content=\"article\" \/>\n<meta property=\"og:title\" content=\"Vita d\u2019imprenditore - Fondazione Pirelli\" \/>\n<meta property=\"og:description\" content=\"Dalle motivazioni per le quali viene dedicato i Premio Roma 2018, una bella lezione di cultura d\u2019impresaOgni tanto occorre immergersi nella cultura d\u2019impresa vissuta. Non quella descritta nei manuali, ma quella reale \u2013 vissuta, appunto -, da singole persone (imprenditori, manager anche semplici operai), che con le loro azioni hanno impersonificato pi\u00f9 di altri l\u2019essenza [&hellip;]\" \/>\n<meta property=\"og:url\" content=\"https:\/\/127.0.0.1\/it\/cultura-dimpresa\/vita-dimprenditore\/\" \/>\n<meta property=\"og:site_name\" content=\"Fondazione Pirelli\" \/>\n<meta property=\"article:published_time\" content=\"2018-12-11T00:00:00+00:00\" \/>\n<meta property=\"article:modified_time\" content=\"2019-05-09T09:30:53+00:00\" \/>\n<meta name=\"author\" content=\"fondadmin\" \/>\n<meta name=\"twitter:card\" content=\"summary_large_image\" \/>\n<meta name=\"twitter:label1\" content=\"Scritto da\" \/>\n\t<meta name=\"twitter:data1\" content=\"fondadmin\" \/>\n\t<meta name=\"twitter:label2\" content=\"Tempo di lettura stimato\" \/>\n\t<meta name=\"twitter:data2\" content=\"2 minuti\" \/>\n<script type=\"application\/ld+json\" class=\"yoast-schema-graph\">{\"@context\":\"https:\/\/schema.org\",\"@graph\":[{\"@type\":\"WebPage\",\"@id\":\"https:\/\/127.0.0.1\/it\/cultura-dimpresa\/vita-dimprenditore\/\",\"url\":\"https:\/\/127.0.0.1\/it\/cultura-dimpresa\/vita-dimprenditore\/\",\"name\":\"Vita d\u2019imprenditore - Fondazione Pirelli\",\"isPartOf\":{\"@id\":\"https:\/\/www.fondazionepirelli.org\/it\/#website\"},\"datePublished\":\"2018-12-11T00:00:00+00:00\",\"dateModified\":\"2019-05-09T09:30:53+00:00\",\"author\":{\"@id\":\"https:\/\/www.fondazionepirelli.org\/it\/#\/schema\/person\/f47d097000832c4a6e54538c791fdf25\"},\"breadcrumb\":{\"@id\":\"https:\/\/127.0.0.1\/it\/cultura-dimpresa\/vita-dimprenditore\/#breadcrumb\"},\"inLanguage\":\"it-IT\",\"potentialAction\":[{\"@type\":\"ReadAction\",\"target\":[\"https:\/\/127.0.0.1\/it\/cultura-dimpresa\/vita-dimprenditore\/\"]}]},{\"@type\":\"BreadcrumbList\",\"@id\":\"https:\/\/127.0.0.1\/it\/cultura-dimpresa\/vita-dimprenditore\/#breadcrumb\",\"itemListElement\":[{\"@type\":\"ListItem\",\"position\":1,\"name\":\"Home\",\"item\":\"https:\/\/www.fondazionepirelli.org\/it\/\"},{\"@type\":\"ListItem\",\"position\":2,\"name\":\"Vita d\u2019imprenditore\"}]},{\"@type\":\"WebSite\",\"@id\":\"https:\/\/www.fondazionepirelli.org\/it\/#website\",\"url\":\"https:\/\/www.fondazionepirelli.org\/it\/\",\"name\":\"Fondazione Pirelli\",\"description\":\"\",\"potentialAction\":[{\"@type\":\"SearchAction\",\"target\":{\"@type\":\"EntryPoint\",\"urlTemplate\":\"https:\/\/www.fondazionepirelli.org\/it\/?s={search_term_string}\"},\"query-input\":{\"@type\":\"PropertyValueSpecification\",\"valueRequired\":true,\"valueName\":\"search_term_string\"}}],\"inLanguage\":\"it-IT\"},{\"@type\":\"Person\",\"@id\":\"https:\/\/www.fondazionepirelli.org\/it\/#\/schema\/person\/f47d097000832c4a6e54538c791fdf25\",\"name\":\"fondadmin\",\"image\":{\"@type\":\"ImageObject\",\"inLanguage\":\"it-IT\",\"@id\":\"https:\/\/www.fondazionepirelli.org\/it\/#\/schema\/person\/image\/\",\"url\":\"https:\/\/secure.gravatar.com\/avatar\/e69498a9175ca244966e51e53c88712c024fcebe41f9a05f75657f1bb25e489b?s=96&d=mm&r=g\",\"contentUrl\":\"https:\/\/secure.gravatar.com\/avatar\/e69498a9175ca244966e51e53c88712c024fcebe41f9a05f75657f1bb25e489b?s=96&d=mm&r=g\",\"caption\":\"fondadmin\"},\"url\":\"https:\/\/www.fondazionepirelli.org\/it\/author\/fondadmin\/\"}]}<\/script>\n<!-- \/ Yoast SEO plugin. -->","yoast_head_json":{"title":"Vita d\u2019imprenditore - Fondazione Pirelli","robots":{"index":"index","follow":"follow","max-snippet":"max-snippet:-1","max-image-preview":"max-image-preview:large","max-video-preview":"max-video-preview:-1"},"canonical":"https:\/\/www.fondazionepirelli.org\/it\/cultura-dimpresa\/vita-dimprenditore\/","og_locale":"it_IT","og_type":"article","og_title":"Vita d\u2019imprenditore - Fondazione Pirelli","og_description":"Dalle motivazioni per le quali viene dedicato i Premio Roma 2018, una bella lezione di cultura d\u2019impresaOgni tanto occorre immergersi nella cultura d\u2019impresa vissuta. Non quella descritta nei manuali, ma quella reale \u2013 vissuta, appunto -, da singole persone (imprenditori, manager anche semplici operai), che con le loro azioni hanno impersonificato pi\u00f9 di altri l\u2019essenza [&hellip;]","og_url":"https:\/\/127.0.0.1\/it\/cultura-dimpresa\/vita-dimprenditore\/","og_site_name":"Fondazione Pirelli","article_published_time":"2018-12-11T00:00:00+00:00","article_modified_time":"2019-05-09T09:30:53+00:00","author":"fondadmin","twitter_card":"summary_large_image","twitter_misc":{"Scritto da":"fondadmin","Tempo di lettura stimato":"2 minuti"},"schema":{"@context":"https:\/\/schema.org","@graph":[{"@type":"WebPage","@id":"https:\/\/127.0.0.1\/it\/cultura-dimpresa\/vita-dimprenditore\/","url":"https:\/\/127.0.0.1\/it\/cultura-dimpresa\/vita-dimprenditore\/","name":"Vita d\u2019imprenditore - Fondazione Pirelli","isPartOf":{"@id":"https:\/\/www.fondazionepirelli.org\/it\/#website"},"datePublished":"2018-12-11T00:00:00+00:00","dateModified":"2019-05-09T09:30:53+00:00","author":{"@id":"https:\/\/www.fondazionepirelli.org\/it\/#\/schema\/person\/f47d097000832c4a6e54538c791fdf25"},"breadcrumb":{"@id":"https:\/\/127.0.0.1\/it\/cultura-dimpresa\/vita-dimprenditore\/#breadcrumb"},"inLanguage":"it-IT","potentialAction":[{"@type":"ReadAction","target":["https:\/\/127.0.0.1\/it\/cultura-dimpresa\/vita-dimprenditore\/"]}]},{"@type":"BreadcrumbList","@id":"https:\/\/127.0.0.1\/it\/cultura-dimpresa\/vita-dimprenditore\/#breadcrumb","itemListElement":[{"@type":"ListItem","position":1,"name":"Home","item":"https:\/\/www.fondazionepirelli.org\/it\/"},{"@type":"ListItem","position":2,"name":"Vita d\u2019imprenditore"}]},{"@type":"WebSite","@id":"https:\/\/www.fondazionepirelli.org\/it\/#website","url":"https:\/\/www.fondazionepirelli.org\/it\/","name":"Fondazione Pirelli","description":"","potentialAction":[{"@type":"SearchAction","target":{"@type":"EntryPoint","urlTemplate":"https:\/\/www.fondazionepirelli.org\/it\/?s={search_term_string}"},"query-input":{"@type":"PropertyValueSpecification","valueRequired":true,"valueName":"search_term_string"}}],"inLanguage":"it-IT"},{"@type":"Person","@id":"https:\/\/www.fondazionepirelli.org\/it\/#\/schema\/person\/f47d097000832c4a6e54538c791fdf25","name":"fondadmin","image":{"@type":"ImageObject","inLanguage":"it-IT","@id":"https:\/\/www.fondazionepirelli.org\/it\/#\/schema\/person\/image\/","url":"https:\/\/secure.gravatar.com\/avatar\/e69498a9175ca244966e51e53c88712c024fcebe41f9a05f75657f1bb25e489b?s=96&d=mm&r=g","contentUrl":"https:\/\/secure.gravatar.com\/avatar\/e69498a9175ca244966e51e53c88712c024fcebe41f9a05f75657f1bb25e489b?s=96&d=mm&r=g","caption":"fondadmin"},"url":"https:\/\/www.fondazionepirelli.org\/it\/author\/fondadmin\/"}]}},"_links":{"self":[{"href":"https:\/\/www.fondazionepirelli.org\/it\/wp-json\/wp\/v2\/posts\/52007\/"}],"collection":[{"href":"https:\/\/www.fondazionepirelli.org\/it\/wp-json\/wp\/v2\/posts\/"}],"about":[{"href":"https:\/\/www.fondazionepirelli.org\/it\/wp-json\/wp\/v2\/types\/post\/"}],"author":[{"embeddable":true,"href":"https:\/\/www.fondazionepirelli.org\/it\/wp-json\/wp\/v2\/users\/1\/"}],"replies":[{"embeddable":true,"href":"https:\/\/www.fondazionepirelli.org\/it\/wp-json\/wp\/v2\/comments\/?post=52007"}],"version-history":[{"count":1,"href":"https:\/\/www.fondazionepirelli.org\/it\/wp-json\/wp\/v2\/posts\/52007\/revisions\/"}],"predecessor-version":[{"id":52265,"href":"https:\/\/www.fondazionepirelli.org\/it\/wp-json\/wp\/v2\/posts\/52007\/revisions\/52265\/"}],"wp:attachment":[{"href":"https:\/\/www.fondazionepirelli.org\/it\/wp-json\/wp\/v2\/media\/?parent=52007"}],"wp:term":[{"taxonomy":"category","embeddable":true,"href":"https:\/\/www.fondazionepirelli.org\/it\/wp-json\/wp\/v2\/categories\/?post=52007"},{"taxonomy":"post_tag","embeddable":true,"href":"https:\/\/www.fondazionepirelli.org\/it\/wp-json\/wp\/v2\/tags\/?post=52007"}],"curies":[{"name":"wp","href":"https:\/\/api.w.org\/{rel}","templated":true}]}}