{"id":52019,"date":"2018-12-04T00:00:00","date_gmt":"2018-12-04T00:00:00","guid":{"rendered":"http:\/\/www.fondazionepirelli.org\/fondazione-pirelli\/il-signor-spread-resta-alto-il-generale-pil-cade-e-le-imprese-protestano-contro-la-decrescita\/"},"modified":"2019-09-23T12:15:27","modified_gmt":"2019-09-23T10:15:27","slug":"il-signor-spread-resta-alto-il-generale-pil-cade-e-le-imprese-protestano-contro-la-decrescita","status":"publish","type":"post","link":"https:\/\/www.fondazionepirelli.org\/it\/cultura-dimpresa\/il-signor-spread-resta-alto-il-generale-pil-cade-e-le-imprese-protestano-contro-la-decrescita\/","title":{"rendered":"Il \u201csignor Spread\u201d resta alto, il \u201cgenerale Pil\u201d cade  e le imprese protestano contro la decrescita  \u00a0"},"content":{"rendered":"<p>\u201cIl <strong>signor Spread<\/strong>\u201d su cui facevano ironia Matteo Salvini e Luigi Di Maio, i due uomini forti del governo Conte, sta facendo sentire i suoi effetti, rendendo pi\u00f9 care le rate di mutuo delle famiglie italiane e i costi degli anticipi fatture e dei servizi bancari per piccoli imprenditori, commercianti, artigiani, il \u201cpopolo\u201d che lavora e produce, insomma. E soprattutto tra i ministri della Lega pi\u00f9 sensibili ai temi dell\u2019economia si fa strada un\u2019altra preoccupazione, quella del \u201c<strong>generale Pil<\/strong>\u201d: se non ce l\u2019hai alleato, non c\u2019\u00e8 consenso popolare che duri.<\/p>\n<p>Ecco il punto: mentre \u201cil signor Spread\u201d \u00e8 in piena attivit\u00e0, dalle parti di \u201c<strong>quota 300<\/strong>\u201d, pericolosamente vicina ai livelli d\u2019allarme e di crisi, \u201cil generale Pil\u201d \u00e8 immobile, anzi retrocede: s\u2019intravvedono rischi di recessione. Dare forma umanoide agli indicatori economici aiuta a capire meglio cosa sta succedendo nel mondo della produzione, del lavoro e dei consumi. E costringe, anche controvoglia, chi governa a non abbandonarsi al gioco perverso dei \u201cfattoidi\u201d (con tutto il seguito di \u201cstorytelling\u201d, \u201cnarrazioni\u201d e \u201cfake news\u201d delle peggior propaganda, come l\u2019esultanza grillina perch\u00e9 \u201cabbiamo sconfitto la povert\u00e0\u201d) e a guardare invece in faccia ai fatti. E quei fatti dicono che dopo quattordici mesi di crescita, nel terzo trimestre del 2018 il Pil fa segnare un -0,1%. E le stime fanno ritenere che probabilmente anche il quarto trimestre sar\u00e0 piatto o negativo.<\/p>\n<p>Consumi fermi, investimenti in caduta, risparmio prudente sui conti correnti, opere pubbliche bloccate, capitali esteri in clamorosa ritirata dai nostri titoli pubblici (l\u2019ultima asta \u00e8 andata male, quella di dicembre \u00e8 stata cancellata), Borsa in difficolt\u00e0, occupazione in discesa (il \u201cdecreto dignit\u00e0\u201d caro a Di Maio ha cancellato migliaia di posti di lavoro a tempo e fatto crescere il \u201cnero\u201d), disoccupazione giovanile in aumento. \u201cPil, l\u2019Italia arretra. Torna a crescere la disoccupazione\u201d, titola seccamente \u201cIlSole24Ore\u201d (1 dicembre), notando anche come freni anche la produzione industriale.<\/p>\n<p>L\u2019ombra che si allunga sulla maggioranza Lega-M5S \u00e8 quella di diventare \u201cil governo del meno\u201d, precipitando dalle illusioni della ripresa al reale pericolo della recessione. \u201cLa manovra con la sua ampia agenda di riforme evita il rischio di una terza recessione\u201d, si augurano concordi Salvini e Di Maio. Buone intenzioni. I dati veri, nei prossimi mesi, diranno quanto ci sia di propaganda e quanto di realt\u00e0. La preoccupazione resta.<\/p>\n<p>Il quadro internazionale non aiuta: il commercio internazionale \u00e8 <strong>rallentato<\/strong> dai conflitti Usa-Cina e dalle tensioni nazionaliste (l\u2019ultimo G20 a Buenos Aires non ha migliorato la situazione) e per un paese come l\u2019Italia, il cui dinamismo economico \u00e8 molto legato all\u2019<strong>export<\/strong>, i tempi diventano duri. Sarebbe necessaria una forte spinta verso una Ue attiva, con investimenti e reazioni forti che tengano aperti i mercati globali. Ma il governo italiano ha costruito la sua identit\u00e0 sullo scontro con Bruxelles, la propaganda sovranista, l\u2019elogio del protezionismo. E dunque anche da questo punto di vista la nostra economia arranca.<\/p>\n<p>Si spiega cos\u00ec anche un altro indicatore negativo: la caduta degli indici di fiducia delle imprese e delle famiglie. Bassa fiducia, scarsi consumi, investimenti cancellati o rinviati. La crescita del Pil dell\u20191,5% nel 2019 promessa dal governo per cercare di fare quadrare sulla carta i conti di una gigantesca spesa pubblica a debito per misure assistenziali (reddito di cittadinanza e pensioni) si rivela un\u2019illusione. Si crescer\u00e0 molto meno dell\u20191% e i conti del deficit e del debito pubblico saranno disastrosi. Ecco perch\u00e9 la Ue \u00e8 molto preoccupata e insiste per una riduzione della spesa a debito. E perch\u00e9 famiglie e imprese manifestano un\u2019allarmante sfiducia nel futuro.<\/p>\n<p>Sarebbe necessaria una \u201cdiscesa dal tram dei desideri\u201d, consiglia saggiamente al governo Dario Di Vico, dalla prima pagina del \u201cCorriere della Sera\u201d (1 dicembre), dicendo agli italiani la verit\u00e0 sui conti e la crisi. Ma a palazzo Chigi non sembra ci sentano.<\/p>\n<p>Le imprese, in allarme crescente, si muovono. Luned\u00ec, a Torino, Confindustria ha dato appuntamento a tutto il suo largo gruppo dirigente, territori e categorie comprese: tremila persone riunite per dire che la politica economica del governo va drasticamente cambiata, meno assistenzialismo e pi\u00f9 investimenti per produttivit\u00e0, competitivit\u00e0, innovazione, lavoro (compreso il taglio delle tasse a chi investe e lavora). E sempre luned\u00ec, a Monza, in uno dei territori pi\u00f9 produttivi di tutta Italia, gli industriali si sono incontrati per discutere una ricerca sulle prime 800 imprese della Brianza, 48 miliardi di fatturato (pari a tre punti del Pil nazionale), attivit\u00e0 in crescita anche all\u2019estero ma evidente preoccupazione per il rallentamento dell\u2019economia e un diffuso clima governativo anti-imprese e ostile alle essenziali infrastrutture. Il 13, a Milano, appuntamento di tutti gli artigiani del Nord. Poi, un altro incontro a Verona. Il \u201cpartito del Pil\u201d non \u00e8 affatto rassegnato a subire.<\/p>\n<p>Ecco \u201cil partito degli affari\u201d, polemizzano soprattutto i grillini. E Di Maio insiste nel chiamare \u201cprenditori\u201d gli imprenditori italiani, come fossero avidi speculatori sui fondi pubblici. \u201cCi vuole rispetto per chi investe, innova, lavora e produce\u201d, ribatte il presidente di Confindustria Vincenzo Boccia. Il fossato tra l\u2019incultura del sussidio pubblico caro a Di Maio e la cultura dell\u2019intraprendere s\u2019allarga. E tutto ci\u00f2 fa male all\u2019Italia.<\/p>\n<p>La sintesi sta nell\u2019ironia di Marco Bonometti, industriale metalmeccanico bresciano, presidente di Confindustria Lombardia, che denuncia la solitudine dell\u2019imprenditore ed evoca il Titanic: \u201cSiamo come delle vedette sulla tolda della nave mentre tutti sono in sala ristorante a godersi la cena\u201d.<\/p>\n","protected":false},"excerpt":{"rendered":"<p>\u201cIl signor Spread\u201d su cui facevano ironia Matteo Salvini e Luigi Di Maio, i due uomini forti del governo Conte, sta facendo sentire i suoi effetti, rendendo pi\u00f9 care le rate di mutuo delle famiglie italiane e i costi degli anticipi fatture e dei servizi bancari per piccoli imprenditori, commercianti, artigiani, il \u201cpopolo\u201d che lavora [&hellip;]<\/p>\n","protected":false},"author":1,"featured_media":57095,"comment_status":"open","ping_status":"open","sticky":false,"template":"","format":"standard","meta":{"footnotes":""},"categories":[53,52],"tags":[],"class_list":["post-52019","post","type-post","status-publish","format-standard","has-post-thumbnail","hentry","category-blog","category-cultura-dimpresa"],"acf":[],"yoast_head":"<!-- This site is optimized with the Yoast SEO plugin v25.0 - https:\/\/yoast.com\/wordpress\/plugins\/seo\/ -->\n<title>Il \u201csignor Spread\u201d resta alto, il \u201cgenerale Pil\u201d cade e le imprese protestano contro la decrescita \u00a0 - Fondazione Pirelli<\/title>\n<meta name=\"robots\" content=\"index, follow, max-snippet:-1, max-image-preview:large, max-video-preview:-1\" \/>\n<link rel=\"canonical\" href=\"https:\/\/www.fondazionepirelli.org\/it\/cultura-dimpresa\/il-signor-spread-resta-alto-il-generale-pil-cade-e-le-imprese-protestano-contro-la-decrescita\/\" \/>\n<meta property=\"og:locale\" content=\"it_IT\" \/>\n<meta property=\"og:type\" content=\"article\" \/>\n<meta property=\"og:title\" content=\"Il \u201csignor Spread\u201d resta alto, il \u201cgenerale Pil\u201d cade e le imprese protestano contro la decrescita \u00a0 - Fondazione Pirelli\" \/>\n<meta property=\"og:description\" content=\"\u201cIl signor Spread\u201d su cui facevano ironia Matteo Salvini e Luigi Di Maio, i due uomini forti del governo Conte, sta facendo sentire i suoi effetti, rendendo pi\u00f9 care le rate di mutuo delle famiglie italiane e i costi degli anticipi fatture e dei servizi bancari per piccoli imprenditori, commercianti, artigiani, il \u201cpopolo\u201d che lavora [&hellip;]\" \/>\n<meta property=\"og:url\" content=\"https:\/\/127.0.0.1\/it\/cultura-dimpresa\/il-signor-spread-resta-alto-il-generale-pil-cade-e-le-imprese-protestano-contro-la-decrescita\/\" \/>\n<meta property=\"og:site_name\" content=\"Fondazione Pirelli\" \/>\n<meta property=\"article:published_time\" content=\"2018-12-04T00:00:00+00:00\" \/>\n<meta property=\"article:modified_time\" content=\"2019-09-23T10:15:27+00:00\" \/>\n<meta property=\"og:image\" content=\"https:\/\/wpsite-assets.fondazionepirelli.org\/wp-content\/uploads\/2018\/12\/30165110\/Spread-e1559235079888.jpg\" \/>\n\t<meta property=\"og:image:width\" content=\"600\" \/>\n\t<meta property=\"og:image:height\" content=\"450\" \/>\n\t<meta property=\"og:image:type\" content=\"image\/jpeg\" \/>\n<meta name=\"author\" content=\"fondadmin\" \/>\n<meta name=\"twitter:card\" content=\"summary_large_image\" \/>\n<meta name=\"twitter:label1\" content=\"Scritto da\" \/>\n\t<meta name=\"twitter:data1\" content=\"fondadmin\" \/>\n\t<meta name=\"twitter:label2\" content=\"Tempo di lettura stimato\" \/>\n\t<meta name=\"twitter:data2\" content=\"4 minuti\" \/>\n<script type=\"application\/ld+json\" class=\"yoast-schema-graph\">{\"@context\":\"https:\/\/schema.org\",\"@graph\":[{\"@type\":\"WebPage\",\"@id\":\"https:\/\/127.0.0.1\/it\/cultura-dimpresa\/il-signor-spread-resta-alto-il-generale-pil-cade-e-le-imprese-protestano-contro-la-decrescita\/\",\"url\":\"https:\/\/127.0.0.1\/it\/cultura-dimpresa\/il-signor-spread-resta-alto-il-generale-pil-cade-e-le-imprese-protestano-contro-la-decrescita\/\",\"name\":\"Il \u201csignor Spread\u201d resta alto, il \u201cgenerale Pil\u201d cade e le imprese protestano contro la decrescita \u00a0 - Fondazione Pirelli\",\"isPartOf\":{\"@id\":\"https:\/\/www.fondazionepirelli.org\/it\/#website\"},\"primaryImageOfPage\":{\"@id\":\"https:\/\/127.0.0.1\/it\/cultura-dimpresa\/il-signor-spread-resta-alto-il-generale-pil-cade-e-le-imprese-protestano-contro-la-decrescita\/#primaryimage\"},\"image\":{\"@id\":\"https:\/\/127.0.0.1\/it\/cultura-dimpresa\/il-signor-spread-resta-alto-il-generale-pil-cade-e-le-imprese-protestano-contro-la-decrescita\/#primaryimage\"},\"thumbnailUrl\":\"https:\/\/wpsite-assets.fondazionepirelli.org\/wp-content\/uploads\/2018\/12\/30165110\/Spread-e1559235079888.jpg\",\"datePublished\":\"2018-12-04T00:00:00+00:00\",\"dateModified\":\"2019-09-23T10:15:27+00:00\",\"author\":{\"@id\":\"https:\/\/www.fondazionepirelli.org\/it\/#\/schema\/person\/f47d097000832c4a6e54538c791fdf25\"},\"breadcrumb\":{\"@id\":\"https:\/\/127.0.0.1\/it\/cultura-dimpresa\/il-signor-spread-resta-alto-il-generale-pil-cade-e-le-imprese-protestano-contro-la-decrescita\/#breadcrumb\"},\"inLanguage\":\"it-IT\",\"potentialAction\":[{\"@type\":\"ReadAction\",\"target\":[\"https:\/\/127.0.0.1\/it\/cultura-dimpresa\/il-signor-spread-resta-alto-il-generale-pil-cade-e-le-imprese-protestano-contro-la-decrescita\/\"]}]},{\"@type\":\"ImageObject\",\"inLanguage\":\"it-IT\",\"@id\":\"https:\/\/127.0.0.1\/it\/cultura-dimpresa\/il-signor-spread-resta-alto-il-generale-pil-cade-e-le-imprese-protestano-contro-la-decrescita\/#primaryimage\",\"url\":\"https:\/\/wpsite-assets.fondazionepirelli.org\/wp-content\/uploads\/2018\/12\/30165110\/Spread-e1559235079888.jpg\",\"contentUrl\":\"https:\/\/wpsite-assets.fondazionepirelli.org\/wp-content\/uploads\/2018\/12\/30165110\/Spread-e1559235079888.jpg\",\"width\":600,\"height\":450},{\"@type\":\"BreadcrumbList\",\"@id\":\"https:\/\/127.0.0.1\/it\/cultura-dimpresa\/il-signor-spread-resta-alto-il-generale-pil-cade-e-le-imprese-protestano-contro-la-decrescita\/#breadcrumb\",\"itemListElement\":[{\"@type\":\"ListItem\",\"position\":1,\"name\":\"Home\",\"item\":\"https:\/\/www.fondazionepirelli.org\/it\/\"},{\"@type\":\"ListItem\",\"position\":2,\"name\":\"Il \u201csignor Spread\u201d resta alto, il \u201cgenerale Pil\u201d cade e le imprese protestano contro la decrescita \u00a0\"}]},{\"@type\":\"WebSite\",\"@id\":\"https:\/\/www.fondazionepirelli.org\/it\/#website\",\"url\":\"https:\/\/www.fondazionepirelli.org\/it\/\",\"name\":\"Fondazione Pirelli\",\"description\":\"\",\"potentialAction\":[{\"@type\":\"SearchAction\",\"target\":{\"@type\":\"EntryPoint\",\"urlTemplate\":\"https:\/\/www.fondazionepirelli.org\/it\/?s={search_term_string}\"},\"query-input\":{\"@type\":\"PropertyValueSpecification\",\"valueRequired\":true,\"valueName\":\"search_term_string\"}}],\"inLanguage\":\"it-IT\"},{\"@type\":\"Person\",\"@id\":\"https:\/\/www.fondazionepirelli.org\/it\/#\/schema\/person\/f47d097000832c4a6e54538c791fdf25\",\"name\":\"fondadmin\",\"image\":{\"@type\":\"ImageObject\",\"inLanguage\":\"it-IT\",\"@id\":\"https:\/\/www.fondazionepirelli.org\/it\/#\/schema\/person\/image\/\",\"url\":\"https:\/\/secure.gravatar.com\/avatar\/e69498a9175ca244966e51e53c88712c024fcebe41f9a05f75657f1bb25e489b?s=96&d=mm&r=g\",\"contentUrl\":\"https:\/\/secure.gravatar.com\/avatar\/e69498a9175ca244966e51e53c88712c024fcebe41f9a05f75657f1bb25e489b?s=96&d=mm&r=g\",\"caption\":\"fondadmin\"},\"url\":\"https:\/\/www.fondazionepirelli.org\/it\/author\/fondadmin\/\"}]}<\/script>\n<!-- \/ Yoast SEO plugin. -->","yoast_head_json":{"title":"Il \u201csignor Spread\u201d resta alto, il \u201cgenerale Pil\u201d cade e le imprese protestano contro la decrescita \u00a0 - Fondazione Pirelli","robots":{"index":"index","follow":"follow","max-snippet":"max-snippet:-1","max-image-preview":"max-image-preview:large","max-video-preview":"max-video-preview:-1"},"canonical":"https:\/\/www.fondazionepirelli.org\/it\/cultura-dimpresa\/il-signor-spread-resta-alto-il-generale-pil-cade-e-le-imprese-protestano-contro-la-decrescita\/","og_locale":"it_IT","og_type":"article","og_title":"Il \u201csignor Spread\u201d resta alto, il \u201cgenerale Pil\u201d cade e le imprese protestano contro la decrescita \u00a0 - Fondazione Pirelli","og_description":"\u201cIl signor Spread\u201d su cui facevano ironia Matteo Salvini e Luigi Di Maio, i due uomini forti del governo Conte, sta facendo sentire i suoi effetti, rendendo pi\u00f9 care le rate di mutuo delle famiglie italiane e i costi degli anticipi fatture e dei servizi bancari per piccoli imprenditori, commercianti, artigiani, il \u201cpopolo\u201d che lavora [&hellip;]","og_url":"https:\/\/127.0.0.1\/it\/cultura-dimpresa\/il-signor-spread-resta-alto-il-generale-pil-cade-e-le-imprese-protestano-contro-la-decrescita\/","og_site_name":"Fondazione Pirelli","article_published_time":"2018-12-04T00:00:00+00:00","article_modified_time":"2019-09-23T10:15:27+00:00","og_image":[{"width":600,"height":450,"url":"https:\/\/wpsite-assets.fondazionepirelli.org\/wp-content\/uploads\/2018\/12\/30165110\/Spread-e1559235079888.jpg","type":"image\/jpeg"}],"author":"fondadmin","twitter_card":"summary_large_image","twitter_misc":{"Scritto da":"fondadmin","Tempo di lettura stimato":"4 minuti"},"schema":{"@context":"https:\/\/schema.org","@graph":[{"@type":"WebPage","@id":"https:\/\/127.0.0.1\/it\/cultura-dimpresa\/il-signor-spread-resta-alto-il-generale-pil-cade-e-le-imprese-protestano-contro-la-decrescita\/","url":"https:\/\/127.0.0.1\/it\/cultura-dimpresa\/il-signor-spread-resta-alto-il-generale-pil-cade-e-le-imprese-protestano-contro-la-decrescita\/","name":"Il \u201csignor Spread\u201d resta alto, il \u201cgenerale Pil\u201d cade e le imprese protestano contro la decrescita \u00a0 - Fondazione Pirelli","isPartOf":{"@id":"https:\/\/www.fondazionepirelli.org\/it\/#website"},"primaryImageOfPage":{"@id":"https:\/\/127.0.0.1\/it\/cultura-dimpresa\/il-signor-spread-resta-alto-il-generale-pil-cade-e-le-imprese-protestano-contro-la-decrescita\/#primaryimage"},"image":{"@id":"https:\/\/127.0.0.1\/it\/cultura-dimpresa\/il-signor-spread-resta-alto-il-generale-pil-cade-e-le-imprese-protestano-contro-la-decrescita\/#primaryimage"},"thumbnailUrl":"https:\/\/wpsite-assets.fondazionepirelli.org\/wp-content\/uploads\/2018\/12\/30165110\/Spread-e1559235079888.jpg","datePublished":"2018-12-04T00:00:00+00:00","dateModified":"2019-09-23T10:15:27+00:00","author":{"@id":"https:\/\/www.fondazionepirelli.org\/it\/#\/schema\/person\/f47d097000832c4a6e54538c791fdf25"},"breadcrumb":{"@id":"https:\/\/127.0.0.1\/it\/cultura-dimpresa\/il-signor-spread-resta-alto-il-generale-pil-cade-e-le-imprese-protestano-contro-la-decrescita\/#breadcrumb"},"inLanguage":"it-IT","potentialAction":[{"@type":"ReadAction","target":["https:\/\/127.0.0.1\/it\/cultura-dimpresa\/il-signor-spread-resta-alto-il-generale-pil-cade-e-le-imprese-protestano-contro-la-decrescita\/"]}]},{"@type":"ImageObject","inLanguage":"it-IT","@id":"https:\/\/127.0.0.1\/it\/cultura-dimpresa\/il-signor-spread-resta-alto-il-generale-pil-cade-e-le-imprese-protestano-contro-la-decrescita\/#primaryimage","url":"https:\/\/wpsite-assets.fondazionepirelli.org\/wp-content\/uploads\/2018\/12\/30165110\/Spread-e1559235079888.jpg","contentUrl":"https:\/\/wpsite-assets.fondazionepirelli.org\/wp-content\/uploads\/2018\/12\/30165110\/Spread-e1559235079888.jpg","width":600,"height":450},{"@type":"BreadcrumbList","@id":"https:\/\/127.0.0.1\/it\/cultura-dimpresa\/il-signor-spread-resta-alto-il-generale-pil-cade-e-le-imprese-protestano-contro-la-decrescita\/#breadcrumb","itemListElement":[{"@type":"ListItem","position":1,"name":"Home","item":"https:\/\/www.fondazionepirelli.org\/it\/"},{"@type":"ListItem","position":2,"name":"Il \u201csignor Spread\u201d resta alto, il \u201cgenerale Pil\u201d cade e le imprese protestano contro la decrescita \u00a0"}]},{"@type":"WebSite","@id":"https:\/\/www.fondazionepirelli.org\/it\/#website","url":"https:\/\/www.fondazionepirelli.org\/it\/","name":"Fondazione Pirelli","description":"","potentialAction":[{"@type":"SearchAction","target":{"@type":"EntryPoint","urlTemplate":"https:\/\/www.fondazionepirelli.org\/it\/?s={search_term_string}"},"query-input":{"@type":"PropertyValueSpecification","valueRequired":true,"valueName":"search_term_string"}}],"inLanguage":"it-IT"},{"@type":"Person","@id":"https:\/\/www.fondazionepirelli.org\/it\/#\/schema\/person\/f47d097000832c4a6e54538c791fdf25","name":"fondadmin","image":{"@type":"ImageObject","inLanguage":"it-IT","@id":"https:\/\/www.fondazionepirelli.org\/it\/#\/schema\/person\/image\/","url":"https:\/\/secure.gravatar.com\/avatar\/e69498a9175ca244966e51e53c88712c024fcebe41f9a05f75657f1bb25e489b?s=96&d=mm&r=g","contentUrl":"https:\/\/secure.gravatar.com\/avatar\/e69498a9175ca244966e51e53c88712c024fcebe41f9a05f75657f1bb25e489b?s=96&d=mm&r=g","caption":"fondadmin"},"url":"https:\/\/www.fondazionepirelli.org\/it\/author\/fondadmin\/"}]}},"_links":{"self":[{"href":"https:\/\/www.fondazionepirelli.org\/it\/wp-json\/wp\/v2\/posts\/52019\/"}],"collection":[{"href":"https:\/\/www.fondazionepirelli.org\/it\/wp-json\/wp\/v2\/posts\/"}],"about":[{"href":"https:\/\/www.fondazionepirelli.org\/it\/wp-json\/wp\/v2\/types\/post\/"}],"author":[{"embeddable":true,"href":"https:\/\/www.fondazionepirelli.org\/it\/wp-json\/wp\/v2\/users\/1\/"}],"replies":[{"embeddable":true,"href":"https:\/\/www.fondazionepirelli.org\/it\/wp-json\/wp\/v2\/comments\/?post=52019"}],"version-history":[{"count":3,"href":"https:\/\/www.fondazionepirelli.org\/it\/wp-json\/wp\/v2\/posts\/52019\/revisions\/"}],"predecessor-version":[{"id":57098,"href":"https:\/\/www.fondazionepirelli.org\/it\/wp-json\/wp\/v2\/posts\/52019\/revisions\/57098\/"}],"wp:featuredmedia":[{"embeddable":true,"href":"https:\/\/www.fondazionepirelli.org\/it\/wp-json\/wp\/v2\/media\/57095\/"}],"wp:attachment":[{"href":"https:\/\/www.fondazionepirelli.org\/it\/wp-json\/wp\/v2\/media\/?parent=52019"}],"wp:term":[{"taxonomy":"category","embeddable":true,"href":"https:\/\/www.fondazionepirelli.org\/it\/wp-json\/wp\/v2\/categories\/?post=52019"},{"taxonomy":"post_tag","embeddable":true,"href":"https:\/\/www.fondazionepirelli.org\/it\/wp-json\/wp\/v2\/tags\/?post=52019"}],"curies":[{"name":"wp","href":"https:\/\/api.w.org\/{rel}","templated":true}]}}