{"id":52027,"date":"2018-07-17T00:00:00","date_gmt":"2018-07-17T00:00:00","guid":{"rendered":"http:\/\/www.fondazionepirelli.org\/fondazione-pirelli\/consapevolezza-dimpresa\/"},"modified":"2019-09-20T09:56:50","modified_gmt":"2019-09-20T07:56:50","slug":"consapevolezza-dimpresa","status":"publish","type":"post","link":"https:\/\/www.fondazionepirelli.org\/it\/cultura-dimpresa\/consapevolezza-dimpresa\/","title":{"rendered":"Consapevolezza d\u2019impresa"},"content":{"rendered":"<p><em>La Teoria U illustrata dal suo inventore in un libro adesso tradotto in Italia<\/em><\/p><p>L\u2019impresa che vince \u00e8 quella che si adatta di pi\u00f9 e pi\u00f9 velocemente all\u2019ambiente che cambia. Ma anche quella che riesce ad essere diversa \u2013 in positivo \u2013 rispetto alle altre. Occorrono organizzazione e metodo. Compito di imprenditori e manager avveduti. E compito che pu\u00f2 essere agevolato con percorsi di gestione e organizzazione consapevoli. Leggere \u201cTeoria U. I fondamentali. Principi e applicazioni\u201d di Otto C. Scharmer pu\u00f2 essere buona cosa per cambiare \u201ctono\u201d all\u2019impresa.<br \/>\nLa Teoria U di Otto Scharmer \u00e8 considerata una delle metodologie pi\u00f9 apprezzate nel cosiddetto change management contemporaneo, cio\u00e8 nella gestione delle imprese che devono evolvere rapidamente per rispondere in modo efficace al cambiamento. Sostanzialmente la Teoria U cerca di rispondere alla domanda: come le nostre aziende e le nostre organizzazioni possono imparare a vedere e co-creare le possibilit\u00e0 emergenti nei contesti in cui operano? Oppure ancora: in un panorama segnato da volatilit\u00e0, incertezza, complessit\u00e0 e ambiguit\u00e0 come possiamo imparare effettivamente dalle situazioni di crisi e co-progettare soluzioni efficaci? L\u2019idea di Scharmer \u00e8 quella di partire \u201cdalla consapevolezza individuale per arrivare al cambiamento dei sistemi\u201d. In particolare, ci\u00f2 che conta \u00e8 il rendersi conto \u201cche la nostra capacit\u00e0 di orientare l\u2019attenzione letteralmente d\u00e0 forma al mondo\u201d. Ci\u00f2 che ci impedisce di esser presenti alle situazioni con efficacia, quindi, \u00e8 che non siamo pienamente consapevoli della condizione interiore da cui la nostra attenzione e le nostre azioni hanno origine. Scharmer chiama questa mancanza di consapevolezza il punto cieco della leadership contemporanea. Obiettivo del libro \u00e8 quindi quello di illuminare questo punto cieco e offrire strumenti concreti a leader e organizzazioni di qualsiasi industria e settore per rafforzare la loro capacit\u00e0 di co-creare il futuro.<\/p>\n<p>Il libro inizia proprio dall\u2019esame del \u201cpunto cieco\u201d per passare poi passare subito alla illustrazione della Teoria U e al metodo che da questa origina.<br \/>\nConsapevolezza della propria persona e capacit\u00e0 di coinvolgimento, empatia ed emozione, sguardo lungo verso l\u2019orizzonte dell\u2019impresa e capacit\u00e0 di andare al di l\u00e0 degli eventi. Appaiono essere questi alcuni degli elementi portanti della Teoria U di Scharmer. Che non va presa come un dogma e nemmeno rifiutata acriticamente. Ma va affrontata e compresa.<br \/>\nIl libro di Scharmer ha un gran pregio: \u00e8 una di quelle letture che scuotono, anche per il modo con cui viene condotto il dialogo con chi legge.<\/p>\n<p><strong>Teoria U. I fondamentali. Principi e applicazioni<\/strong><br \/>\nOtto C. Scharmer<br \/>\nGuerini, 2018<\/p>\n","protected":false},"excerpt":{"rendered":"<p>La Teoria U illustrata dal suo inventore in un libro adesso tradotto in ItaliaL\u2019impresa che vince \u00e8 quella che si adatta di pi\u00f9 e pi\u00f9 velocemente all\u2019ambiente che cambia. Ma anche quella che riesce ad essere diversa \u2013 in positivo \u2013 rispetto alle altre. Occorrono organizzazione e metodo. Compito di imprenditori e manager avveduti. E [&hellip;]<\/p>\n","protected":false},"author":1,"featured_media":68920,"comment_status":"open","ping_status":"open","sticky":false,"template":"","format":"standard","meta":{"footnotes":""},"categories":[52,58],"tags":[],"class_list":["post-52027","post","type-post","status-publish","format-standard","has-post-thumbnail","hentry","category-cultura-dimpresa","category-recensioni-libri"],"acf":[],"yoast_head":"<!-- This site is optimized with the Yoast SEO plugin v25.0 - https:\/\/yoast.com\/wordpress\/plugins\/seo\/ -->\n<title>Consapevolezza d\u2019impresa - Fondazione Pirelli<\/title>\n<meta name=\"robots\" content=\"index, follow, max-snippet:-1, max-image-preview:large, max-video-preview:-1\" \/>\n<link rel=\"canonical\" href=\"https:\/\/www.fondazionepirelli.org\/it\/cultura-dimpresa\/consapevolezza-dimpresa\/\" \/>\n<meta property=\"og:locale\" content=\"it_IT\" \/>\n<meta property=\"og:type\" content=\"article\" \/>\n<meta property=\"og:title\" content=\"Consapevolezza d\u2019impresa - Fondazione Pirelli\" \/>\n<meta property=\"og:description\" content=\"La Teoria U illustrata dal suo inventore in un libro adesso tradotto in ItaliaL\u2019impresa che vince \u00e8 quella che si adatta di pi\u00f9 e pi\u00f9 velocemente all\u2019ambiente che cambia. Ma anche quella che riesce ad essere diversa \u2013 in positivo \u2013 rispetto alle altre. Occorrono organizzazione e metodo. Compito di imprenditori e manager avveduti. E [&hellip;]\" \/>\n<meta property=\"og:url\" content=\"https:\/\/127.0.0.1\/it\/cultura-dimpresa\/consapevolezza-dimpresa\/\" \/>\n<meta property=\"og:site_name\" content=\"Fondazione Pirelli\" \/>\n<meta property=\"article:published_time\" content=\"2018-07-17T00:00:00+00:00\" \/>\n<meta property=\"article:modified_time\" content=\"2019-09-20T07:56:50+00:00\" \/>\n<meta property=\"og:image\" content=\"https:\/\/wpsite-assets.fondazionepirelli.org\/wp-content\/uploads\/2018\/07\/20095539\/teoria-u.jpg\" \/>\n\t<meta property=\"og:image:width\" content=\"288\" \/>\n\t<meta property=\"og:image:height\" content=\"458\" \/>\n\t<meta property=\"og:image:type\" content=\"image\/jpeg\" \/>\n<meta name=\"author\" content=\"fondadmin\" \/>\n<meta name=\"twitter:card\" content=\"summary_large_image\" \/>\n<meta name=\"twitter:label1\" content=\"Scritto da\" \/>\n\t<meta name=\"twitter:data1\" content=\"fondadmin\" \/>\n\t<meta name=\"twitter:label2\" content=\"Tempo di lettura stimato\" \/>\n\t<meta name=\"twitter:data2\" content=\"2 minuti\" \/>\n<script type=\"application\/ld+json\" class=\"yoast-schema-graph\">{\"@context\":\"https:\/\/schema.org\",\"@graph\":[{\"@type\":\"WebPage\",\"@id\":\"https:\/\/127.0.0.1\/it\/cultura-dimpresa\/consapevolezza-dimpresa\/\",\"url\":\"https:\/\/127.0.0.1\/it\/cultura-dimpresa\/consapevolezza-dimpresa\/\",\"name\":\"Consapevolezza d\u2019impresa - Fondazione Pirelli\",\"isPartOf\":{\"@id\":\"https:\/\/www.fondazionepirelli.org\/it\/#website\"},\"primaryImageOfPage\":{\"@id\":\"https:\/\/127.0.0.1\/it\/cultura-dimpresa\/consapevolezza-dimpresa\/#primaryimage\"},\"image\":{\"@id\":\"https:\/\/127.0.0.1\/it\/cultura-dimpresa\/consapevolezza-dimpresa\/#primaryimage\"},\"thumbnailUrl\":\"https:\/\/wpsite-assets.fondazionepirelli.org\/wp-content\/uploads\/2018\/07\/20095539\/teoria-u.jpg\",\"datePublished\":\"2018-07-17T00:00:00+00:00\",\"dateModified\":\"2019-09-20T07:56:50+00:00\",\"author\":{\"@id\":\"https:\/\/www.fondazionepirelli.org\/it\/#\/schema\/person\/f47d097000832c4a6e54538c791fdf25\"},\"breadcrumb\":{\"@id\":\"https:\/\/127.0.0.1\/it\/cultura-dimpresa\/consapevolezza-dimpresa\/#breadcrumb\"},\"inLanguage\":\"it-IT\",\"potentialAction\":[{\"@type\":\"ReadAction\",\"target\":[\"https:\/\/127.0.0.1\/it\/cultura-dimpresa\/consapevolezza-dimpresa\/\"]}]},{\"@type\":\"ImageObject\",\"inLanguage\":\"it-IT\",\"@id\":\"https:\/\/127.0.0.1\/it\/cultura-dimpresa\/consapevolezza-dimpresa\/#primaryimage\",\"url\":\"https:\/\/wpsite-assets.fondazionepirelli.org\/wp-content\/uploads\/2018\/07\/20095539\/teoria-u.jpg\",\"contentUrl\":\"https:\/\/wpsite-assets.fondazionepirelli.org\/wp-content\/uploads\/2018\/07\/20095539\/teoria-u.jpg\",\"width\":288,\"height\":458},{\"@type\":\"BreadcrumbList\",\"@id\":\"https:\/\/127.0.0.1\/it\/cultura-dimpresa\/consapevolezza-dimpresa\/#breadcrumb\",\"itemListElement\":[{\"@type\":\"ListItem\",\"position\":1,\"name\":\"Home\",\"item\":\"https:\/\/www.fondazionepirelli.org\/it\/\"},{\"@type\":\"ListItem\",\"position\":2,\"name\":\"Consapevolezza d\u2019impresa\"}]},{\"@type\":\"WebSite\",\"@id\":\"https:\/\/www.fondazionepirelli.org\/it\/#website\",\"url\":\"https:\/\/www.fondazionepirelli.org\/it\/\",\"name\":\"Fondazione Pirelli\",\"description\":\"\",\"potentialAction\":[{\"@type\":\"SearchAction\",\"target\":{\"@type\":\"EntryPoint\",\"urlTemplate\":\"https:\/\/www.fondazionepirelli.org\/it\/?s={search_term_string}\"},\"query-input\":{\"@type\":\"PropertyValueSpecification\",\"valueRequired\":true,\"valueName\":\"search_term_string\"}}],\"inLanguage\":\"it-IT\"},{\"@type\":\"Person\",\"@id\":\"https:\/\/www.fondazionepirelli.org\/it\/#\/schema\/person\/f47d097000832c4a6e54538c791fdf25\",\"name\":\"fondadmin\",\"image\":{\"@type\":\"ImageObject\",\"inLanguage\":\"it-IT\",\"@id\":\"https:\/\/www.fondazionepirelli.org\/it\/#\/schema\/person\/image\/\",\"url\":\"https:\/\/secure.gravatar.com\/avatar\/e69498a9175ca244966e51e53c88712c024fcebe41f9a05f75657f1bb25e489b?s=96&d=mm&r=g\",\"contentUrl\":\"https:\/\/secure.gravatar.com\/avatar\/e69498a9175ca244966e51e53c88712c024fcebe41f9a05f75657f1bb25e489b?s=96&d=mm&r=g\",\"caption\":\"fondadmin\"},\"url\":\"https:\/\/www.fondazionepirelli.org\/it\/author\/fondadmin\/\"}]}<\/script>\n<!-- \/ Yoast SEO plugin. -->","yoast_head_json":{"title":"Consapevolezza d\u2019impresa - Fondazione Pirelli","robots":{"index":"index","follow":"follow","max-snippet":"max-snippet:-1","max-image-preview":"max-image-preview:large","max-video-preview":"max-video-preview:-1"},"canonical":"https:\/\/www.fondazionepirelli.org\/it\/cultura-dimpresa\/consapevolezza-dimpresa\/","og_locale":"it_IT","og_type":"article","og_title":"Consapevolezza d\u2019impresa - Fondazione Pirelli","og_description":"La Teoria U illustrata dal suo inventore in un libro adesso tradotto in ItaliaL\u2019impresa che vince \u00e8 quella che si adatta di pi\u00f9 e pi\u00f9 velocemente all\u2019ambiente che cambia. Ma anche quella che riesce ad essere diversa \u2013 in positivo \u2013 rispetto alle altre. Occorrono organizzazione e metodo. Compito di imprenditori e manager avveduti. E [&hellip;]","og_url":"https:\/\/127.0.0.1\/it\/cultura-dimpresa\/consapevolezza-dimpresa\/","og_site_name":"Fondazione Pirelli","article_published_time":"2018-07-17T00:00:00+00:00","article_modified_time":"2019-09-20T07:56:50+00:00","og_image":[{"width":288,"height":458,"url":"https:\/\/wpsite-assets.fondazionepirelli.org\/wp-content\/uploads\/2018\/07\/20095539\/teoria-u.jpg","type":"image\/jpeg"}],"author":"fondadmin","twitter_card":"summary_large_image","twitter_misc":{"Scritto da":"fondadmin","Tempo di lettura stimato":"2 minuti"},"schema":{"@context":"https:\/\/schema.org","@graph":[{"@type":"WebPage","@id":"https:\/\/127.0.0.1\/it\/cultura-dimpresa\/consapevolezza-dimpresa\/","url":"https:\/\/127.0.0.1\/it\/cultura-dimpresa\/consapevolezza-dimpresa\/","name":"Consapevolezza d\u2019impresa - Fondazione Pirelli","isPartOf":{"@id":"https:\/\/www.fondazionepirelli.org\/it\/#website"},"primaryImageOfPage":{"@id":"https:\/\/127.0.0.1\/it\/cultura-dimpresa\/consapevolezza-dimpresa\/#primaryimage"},"image":{"@id":"https:\/\/127.0.0.1\/it\/cultura-dimpresa\/consapevolezza-dimpresa\/#primaryimage"},"thumbnailUrl":"https:\/\/wpsite-assets.fondazionepirelli.org\/wp-content\/uploads\/2018\/07\/20095539\/teoria-u.jpg","datePublished":"2018-07-17T00:00:00+00:00","dateModified":"2019-09-20T07:56:50+00:00","author":{"@id":"https:\/\/www.fondazionepirelli.org\/it\/#\/schema\/person\/f47d097000832c4a6e54538c791fdf25"},"breadcrumb":{"@id":"https:\/\/127.0.0.1\/it\/cultura-dimpresa\/consapevolezza-dimpresa\/#breadcrumb"},"inLanguage":"it-IT","potentialAction":[{"@type":"ReadAction","target":["https:\/\/127.0.0.1\/it\/cultura-dimpresa\/consapevolezza-dimpresa\/"]}]},{"@type":"ImageObject","inLanguage":"it-IT","@id":"https:\/\/127.0.0.1\/it\/cultura-dimpresa\/consapevolezza-dimpresa\/#primaryimage","url":"https:\/\/wpsite-assets.fondazionepirelli.org\/wp-content\/uploads\/2018\/07\/20095539\/teoria-u.jpg","contentUrl":"https:\/\/wpsite-assets.fondazionepirelli.org\/wp-content\/uploads\/2018\/07\/20095539\/teoria-u.jpg","width":288,"height":458},{"@type":"BreadcrumbList","@id":"https:\/\/127.0.0.1\/it\/cultura-dimpresa\/consapevolezza-dimpresa\/#breadcrumb","itemListElement":[{"@type":"ListItem","position":1,"name":"Home","item":"https:\/\/www.fondazionepirelli.org\/it\/"},{"@type":"ListItem","position":2,"name":"Consapevolezza d\u2019impresa"}]},{"@type":"WebSite","@id":"https:\/\/www.fondazionepirelli.org\/it\/#website","url":"https:\/\/www.fondazionepirelli.org\/it\/","name":"Fondazione Pirelli","description":"","potentialAction":[{"@type":"SearchAction","target":{"@type":"EntryPoint","urlTemplate":"https:\/\/www.fondazionepirelli.org\/it\/?s={search_term_string}"},"query-input":{"@type":"PropertyValueSpecification","valueRequired":true,"valueName":"search_term_string"}}],"inLanguage":"it-IT"},{"@type":"Person","@id":"https:\/\/www.fondazionepirelli.org\/it\/#\/schema\/person\/f47d097000832c4a6e54538c791fdf25","name":"fondadmin","image":{"@type":"ImageObject","inLanguage":"it-IT","@id":"https:\/\/www.fondazionepirelli.org\/it\/#\/schema\/person\/image\/","url":"https:\/\/secure.gravatar.com\/avatar\/e69498a9175ca244966e51e53c88712c024fcebe41f9a05f75657f1bb25e489b?s=96&d=mm&r=g","contentUrl":"https:\/\/secure.gravatar.com\/avatar\/e69498a9175ca244966e51e53c88712c024fcebe41f9a05f75657f1bb25e489b?s=96&d=mm&r=g","caption":"fondadmin"},"url":"https:\/\/www.fondazionepirelli.org\/it\/author\/fondadmin\/"}]}},"_links":{"self":[{"href":"https:\/\/www.fondazionepirelli.org\/it\/wp-json\/wp\/v2\/posts\/52027\/"}],"collection":[{"href":"https:\/\/www.fondazionepirelli.org\/it\/wp-json\/wp\/v2\/posts\/"}],"about":[{"href":"https:\/\/www.fondazionepirelli.org\/it\/wp-json\/wp\/v2\/types\/post\/"}],"author":[{"embeddable":true,"href":"https:\/\/www.fondazionepirelli.org\/it\/wp-json\/wp\/v2\/users\/1\/"}],"replies":[{"embeddable":true,"href":"https:\/\/www.fondazionepirelli.org\/it\/wp-json\/wp\/v2\/comments\/?post=52027"}],"version-history":[{"count":3,"href":"https:\/\/www.fondazionepirelli.org\/it\/wp-json\/wp\/v2\/posts\/52027\/revisions\/"}],"predecessor-version":[{"id":68926,"href":"https:\/\/www.fondazionepirelli.org\/it\/wp-json\/wp\/v2\/posts\/52027\/revisions\/68926\/"}],"wp:featuredmedia":[{"embeddable":true,"href":"https:\/\/www.fondazionepirelli.org\/it\/wp-json\/wp\/v2\/media\/68920\/"}],"wp:attachment":[{"href":"https:\/\/www.fondazionepirelli.org\/it\/wp-json\/wp\/v2\/media\/?parent=52027"}],"wp:term":[{"taxonomy":"category","embeddable":true,"href":"https:\/\/www.fondazionepirelli.org\/it\/wp-json\/wp\/v2\/categories\/?post=52027"},{"taxonomy":"post_tag","embeddable":true,"href":"https:\/\/www.fondazionepirelli.org\/it\/wp-json\/wp\/v2\/tags\/?post=52027"}],"curies":[{"name":"wp","href":"https:\/\/api.w.org\/{rel}","templated":true}]}}