{"id":52040,"date":"2018-11-20T00:00:00","date_gmt":"2018-11-20T00:00:00","guid":{"rendered":"http:\/\/www.fondazionepirelli.org\/fondazione-pirelli\/la-governance-dimpresa-politica\/"},"modified":"2019-09-20T09:21:41","modified_gmt":"2019-09-20T07:21:41","slug":"la-governance-dimpresa-politica","status":"publish","type":"post","link":"https:\/\/www.fondazionepirelli.org\/it\/cultura-dimpresa\/la-governance-dimpresa-politica\/","title":{"rendered":"La governance d\u2019impresa politica"},"content":{"rendered":"<p><em>Da un filosofo canadese un libro che mette insieme i metodi di gestione aziendale con quelli della politica<\/em><\/p>\n<p><strong>\u00a0<\/strong><\/p>\n<p>I metodi di gestione d\u2019impresa trasferiti nell\u2019ambito della politica e della societ\u00e0. Confusione di ruoli. Insieme di tecniche di gestione applicate ad ambiti diversi dai consueti. E\u2019 una situazione ormai acquisita ma ancora non compresa cos\u00ec a fondo come dovrebbe essere. Cultura d\u2019impresa in ambiti che possono non essere quelli appropriati. Il tema \u00e8 importante, anche per la \u201cbuona\u201d cultura d\u2019impresa. Per comprenderlo meglio \u00e8 necessario leggere \u201cGovernance. Il management totalitario\u201d scritto da Alain Deneault (filosofo e insegnante di scienze politiche a Montr\u00e9al) e appena tradotto in Italia.<\/p>\n<p>Il libro ruota attorno al termine dal quale prende il titolo: governance. Ed inizia da una constatazione: nell\u2019ultimo quarto del XX secolo per descrivere e regolamentare il funzionamento delle organizzazioni e delle strutture aziendali i teorici delle imprese ricorrono a un termine che, sin dal lontano XVI secolo, era un semplice sinonimo di governo:\u00a0governance. All\u2019inizio degli anni Ottanta il termine viene introdotto nella vita pubblica col pretesto di affermare la necessit\u00e0 di una sana gestione delle istituzioni dello Stato e diventa il \u201cgrazioso nome\u201d di una gestione neoliberale dello Stato, caratterizzata da deregulation e privatizzazione dei servizi pubblici. Ma non basta. Perch\u00e9 detto in altre parole, secondo l\u2019autore, la governance \u00e8 un\u2019espressione volutamente indeterminata che esprime la nuova arte della politica \u201csenza governo\u201d, senza quella pratica, cio\u00e8, che presuppone una politica dibattuta pubblicamente.<\/p>\n<p>Deneault sviluppa quindi il concetto di governance applicato alla politica attraverso 50 capitoli che ragionano ognuno su un aspetto diverso del tema partendo da un assunto &#8211; \u201cRidurre la politica a una tecnica\u201d -, e arrivando ad un altro \u2013 \u201cFare del nulla una forza\u201d -, ai quali si aggiunge una conclusione che \u00e8 una domanda: \u201c\u2026ma lei cosa propone?\u201d. In mezzo \u00e8 un viaggio acuto con tappe graffianti e spesso irriverenti, che toccano numerosi aspetti non solo del vivere civile, ma anche dalla politica, delle tecniche di governo, dell\u2019atteggiamento di tutti noi di fronte alla cosa pubblica e ai nostri interessi. E ovviamente dei rapporti fra imprese e politica. Emerge cos\u00ec un discorso che indica come la morte della politica abbia dato vita ad \u201cun\u2019arte della gestione\u201d che tuttavia stride nell\u2019ambito delle comunit\u00e0.<\/p>\n<p>Deneault ragiona come un filosofo della politica e come un acuto osservatore della realt\u00e0. Irriverente, si \u00e8 detto, e graffiante, si \u00e8 anche detto, l\u2019argomentare di Deneault \u00e8 in ogni caso qualcosa che lascia il segno. Leggendolo si pu\u00f2 anche non essere d\u2019accordo, ma la sua lettura fa bene a tutti, anche agli imprenditori e ai <em>manager, <\/em>alla cultura d\u2019impresa e del vivere civile.<\/p><p><strong>Governance. Il management totalitario<\/strong><\/p>\n<p>Alain Deneault<strong><br \/>\n<\/strong>Neri Pozza, 2018<\/p>","protected":false},"excerpt":{"rendered":"<p>Da un filosofo canadese un libro che mette insieme i metodi di gestione aziendale con quelli della politica \u00a0 I metodi di gestione d\u2019impresa trasferiti nell\u2019ambito della politica e della societ\u00e0. Confusione di ruoli. Insieme di tecniche di gestione applicate ad ambiti diversi dai consueti. E\u2019 una situazione ormai acquisita ma ancora non compresa cos\u00ec [&hellip;]<\/p>\n","protected":false},"author":1,"featured_media":68863,"comment_status":"open","ping_status":"open","sticky":false,"template":"","format":"standard","meta":{"footnotes":""},"categories":[52,58],"tags":[],"class_list":["post-52040","post","type-post","status-publish","format-standard","has-post-thumbnail","hentry","category-cultura-dimpresa","category-recensioni-libri"],"acf":[],"yoast_head":"<!-- This site is optimized with the Yoast SEO plugin v25.0 - https:\/\/yoast.com\/wordpress\/plugins\/seo\/ -->\n<title>La governance d\u2019impresa politica - Fondazione Pirelli<\/title>\n<meta name=\"robots\" content=\"index, follow, max-snippet:-1, max-image-preview:large, max-video-preview:-1\" \/>\n<link rel=\"canonical\" href=\"https:\/\/www.fondazionepirelli.org\/it\/cultura-dimpresa\/la-governance-dimpresa-politica\/\" \/>\n<meta property=\"og:locale\" content=\"it_IT\" \/>\n<meta property=\"og:type\" content=\"article\" \/>\n<meta property=\"og:title\" content=\"La governance d\u2019impresa politica - Fondazione Pirelli\" \/>\n<meta property=\"og:description\" content=\"Da un filosofo canadese un libro che mette insieme i metodi di gestione aziendale con quelli della politica \u00a0 I metodi di gestione d\u2019impresa trasferiti nell\u2019ambito della politica e della societ\u00e0. Confusione di ruoli. Insieme di tecniche di gestione applicate ad ambiti diversi dai consueti. E\u2019 una situazione ormai acquisita ma ancora non compresa cos\u00ec [&hellip;]\" \/>\n<meta property=\"og:url\" content=\"https:\/\/www.fondazionepirelli.org\/it\/cultura-dimpresa\/la-governance-dimpresa-politica\/\" \/>\n<meta property=\"og:site_name\" content=\"Fondazione Pirelli\" \/>\n<meta property=\"article:published_time\" content=\"2018-11-20T00:00:00+00:00\" \/>\n<meta property=\"article:modified_time\" content=\"2019-09-20T07:21:41+00:00\" \/>\n<meta property=\"og:image\" content=\"https:\/\/wpsite-assets.fondazionepirelli.org\/wp-content\/uploads\/2018\/11\/20091958\/governance.jpg\" \/>\n\t<meta property=\"og:image:width\" content=\"293\" \/>\n\t<meta property=\"og:image:height\" content=\"458\" \/>\n\t<meta property=\"og:image:type\" content=\"image\/jpeg\" \/>\n<meta name=\"author\" content=\"fondadmin\" \/>\n<meta name=\"twitter:card\" content=\"summary_large_image\" \/>\n<meta name=\"twitter:label1\" content=\"Scritto da\" \/>\n\t<meta name=\"twitter:data1\" content=\"fondadmin\" \/>\n\t<meta name=\"twitter:label2\" content=\"Tempo di lettura stimato\" \/>\n\t<meta name=\"twitter:data2\" content=\"2 minuti\" \/>\n<script type=\"application\/ld+json\" class=\"yoast-schema-graph\">{\"@context\":\"https:\/\/schema.org\",\"@graph\":[{\"@type\":\"WebPage\",\"@id\":\"https:\/\/www.fondazionepirelli.org\/it\/cultura-dimpresa\/la-governance-dimpresa-politica\/\",\"url\":\"https:\/\/www.fondazionepirelli.org\/it\/cultura-dimpresa\/la-governance-dimpresa-politica\/\",\"name\":\"La governance d\u2019impresa politica - Fondazione Pirelli\",\"isPartOf\":{\"@id\":\"https:\/\/www.fondazionepirelli.org\/it\/#website\"},\"primaryImageOfPage\":{\"@id\":\"https:\/\/www.fondazionepirelli.org\/it\/cultura-dimpresa\/la-governance-dimpresa-politica\/#primaryimage\"},\"image\":{\"@id\":\"https:\/\/www.fondazionepirelli.org\/it\/cultura-dimpresa\/la-governance-dimpresa-politica\/#primaryimage\"},\"thumbnailUrl\":\"https:\/\/wpsite-assets.fondazionepirelli.org\/wp-content\/uploads\/2018\/11\/20091958\/governance.jpg\",\"datePublished\":\"2018-11-20T00:00:00+00:00\",\"dateModified\":\"2019-09-20T07:21:41+00:00\",\"author\":{\"@id\":\"https:\/\/www.fondazionepirelli.org\/it\/#\/schema\/person\/f47d097000832c4a6e54538c791fdf25\"},\"breadcrumb\":{\"@id\":\"https:\/\/www.fondazionepirelli.org\/it\/cultura-dimpresa\/la-governance-dimpresa-politica\/#breadcrumb\"},\"inLanguage\":\"it-IT\",\"potentialAction\":[{\"@type\":\"ReadAction\",\"target\":[\"https:\/\/www.fondazionepirelli.org\/it\/cultura-dimpresa\/la-governance-dimpresa-politica\/\"]}]},{\"@type\":\"ImageObject\",\"inLanguage\":\"it-IT\",\"@id\":\"https:\/\/www.fondazionepirelli.org\/it\/cultura-dimpresa\/la-governance-dimpresa-politica\/#primaryimage\",\"url\":\"https:\/\/wpsite-assets.fondazionepirelli.org\/wp-content\/uploads\/2018\/11\/20091958\/governance.jpg\",\"contentUrl\":\"https:\/\/wpsite-assets.fondazionepirelli.org\/wp-content\/uploads\/2018\/11\/20091958\/governance.jpg\",\"width\":293,\"height\":458},{\"@type\":\"BreadcrumbList\",\"@id\":\"https:\/\/www.fondazionepirelli.org\/it\/cultura-dimpresa\/la-governance-dimpresa-politica\/#breadcrumb\",\"itemListElement\":[{\"@type\":\"ListItem\",\"position\":1,\"name\":\"Home\",\"item\":\"https:\/\/www.fondazionepirelli.org\/it\/\"},{\"@type\":\"ListItem\",\"position\":2,\"name\":\"La governance d\u2019impresa politica\"}]},{\"@type\":\"WebSite\",\"@id\":\"https:\/\/www.fondazionepirelli.org\/it\/#website\",\"url\":\"https:\/\/www.fondazionepirelli.org\/it\/\",\"name\":\"Fondazione Pirelli\",\"description\":\"\",\"potentialAction\":[{\"@type\":\"SearchAction\",\"target\":{\"@type\":\"EntryPoint\",\"urlTemplate\":\"https:\/\/www.fondazionepirelli.org\/it\/?s={search_term_string}\"},\"query-input\":{\"@type\":\"PropertyValueSpecification\",\"valueRequired\":true,\"valueName\":\"search_term_string\"}}],\"inLanguage\":\"it-IT\"},{\"@type\":\"Person\",\"@id\":\"https:\/\/www.fondazionepirelli.org\/it\/#\/schema\/person\/f47d097000832c4a6e54538c791fdf25\",\"name\":\"fondadmin\",\"image\":{\"@type\":\"ImageObject\",\"inLanguage\":\"it-IT\",\"@id\":\"https:\/\/www.fondazionepirelli.org\/it\/#\/schema\/person\/image\/\",\"url\":\"https:\/\/secure.gravatar.com\/avatar\/e69498a9175ca244966e51e53c88712c024fcebe41f9a05f75657f1bb25e489b?s=96&d=mm&r=g\",\"contentUrl\":\"https:\/\/secure.gravatar.com\/avatar\/e69498a9175ca244966e51e53c88712c024fcebe41f9a05f75657f1bb25e489b?s=96&d=mm&r=g\",\"caption\":\"fondadmin\"},\"url\":\"https:\/\/www.fondazionepirelli.org\/it\/author\/fondadmin\/\"}]}<\/script>\n<!-- \/ Yoast SEO plugin. -->","yoast_head_json":{"title":"La governance d\u2019impresa politica - Fondazione Pirelli","robots":{"index":"index","follow":"follow","max-snippet":"max-snippet:-1","max-image-preview":"max-image-preview:large","max-video-preview":"max-video-preview:-1"},"canonical":"https:\/\/www.fondazionepirelli.org\/it\/cultura-dimpresa\/la-governance-dimpresa-politica\/","og_locale":"it_IT","og_type":"article","og_title":"La governance d\u2019impresa politica - Fondazione Pirelli","og_description":"Da un filosofo canadese un libro che mette insieme i metodi di gestione aziendale con quelli della politica \u00a0 I metodi di gestione d\u2019impresa trasferiti nell\u2019ambito della politica e della societ\u00e0. Confusione di ruoli. Insieme di tecniche di gestione applicate ad ambiti diversi dai consueti. E\u2019 una situazione ormai acquisita ma ancora non compresa cos\u00ec [&hellip;]","og_url":"https:\/\/www.fondazionepirelli.org\/it\/cultura-dimpresa\/la-governance-dimpresa-politica\/","og_site_name":"Fondazione Pirelli","article_published_time":"2018-11-20T00:00:00+00:00","article_modified_time":"2019-09-20T07:21:41+00:00","og_image":[{"width":293,"height":458,"url":"https:\/\/wpsite-assets.fondazionepirelli.org\/wp-content\/uploads\/2018\/11\/20091958\/governance.jpg","type":"image\/jpeg"}],"author":"fondadmin","twitter_card":"summary_large_image","twitter_misc":{"Scritto da":"fondadmin","Tempo di lettura stimato":"2 minuti"},"schema":{"@context":"https:\/\/schema.org","@graph":[{"@type":"WebPage","@id":"https:\/\/www.fondazionepirelli.org\/it\/cultura-dimpresa\/la-governance-dimpresa-politica\/","url":"https:\/\/www.fondazionepirelli.org\/it\/cultura-dimpresa\/la-governance-dimpresa-politica\/","name":"La governance d\u2019impresa politica - Fondazione Pirelli","isPartOf":{"@id":"https:\/\/www.fondazionepirelli.org\/it\/#website"},"primaryImageOfPage":{"@id":"https:\/\/www.fondazionepirelli.org\/it\/cultura-dimpresa\/la-governance-dimpresa-politica\/#primaryimage"},"image":{"@id":"https:\/\/www.fondazionepirelli.org\/it\/cultura-dimpresa\/la-governance-dimpresa-politica\/#primaryimage"},"thumbnailUrl":"https:\/\/wpsite-assets.fondazionepirelli.org\/wp-content\/uploads\/2018\/11\/20091958\/governance.jpg","datePublished":"2018-11-20T00:00:00+00:00","dateModified":"2019-09-20T07:21:41+00:00","author":{"@id":"https:\/\/www.fondazionepirelli.org\/it\/#\/schema\/person\/f47d097000832c4a6e54538c791fdf25"},"breadcrumb":{"@id":"https:\/\/www.fondazionepirelli.org\/it\/cultura-dimpresa\/la-governance-dimpresa-politica\/#breadcrumb"},"inLanguage":"it-IT","potentialAction":[{"@type":"ReadAction","target":["https:\/\/www.fondazionepirelli.org\/it\/cultura-dimpresa\/la-governance-dimpresa-politica\/"]}]},{"@type":"ImageObject","inLanguage":"it-IT","@id":"https:\/\/www.fondazionepirelli.org\/it\/cultura-dimpresa\/la-governance-dimpresa-politica\/#primaryimage","url":"https:\/\/wpsite-assets.fondazionepirelli.org\/wp-content\/uploads\/2018\/11\/20091958\/governance.jpg","contentUrl":"https:\/\/wpsite-assets.fondazionepirelli.org\/wp-content\/uploads\/2018\/11\/20091958\/governance.jpg","width":293,"height":458},{"@type":"BreadcrumbList","@id":"https:\/\/www.fondazionepirelli.org\/it\/cultura-dimpresa\/la-governance-dimpresa-politica\/#breadcrumb","itemListElement":[{"@type":"ListItem","position":1,"name":"Home","item":"https:\/\/www.fondazionepirelli.org\/it\/"},{"@type":"ListItem","position":2,"name":"La governance d\u2019impresa politica"}]},{"@type":"WebSite","@id":"https:\/\/www.fondazionepirelli.org\/it\/#website","url":"https:\/\/www.fondazionepirelli.org\/it\/","name":"Fondazione Pirelli","description":"","potentialAction":[{"@type":"SearchAction","target":{"@type":"EntryPoint","urlTemplate":"https:\/\/www.fondazionepirelli.org\/it\/?s={search_term_string}"},"query-input":{"@type":"PropertyValueSpecification","valueRequired":true,"valueName":"search_term_string"}}],"inLanguage":"it-IT"},{"@type":"Person","@id":"https:\/\/www.fondazionepirelli.org\/it\/#\/schema\/person\/f47d097000832c4a6e54538c791fdf25","name":"fondadmin","image":{"@type":"ImageObject","inLanguage":"it-IT","@id":"https:\/\/www.fondazionepirelli.org\/it\/#\/schema\/person\/image\/","url":"https:\/\/secure.gravatar.com\/avatar\/e69498a9175ca244966e51e53c88712c024fcebe41f9a05f75657f1bb25e489b?s=96&d=mm&r=g","contentUrl":"https:\/\/secure.gravatar.com\/avatar\/e69498a9175ca244966e51e53c88712c024fcebe41f9a05f75657f1bb25e489b?s=96&d=mm&r=g","caption":"fondadmin"},"url":"https:\/\/www.fondazionepirelli.org\/it\/author\/fondadmin\/"}]}},"_links":{"self":[{"href":"https:\/\/www.fondazionepirelli.org\/it\/wp-json\/wp\/v2\/posts\/52040\/"}],"collection":[{"href":"https:\/\/www.fondazionepirelli.org\/it\/wp-json\/wp\/v2\/posts\/"}],"about":[{"href":"https:\/\/www.fondazionepirelli.org\/it\/wp-json\/wp\/v2\/types\/post\/"}],"author":[{"embeddable":true,"href":"https:\/\/www.fondazionepirelli.org\/it\/wp-json\/wp\/v2\/users\/1\/"}],"replies":[{"embeddable":true,"href":"https:\/\/www.fondazionepirelli.org\/it\/wp-json\/wp\/v2\/comments\/?post=52040"}],"version-history":[{"count":2,"href":"https:\/\/www.fondazionepirelli.org\/it\/wp-json\/wp\/v2\/posts\/52040\/revisions\/"}],"predecessor-version":[{"id":68870,"href":"https:\/\/www.fondazionepirelli.org\/it\/wp-json\/wp\/v2\/posts\/52040\/revisions\/68870\/"}],"wp:featuredmedia":[{"embeddable":true,"href":"https:\/\/www.fondazionepirelli.org\/it\/wp-json\/wp\/v2\/media\/68863\/"}],"wp:attachment":[{"href":"https:\/\/www.fondazionepirelli.org\/it\/wp-json\/wp\/v2\/media\/?parent=52040"}],"wp:term":[{"taxonomy":"category","embeddable":true,"href":"https:\/\/www.fondazionepirelli.org\/it\/wp-json\/wp\/v2\/categories\/?post=52040"},{"taxonomy":"post_tag","embeddable":true,"href":"https:\/\/www.fondazionepirelli.org\/it\/wp-json\/wp\/v2\/tags\/?post=52040"}],"curies":[{"name":"wp","href":"https:\/\/api.w.org\/{rel}","templated":true}]}}