{"id":52060,"date":"2018-11-13T00:00:00","date_gmt":"2018-11-13T00:00:00","guid":{"rendered":"http:\/\/www.fondazionepirelli.org\/fondazione-pirelli\/donne-e-uomini-dimpresa\/"},"modified":"2019-09-20T09:23:48","modified_gmt":"2019-09-20T07:23:48","slug":"donne-e-uomini-dimpresa","status":"publish","type":"post","link":"https:\/\/www.fondazionepirelli.org\/it\/cultura-dimpresa\/donne-e-uomini-dimpresa\/","title":{"rendered":"Donne e uomini d\u2019impresa"},"content":{"rendered":"<p><em>Un libro in corso di pubblicazione racconta ruolo e forza delle persone all\u2019interno delle organizzazioni della produzione<\/em><\/p><p>Non risorse ma donne e uomini in carne e ossa. Menti pensanti. Fulcri dell\u2019impresa. Ma anche esseri che devono ricevere rispetto e dignit\u00e0. Non semplici risorse, appunto. \u00c8 il nuovo profilo interpretativo e di gestione che in questi ultimi tempi si sta profilando nelle imprese. Si sta cio\u00e8 comprendendo in modo sempre pi\u00f9 evidente come sia determinante avere all\u2019interno della propria organizzazione persone qualificate, competenti e motivate, persone appunto, non risorse umane. Passaggio culturale prima ancora che gestionale, quello di passare dal concetto di \u201crisorsa\u201d a quello di \u201cpersona\u201d \u00e8 tutt\u2019altro che scontato.<\/p>\n<p>Il libro di Andrea di Lenna che sta per essere pubblicato \u2013 \u201cRisorsa a chi? Valorizzare le persone per migliorare le performance aziendali\u201d \u2013 pu\u00f2 aiutare a comprendere il significato di quello che sta accadendo. Che a dire la verit\u00e0 era stato gi\u00e0 preconizzato decenni fa: \u201cLe organizzazioni sono delle comunit\u00e0 di esseri umani, non dei contenitori di risorse umane\u201d, afferm\u00f2 infatti Henry Mintzberg, incominciando a delineare la necessit\u00e0 di un new deal nella gestione di chi quotidianamente opera all\u2019interno delle aziende, qualsiasi esse siano in termini di tipologia, dimensione e business.<br \/>\nDonne e uomini, dunque. Con tutte le loro peculiarit\u00e0 di individui e gruppi. Di Lenna, partendo dall\u2019analisi delle culture di riferimento delle aziende e dall\u2019esplorazione delle caratteristiche di vision, mission e valori delle organizzazioni stesse, arriva a dare risposta ad alcune fondamentali domande. Per esempio, come devono essere selezionate le persone nelle aziende che vogliono mantenere la propria competitivit\u00e0? E che tipo di formazione bisogna considerare per sviluppare le persone in modo adeguato? E poi come gestire la motivazione delle persone all\u2019interno dei contesti organizzativi? E quali sono le caratteristiche degli ambienti di lavoro pi\u00f9 efficaci, sia dal punto di vista fisico che dal punto di vista organizzativo?<\/p>\n<p>Quanto raccontato da Di Lenna non \u00e8 solo un approccio teorico, ma contiene anche numerosi casi pratici e situazioni concrete della quotidiana vita aziendale.<br \/>\nEmerge da tutto questo un elemento che nelle imprese \u00e8 stato sempre presente ma che spesso, e per lungo tempo, \u00e8 stato colpevolmente dimenticato: la forte presenza della persone all\u2019interno delle organizzazioni della produzione. Non risorse, appunto, ma la ricchezza vera di ogni contesto produttivo.<\/p><p><strong>Risorsa a chi? Valorizzare le persone per migliorare le performance aziendali<\/strong><br \/>\nAndrea di Lenna<br \/>\nEgea, 2018<\/p>\n","protected":false},"excerpt":{"rendered":"<p>Un libro in corso di pubblicazione racconta ruolo e forza delle persone all\u2019interno delle organizzazioni della produzioneNon risorse ma donne e uomini in carne e ossa. Menti pensanti. Fulcri dell\u2019impresa. Ma anche esseri che devono ricevere rispetto e dignit\u00e0. Non semplici risorse, appunto. \u00c8 il nuovo profilo interpretativo e di gestione che in questi ultimi [&hellip;]<\/p>\n","protected":false},"author":1,"featured_media":68861,"comment_status":"open","ping_status":"open","sticky":false,"template":"","format":"standard","meta":{"footnotes":""},"categories":[52,58],"tags":[],"class_list":["post-52060","post","type-post","status-publish","format-standard","has-post-thumbnail","hentry","category-cultura-dimpresa","category-recensioni-libri"],"acf":[],"yoast_head":"<!-- This site is optimized with the Yoast SEO plugin v25.0 - https:\/\/yoast.com\/wordpress\/plugins\/seo\/ -->\n<title>Donne e uomini d\u2019impresa - Fondazione Pirelli<\/title>\n<meta name=\"robots\" content=\"index, follow, max-snippet:-1, max-image-preview:large, max-video-preview:-1\" \/>\n<link rel=\"canonical\" href=\"https:\/\/www.fondazionepirelli.org\/it\/cultura-dimpresa\/donne-e-uomini-dimpresa\/\" \/>\n<meta property=\"og:locale\" content=\"it_IT\" \/>\n<meta property=\"og:type\" content=\"article\" \/>\n<meta property=\"og:title\" content=\"Donne e uomini d\u2019impresa - Fondazione Pirelli\" \/>\n<meta property=\"og:description\" content=\"Un libro in corso di pubblicazione racconta ruolo e forza delle persone all\u2019interno delle organizzazioni della produzioneNon risorse ma donne e uomini in carne e ossa. Menti pensanti. Fulcri dell\u2019impresa. Ma anche esseri che devono ricevere rispetto e dignit\u00e0. Non semplici risorse, appunto. \u00c8 il nuovo profilo interpretativo e di gestione che in questi ultimi [&hellip;]\" \/>\n<meta property=\"og:url\" content=\"https:\/\/127.0.0.1\/it\/cultura-dimpresa\/donne-e-uomini-dimpresa\/\" \/>\n<meta property=\"og:site_name\" content=\"Fondazione Pirelli\" \/>\n<meta property=\"article:published_time\" content=\"2018-11-13T00:00:00+00:00\" \/>\n<meta property=\"article:modified_time\" content=\"2019-09-20T07:23:48+00:00\" \/>\n<meta property=\"og:image\" content=\"https:\/\/wpsite-assets.fondazionepirelli.org\/wp-content\/uploads\/2018\/11\/20091956\/risorsa-a-chi.jpg\" \/>\n\t<meta property=\"og:image:width\" content=\"284\" \/>\n\t<meta property=\"og:image:height\" content=\"458\" \/>\n\t<meta property=\"og:image:type\" content=\"image\/jpeg\" \/>\n<meta name=\"author\" content=\"fondadmin\" \/>\n<meta name=\"twitter:card\" content=\"summary_large_image\" \/>\n<meta name=\"twitter:label1\" content=\"Scritto da\" \/>\n\t<meta name=\"twitter:data1\" content=\"fondadmin\" \/>\n\t<meta name=\"twitter:label2\" content=\"Tempo di lettura stimato\" \/>\n\t<meta name=\"twitter:data2\" content=\"2 minuti\" \/>\n<script type=\"application\/ld+json\" class=\"yoast-schema-graph\">{\"@context\":\"https:\/\/schema.org\",\"@graph\":[{\"@type\":\"WebPage\",\"@id\":\"https:\/\/127.0.0.1\/it\/cultura-dimpresa\/donne-e-uomini-dimpresa\/\",\"url\":\"https:\/\/127.0.0.1\/it\/cultura-dimpresa\/donne-e-uomini-dimpresa\/\",\"name\":\"Donne e uomini d\u2019impresa - Fondazione Pirelli\",\"isPartOf\":{\"@id\":\"https:\/\/www.fondazionepirelli.org\/it\/#website\"},\"primaryImageOfPage\":{\"@id\":\"https:\/\/127.0.0.1\/it\/cultura-dimpresa\/donne-e-uomini-dimpresa\/#primaryimage\"},\"image\":{\"@id\":\"https:\/\/127.0.0.1\/it\/cultura-dimpresa\/donne-e-uomini-dimpresa\/#primaryimage\"},\"thumbnailUrl\":\"https:\/\/wpsite-assets.fondazionepirelli.org\/wp-content\/uploads\/2018\/11\/20091956\/risorsa-a-chi.jpg\",\"datePublished\":\"2018-11-13T00:00:00+00:00\",\"dateModified\":\"2019-09-20T07:23:48+00:00\",\"author\":{\"@id\":\"https:\/\/www.fondazionepirelli.org\/it\/#\/schema\/person\/f47d097000832c4a6e54538c791fdf25\"},\"breadcrumb\":{\"@id\":\"https:\/\/127.0.0.1\/it\/cultura-dimpresa\/donne-e-uomini-dimpresa\/#breadcrumb\"},\"inLanguage\":\"it-IT\",\"potentialAction\":[{\"@type\":\"ReadAction\",\"target\":[\"https:\/\/127.0.0.1\/it\/cultura-dimpresa\/donne-e-uomini-dimpresa\/\"]}]},{\"@type\":\"ImageObject\",\"inLanguage\":\"it-IT\",\"@id\":\"https:\/\/127.0.0.1\/it\/cultura-dimpresa\/donne-e-uomini-dimpresa\/#primaryimage\",\"url\":\"https:\/\/wpsite-assets.fondazionepirelli.org\/wp-content\/uploads\/2018\/11\/20091956\/risorsa-a-chi.jpg\",\"contentUrl\":\"https:\/\/wpsite-assets.fondazionepirelli.org\/wp-content\/uploads\/2018\/11\/20091956\/risorsa-a-chi.jpg\",\"width\":284,\"height\":458},{\"@type\":\"BreadcrumbList\",\"@id\":\"https:\/\/127.0.0.1\/it\/cultura-dimpresa\/donne-e-uomini-dimpresa\/#breadcrumb\",\"itemListElement\":[{\"@type\":\"ListItem\",\"position\":1,\"name\":\"Home\",\"item\":\"https:\/\/www.fondazionepirelli.org\/it\/\"},{\"@type\":\"ListItem\",\"position\":2,\"name\":\"Donne e uomini d\u2019impresa\"}]},{\"@type\":\"WebSite\",\"@id\":\"https:\/\/www.fondazionepirelli.org\/it\/#website\",\"url\":\"https:\/\/www.fondazionepirelli.org\/it\/\",\"name\":\"Fondazione Pirelli\",\"description\":\"\",\"potentialAction\":[{\"@type\":\"SearchAction\",\"target\":{\"@type\":\"EntryPoint\",\"urlTemplate\":\"https:\/\/www.fondazionepirelli.org\/it\/?s={search_term_string}\"},\"query-input\":{\"@type\":\"PropertyValueSpecification\",\"valueRequired\":true,\"valueName\":\"search_term_string\"}}],\"inLanguage\":\"it-IT\"},{\"@type\":\"Person\",\"@id\":\"https:\/\/www.fondazionepirelli.org\/it\/#\/schema\/person\/f47d097000832c4a6e54538c791fdf25\",\"name\":\"fondadmin\",\"image\":{\"@type\":\"ImageObject\",\"inLanguage\":\"it-IT\",\"@id\":\"https:\/\/www.fondazionepirelli.org\/it\/#\/schema\/person\/image\/\",\"url\":\"https:\/\/secure.gravatar.com\/avatar\/e69498a9175ca244966e51e53c88712c024fcebe41f9a05f75657f1bb25e489b?s=96&d=mm&r=g\",\"contentUrl\":\"https:\/\/secure.gravatar.com\/avatar\/e69498a9175ca244966e51e53c88712c024fcebe41f9a05f75657f1bb25e489b?s=96&d=mm&r=g\",\"caption\":\"fondadmin\"},\"url\":\"https:\/\/www.fondazionepirelli.org\/it\/author\/fondadmin\/\"}]}<\/script>\n<!-- \/ Yoast SEO plugin. -->","yoast_head_json":{"title":"Donne e uomini d\u2019impresa - Fondazione Pirelli","robots":{"index":"index","follow":"follow","max-snippet":"max-snippet:-1","max-image-preview":"max-image-preview:large","max-video-preview":"max-video-preview:-1"},"canonical":"https:\/\/www.fondazionepirelli.org\/it\/cultura-dimpresa\/donne-e-uomini-dimpresa\/","og_locale":"it_IT","og_type":"article","og_title":"Donne e uomini d\u2019impresa - Fondazione Pirelli","og_description":"Un libro in corso di pubblicazione racconta ruolo e forza delle persone all\u2019interno delle organizzazioni della produzioneNon risorse ma donne e uomini in carne e ossa. Menti pensanti. Fulcri dell\u2019impresa. Ma anche esseri che devono ricevere rispetto e dignit\u00e0. Non semplici risorse, appunto. \u00c8 il nuovo profilo interpretativo e di gestione che in questi ultimi [&hellip;]","og_url":"https:\/\/127.0.0.1\/it\/cultura-dimpresa\/donne-e-uomini-dimpresa\/","og_site_name":"Fondazione Pirelli","article_published_time":"2018-11-13T00:00:00+00:00","article_modified_time":"2019-09-20T07:23:48+00:00","og_image":[{"width":284,"height":458,"url":"https:\/\/wpsite-assets.fondazionepirelli.org\/wp-content\/uploads\/2018\/11\/20091956\/risorsa-a-chi.jpg","type":"image\/jpeg"}],"author":"fondadmin","twitter_card":"summary_large_image","twitter_misc":{"Scritto da":"fondadmin","Tempo di lettura stimato":"2 minuti"},"schema":{"@context":"https:\/\/schema.org","@graph":[{"@type":"WebPage","@id":"https:\/\/127.0.0.1\/it\/cultura-dimpresa\/donne-e-uomini-dimpresa\/","url":"https:\/\/127.0.0.1\/it\/cultura-dimpresa\/donne-e-uomini-dimpresa\/","name":"Donne e uomini d\u2019impresa - Fondazione Pirelli","isPartOf":{"@id":"https:\/\/www.fondazionepirelli.org\/it\/#website"},"primaryImageOfPage":{"@id":"https:\/\/127.0.0.1\/it\/cultura-dimpresa\/donne-e-uomini-dimpresa\/#primaryimage"},"image":{"@id":"https:\/\/127.0.0.1\/it\/cultura-dimpresa\/donne-e-uomini-dimpresa\/#primaryimage"},"thumbnailUrl":"https:\/\/wpsite-assets.fondazionepirelli.org\/wp-content\/uploads\/2018\/11\/20091956\/risorsa-a-chi.jpg","datePublished":"2018-11-13T00:00:00+00:00","dateModified":"2019-09-20T07:23:48+00:00","author":{"@id":"https:\/\/www.fondazionepirelli.org\/it\/#\/schema\/person\/f47d097000832c4a6e54538c791fdf25"},"breadcrumb":{"@id":"https:\/\/127.0.0.1\/it\/cultura-dimpresa\/donne-e-uomini-dimpresa\/#breadcrumb"},"inLanguage":"it-IT","potentialAction":[{"@type":"ReadAction","target":["https:\/\/127.0.0.1\/it\/cultura-dimpresa\/donne-e-uomini-dimpresa\/"]}]},{"@type":"ImageObject","inLanguage":"it-IT","@id":"https:\/\/127.0.0.1\/it\/cultura-dimpresa\/donne-e-uomini-dimpresa\/#primaryimage","url":"https:\/\/wpsite-assets.fondazionepirelli.org\/wp-content\/uploads\/2018\/11\/20091956\/risorsa-a-chi.jpg","contentUrl":"https:\/\/wpsite-assets.fondazionepirelli.org\/wp-content\/uploads\/2018\/11\/20091956\/risorsa-a-chi.jpg","width":284,"height":458},{"@type":"BreadcrumbList","@id":"https:\/\/127.0.0.1\/it\/cultura-dimpresa\/donne-e-uomini-dimpresa\/#breadcrumb","itemListElement":[{"@type":"ListItem","position":1,"name":"Home","item":"https:\/\/www.fondazionepirelli.org\/it\/"},{"@type":"ListItem","position":2,"name":"Donne e uomini d\u2019impresa"}]},{"@type":"WebSite","@id":"https:\/\/www.fondazionepirelli.org\/it\/#website","url":"https:\/\/www.fondazionepirelli.org\/it\/","name":"Fondazione Pirelli","description":"","potentialAction":[{"@type":"SearchAction","target":{"@type":"EntryPoint","urlTemplate":"https:\/\/www.fondazionepirelli.org\/it\/?s={search_term_string}"},"query-input":{"@type":"PropertyValueSpecification","valueRequired":true,"valueName":"search_term_string"}}],"inLanguage":"it-IT"},{"@type":"Person","@id":"https:\/\/www.fondazionepirelli.org\/it\/#\/schema\/person\/f47d097000832c4a6e54538c791fdf25","name":"fondadmin","image":{"@type":"ImageObject","inLanguage":"it-IT","@id":"https:\/\/www.fondazionepirelli.org\/it\/#\/schema\/person\/image\/","url":"https:\/\/secure.gravatar.com\/avatar\/e69498a9175ca244966e51e53c88712c024fcebe41f9a05f75657f1bb25e489b?s=96&d=mm&r=g","contentUrl":"https:\/\/secure.gravatar.com\/avatar\/e69498a9175ca244966e51e53c88712c024fcebe41f9a05f75657f1bb25e489b?s=96&d=mm&r=g","caption":"fondadmin"},"url":"https:\/\/www.fondazionepirelli.org\/it\/author\/fondadmin\/"}]}},"_links":{"self":[{"href":"https:\/\/www.fondazionepirelli.org\/it\/wp-json\/wp\/v2\/posts\/52060\/"}],"collection":[{"href":"https:\/\/www.fondazionepirelli.org\/it\/wp-json\/wp\/v2\/posts\/"}],"about":[{"href":"https:\/\/www.fondazionepirelli.org\/it\/wp-json\/wp\/v2\/types\/post\/"}],"author":[{"embeddable":true,"href":"https:\/\/www.fondazionepirelli.org\/it\/wp-json\/wp\/v2\/users\/1\/"}],"replies":[{"embeddable":true,"href":"https:\/\/www.fondazionepirelli.org\/it\/wp-json\/wp\/v2\/comments\/?post=52060"}],"version-history":[{"count":4,"href":"https:\/\/www.fondazionepirelli.org\/it\/wp-json\/wp\/v2\/posts\/52060\/revisions\/"}],"predecessor-version":[{"id":68873,"href":"https:\/\/www.fondazionepirelli.org\/it\/wp-json\/wp\/v2\/posts\/52060\/revisions\/68873\/"}],"wp:featuredmedia":[{"embeddable":true,"href":"https:\/\/www.fondazionepirelli.org\/it\/wp-json\/wp\/v2\/media\/68861\/"}],"wp:attachment":[{"href":"https:\/\/www.fondazionepirelli.org\/it\/wp-json\/wp\/v2\/media\/?parent=52060"}],"wp:term":[{"taxonomy":"category","embeddable":true,"href":"https:\/\/www.fondazionepirelli.org\/it\/wp-json\/wp\/v2\/categories\/?post=52060"},{"taxonomy":"post_tag","embeddable":true,"href":"https:\/\/www.fondazionepirelli.org\/it\/wp-json\/wp\/v2\/tags\/?post=52060"}],"curies":[{"name":"wp","href":"https:\/\/api.w.org\/{rel}","templated":true}]}}