{"id":52077,"date":"2018-11-05T00:00:00","date_gmt":"2018-11-05T00:00:00","guid":{"rendered":"http:\/\/www.fondazionepirelli.org\/fondazione-pirelli\/racconti-di-milano-citta-industriale\/"},"modified":"2021-10-05T16:22:12","modified_gmt":"2021-10-05T15:22:12","slug":"racconti-di-milano-citta-industriale","status":"publish","type":"post","link":"https:\/\/www.fondazionepirelli.org\/it\/biblioteche\/evento-biblioteche\/racconti-di-milano-citta-industriale\/","title":{"rendered":"Racconti di Milano citt\u00e0 industriale"},"content":{"rendered":"<p>Il <strong>15 novembre<\/strong> alle ore 19.00 presso l\u2019Auditorium dell\u2019<strong>Headquarters Pirelli<\/strong> nel quartiere Bicocca, Fondazione Pirelli organizza una serata interamente dedicata al capoluogo lombardo, metropoli moderna e poliedrica, che conserva nei luoghi e nella memoria le tracce della sua identit\u00e0 di citt\u00e0 industriale.<\/p>\n<p>Lo spettacolo, realizzato in collaborazione con il <strong><a href=\"\/\/www.teatrofrancoparenti.it\/\" target=\"_blank\" rel=\"noopener noreferrer\">Teatro Franco Parenti <\/a><\/strong>e l\u2019<strong><a href=\"\/\/www.unimib.it\/\" target=\"_blank\" rel=\"noopener noreferrer\">Universit\u00e0 degli Studi di Milano-Bicocca<\/a><\/strong>, vedr\u00e0 sul palcoscenico gli attori <strong>Marina Rocco<\/strong> e <strong>Rosario Lisma<\/strong> interpretare alcune pagine tratte dalla storica rivista \u201cPirelli\u201d e brani di romanzi sulla citt\u00e0 meneghina: dalla visita di <strong>Dino Buzzati<\/strong> al grattacielo Pirelli alla descrizione dei \u201cmegateri dell\u2019edilizia milanese\u201d di Alberto Savinio, dalle poesie di Alda Merini agli efferati crimini della Milano della mala degli anni sessanta raccontati da <strong>Giorgio Scerbanenco<\/strong>, dalle mura delle fabbriche viste come \u201cmuraglia cinese\u201d da <strong>Ottiero Ottier<\/strong>i, alla \u201deducazione milanese\u201d di Alberto Rollo. Le letture condotte dai due attori s\u2019intrecceranno alle parole e alle riflessioni di <strong>Antonio Calabr\u00f2,<\/strong> direttore della Fondazione Pirelli, <strong>Piero Colaprico<\/strong>, giornalista e scrittore, <strong>Giuseppe Lupo<\/strong>, scrittore e professore dell\u2019Universit\u00e0 Cattolica del Sacro Cuore, e <strong>Pietro Redondi<\/strong>, docente dell\u2019Universit\u00e0 degli Studi di Milano-Bicocca. Un dialogo polifonico tra passato e presente illustrato attraverso le immagini provenienti dal ricco <strong>archivio fotografico<\/strong> della Fondazione Pirelli: sul grande schermo dell\u2019Auditorium infatti si potranno ammirare il reportage della costruzione della <strong>Metropolitana M1<\/strong> realizzato da <strong>Arno Hammacher<\/strong> tra il 1958 e il 1961, capace di evidenziare con prospettive insolite il cantiere e il lavoro degli operai; gli scatti dei grandi fotografi Paolo Monti, Aldo Ballo, Giancarlo Scalfati che ritraggono la costruzione del <strong>grattacielo Pirelli<\/strong>, uno dei momenti di massima vitalit\u00e0 progettuale ed economica della citt\u00e0 in piena espansione post bellica; e ancora gli interni di fabbrica e le strade delle citt\u00e0 solcate dalla nebbia, percorse da <strong>Vespe<\/strong> e Lambrette o da lavoratori che si affrettano a raggiungere il proprio posto di lavoro.<\/p>\n<p>Durante la serata verranno letti inoltre per la prima volta alcuni estratti della sceneggiatura di \u201c<strong>Questa \u00e8 la nostra citt\u00e0<\/strong>\u201d, melodramma neorealista scritto da <strong>Alberto Moravia<\/strong> nel 1947 e conservato nell\u2019<strong>Archivio Storico Pirelli<\/strong>. Il film, mai tradotto in pellicola, fu commissionato da <strong>Alberto Pirelli<\/strong> per il settantacinquesimo anniversario dell\u2019azienda e avrebbe dovuto essere diretto da <strong>Roberto Rossellini<\/strong> uno dei registi pi\u00f9 illustri di quegli anni. La sceneggiatura descrive le vicende della famiglia Riva, tre generazioni di operai alla Pirelli.<\/p>\n<p>Nel testo Moravia si sofferma anche sulla vita quotidiana della <strong>Milano industriale<\/strong> raccontandola attraverso la fabbrica Pirelli Bicocca degli anni quaranta: \u201cEcco la fabbrica Pirelli. Gli operai conversano da ogni parte nel piazzale prospiciente la portineria, tra i carrettini di frutta e le bancarelle dei venditori di sigarette. Un debole sole autunnale gioca sul piazzale e sulle mura della Pirelli. Gli operai entrano in fila, vanno a riporre la bicicletta nel deposito, sotto la tettoia, e quindi si avviano ciascuno al proprio reparto.\u201d<\/p>\n","protected":false},"excerpt":{"rendered":"<p>Il 15 novembre alle ore 19.00 presso l\u2019Auditorium dell\u2019Headquarters Pirelli nel quartiere Bicocca, Fondazione Pirelli organizza una serata interamente dedicata al capoluogo lombardo, metropoli moderna e poliedrica, che conserva nei luoghi e nella memoria le tracce della sua identit\u00e0 di citt\u00e0 industriale. Lo spettacolo, realizzato in collaborazione con il Teatro Franco Parenti e l\u2019Universit\u00e0 degli [&hellip;]<\/p>\n","protected":false},"author":1,"featured_media":55333,"comment_status":"open","ping_status":"open","sticky":false,"template":"","format":"standard","meta":{"footnotes":""},"categories":[461],"tags":[229],"class_list":["post-52077","post","type-post","status-publish","format-standard","has-post-thumbnail","hentry","category-evento-biblioteche","tag-racconti-dimpresa"],"acf":[],"yoast_head":"<!-- This site is optimized with the Yoast SEO plugin v25.0 - https:\/\/yoast.com\/wordpress\/plugins\/seo\/ -->\n<title>Racconti di Milano citt\u00e0 industriale | Fondazione Pirelli<\/title>\n<meta name=\"description\" content=\"&quot;Racconti di Milano citt\u00e0 industriale&quot;, una serata dedicata al capoluogo lombardo presso l\u2019Auditorium dell\u2019Headquarters Pirelli. Scopri di pi\u00f9.\" \/>\n<meta name=\"robots\" content=\"index, follow, max-snippet:-1, max-image-preview:large, max-video-preview:-1\" \/>\n<link rel=\"canonical\" href=\"https:\/\/www.fondazionepirelli.org\/it\/biblioteche\/evento-biblioteche\/racconti-di-milano-citta-industriale\/\" \/>\n<meta property=\"og:locale\" content=\"it_IT\" \/>\n<meta property=\"og:type\" content=\"article\" \/>\n<meta property=\"og:title\" content=\"Racconti di Milano citt\u00e0 industriale | Fondazione Pirelli\" \/>\n<meta property=\"og:description\" content=\"&quot;Racconti di Milano citt\u00e0 industriale&quot;, una serata dedicata al capoluogo lombardo presso l\u2019Auditorium dell\u2019Headquarters Pirelli. Scopri di pi\u00f9.\" \/>\n<meta property=\"og:url\" content=\"https:\/\/www.fondazionepirelli.org\/it\/biblioteche\/evento-biblioteche\/racconti-di-milano-citta-industriale\/\" \/>\n<meta property=\"og:site_name\" content=\"Fondazione Pirelli\" \/>\n<meta property=\"article:published_time\" content=\"2018-11-05T00:00:00+00:00\" \/>\n<meta property=\"article:modified_time\" content=\"2021-10-05T15:22:12+00:00\" \/>\n<meta property=\"og:image\" content=\"https:\/\/wpsite-assets.fondazionepirelli.org\/wp-content\/uploads\/2018\/11\/20101340\/Racconti_di_Milano_citta%CC%80_industriale_003-e1575040828552.jpg\" \/>\n\t<meta property=\"og:image:width\" content=\"1158\" \/>\n\t<meta property=\"og:image:height\" content=\"792\" \/>\n\t<meta property=\"og:image:type\" content=\"image\/jpeg\" \/>\n<meta name=\"author\" content=\"fondadmin\" \/>\n<meta name=\"twitter:card\" content=\"summary_large_image\" \/>\n<meta name=\"twitter:label1\" content=\"Scritto da\" \/>\n\t<meta name=\"twitter:data1\" content=\"fondadmin\" \/>\n\t<meta name=\"twitter:label2\" content=\"Tempo di lettura stimato\" \/>\n\t<meta name=\"twitter:data2\" content=\"2 minuti\" \/>\n<script type=\"application\/ld+json\" class=\"yoast-schema-graph\">{\"@context\":\"https:\/\/schema.org\",\"@graph\":[{\"@type\":\"WebPage\",\"@id\":\"https:\/\/www.fondazionepirelli.org\/it\/biblioteche\/evento-biblioteche\/racconti-di-milano-citta-industriale\/\",\"url\":\"https:\/\/www.fondazionepirelli.org\/it\/biblioteche\/evento-biblioteche\/racconti-di-milano-citta-industriale\/\",\"name\":\"Racconti di Milano citt\u00e0 industriale | Fondazione Pirelli\",\"isPartOf\":{\"@id\":\"https:\/\/www.fondazionepirelli.org\/it\/#website\"},\"primaryImageOfPage\":{\"@id\":\"https:\/\/www.fondazionepirelli.org\/it\/biblioteche\/evento-biblioteche\/racconti-di-milano-citta-industriale\/#primaryimage\"},\"image\":{\"@id\":\"https:\/\/www.fondazionepirelli.org\/it\/biblioteche\/evento-biblioteche\/racconti-di-milano-citta-industriale\/#primaryimage\"},\"thumbnailUrl\":\"https:\/\/wpsite-assets.fondazionepirelli.org\/wp-content\/uploads\/2018\/11\/20101340\/Racconti_di_Milano_citta%CC%80_industriale_003-e1575040828552.jpg\",\"datePublished\":\"2018-11-05T00:00:00+00:00\",\"dateModified\":\"2021-10-05T15:22:12+00:00\",\"author\":{\"@id\":\"https:\/\/www.fondazionepirelli.org\/it\/#\/schema\/person\/f47d097000832c4a6e54538c791fdf25\"},\"description\":\"\\\"Racconti di Milano citt\u00e0 industriale\\\", una serata dedicata al capoluogo lombardo presso l\u2019Auditorium dell\u2019Headquarters Pirelli. Scopri di pi\u00f9.\",\"breadcrumb\":{\"@id\":\"https:\/\/www.fondazionepirelli.org\/it\/biblioteche\/evento-biblioteche\/racconti-di-milano-citta-industriale\/#breadcrumb\"},\"inLanguage\":\"it-IT\",\"potentialAction\":[{\"@type\":\"ReadAction\",\"target\":[\"https:\/\/www.fondazionepirelli.org\/it\/biblioteche\/evento-biblioteche\/racconti-di-milano-citta-industriale\/\"]}]},{\"@type\":\"ImageObject\",\"inLanguage\":\"it-IT\",\"@id\":\"https:\/\/www.fondazionepirelli.org\/it\/biblioteche\/evento-biblioteche\/racconti-di-milano-citta-industriale\/#primaryimage\",\"url\":\"https:\/\/wpsite-assets.fondazionepirelli.org\/wp-content\/uploads\/2018\/11\/20101340\/Racconti_di_Milano_citta%CC%80_industriale_003-e1575040828552.jpg\",\"contentUrl\":\"https:\/\/wpsite-assets.fondazionepirelli.org\/wp-content\/uploads\/2018\/11\/20101340\/Racconti_di_Milano_citta%CC%80_industriale_003-e1575040828552.jpg\",\"width\":1158,\"height\":792},{\"@type\":\"BreadcrumbList\",\"@id\":\"https:\/\/www.fondazionepirelli.org\/it\/biblioteche\/evento-biblioteche\/racconti-di-milano-citta-industriale\/#breadcrumb\",\"itemListElement\":[{\"@type\":\"ListItem\",\"position\":1,\"name\":\"Home\",\"item\":\"https:\/\/www.fondazionepirelli.org\/it\/\"},{\"@type\":\"ListItem\",\"position\":2,\"name\":\"Racconti di Milano citt\u00e0 industriale\"}]},{\"@type\":\"WebSite\",\"@id\":\"https:\/\/www.fondazionepirelli.org\/it\/#website\",\"url\":\"https:\/\/www.fondazionepirelli.org\/it\/\",\"name\":\"Fondazione Pirelli\",\"description\":\"\",\"potentialAction\":[{\"@type\":\"SearchAction\",\"target\":{\"@type\":\"EntryPoint\",\"urlTemplate\":\"https:\/\/www.fondazionepirelli.org\/it\/?s={search_term_string}\"},\"query-input\":{\"@type\":\"PropertyValueSpecification\",\"valueRequired\":true,\"valueName\":\"search_term_string\"}}],\"inLanguage\":\"it-IT\"},{\"@type\":\"Person\",\"@id\":\"https:\/\/www.fondazionepirelli.org\/it\/#\/schema\/person\/f47d097000832c4a6e54538c791fdf25\",\"name\":\"fondadmin\",\"image\":{\"@type\":\"ImageObject\",\"inLanguage\":\"it-IT\",\"@id\":\"https:\/\/www.fondazionepirelli.org\/it\/#\/schema\/person\/image\/\",\"url\":\"https:\/\/secure.gravatar.com\/avatar\/e69498a9175ca244966e51e53c88712c024fcebe41f9a05f75657f1bb25e489b?s=96&d=mm&r=g\",\"contentUrl\":\"https:\/\/secure.gravatar.com\/avatar\/e69498a9175ca244966e51e53c88712c024fcebe41f9a05f75657f1bb25e489b?s=96&d=mm&r=g\",\"caption\":\"fondadmin\"},\"url\":\"https:\/\/www.fondazionepirelli.org\/it\/author\/fondadmin\/\"}]}<\/script>\n<!-- \/ Yoast SEO plugin. -->","yoast_head_json":{"title":"Racconti di Milano citt\u00e0 industriale | Fondazione Pirelli","description":"\"Racconti di Milano citt\u00e0 industriale\", una serata dedicata al capoluogo lombardo presso l\u2019Auditorium dell\u2019Headquarters Pirelli. Scopri di pi\u00f9.","robots":{"index":"index","follow":"follow","max-snippet":"max-snippet:-1","max-image-preview":"max-image-preview:large","max-video-preview":"max-video-preview:-1"},"canonical":"https:\/\/www.fondazionepirelli.org\/it\/biblioteche\/evento-biblioteche\/racconti-di-milano-citta-industriale\/","og_locale":"it_IT","og_type":"article","og_title":"Racconti di Milano citt\u00e0 industriale | Fondazione Pirelli","og_description":"\"Racconti di Milano citt\u00e0 industriale\", una serata dedicata al capoluogo lombardo presso l\u2019Auditorium dell\u2019Headquarters Pirelli. Scopri di pi\u00f9.","og_url":"https:\/\/www.fondazionepirelli.org\/it\/biblioteche\/evento-biblioteche\/racconti-di-milano-citta-industriale\/","og_site_name":"Fondazione Pirelli","article_published_time":"2018-11-05T00:00:00+00:00","article_modified_time":"2021-10-05T15:22:12+00:00","og_image":[{"width":1158,"height":792,"url":"https:\/\/wpsite-assets.fondazionepirelli.org\/wp-content\/uploads\/2018\/11\/20101340\/Racconti_di_Milano_citta%CC%80_industriale_003-e1575040828552.jpg","type":"image\/jpeg"}],"author":"fondadmin","twitter_card":"summary_large_image","twitter_misc":{"Scritto da":"fondadmin","Tempo di lettura stimato":"2 minuti"},"schema":{"@context":"https:\/\/schema.org","@graph":[{"@type":"WebPage","@id":"https:\/\/www.fondazionepirelli.org\/it\/biblioteche\/evento-biblioteche\/racconti-di-milano-citta-industriale\/","url":"https:\/\/www.fondazionepirelli.org\/it\/biblioteche\/evento-biblioteche\/racconti-di-milano-citta-industriale\/","name":"Racconti di Milano citt\u00e0 industriale | Fondazione Pirelli","isPartOf":{"@id":"https:\/\/www.fondazionepirelli.org\/it\/#website"},"primaryImageOfPage":{"@id":"https:\/\/www.fondazionepirelli.org\/it\/biblioteche\/evento-biblioteche\/racconti-di-milano-citta-industriale\/#primaryimage"},"image":{"@id":"https:\/\/www.fondazionepirelli.org\/it\/biblioteche\/evento-biblioteche\/racconti-di-milano-citta-industriale\/#primaryimage"},"thumbnailUrl":"https:\/\/wpsite-assets.fondazionepirelli.org\/wp-content\/uploads\/2018\/11\/20101340\/Racconti_di_Milano_citta%CC%80_industriale_003-e1575040828552.jpg","datePublished":"2018-11-05T00:00:00+00:00","dateModified":"2021-10-05T15:22:12+00:00","author":{"@id":"https:\/\/www.fondazionepirelli.org\/it\/#\/schema\/person\/f47d097000832c4a6e54538c791fdf25"},"description":"\"Racconti di Milano citt\u00e0 industriale\", una serata dedicata al capoluogo lombardo presso l\u2019Auditorium dell\u2019Headquarters Pirelli. Scopri di pi\u00f9.","breadcrumb":{"@id":"https:\/\/www.fondazionepirelli.org\/it\/biblioteche\/evento-biblioteche\/racconti-di-milano-citta-industriale\/#breadcrumb"},"inLanguage":"it-IT","potentialAction":[{"@type":"ReadAction","target":["https:\/\/www.fondazionepirelli.org\/it\/biblioteche\/evento-biblioteche\/racconti-di-milano-citta-industriale\/"]}]},{"@type":"ImageObject","inLanguage":"it-IT","@id":"https:\/\/www.fondazionepirelli.org\/it\/biblioteche\/evento-biblioteche\/racconti-di-milano-citta-industriale\/#primaryimage","url":"https:\/\/wpsite-assets.fondazionepirelli.org\/wp-content\/uploads\/2018\/11\/20101340\/Racconti_di_Milano_citta%CC%80_industriale_003-e1575040828552.jpg","contentUrl":"https:\/\/wpsite-assets.fondazionepirelli.org\/wp-content\/uploads\/2018\/11\/20101340\/Racconti_di_Milano_citta%CC%80_industriale_003-e1575040828552.jpg","width":1158,"height":792},{"@type":"BreadcrumbList","@id":"https:\/\/www.fondazionepirelli.org\/it\/biblioteche\/evento-biblioteche\/racconti-di-milano-citta-industriale\/#breadcrumb","itemListElement":[{"@type":"ListItem","position":1,"name":"Home","item":"https:\/\/www.fondazionepirelli.org\/it\/"},{"@type":"ListItem","position":2,"name":"Racconti di Milano citt\u00e0 industriale"}]},{"@type":"WebSite","@id":"https:\/\/www.fondazionepirelli.org\/it\/#website","url":"https:\/\/www.fondazionepirelli.org\/it\/","name":"Fondazione Pirelli","description":"","potentialAction":[{"@type":"SearchAction","target":{"@type":"EntryPoint","urlTemplate":"https:\/\/www.fondazionepirelli.org\/it\/?s={search_term_string}"},"query-input":{"@type":"PropertyValueSpecification","valueRequired":true,"valueName":"search_term_string"}}],"inLanguage":"it-IT"},{"@type":"Person","@id":"https:\/\/www.fondazionepirelli.org\/it\/#\/schema\/person\/f47d097000832c4a6e54538c791fdf25","name":"fondadmin","image":{"@type":"ImageObject","inLanguage":"it-IT","@id":"https:\/\/www.fondazionepirelli.org\/it\/#\/schema\/person\/image\/","url":"https:\/\/secure.gravatar.com\/avatar\/e69498a9175ca244966e51e53c88712c024fcebe41f9a05f75657f1bb25e489b?s=96&d=mm&r=g","contentUrl":"https:\/\/secure.gravatar.com\/avatar\/e69498a9175ca244966e51e53c88712c024fcebe41f9a05f75657f1bb25e489b?s=96&d=mm&r=g","caption":"fondadmin"},"url":"https:\/\/www.fondazionepirelli.org\/it\/author\/fondadmin\/"}]}},"_links":{"self":[{"href":"https:\/\/www.fondazionepirelli.org\/it\/wp-json\/wp\/v2\/posts\/52077\/"}],"collection":[{"href":"https:\/\/www.fondazionepirelli.org\/it\/wp-json\/wp\/v2\/posts\/"}],"about":[{"href":"https:\/\/www.fondazionepirelli.org\/it\/wp-json\/wp\/v2\/types\/post\/"}],"author":[{"embeddable":true,"href":"https:\/\/www.fondazionepirelli.org\/it\/wp-json\/wp\/v2\/users\/1\/"}],"replies":[{"embeddable":true,"href":"https:\/\/www.fondazionepirelli.org\/it\/wp-json\/wp\/v2\/comments\/?post=52077"}],"version-history":[{"count":17,"href":"https:\/\/www.fondazionepirelli.org\/it\/wp-json\/wp\/v2\/posts\/52077\/revisions\/"}],"predecessor-version":[{"id":72417,"href":"https:\/\/www.fondazionepirelli.org\/it\/wp-json\/wp\/v2\/posts\/52077\/revisions\/72417\/"}],"wp:featuredmedia":[{"embeddable":true,"href":"https:\/\/www.fondazionepirelli.org\/it\/wp-json\/wp\/v2\/media\/55333\/"}],"wp:attachment":[{"href":"https:\/\/www.fondazionepirelli.org\/it\/wp-json\/wp\/v2\/media\/?parent=52077"}],"wp:term":[{"taxonomy":"category","embeddable":true,"href":"https:\/\/www.fondazionepirelli.org\/it\/wp-json\/wp\/v2\/categories\/?post=52077"},{"taxonomy":"post_tag","embeddable":true,"href":"https:\/\/www.fondazionepirelli.org\/it\/wp-json\/wp\/v2\/tags\/?post=52077"}],"curies":[{"name":"wp","href":"https:\/\/api.w.org\/{rel}","templated":true}]}}