{"id":52080,"date":"2018-10-30T00:00:00","date_gmt":"2018-10-30T00:00:00","guid":{"rendered":"http:\/\/www.fondazionepirelli.org\/fondazione-pirelli\/bella-cultura-italiana-del-produrre\/"},"modified":"2019-09-20T09:32:04","modified_gmt":"2019-09-20T07:32:04","slug":"bella-cultura-italiana-del-produrre","status":"publish","type":"post","link":"https:\/\/www.fondazionepirelli.org\/it\/cultura-dimpresa\/bella-cultura-italiana-del-produrre\/","title":{"rendered":"Bella cultura italiana del produrre"},"content":{"rendered":"<p><em>In un libro la storia e il significato del nostro stile<\/em><\/p>\n<p><strong>\u00a0<\/strong><\/p>\n<p>Manifattura e bellezza. Industria e cultura. Cultura d\u2019impresa, appunto. Con tutte le cautele del caso; perch\u00e9 certamente fare industria, artigianato, manifattura, produrre insomma, \u00e8 anche fatica e impegno, rischio, volont\u00e0 dura di arrivare, determinazione e costanza. Ma, al di l\u00e0 di tutto questo, spesso produrre bene significa soprattutto avere stile e gusto. Peculiarit\u00e0 che vedono l\u2019Italia in prima fila nel mondo, davanti a tutti e da tutti imitata. E\u2019 per questo che sapere di pi\u00f9 della cultura dello stilo italiano \u00e8 cosa buona per chi voglia capire meglio il perch\u00e9 del successo del nostro Paese in molti campi produttivi.<\/p>\n<p>Ci ha pensato Romano Benini (docente di <em>Italian<\/em> <em>Fashion<\/em> <em>Industries<\/em> presso l\u2019Universit\u00e0 La Sapienza di Roma), a scrivere un saggio che ragiona attorno a questo argomento che sintetizza uno dei punti di forza ormai millenari dell\u2019italianit\u00e0 nel mondo.<\/p>\n<p>Benini scrive con un linguaggio piano e comprensibile, al quale per\u00f2 occorre accostarsi con attenzione. \u201cLo stile italiano\u201d \u00e8 il racconto della storia di quello che oggi viene sintetizzato come <em>Made in Italy<\/em> ed inizia quindi con l\u2019approfondimento del significato del termine \u201cstile\u201d e di quello pi\u00f9 legato a questo: \u201cgusto\u201d. E\u2019 da qui che Benini parte per precisare prima di tutto i legami fra forma e contenuto e quindi fra estetica ed etica del produrre, per passare poi subito a precisare quanto il successo italiano nel mondo, anche economico, sia basato sulla nostra capacit\u00e0 di preservare una cultura del produrre che riesce a coniugare proprio l\u2019esteriore con l\u2019interiore di ogni prodotto. \u00a0\u201cLa resistenza \u2013 spiega Benini -, che l\u2019Italia fa ancora oggi alla separazione tra etica ed estetica \u00e8 quanto la rende attraente in un sistema globale basato invece sul consumo di massa di beni privi di valore e destinati a produrre ingenti quantit\u00e0 di rifiuti e di scarti\u201d.<\/p>\n<p>Ma com\u2019\u00e8 nato tutto questo? La riposta viene data da Benini lungo tutto il libro ripercorrendo, dagli Etruschi ad oggi, le tappe fondamentali del rapporto fra stile italiano e produzione; in tutte le sue possibili forme: dall\u2019alimentare all\u2019artigianato e alla manifattura in tutte le espressioni.<\/p>\n<p>Chiara \u00e8 \u201cla morale\u201d di Benini. A dieci anni dallo scoppio della crisi economica globale, l\u2019<em>Italian<\/em> <em>style<\/em> non solo \u00e8 uscito indenne dalla crisi, ma \u00e8 stato il fattore trainante per lo sviluppo di diversi settori dell\u2019economia italiana. Esempio di Italia resiliente, dunque. E \u201csegreto\u201d di successo. Benini quindi arriva a condensare in una serie di parole chiave e in un decalogo gli elementi fondanti dello stile che ci caratterizza. E spiega: \u201cGli italiani possono uscire dalle loro difficolt\u00e0 facendo tesoro della loro storia e della loro identit\u00e0, ma perch\u00e9 questo sia possibile servono anche politiche e interventi in grado di assecondare, stimolare e sostenere l\u2019affermazione nella cultura, nella societ\u00e0 e nell\u2019economia degli aspetti pi\u00f9 significativi dell\u2019italianit\u00e0\u201d.<\/p>\n<p>Quello scritto da Romano Benini \u00e8 un libro bello, nel pi\u00f9 puro stile italiano.<\/p>\n<p><strong>\u00a0<\/strong><\/p>\n<p><strong>Lo stile italiano. <\/strong><strong>Storia, economia e cultura del Made in Italy<\/strong><\/p>\n<p>Romano Benini<\/p>\n<p>Donzelli, 2018<\/p>","protected":false},"excerpt":{"rendered":"<p>In un libro la storia e il significato del nostro stile \u00a0 Manifattura e bellezza. Industria e cultura. Cultura d\u2019impresa, appunto. Con tutte le cautele del caso; perch\u00e9 certamente fare industria, artigianato, manifattura, produrre insomma, \u00e8 anche fatica e impegno, rischio, volont\u00e0 dura di arrivare, determinazione e costanza. Ma, al di l\u00e0 di tutto questo, [&hellip;]<\/p>\n","protected":false},"author":1,"featured_media":68886,"comment_status":"open","ping_status":"open","sticky":false,"template":"","format":"standard","meta":{"footnotes":""},"categories":[52,58],"tags":[],"class_list":["post-52080","post","type-post","status-publish","format-standard","has-post-thumbnail","hentry","category-cultura-dimpresa","category-recensioni-libri"],"acf":[],"yoast_head":"<!-- This site is optimized with the Yoast SEO plugin v25.0 - https:\/\/yoast.com\/wordpress\/plugins\/seo\/ -->\n<title>Bella cultura italiana del produrre - Fondazione Pirelli<\/title>\n<meta name=\"robots\" content=\"index, follow, max-snippet:-1, max-image-preview:large, max-video-preview:-1\" \/>\n<link rel=\"canonical\" href=\"https:\/\/www.fondazionepirelli.org\/it\/cultura-dimpresa\/bella-cultura-italiana-del-produrre\/\" \/>\n<meta property=\"og:locale\" content=\"it_IT\" \/>\n<meta property=\"og:type\" content=\"article\" \/>\n<meta property=\"og:title\" content=\"Bella cultura italiana del produrre - Fondazione Pirelli\" \/>\n<meta property=\"og:description\" content=\"In un libro la storia e il significato del nostro stile \u00a0 Manifattura e bellezza. Industria e cultura. Cultura d\u2019impresa, appunto. Con tutte le cautele del caso; perch\u00e9 certamente fare industria, artigianato, manifattura, produrre insomma, \u00e8 anche fatica e impegno, rischio, volont\u00e0 dura di arrivare, determinazione e costanza. Ma, al di l\u00e0 di tutto questo, [&hellip;]\" \/>\n<meta property=\"og:url\" content=\"https:\/\/www.fondazionepirelli.org\/it\/cultura-dimpresa\/bella-cultura-italiana-del-produrre\/\" \/>\n<meta property=\"og:site_name\" content=\"Fondazione Pirelli\" \/>\n<meta property=\"article:published_time\" content=\"2018-10-30T00:00:00+00:00\" \/>\n<meta property=\"article:modified_time\" content=\"2019-09-20T07:32:04+00:00\" \/>\n<meta property=\"og:image\" content=\"https:\/\/wpsite-assets.fondazionepirelli.org\/wp-content\/uploads\/2018\/10\/20093156\/lo-stile-italiano.jpg\" \/>\n\t<meta property=\"og:image:width\" content=\"600\" \/>\n\t<meta property=\"og:image:height\" content=\"850\" \/>\n\t<meta property=\"og:image:type\" content=\"image\/jpeg\" \/>\n<meta name=\"author\" content=\"fondadmin\" \/>\n<meta name=\"twitter:card\" content=\"summary_large_image\" \/>\n<meta name=\"twitter:label1\" content=\"Scritto da\" \/>\n\t<meta name=\"twitter:data1\" content=\"fondadmin\" \/>\n\t<meta name=\"twitter:label2\" content=\"Tempo di lettura stimato\" \/>\n\t<meta name=\"twitter:data2\" content=\"3 minuti\" \/>\n<script type=\"application\/ld+json\" class=\"yoast-schema-graph\">{\"@context\":\"https:\/\/schema.org\",\"@graph\":[{\"@type\":\"WebPage\",\"@id\":\"https:\/\/www.fondazionepirelli.org\/it\/cultura-dimpresa\/bella-cultura-italiana-del-produrre\/\",\"url\":\"https:\/\/www.fondazionepirelli.org\/it\/cultura-dimpresa\/bella-cultura-italiana-del-produrre\/\",\"name\":\"Bella cultura italiana del produrre - Fondazione Pirelli\",\"isPartOf\":{\"@id\":\"https:\/\/www.fondazionepirelli.org\/it\/#website\"},\"primaryImageOfPage\":{\"@id\":\"https:\/\/www.fondazionepirelli.org\/it\/cultura-dimpresa\/bella-cultura-italiana-del-produrre\/#primaryimage\"},\"image\":{\"@id\":\"https:\/\/www.fondazionepirelli.org\/it\/cultura-dimpresa\/bella-cultura-italiana-del-produrre\/#primaryimage\"},\"thumbnailUrl\":\"https:\/\/wpsite-assets.fondazionepirelli.org\/wp-content\/uploads\/2018\/10\/20093156\/lo-stile-italiano.jpg\",\"datePublished\":\"2018-10-30T00:00:00+00:00\",\"dateModified\":\"2019-09-20T07:32:04+00:00\",\"author\":{\"@id\":\"https:\/\/www.fondazionepirelli.org\/it\/#\/schema\/person\/f47d097000832c4a6e54538c791fdf25\"},\"breadcrumb\":{\"@id\":\"https:\/\/www.fondazionepirelli.org\/it\/cultura-dimpresa\/bella-cultura-italiana-del-produrre\/#breadcrumb\"},\"inLanguage\":\"it-IT\",\"potentialAction\":[{\"@type\":\"ReadAction\",\"target\":[\"https:\/\/www.fondazionepirelli.org\/it\/cultura-dimpresa\/bella-cultura-italiana-del-produrre\/\"]}]},{\"@type\":\"ImageObject\",\"inLanguage\":\"it-IT\",\"@id\":\"https:\/\/www.fondazionepirelli.org\/it\/cultura-dimpresa\/bella-cultura-italiana-del-produrre\/#primaryimage\",\"url\":\"https:\/\/wpsite-assets.fondazionepirelli.org\/wp-content\/uploads\/2018\/10\/20093156\/lo-stile-italiano.jpg\",\"contentUrl\":\"https:\/\/wpsite-assets.fondazionepirelli.org\/wp-content\/uploads\/2018\/10\/20093156\/lo-stile-italiano.jpg\",\"width\":600,\"height\":850},{\"@type\":\"BreadcrumbList\",\"@id\":\"https:\/\/www.fondazionepirelli.org\/it\/cultura-dimpresa\/bella-cultura-italiana-del-produrre\/#breadcrumb\",\"itemListElement\":[{\"@type\":\"ListItem\",\"position\":1,\"name\":\"Home\",\"item\":\"https:\/\/www.fondazionepirelli.org\/it\/\"},{\"@type\":\"ListItem\",\"position\":2,\"name\":\"Bella cultura italiana del produrre\"}]},{\"@type\":\"WebSite\",\"@id\":\"https:\/\/www.fondazionepirelli.org\/it\/#website\",\"url\":\"https:\/\/www.fondazionepirelli.org\/it\/\",\"name\":\"Fondazione Pirelli\",\"description\":\"\",\"potentialAction\":[{\"@type\":\"SearchAction\",\"target\":{\"@type\":\"EntryPoint\",\"urlTemplate\":\"https:\/\/www.fondazionepirelli.org\/it\/?s={search_term_string}\"},\"query-input\":{\"@type\":\"PropertyValueSpecification\",\"valueRequired\":true,\"valueName\":\"search_term_string\"}}],\"inLanguage\":\"it-IT\"},{\"@type\":\"Person\",\"@id\":\"https:\/\/www.fondazionepirelli.org\/it\/#\/schema\/person\/f47d097000832c4a6e54538c791fdf25\",\"name\":\"fondadmin\",\"image\":{\"@type\":\"ImageObject\",\"inLanguage\":\"it-IT\",\"@id\":\"https:\/\/www.fondazionepirelli.org\/it\/#\/schema\/person\/image\/\",\"url\":\"https:\/\/secure.gravatar.com\/avatar\/e69498a9175ca244966e51e53c88712c024fcebe41f9a05f75657f1bb25e489b?s=96&d=mm&r=g\",\"contentUrl\":\"https:\/\/secure.gravatar.com\/avatar\/e69498a9175ca244966e51e53c88712c024fcebe41f9a05f75657f1bb25e489b?s=96&d=mm&r=g\",\"caption\":\"fondadmin\"},\"url\":\"https:\/\/www.fondazionepirelli.org\/it\/author\/fondadmin\/\"}]}<\/script>\n<!-- \/ Yoast SEO plugin. -->","yoast_head_json":{"title":"Bella cultura italiana del produrre - Fondazione Pirelli","robots":{"index":"index","follow":"follow","max-snippet":"max-snippet:-1","max-image-preview":"max-image-preview:large","max-video-preview":"max-video-preview:-1"},"canonical":"https:\/\/www.fondazionepirelli.org\/it\/cultura-dimpresa\/bella-cultura-italiana-del-produrre\/","og_locale":"it_IT","og_type":"article","og_title":"Bella cultura italiana del produrre - Fondazione Pirelli","og_description":"In un libro la storia e il significato del nostro stile \u00a0 Manifattura e bellezza. Industria e cultura. Cultura d\u2019impresa, appunto. Con tutte le cautele del caso; perch\u00e9 certamente fare industria, artigianato, manifattura, produrre insomma, \u00e8 anche fatica e impegno, rischio, volont\u00e0 dura di arrivare, determinazione e costanza. Ma, al di l\u00e0 di tutto questo, [&hellip;]","og_url":"https:\/\/www.fondazionepirelli.org\/it\/cultura-dimpresa\/bella-cultura-italiana-del-produrre\/","og_site_name":"Fondazione Pirelli","article_published_time":"2018-10-30T00:00:00+00:00","article_modified_time":"2019-09-20T07:32:04+00:00","og_image":[{"width":600,"height":850,"url":"https:\/\/wpsite-assets.fondazionepirelli.org\/wp-content\/uploads\/2018\/10\/20093156\/lo-stile-italiano.jpg","type":"image\/jpeg"}],"author":"fondadmin","twitter_card":"summary_large_image","twitter_misc":{"Scritto da":"fondadmin","Tempo di lettura stimato":"3 minuti"},"schema":{"@context":"https:\/\/schema.org","@graph":[{"@type":"WebPage","@id":"https:\/\/www.fondazionepirelli.org\/it\/cultura-dimpresa\/bella-cultura-italiana-del-produrre\/","url":"https:\/\/www.fondazionepirelli.org\/it\/cultura-dimpresa\/bella-cultura-italiana-del-produrre\/","name":"Bella cultura italiana del produrre - Fondazione Pirelli","isPartOf":{"@id":"https:\/\/www.fondazionepirelli.org\/it\/#website"},"primaryImageOfPage":{"@id":"https:\/\/www.fondazionepirelli.org\/it\/cultura-dimpresa\/bella-cultura-italiana-del-produrre\/#primaryimage"},"image":{"@id":"https:\/\/www.fondazionepirelli.org\/it\/cultura-dimpresa\/bella-cultura-italiana-del-produrre\/#primaryimage"},"thumbnailUrl":"https:\/\/wpsite-assets.fondazionepirelli.org\/wp-content\/uploads\/2018\/10\/20093156\/lo-stile-italiano.jpg","datePublished":"2018-10-30T00:00:00+00:00","dateModified":"2019-09-20T07:32:04+00:00","author":{"@id":"https:\/\/www.fondazionepirelli.org\/it\/#\/schema\/person\/f47d097000832c4a6e54538c791fdf25"},"breadcrumb":{"@id":"https:\/\/www.fondazionepirelli.org\/it\/cultura-dimpresa\/bella-cultura-italiana-del-produrre\/#breadcrumb"},"inLanguage":"it-IT","potentialAction":[{"@type":"ReadAction","target":["https:\/\/www.fondazionepirelli.org\/it\/cultura-dimpresa\/bella-cultura-italiana-del-produrre\/"]}]},{"@type":"ImageObject","inLanguage":"it-IT","@id":"https:\/\/www.fondazionepirelli.org\/it\/cultura-dimpresa\/bella-cultura-italiana-del-produrre\/#primaryimage","url":"https:\/\/wpsite-assets.fondazionepirelli.org\/wp-content\/uploads\/2018\/10\/20093156\/lo-stile-italiano.jpg","contentUrl":"https:\/\/wpsite-assets.fondazionepirelli.org\/wp-content\/uploads\/2018\/10\/20093156\/lo-stile-italiano.jpg","width":600,"height":850},{"@type":"BreadcrumbList","@id":"https:\/\/www.fondazionepirelli.org\/it\/cultura-dimpresa\/bella-cultura-italiana-del-produrre\/#breadcrumb","itemListElement":[{"@type":"ListItem","position":1,"name":"Home","item":"https:\/\/www.fondazionepirelli.org\/it\/"},{"@type":"ListItem","position":2,"name":"Bella cultura italiana del produrre"}]},{"@type":"WebSite","@id":"https:\/\/www.fondazionepirelli.org\/it\/#website","url":"https:\/\/www.fondazionepirelli.org\/it\/","name":"Fondazione Pirelli","description":"","potentialAction":[{"@type":"SearchAction","target":{"@type":"EntryPoint","urlTemplate":"https:\/\/www.fondazionepirelli.org\/it\/?s={search_term_string}"},"query-input":{"@type":"PropertyValueSpecification","valueRequired":true,"valueName":"search_term_string"}}],"inLanguage":"it-IT"},{"@type":"Person","@id":"https:\/\/www.fondazionepirelli.org\/it\/#\/schema\/person\/f47d097000832c4a6e54538c791fdf25","name":"fondadmin","image":{"@type":"ImageObject","inLanguage":"it-IT","@id":"https:\/\/www.fondazionepirelli.org\/it\/#\/schema\/person\/image\/","url":"https:\/\/secure.gravatar.com\/avatar\/e69498a9175ca244966e51e53c88712c024fcebe41f9a05f75657f1bb25e489b?s=96&d=mm&r=g","contentUrl":"https:\/\/secure.gravatar.com\/avatar\/e69498a9175ca244966e51e53c88712c024fcebe41f9a05f75657f1bb25e489b?s=96&d=mm&r=g","caption":"fondadmin"},"url":"https:\/\/www.fondazionepirelli.org\/it\/author\/fondadmin\/"}]}},"_links":{"self":[{"href":"https:\/\/www.fondazionepirelli.org\/it\/wp-json\/wp\/v2\/posts\/52080\/"}],"collection":[{"href":"https:\/\/www.fondazionepirelli.org\/it\/wp-json\/wp\/v2\/posts\/"}],"about":[{"href":"https:\/\/www.fondazionepirelli.org\/it\/wp-json\/wp\/v2\/types\/post\/"}],"author":[{"embeddable":true,"href":"https:\/\/www.fondazionepirelli.org\/it\/wp-json\/wp\/v2\/users\/1\/"}],"replies":[{"embeddable":true,"href":"https:\/\/www.fondazionepirelli.org\/it\/wp-json\/wp\/v2\/comments\/?post=52080"}],"version-history":[{"count":2,"href":"https:\/\/www.fondazionepirelli.org\/it\/wp-json\/wp\/v2\/posts\/52080\/revisions\/"}],"predecessor-version":[{"id":68888,"href":"https:\/\/www.fondazionepirelli.org\/it\/wp-json\/wp\/v2\/posts\/52080\/revisions\/68888\/"}],"wp:featuredmedia":[{"embeddable":true,"href":"https:\/\/www.fondazionepirelli.org\/it\/wp-json\/wp\/v2\/media\/68886\/"}],"wp:attachment":[{"href":"https:\/\/www.fondazionepirelli.org\/it\/wp-json\/wp\/v2\/media\/?parent=52080"}],"wp:term":[{"taxonomy":"category","embeddable":true,"href":"https:\/\/www.fondazionepirelli.org\/it\/wp-json\/wp\/v2\/categories\/?post=52080"},{"taxonomy":"post_tag","embeddable":true,"href":"https:\/\/www.fondazionepirelli.org\/it\/wp-json\/wp\/v2\/tags\/?post=52080"}],"curies":[{"name":"wp","href":"https:\/\/api.w.org\/{rel}","templated":true}]}}