{"id":52082,"date":"2018-10-30T00:00:00","date_gmt":"2018-10-30T00:00:00","guid":{"rendered":"http:\/\/www.fondazionepirelli.org\/fondazione-pirelli\/eta-e-produttivita\/"},"modified":"2019-05-09T09:02:13","modified_gmt":"2019-05-09T09:02:13","slug":"eta-e-produttivita","status":"publish","type":"post","link":"https:\/\/www.fondazionepirelli.org\/it\/cultura-dimpresa\/eta-e-produttivita\/","title":{"rendered":"Et\u00e0 e produttivit\u00e0"},"content":{"rendered":"<p><em>Una tesi di dottorato approfondisce i collegamenti fra invecchiamento della popolazione, innovazione e necessit\u00e0 di aggiornamento<\/em><\/p>\n<p><strong>\u00a0<\/strong><\/p>\n<p>L\u2019impresa non \u00e8 avulsa dal contesto sociale e territoriale in cui \u00e8 collocata. E\u2019 una constatazione che vale per tutti gli aspetti collegati alla produzione, ma che spesso non viene colta completamente. Il fatto che un sistema di produzione sia inserito in un determinato contesto sociale, influisce per esempio anche sulla qualit\u00e0 del lavoro dal punto di vista della composizione demografica, e quindi sulla capacit\u00e0 di stare al passo con il progresso tecnologico. Un aspetto importante della cultura d\u2019impresa, la relazione fra innovazione e invecchiamento della popolazione di lavoratori \u00e8 il tema studiato da Corrado Polli nella sua\u00a0 Tesi di Dottorato di ricerca presso la Scuola di Scienze Statistiche all\u2019Universit\u00e0 Sapienza di Roma.<\/p>\n<p>\u201cInvecchiamento, produttivit\u00e0 e cambiamenti strutturali del mercato del lavoro: il ruolo della formazione\u201d ragiona sul progresso tecnologico, sull\u2019invecchiamento delle popolazione e sulle circostanze che determinano la perdita di lavoro. Polli predispone con ordine gli elementi della sua indagine, iniziando da una analisi della realt\u00e0 demografica per poi passare a quella delle componenti tecnologiche dell\u2019evoluzione della societ\u00e0 e della produzione (manifatturiera ma non solo). Lo scollamento fra tecnologie e capacit\u00e0 dei lavoratori viene colto attraverso un approfondimento della produttivit\u00e0 di questi ultimi. Un\u2019attenzione particolare, infine, viene dedicata alla situazione dei lavoratori con pi\u00f9 di 50 anni &#8211; nella gran parte dei casi forniti di una bassa qualificazione -, a confronto con le richieste di conoscenze diverse dal passato e comuni oggi nella gran parte delle imprese.<\/p>\n<p>L\u2019indicazione generale di Polli alla conclusione del suo lavoro, punta a dimostrare l\u2019efficacia di una formazione specifica in relazione all\u2019et\u00e0, all\u2019istruzione e al lavoro. Un meccanismo che ha come obiettivo quello di assicurare da un lato una buona produttivit\u00e0 e, dall\u2019altro, contenere la crescita di una disoccupazione tecnologica difficilmente gestibile. Al di l\u00e0 di tutto questo, poi, la ricerca di Corrado Polli \u00e8 una ulteriore prova della complessit\u00e0 di una cultura d\u2019impresa in continua evoluzione e nella quale l\u2019uomo deve essere al centro.<\/p><p><strong>Invecchiamento, produttivit\u00e0 e cambiamenti strutturali del mercato del lavoro: il ruolo della formazione <\/strong><\/p>\n<p>Corrado Polli<\/p>\n<p>Tesi, Dottorato di ricerca Scuola di Scienze Statistiche, Universit\u00e0 Sapienza, Roma, 2018<\/p>","protected":false},"excerpt":{"rendered":"<p>Una tesi di dottorato approfondisce i collegamenti fra invecchiamento della popolazione, innovazione e necessit\u00e0 di aggiornamento \u00a0 L\u2019impresa non \u00e8 avulsa dal contesto sociale e territoriale in cui \u00e8 collocata. E\u2019 una constatazione che vale per tutti gli aspetti collegati alla produzione, ma che spesso non viene colta completamente. Il fatto che un sistema di [&hellip;]<\/p>\n","protected":false},"author":1,"featured_media":0,"comment_status":"open","ping_status":"open","sticky":false,"template":"","format":"standard","meta":{"footnotes":""},"categories":[54,52],"tags":[],"class_list":["post-52082","post","type-post","status-publish","format-standard","hentry","category-approfondimenti","category-cultura-dimpresa"],"acf":[],"yoast_head":"<!-- This site is optimized with the Yoast SEO plugin v25.0 - https:\/\/yoast.com\/wordpress\/plugins\/seo\/ -->\n<title>Et\u00e0 e produttivit\u00e0 - Fondazione Pirelli<\/title>\n<meta name=\"robots\" content=\"index, follow, max-snippet:-1, max-image-preview:large, max-video-preview:-1\" \/>\n<link rel=\"canonical\" href=\"https:\/\/www.fondazionepirelli.org\/it\/cultura-dimpresa\/eta-e-produttivita\/\" \/>\n<meta property=\"og:locale\" content=\"it_IT\" \/>\n<meta property=\"og:type\" content=\"article\" \/>\n<meta property=\"og:title\" content=\"Et\u00e0 e produttivit\u00e0 - Fondazione Pirelli\" \/>\n<meta property=\"og:description\" content=\"Una tesi di dottorato approfondisce i collegamenti fra invecchiamento della popolazione, innovazione e necessit\u00e0 di aggiornamento \u00a0 L\u2019impresa non \u00e8 avulsa dal contesto sociale e territoriale in cui \u00e8 collocata. E\u2019 una constatazione che vale per tutti gli aspetti collegati alla produzione, ma che spesso non viene colta completamente. Il fatto che un sistema di [&hellip;]\" \/>\n<meta property=\"og:url\" content=\"https:\/\/127.0.0.1\/it\/cultura-dimpresa\/eta-e-produttivita\/\" \/>\n<meta property=\"og:site_name\" content=\"Fondazione Pirelli\" \/>\n<meta property=\"article:published_time\" content=\"2018-10-30T00:00:00+00:00\" \/>\n<meta property=\"article:modified_time\" content=\"2019-05-09T09:02:13+00:00\" \/>\n<meta name=\"author\" content=\"fondadmin\" \/>\n<meta name=\"twitter:card\" content=\"summary_large_image\" \/>\n<meta name=\"twitter:label1\" content=\"Scritto da\" \/>\n\t<meta name=\"twitter:data1\" content=\"fondadmin\" \/>\n\t<meta name=\"twitter:label2\" content=\"Tempo di lettura stimato\" \/>\n\t<meta name=\"twitter:data2\" content=\"2 minuti\" \/>\n<script type=\"application\/ld+json\" class=\"yoast-schema-graph\">{\"@context\":\"https:\/\/schema.org\",\"@graph\":[{\"@type\":\"WebPage\",\"@id\":\"https:\/\/127.0.0.1\/it\/cultura-dimpresa\/eta-e-produttivita\/\",\"url\":\"https:\/\/127.0.0.1\/it\/cultura-dimpresa\/eta-e-produttivita\/\",\"name\":\"Et\u00e0 e produttivit\u00e0 - Fondazione Pirelli\",\"isPartOf\":{\"@id\":\"https:\/\/www.fondazionepirelli.org\/it\/#website\"},\"datePublished\":\"2018-10-30T00:00:00+00:00\",\"dateModified\":\"2019-05-09T09:02:13+00:00\",\"author\":{\"@id\":\"https:\/\/www.fondazionepirelli.org\/it\/#\/schema\/person\/f47d097000832c4a6e54538c791fdf25\"},\"breadcrumb\":{\"@id\":\"https:\/\/127.0.0.1\/it\/cultura-dimpresa\/eta-e-produttivita\/#breadcrumb\"},\"inLanguage\":\"it-IT\",\"potentialAction\":[{\"@type\":\"ReadAction\",\"target\":[\"https:\/\/127.0.0.1\/it\/cultura-dimpresa\/eta-e-produttivita\/\"]}]},{\"@type\":\"BreadcrumbList\",\"@id\":\"https:\/\/127.0.0.1\/it\/cultura-dimpresa\/eta-e-produttivita\/#breadcrumb\",\"itemListElement\":[{\"@type\":\"ListItem\",\"position\":1,\"name\":\"Home\",\"item\":\"https:\/\/www.fondazionepirelli.org\/it\/\"},{\"@type\":\"ListItem\",\"position\":2,\"name\":\"Et\u00e0 e produttivit\u00e0\"}]},{\"@type\":\"WebSite\",\"@id\":\"https:\/\/www.fondazionepirelli.org\/it\/#website\",\"url\":\"https:\/\/www.fondazionepirelli.org\/it\/\",\"name\":\"Fondazione Pirelli\",\"description\":\"\",\"potentialAction\":[{\"@type\":\"SearchAction\",\"target\":{\"@type\":\"EntryPoint\",\"urlTemplate\":\"https:\/\/www.fondazionepirelli.org\/it\/?s={search_term_string}\"},\"query-input\":{\"@type\":\"PropertyValueSpecification\",\"valueRequired\":true,\"valueName\":\"search_term_string\"}}],\"inLanguage\":\"it-IT\"},{\"@type\":\"Person\",\"@id\":\"https:\/\/www.fondazionepirelli.org\/it\/#\/schema\/person\/f47d097000832c4a6e54538c791fdf25\",\"name\":\"fondadmin\",\"image\":{\"@type\":\"ImageObject\",\"inLanguage\":\"it-IT\",\"@id\":\"https:\/\/www.fondazionepirelli.org\/it\/#\/schema\/person\/image\/\",\"url\":\"https:\/\/secure.gravatar.com\/avatar\/e69498a9175ca244966e51e53c88712c024fcebe41f9a05f75657f1bb25e489b?s=96&d=mm&r=g\",\"contentUrl\":\"https:\/\/secure.gravatar.com\/avatar\/e69498a9175ca244966e51e53c88712c024fcebe41f9a05f75657f1bb25e489b?s=96&d=mm&r=g\",\"caption\":\"fondadmin\"},\"url\":\"https:\/\/www.fondazionepirelli.org\/it\/author\/fondadmin\/\"}]}<\/script>\n<!-- \/ Yoast SEO plugin. -->","yoast_head_json":{"title":"Et\u00e0 e produttivit\u00e0 - Fondazione Pirelli","robots":{"index":"index","follow":"follow","max-snippet":"max-snippet:-1","max-image-preview":"max-image-preview:large","max-video-preview":"max-video-preview:-1"},"canonical":"https:\/\/www.fondazionepirelli.org\/it\/cultura-dimpresa\/eta-e-produttivita\/","og_locale":"it_IT","og_type":"article","og_title":"Et\u00e0 e produttivit\u00e0 - Fondazione Pirelli","og_description":"Una tesi di dottorato approfondisce i collegamenti fra invecchiamento della popolazione, innovazione e necessit\u00e0 di aggiornamento \u00a0 L\u2019impresa non \u00e8 avulsa dal contesto sociale e territoriale in cui \u00e8 collocata. E\u2019 una constatazione che vale per tutti gli aspetti collegati alla produzione, ma che spesso non viene colta completamente. Il fatto che un sistema di [&hellip;]","og_url":"https:\/\/127.0.0.1\/it\/cultura-dimpresa\/eta-e-produttivita\/","og_site_name":"Fondazione Pirelli","article_published_time":"2018-10-30T00:00:00+00:00","article_modified_time":"2019-05-09T09:02:13+00:00","author":"fondadmin","twitter_card":"summary_large_image","twitter_misc":{"Scritto da":"fondadmin","Tempo di lettura stimato":"2 minuti"},"schema":{"@context":"https:\/\/schema.org","@graph":[{"@type":"WebPage","@id":"https:\/\/127.0.0.1\/it\/cultura-dimpresa\/eta-e-produttivita\/","url":"https:\/\/127.0.0.1\/it\/cultura-dimpresa\/eta-e-produttivita\/","name":"Et\u00e0 e produttivit\u00e0 - Fondazione Pirelli","isPartOf":{"@id":"https:\/\/www.fondazionepirelli.org\/it\/#website"},"datePublished":"2018-10-30T00:00:00+00:00","dateModified":"2019-05-09T09:02:13+00:00","author":{"@id":"https:\/\/www.fondazionepirelli.org\/it\/#\/schema\/person\/f47d097000832c4a6e54538c791fdf25"},"breadcrumb":{"@id":"https:\/\/127.0.0.1\/it\/cultura-dimpresa\/eta-e-produttivita\/#breadcrumb"},"inLanguage":"it-IT","potentialAction":[{"@type":"ReadAction","target":["https:\/\/127.0.0.1\/it\/cultura-dimpresa\/eta-e-produttivita\/"]}]},{"@type":"BreadcrumbList","@id":"https:\/\/127.0.0.1\/it\/cultura-dimpresa\/eta-e-produttivita\/#breadcrumb","itemListElement":[{"@type":"ListItem","position":1,"name":"Home","item":"https:\/\/www.fondazionepirelli.org\/it\/"},{"@type":"ListItem","position":2,"name":"Et\u00e0 e produttivit\u00e0"}]},{"@type":"WebSite","@id":"https:\/\/www.fondazionepirelli.org\/it\/#website","url":"https:\/\/www.fondazionepirelli.org\/it\/","name":"Fondazione Pirelli","description":"","potentialAction":[{"@type":"SearchAction","target":{"@type":"EntryPoint","urlTemplate":"https:\/\/www.fondazionepirelli.org\/it\/?s={search_term_string}"},"query-input":{"@type":"PropertyValueSpecification","valueRequired":true,"valueName":"search_term_string"}}],"inLanguage":"it-IT"},{"@type":"Person","@id":"https:\/\/www.fondazionepirelli.org\/it\/#\/schema\/person\/f47d097000832c4a6e54538c791fdf25","name":"fondadmin","image":{"@type":"ImageObject","inLanguage":"it-IT","@id":"https:\/\/www.fondazionepirelli.org\/it\/#\/schema\/person\/image\/","url":"https:\/\/secure.gravatar.com\/avatar\/e69498a9175ca244966e51e53c88712c024fcebe41f9a05f75657f1bb25e489b?s=96&d=mm&r=g","contentUrl":"https:\/\/secure.gravatar.com\/avatar\/e69498a9175ca244966e51e53c88712c024fcebe41f9a05f75657f1bb25e489b?s=96&d=mm&r=g","caption":"fondadmin"},"url":"https:\/\/www.fondazionepirelli.org\/it\/author\/fondadmin\/"}]}},"_links":{"self":[{"href":"https:\/\/www.fondazionepirelli.org\/it\/wp-json\/wp\/v2\/posts\/52082\/"}],"collection":[{"href":"https:\/\/www.fondazionepirelli.org\/it\/wp-json\/wp\/v2\/posts\/"}],"about":[{"href":"https:\/\/www.fondazionepirelli.org\/it\/wp-json\/wp\/v2\/types\/post\/"}],"author":[{"embeddable":true,"href":"https:\/\/www.fondazionepirelli.org\/it\/wp-json\/wp\/v2\/users\/1\/"}],"replies":[{"embeddable":true,"href":"https:\/\/www.fondazionepirelli.org\/it\/wp-json\/wp\/v2\/comments\/?post=52082"}],"version-history":[{"count":1,"href":"https:\/\/www.fondazionepirelli.org\/it\/wp-json\/wp\/v2\/posts\/52082\/revisions\/"}],"predecessor-version":[{"id":52300,"href":"https:\/\/www.fondazionepirelli.org\/it\/wp-json\/wp\/v2\/posts\/52082\/revisions\/52300\/"}],"wp:attachment":[{"href":"https:\/\/www.fondazionepirelli.org\/it\/wp-json\/wp\/v2\/media\/?parent=52082"}],"wp:term":[{"taxonomy":"category","embeddable":true,"href":"https:\/\/www.fondazionepirelli.org\/it\/wp-json\/wp\/v2\/categories\/?post=52082"},{"taxonomy":"post_tag","embeddable":true,"href":"https:\/\/www.fondazionepirelli.org\/it\/wp-json\/wp\/v2\/tags\/?post=52082"}],"curies":[{"name":"wp","href":"https:\/\/api.w.org\/{rel}","templated":true}]}}