{"id":52089,"date":"2018-10-23T00:00:00","date_gmt":"2018-10-23T00:00:00","guid":{"rendered":"http:\/\/www.fondazionepirelli.org\/fondazione-pirelli\/lallarme-delle-imprese-sui-rischi-per-lavoro-e-sviluppo-e-le-parole-di-mattarella-allassolombarda-responsabilita\/"},"modified":"2019-09-24T15:53:22","modified_gmt":"2019-09-24T13:53:22","slug":"lallarme-delle-imprese-sui-rischi-per-lavoro-e-sviluppo-e-le-parole-di-mattarella-allassolombarda-responsabilita","status":"publish","type":"post","link":"https:\/\/www.fondazionepirelli.org\/it\/cultura-dimpresa\/lallarme-delle-imprese-sui-rischi-per-lavoro-e-sviluppo-e-le-parole-di-mattarella-allassolombarda-responsabilita\/","title":{"rendered":"L\u2019allarme delle imprese sui rischi per lavoro e sviluppo e le parole di Mattarella all\u2019Assolombarda: responsabilit\u00e0"},"content":{"rendered":"<p>Mestiere di chi fa politica e governa \u00e8 cercare di cambiare i numeri delle cose che non vanno. Non negandoli o falsificandoli, naturalmente. Ma lavorando (con scelte, riforme, atti amministrativi, accordi, trattati) per costruire nuovi equilibri, migliori condizioni di sviluppo economico, di lavoro e di vita. Per farlo, per\u00f2, \u00e8 necessario conoscerli, i <strong>numeri<\/strong>, i dati (i bilanci, gli indici, le statistiche) che dicono come stanno le cose. Altrimenti il governante demagogo e incurante va a sbattere contro \u201cla realt\u00e0 testarda dei numeri\u201d, come sottolinea giustamente Francesco Giavazzi, un competente economista, sulla prima pagina del Corriere della Sera (20 ottobre).<\/p>\n<p>Quali numeri? Quelli che hanno portato al downgrade di Moody\u2019s sul nostro debito pubblico a Baa3, appena un gradino sopra il livello dei \u201ctitoli spazzatura\u201d (\u201cun deficit molto pi\u00f9 elevato rispetto alle attese\u201d e previsioni di crescita fatte dal governo per il 2019, l\u20191,5% del Pil, su cui \u00e8 basata la manovra, troppo \u201cottimistiche\u201d e cio\u00e8 poco credibili; il nostro debito in rapporto al Pil dunque non si ridurr\u00e0 ma crescer\u00e0). Lo spread in crescita, ben oltre i 330 punti base, con timori che tocchi 400 (il che vuol dire denaro pi\u00f9 caro per finanziare i 400 miliardi annui di titoli pubblici, perch\u00e9 come debitori siamo poco credibili e il premio al rischio di prestarci soldi aumenta). Quel 2,4% di rapporto tra deficit e Pil (legato a programmi di spesa pubblica corrente per reddito di cittadinanza e pensioni) che la Ue ritiene fuori dalle regole e dagli equilibri finanziari. I 67 miliardi di capitali investiti in Btp che da maggio ad agosto sono andati via dall\u2019Italia perch\u00e9 gli investitori internazionali non si fidano d\u2019una Italia governata confusamente dai \u201cgialloverdi\u201d (e l\u2019emorragia finanziaria continua. Il rallentamento dell\u2019economia, calcolato da Istati, Fmi, Confindustria e Confcommercio: l\u20191% appena del Pil, forse peggio ancora lo 0,9, altro che l\u20191,5 \u201cottimista\u201d del governo.<\/p>\n<p>Preferiamo i cittadini ai \u201cnumerini\u201d, la felicit\u00e0 del popolo alle valutazioni dei \u201c<strong>signori dello spread<\/strong>\u201d, i diritti dei poveri ai giudizi del \u201cmercato\u201d e dei \u201cpoteri forti\u201d, dicono i demagoghi al governo. Ma i \u201cnumerini\u201d sono i nostri redditi e i nostri risparmi, i posti di lavoro che le imprese non potranno pi\u00f9 creare perch\u00e9 prevale l\u2019incertezza delle regole su mercato del lavoro, fisco (i condoni hanno nel medio periodo un effetto devastante sul comportamento e le aspettative delle imprese oneste e in regola con le tasse), esportazioni (minacciate da tentazioni protezioniste, visto che sono orientate all\u2019export e ai mercati aperti). I \u201cnumerini\u201d sono i mutui che costeranno di pi\u00f9 alle famiglie e i crediti pi\u00f9 difficili da ottenere e pi\u00f9 costosi che aggraveranno i bilanci delle imprese (\u201cCredit crunch e rialzo dei tassi, doppia scure per le imprese\u201d, ha titolato domenica 21 ottobre, conti alla mano, un quotidiano che sa lavorare bene con i numeri, \u201cIl Sole24Ore\u201d). I \u201cnumerini\u201d sono i tagli ai finanziamenti e ai sostegni fiscali per le imprese che, con l\u2019evoluzione digitale e \u201c<strong>Industria4.0<\/strong>\u201d hanno investito, innovato e creato ricchezza e lavoro. I \u201cnumerini\u201d sono i soldi che nella manovra non ci sono per finanziare ricerca, innovazione, scuola, formazione scientifica e tecnologica, brevetti, \u201cstart up\u201d dei giovani che, da imprenditori, vogliono creare futuro, ricchezza, lavoro e uscire cos\u00ec dalle secche di una generazione impoverita e smarrita. I \u201cnumerini\u201d sono il blocco delle opere pubbliche gi\u00e0 avviate. Come denuncia bene Pietro Salini, amministratore delegato di Salini Impregilo, una delle imprese di costruzione italiane pi\u00f9 apprezzate nel mondo (ha appena vinto un appalto da 700 milioni per la Grand Paris Express, un nuovo sistema di trasporti della capitale francese): \u201cI ritardi decisionali del governo sulle opere in portafoglio in Italia pregiudicano 5mila assunzioni e 800 milioni di fatturato\u201d.<\/p>\n<p>Hanno dunque perfettamente ragione le imprese a esprimere la loro seria preoccupazione per l\u2019andamento della situazione economica, i programmi di governo, le sfide temerarie con l\u2019Europa. \u201cRischiamo un futuro spazzatura\u201d, ha sostenuto Alessio Rossi, presidente dei Giovani Imprenditori di Confindustria, sabato 20, al convegno annuale dell\u2019associazione a Capri. \u201cNo a uno Stato padre e madre\u201d che investe sull\u2019assistenzialismo e non sulla competitivit\u00e0, sui sussidi e non sul lavoro e sulle infrastrutture, ha detto gioved\u00ec 18 Carlo Bonomi, presidente di Assolombarda, all\u2019assemblea annuale della maggiore organizzazione territoriale di Confindustria, 6mila imprese iscritte, in gran parte piccole e medie, quasi tutte molto innovative e internazionali. E contro una politica di governo che blocca opere pubbliche, rallenta l\u2019export con tentazioni protezioniste, non investe se non in redditi senza lavoro e pensioni anticipate (e quasi tutto a debito, poi), compromette il ruolo dell\u2019Italia in Europa e mina la tenuta della moneta comune, l\u2019euro (salvo rassicurare a parole di non volerne uscire) si stanno pronunciando gli imprenditori del Lazio e del Veneto, del Piemonte e dell\u2019Emilia, di importanti gruppi di settore: tutto quel \u201cpartito del Pil\u201d che il governo tiene in scarsissimo conto, seguendo l\u2019ideologia, soprattutto \u201cgrillina\u201d che considera \u201cle imprese\u201d contrapposte al \u201cpopolo\u201d: sociologia rozza, demagogica, rischiosa.<\/p>\n<p>Le imprese non sono l\u2019opposizione, non tifano per il governo o per i suoi avversari politici. Ma sanno leggere bene la realt\u00e0 che hanno di fronte, conoscono il valore del mercato e i valori delle persone e del territori. E sono giustamente in allarme. La loro voce \u00e8 quella dell\u2019Italia attiva, delle forze di cambiamento reale che in tante altre occasioni hanno determinato un migliore destino del Paese: dalla Ricostruzione dopo il disastro della guerra e del fascismo (ha ragione Aldo Cazzullo quando, nelle pagine di \u201cNon avremo pi\u00f9 fame\u201d, il suo ultimo libro per Mondadori, sostiene che bisogna usare la R maiuscola, come per Risorgimento e per Resistenza) al boom economico degli anni Cinquanta e Sessanta, dalla lotta al terrorismo per superare \u201cgli anni di piombo\u201d all\u2019impegno per riemergere dalla gravissima crisi dei primi anni Novanta, legandosi alla Ue e all\u2019euro.<\/p>\n<p>Una voce, dunque, da ascoltare, con attenzione e rispetto.<\/p>\n<p>All\u2019assemblea di <strong>Assolombarda<\/strong>, grandi applausi sono stati indirizzati dagli imprenditori presenti allo Scala, in un affollatissimo teatro, al messaggio inviato dal presidente della Repubblica Sergio Mattarella, un\u2019istituzione cui gli imprenditori guardano in termini di fiducia, valori, garanzie democratiche. Un messaggio tutt\u2019altro che rituale, da leggere e rileggere con attenzione. Eccolo, cominciano dall\u2019apprezzamento del Quirinale per Milano: \u201cMilano e la Lombardia sono espressione di un modello caratterizzato dall\u2019interazione virtuosa tra manifattura, servizi, istituti di ricerca e universit\u00e0, con risultati pregevoli in termini di innovazione, attrazione di talenti, creativit\u00e0\u201d. E sono \u201cportatori del desiderio di un futuro migliore, basato su senso di responsabilit\u00e0, maturit\u00e0 da parte della societ\u00e0 civile, delle istituzioni, delle imprese\u201d. C\u2019\u00e8 insomma \u201cun sentimento profondo di comunit\u00e0 al quale non \u00e8 estraneo, bens\u00ec protagonista, il mondo delle imprese\u201d.<\/p>\n<p>All\u2019azione di questo mondo, ricorda il presidente Mattarella, \u201c\u00e8 dovuta in larga misura la capacit\u00e0 di creare connessioni, facendo crescere internazionalizzazione, integrazione tra sistemi produttivi, qualit\u00e0 della vita\u201d.<\/p>\n<p>Milano e le imprese, dunque, come motore di sviluppo. Ma anche come attori sociali positivi, in condizioni di crisi. Sostiene Mattarella: \u201cLe aree metropolitane sono oggi grandi motori di sviluppo, oppure luoghi di emarginazione, di disagio. Visitando recentemente eccellenze di questi territori, a Milano e a Monza, ho avuto conferma di come la Lombardia e milano abbiano saputo essere, su molti terreni, luoghi fondamentali di guida, orientamento, approfondimento\u201d. Perch\u00e9? \u201cSi tratta della valorizzazione di quel senso e di quelle virt\u00f9 civiche che sanno creare autentica interdipendenza, unendo tra loro le risorse messe in campo dalle imprese con le finalit\u00e0 generali del Paese\u201d.<\/p>\n<p>Sostiene ancora il presidente della Repubblica, contro chiusure e protezionismi, altri temi cari al mondo delle imprese: \u201cLa qualit\u00e0 delle aziende italiane e la loro abilit\u00e0 di affermarsi sui mercati internazionali inserendosi nelle catene del valore globale prospera solo in un mondo aperto e integrato. Il rallentamento del ciclo del commercio internazionale, i segnali di ulteriori tensioni e misure protezionistiche rischiano di pesare sulla fiducia\u201d.<\/p>\n<p>Che fare?\u00a0 \u201c&Egrave; indispensabile uno sforzo condiviso per dimostrare la capacit\u00e0 del nostro Paese di affrontare le sfide. Servono un dialogo costruttivo e un alto senso di responsabilit\u00e0, da parte della politica, delle istituzioni, delle imprese, delle associazioni e della societ\u00e0 civile, per scelte consapevoli con una visione di lungo termine nell\u2019interesse collettivo\u201d.<\/p>\n<p>Un messaggio denso di indicazioni, dunque. Visioni di lungo termine sono appunto quelle che guidano le imprese. Interesse collettivo, il punto di riferimento. Per riprendere l\u2019idea di partenza, bisogna conoscere bene i numeri da cambiare. Senza dare i numeri.<\/p>\n","protected":false},"excerpt":{"rendered":"<p>Mestiere di chi fa politica e governa \u00e8 cercare di cambiare i numeri delle cose che non vanno. Non negandoli o falsificandoli, naturalmente. Ma lavorando (con scelte, riforme, atti amministrativi, accordi, trattati) per costruire nuovi equilibri, migliori condizioni di sviluppo economico, di lavoro e di vita. Per farlo, per\u00f2, \u00e8 necessario conoscerli, i numeri, i [&hellip;]<\/p>\n","protected":false},"author":1,"featured_media":69272,"comment_status":"open","ping_status":"open","sticky":false,"template":"","format":"standard","meta":{"footnotes":""},"categories":[53,52],"tags":[],"class_list":["post-52089","post","type-post","status-publish","format-standard","has-post-thumbnail","hentry","category-blog","category-cultura-dimpresa"],"acf":[],"yoast_head":"<!-- This site is optimized with the Yoast SEO plugin v25.0 - https:\/\/yoast.com\/wordpress\/plugins\/seo\/ -->\n<title>L\u2019allarme delle imprese sui rischi per lavoro e sviluppo e le parole di Mattarella all\u2019Assolombarda: responsabilit\u00e0 - Fondazione Pirelli<\/title>\n<meta name=\"robots\" content=\"index, follow, max-snippet:-1, max-image-preview:large, max-video-preview:-1\" \/>\n<link rel=\"canonical\" href=\"https:\/\/www.fondazionepirelli.org\/it\/cultura-dimpresa\/lallarme-delle-imprese-sui-rischi-per-lavoro-e-sviluppo-e-le-parole-di-mattarella-allassolombarda-responsabilita\/\" \/>\n<meta property=\"og:locale\" content=\"it_IT\" \/>\n<meta property=\"og:type\" content=\"article\" \/>\n<meta property=\"og:title\" content=\"L\u2019allarme delle imprese sui rischi per lavoro e sviluppo e le parole di Mattarella all\u2019Assolombarda: responsabilit\u00e0 - Fondazione Pirelli\" \/>\n<meta property=\"og:description\" content=\"Mestiere di chi fa politica e governa \u00e8 cercare di cambiare i numeri delle cose che non vanno. Non negandoli o falsificandoli, naturalmente. Ma lavorando (con scelte, riforme, atti amministrativi, accordi, trattati) per costruire nuovi equilibri, migliori condizioni di sviluppo economico, di lavoro e di vita. Per farlo, per\u00f2, \u00e8 necessario conoscerli, i numeri, i [&hellip;]\" \/>\n<meta property=\"og:url\" content=\"https:\/\/www.fondazionepirelli.org\/it\/cultura-dimpresa\/lallarme-delle-imprese-sui-rischi-per-lavoro-e-sviluppo-e-le-parole-di-mattarella-allassolombarda-responsabilita\/\" \/>\n<meta property=\"og:site_name\" content=\"Fondazione Pirelli\" \/>\n<meta property=\"article:published_time\" content=\"2018-10-23T00:00:00+00:00\" \/>\n<meta property=\"article:modified_time\" content=\"2019-09-24T13:53:22+00:00\" \/>\n<meta property=\"og:image\" content=\"https:\/\/wpsite-assets.fondazionepirelli.org\/wp-content\/uploads\/2018\/12\/24150727\/44199760_2030353233675038_7491472705770749952_o-e1569333186596.jpg\" \/>\n\t<meta property=\"og:image:width\" content=\"600\" \/>\n\t<meta property=\"og:image:height\" content=\"381\" \/>\n\t<meta property=\"og:image:type\" content=\"image\/jpeg\" \/>\n<meta name=\"author\" content=\"fondadmin\" \/>\n<meta name=\"twitter:card\" content=\"summary_large_image\" \/>\n<meta name=\"twitter:label1\" content=\"Scritto da\" \/>\n\t<meta name=\"twitter:data1\" content=\"fondadmin\" \/>\n\t<meta name=\"twitter:label2\" content=\"Tempo di lettura stimato\" \/>\n\t<meta name=\"twitter:data2\" content=\"7 minuti\" \/>\n<script type=\"application\/ld+json\" class=\"yoast-schema-graph\">{\"@context\":\"https:\/\/schema.org\",\"@graph\":[{\"@type\":\"WebPage\",\"@id\":\"https:\/\/www.fondazionepirelli.org\/it\/cultura-dimpresa\/lallarme-delle-imprese-sui-rischi-per-lavoro-e-sviluppo-e-le-parole-di-mattarella-allassolombarda-responsabilita\/\",\"url\":\"https:\/\/www.fondazionepirelli.org\/it\/cultura-dimpresa\/lallarme-delle-imprese-sui-rischi-per-lavoro-e-sviluppo-e-le-parole-di-mattarella-allassolombarda-responsabilita\/\",\"name\":\"L\u2019allarme delle imprese sui rischi per lavoro e sviluppo e le parole di Mattarella all\u2019Assolombarda: responsabilit\u00e0 - Fondazione Pirelli\",\"isPartOf\":{\"@id\":\"https:\/\/www.fondazionepirelli.org\/it\/#website\"},\"primaryImageOfPage\":{\"@id\":\"https:\/\/www.fondazionepirelli.org\/it\/cultura-dimpresa\/lallarme-delle-imprese-sui-rischi-per-lavoro-e-sviluppo-e-le-parole-di-mattarella-allassolombarda-responsabilita\/#primaryimage\"},\"image\":{\"@id\":\"https:\/\/www.fondazionepirelli.org\/it\/cultura-dimpresa\/lallarme-delle-imprese-sui-rischi-per-lavoro-e-sviluppo-e-le-parole-di-mattarella-allassolombarda-responsabilita\/#primaryimage\"},\"thumbnailUrl\":\"https:\/\/wpsite-assets.fondazionepirelli.org\/wp-content\/uploads\/2018\/12\/24150727\/44199760_2030353233675038_7491472705770749952_o-e1569333186596.jpg\",\"datePublished\":\"2018-10-23T00:00:00+00:00\",\"dateModified\":\"2019-09-24T13:53:22+00:00\",\"author\":{\"@id\":\"https:\/\/www.fondazionepirelli.org\/it\/#\/schema\/person\/f47d097000832c4a6e54538c791fdf25\"},\"breadcrumb\":{\"@id\":\"https:\/\/www.fondazionepirelli.org\/it\/cultura-dimpresa\/lallarme-delle-imprese-sui-rischi-per-lavoro-e-sviluppo-e-le-parole-di-mattarella-allassolombarda-responsabilita\/#breadcrumb\"},\"inLanguage\":\"it-IT\",\"potentialAction\":[{\"@type\":\"ReadAction\",\"target\":[\"https:\/\/www.fondazionepirelli.org\/it\/cultura-dimpresa\/lallarme-delle-imprese-sui-rischi-per-lavoro-e-sviluppo-e-le-parole-di-mattarella-allassolombarda-responsabilita\/\"]}]},{\"@type\":\"ImageObject\",\"inLanguage\":\"it-IT\",\"@id\":\"https:\/\/www.fondazionepirelli.org\/it\/cultura-dimpresa\/lallarme-delle-imprese-sui-rischi-per-lavoro-e-sviluppo-e-le-parole-di-mattarella-allassolombarda-responsabilita\/#primaryimage\",\"url\":\"https:\/\/wpsite-assets.fondazionepirelli.org\/wp-content\/uploads\/2018\/12\/24150727\/44199760_2030353233675038_7491472705770749952_o-e1569333186596.jpg\",\"contentUrl\":\"https:\/\/wpsite-assets.fondazionepirelli.org\/wp-content\/uploads\/2018\/12\/24150727\/44199760_2030353233675038_7491472705770749952_o-e1569333186596.jpg\",\"width\":600,\"height\":381},{\"@type\":\"BreadcrumbList\",\"@id\":\"https:\/\/www.fondazionepirelli.org\/it\/cultura-dimpresa\/lallarme-delle-imprese-sui-rischi-per-lavoro-e-sviluppo-e-le-parole-di-mattarella-allassolombarda-responsabilita\/#breadcrumb\",\"itemListElement\":[{\"@type\":\"ListItem\",\"position\":1,\"name\":\"Home\",\"item\":\"https:\/\/www.fondazionepirelli.org\/it\/\"},{\"@type\":\"ListItem\",\"position\":2,\"name\":\"L\u2019allarme delle imprese sui rischi per lavoro e sviluppo e le parole di Mattarella all\u2019Assolombarda: responsabilit\u00e0\"}]},{\"@type\":\"WebSite\",\"@id\":\"https:\/\/www.fondazionepirelli.org\/it\/#website\",\"url\":\"https:\/\/www.fondazionepirelli.org\/it\/\",\"name\":\"Fondazione Pirelli\",\"description\":\"\",\"potentialAction\":[{\"@type\":\"SearchAction\",\"target\":{\"@type\":\"EntryPoint\",\"urlTemplate\":\"https:\/\/www.fondazionepirelli.org\/it\/?s={search_term_string}\"},\"query-input\":{\"@type\":\"PropertyValueSpecification\",\"valueRequired\":true,\"valueName\":\"search_term_string\"}}],\"inLanguage\":\"it-IT\"},{\"@type\":\"Person\",\"@id\":\"https:\/\/www.fondazionepirelli.org\/it\/#\/schema\/person\/f47d097000832c4a6e54538c791fdf25\",\"name\":\"fondadmin\",\"image\":{\"@type\":\"ImageObject\",\"inLanguage\":\"it-IT\",\"@id\":\"https:\/\/www.fondazionepirelli.org\/it\/#\/schema\/person\/image\/\",\"url\":\"https:\/\/secure.gravatar.com\/avatar\/e69498a9175ca244966e51e53c88712c024fcebe41f9a05f75657f1bb25e489b?s=96&d=mm&r=g\",\"contentUrl\":\"https:\/\/secure.gravatar.com\/avatar\/e69498a9175ca244966e51e53c88712c024fcebe41f9a05f75657f1bb25e489b?s=96&d=mm&r=g\",\"caption\":\"fondadmin\"},\"url\":\"https:\/\/www.fondazionepirelli.org\/it\/author\/fondadmin\/\"}]}<\/script>\n<!-- \/ Yoast SEO plugin. -->","yoast_head_json":{"title":"L\u2019allarme delle imprese sui rischi per lavoro e sviluppo e le parole di Mattarella all\u2019Assolombarda: responsabilit\u00e0 - Fondazione Pirelli","robots":{"index":"index","follow":"follow","max-snippet":"max-snippet:-1","max-image-preview":"max-image-preview:large","max-video-preview":"max-video-preview:-1"},"canonical":"https:\/\/www.fondazionepirelli.org\/it\/cultura-dimpresa\/lallarme-delle-imprese-sui-rischi-per-lavoro-e-sviluppo-e-le-parole-di-mattarella-allassolombarda-responsabilita\/","og_locale":"it_IT","og_type":"article","og_title":"L\u2019allarme delle imprese sui rischi per lavoro e sviluppo e le parole di Mattarella all\u2019Assolombarda: responsabilit\u00e0 - Fondazione Pirelli","og_description":"Mestiere di chi fa politica e governa \u00e8 cercare di cambiare i numeri delle cose che non vanno. Non negandoli o falsificandoli, naturalmente. Ma lavorando (con scelte, riforme, atti amministrativi, accordi, trattati) per costruire nuovi equilibri, migliori condizioni di sviluppo economico, di lavoro e di vita. Per farlo, per\u00f2, \u00e8 necessario conoscerli, i numeri, i [&hellip;]","og_url":"https:\/\/www.fondazionepirelli.org\/it\/cultura-dimpresa\/lallarme-delle-imprese-sui-rischi-per-lavoro-e-sviluppo-e-le-parole-di-mattarella-allassolombarda-responsabilita\/","og_site_name":"Fondazione Pirelli","article_published_time":"2018-10-23T00:00:00+00:00","article_modified_time":"2019-09-24T13:53:22+00:00","og_image":[{"width":600,"height":381,"url":"https:\/\/wpsite-assets.fondazionepirelli.org\/wp-content\/uploads\/2018\/12\/24150727\/44199760_2030353233675038_7491472705770749952_o-e1569333186596.jpg","type":"image\/jpeg"}],"author":"fondadmin","twitter_card":"summary_large_image","twitter_misc":{"Scritto da":"fondadmin","Tempo di lettura stimato":"7 minuti"},"schema":{"@context":"https:\/\/schema.org","@graph":[{"@type":"WebPage","@id":"https:\/\/www.fondazionepirelli.org\/it\/cultura-dimpresa\/lallarme-delle-imprese-sui-rischi-per-lavoro-e-sviluppo-e-le-parole-di-mattarella-allassolombarda-responsabilita\/","url":"https:\/\/www.fondazionepirelli.org\/it\/cultura-dimpresa\/lallarme-delle-imprese-sui-rischi-per-lavoro-e-sviluppo-e-le-parole-di-mattarella-allassolombarda-responsabilita\/","name":"L\u2019allarme delle imprese sui rischi per lavoro e sviluppo e le parole di Mattarella all\u2019Assolombarda: responsabilit\u00e0 - Fondazione Pirelli","isPartOf":{"@id":"https:\/\/www.fondazionepirelli.org\/it\/#website"},"primaryImageOfPage":{"@id":"https:\/\/www.fondazionepirelli.org\/it\/cultura-dimpresa\/lallarme-delle-imprese-sui-rischi-per-lavoro-e-sviluppo-e-le-parole-di-mattarella-allassolombarda-responsabilita\/#primaryimage"},"image":{"@id":"https:\/\/www.fondazionepirelli.org\/it\/cultura-dimpresa\/lallarme-delle-imprese-sui-rischi-per-lavoro-e-sviluppo-e-le-parole-di-mattarella-allassolombarda-responsabilita\/#primaryimage"},"thumbnailUrl":"https:\/\/wpsite-assets.fondazionepirelli.org\/wp-content\/uploads\/2018\/12\/24150727\/44199760_2030353233675038_7491472705770749952_o-e1569333186596.jpg","datePublished":"2018-10-23T00:00:00+00:00","dateModified":"2019-09-24T13:53:22+00:00","author":{"@id":"https:\/\/www.fondazionepirelli.org\/it\/#\/schema\/person\/f47d097000832c4a6e54538c791fdf25"},"breadcrumb":{"@id":"https:\/\/www.fondazionepirelli.org\/it\/cultura-dimpresa\/lallarme-delle-imprese-sui-rischi-per-lavoro-e-sviluppo-e-le-parole-di-mattarella-allassolombarda-responsabilita\/#breadcrumb"},"inLanguage":"it-IT","potentialAction":[{"@type":"ReadAction","target":["https:\/\/www.fondazionepirelli.org\/it\/cultura-dimpresa\/lallarme-delle-imprese-sui-rischi-per-lavoro-e-sviluppo-e-le-parole-di-mattarella-allassolombarda-responsabilita\/"]}]},{"@type":"ImageObject","inLanguage":"it-IT","@id":"https:\/\/www.fondazionepirelli.org\/it\/cultura-dimpresa\/lallarme-delle-imprese-sui-rischi-per-lavoro-e-sviluppo-e-le-parole-di-mattarella-allassolombarda-responsabilita\/#primaryimage","url":"https:\/\/wpsite-assets.fondazionepirelli.org\/wp-content\/uploads\/2018\/12\/24150727\/44199760_2030353233675038_7491472705770749952_o-e1569333186596.jpg","contentUrl":"https:\/\/wpsite-assets.fondazionepirelli.org\/wp-content\/uploads\/2018\/12\/24150727\/44199760_2030353233675038_7491472705770749952_o-e1569333186596.jpg","width":600,"height":381},{"@type":"BreadcrumbList","@id":"https:\/\/www.fondazionepirelli.org\/it\/cultura-dimpresa\/lallarme-delle-imprese-sui-rischi-per-lavoro-e-sviluppo-e-le-parole-di-mattarella-allassolombarda-responsabilita\/#breadcrumb","itemListElement":[{"@type":"ListItem","position":1,"name":"Home","item":"https:\/\/www.fondazionepirelli.org\/it\/"},{"@type":"ListItem","position":2,"name":"L\u2019allarme delle imprese sui rischi per lavoro e sviluppo e le parole di Mattarella all\u2019Assolombarda: responsabilit\u00e0"}]},{"@type":"WebSite","@id":"https:\/\/www.fondazionepirelli.org\/it\/#website","url":"https:\/\/www.fondazionepirelli.org\/it\/","name":"Fondazione Pirelli","description":"","potentialAction":[{"@type":"SearchAction","target":{"@type":"EntryPoint","urlTemplate":"https:\/\/www.fondazionepirelli.org\/it\/?s={search_term_string}"},"query-input":{"@type":"PropertyValueSpecification","valueRequired":true,"valueName":"search_term_string"}}],"inLanguage":"it-IT"},{"@type":"Person","@id":"https:\/\/www.fondazionepirelli.org\/it\/#\/schema\/person\/f47d097000832c4a6e54538c791fdf25","name":"fondadmin","image":{"@type":"ImageObject","inLanguage":"it-IT","@id":"https:\/\/www.fondazionepirelli.org\/it\/#\/schema\/person\/image\/","url":"https:\/\/secure.gravatar.com\/avatar\/e69498a9175ca244966e51e53c88712c024fcebe41f9a05f75657f1bb25e489b?s=96&d=mm&r=g","contentUrl":"https:\/\/secure.gravatar.com\/avatar\/e69498a9175ca244966e51e53c88712c024fcebe41f9a05f75657f1bb25e489b?s=96&d=mm&r=g","caption":"fondadmin"},"url":"https:\/\/www.fondazionepirelli.org\/it\/author\/fondadmin\/"}]}},"_links":{"self":[{"href":"https:\/\/www.fondazionepirelli.org\/it\/wp-json\/wp\/v2\/posts\/52089\/"}],"collection":[{"href":"https:\/\/www.fondazionepirelli.org\/it\/wp-json\/wp\/v2\/posts\/"}],"about":[{"href":"https:\/\/www.fondazionepirelli.org\/it\/wp-json\/wp\/v2\/types\/post\/"}],"author":[{"embeddable":true,"href":"https:\/\/www.fondazionepirelli.org\/it\/wp-json\/wp\/v2\/users\/1\/"}],"replies":[{"embeddable":true,"href":"https:\/\/www.fondazionepirelli.org\/it\/wp-json\/wp\/v2\/comments\/?post=52089"}],"version-history":[{"count":3,"href":"https:\/\/www.fondazionepirelli.org\/it\/wp-json\/wp\/v2\/posts\/52089\/revisions\/"}],"predecessor-version":[{"id":69308,"href":"https:\/\/www.fondazionepirelli.org\/it\/wp-json\/wp\/v2\/posts\/52089\/revisions\/69308\/"}],"wp:featuredmedia":[{"embeddable":true,"href":"https:\/\/www.fondazionepirelli.org\/it\/wp-json\/wp\/v2\/media\/69272\/"}],"wp:attachment":[{"href":"https:\/\/www.fondazionepirelli.org\/it\/wp-json\/wp\/v2\/media\/?parent=52089"}],"wp:term":[{"taxonomy":"category","embeddable":true,"href":"https:\/\/www.fondazionepirelli.org\/it\/wp-json\/wp\/v2\/categories\/?post=52089"},{"taxonomy":"post_tag","embeddable":true,"href":"https:\/\/www.fondazionepirelli.org\/it\/wp-json\/wp\/v2\/tags\/?post=52089"}],"curies":[{"name":"wp","href":"https:\/\/api.w.org\/{rel}","templated":true}]}}