{"id":52091,"date":"2018-10-23T00:00:00","date_gmt":"2018-10-23T00:00:00","guid":{"rendered":"http:\/\/www.fondazionepirelli.org\/fondazione-pirelli\/la-cultura-del-lavoro-allepoca-di-industria-4-0\/"},"modified":"2019-09-20T09:33:55","modified_gmt":"2019-09-20T07:33:55","slug":"la-cultura-del-lavoro-allepoca-di-industria-4-0","status":"publish","type":"post","link":"https:\/\/www.fondazionepirelli.org\/it\/cultura-dimpresa\/la-cultura-del-lavoro-allepoca-di-industria-4-0\/","title":{"rendered":"La cultura del lavoro all\u2019epoca di Industria 4.0"},"content":{"rendered":"<p><em>Un libro che \u00e8 una sorta di antropologia dei nuovi modi di produrre sfata il mito distruttivo delle nuove tecnologie produttive<\/em><\/p><p>Non \u00e8 vero che Industria 4.0 azzera il lavoro dell\u2019uomo. E non \u00e8 vero, d\u2019altra parte, che tutto rimarr\u00e0 come prima. Come gi\u00e0 per la prima Rivoluzione industriale, e poi per le altre successive, la realt\u00e0 sta in mezzo agli eccessi. Insomma, esauriti i dibattiti sul futuro (magari tenuti da chi nelle fabbriche e negli uffici c\u2019\u00e8 entrato poco), rimangono loro: le fabbriche e gli uffici appunto, e soprattutto le donne e gli uomini che vi lavorano e che si giocano un ruolo dentro una trasformazione digitale ormai visibile e consistente. Come al solito, per capire occorre esplorare la realt\u00e0. E\u2019 quanto hanno fatto Annalisa Magone e Tatiana Mazali con \u201cIl lavoro che serve. Persone nell\u2019Industria 4.0\u201d, loro ultima fatica letteraria e di ricerca appena pubblicata.<\/p>\n<p>Il libro restituisce uno spaccato della realt\u00e0 di Industria 4.0 raccontando la vicenda di quelle imprese che stanno interpretando questa trasformazione con tutte le sue contraddittorie manifestazioni, in termini di cultura manageriale, sviluppo organizzativo, scelte tecnologiche, ruolo dei lavoratori, modelli regolativi, percezioni dei sindacati. Fabbriche vere, quindi, e non di carta. Fabbriche che hanno accolto soluzioni tecnologiche innovative e che si trovano tra le mani il problema di saperle gestire; e anche persone (pure loro vere e non di carta), che hanno capito che la \u201cmacchina 4.0\u201d serve, ma da sola non basta.<\/p>\n<p>Realt\u00e0, si \u00e8 detto. Il libro quindi si dipana attraverso storie vere di fabbriche e lavoratori cercati, trovati e intervistati in un determinato momento storico (settembre 2017 e giugno 2018). Annotazione di non poco conto, perch\u00e9 l\u2019esperienza di Industria 4.0 e del lavoro collegato che non muore, cambia di giorno in giorno, con la sua stessa evoluzione.<\/p>\n<p>Per scrivere il libro sono state cos\u00ec intervistate 131 persone in 11 regioni italiane, per un numero di ore che sfiora quota cento, percorrendo in lungo e in largo il paese in 26.000 chilometri di viaggi. Vera indagine sul campo, una sorta di ricerca antropologica alla vecchia maniera, la ricerca ha delineato un orizzonte variegato e ancora incerto, inevitabilmente esposto ad aggiustamenti e interpretazioni, anche contraddittorie. Perch\u00e9 cos\u00ec \u00e8 d\u2019altra parte la realt\u00e0: ben altro da quella \u201cda manuale\u201d.<\/p>\n<p>Il libro coordinato da Magone e Mazali (divulgatrice la prima, sociologa dei processi culturali e comunicativi la seconda), \u00e8 diviso in due parti; nella prima ci sono dieci storie di dieci persone che delineano altrettanti paradigmi di Industria 4.0; nella seconda \u00e8 delineata prima la \u201cgrammatica digitale\u201d e poi la \u201cgrammatica del lavoro\u201d connesso alle trasformazioni in corso. Una ulteriore parte d\u00e0 voce ad una serie di esperti settoriali. Chiude il tutto un\u2019acuta postfazione di Guido Saracco, Rettore del Politecnico di Torino, della quale si capisce tutto dal titolo: \u201cIngegneri di nuova generazione\u201d.<\/p>\n<p>Il messaggio del libro \u00e8 semplice: Industria 4.0 sta cambiando il modo di produrre come<\/p>\n<p>un\u2019onda lunga e graduale, ma la via italiana ha un dato certo: prima vengono le persone con le loro capacit\u00e0 di far camminare le imprese, ciascuna nel proprio ruolo.<\/p><p><strong>Il lavoro che serve. Persone nell\u2019Industria 4.0<\/strong><\/p>\n<p>Annalisa Magone, Tatiana Mazali<\/p>\n<p>Guerini e Associati, 2018<\/p>","protected":false},"excerpt":{"rendered":"<p>Un libro che \u00e8 una sorta di antropologia dei nuovi modi di produrre sfata il mito distruttivo delle nuove tecnologie produttiveNon \u00e8 vero che Industria 4.0 azzera il lavoro dell\u2019uomo. E non \u00e8 vero, d\u2019altra parte, che tutto rimarr\u00e0 come prima. Come gi\u00e0 per la prima Rivoluzione industriale, e poi per le altre successive, la [&hellip;]<\/p>\n","protected":false},"author":1,"featured_media":68884,"comment_status":"open","ping_status":"open","sticky":false,"template":"","format":"standard","meta":{"footnotes":""},"categories":[52,58],"tags":[],"class_list":["post-52091","post","type-post","status-publish","format-standard","has-post-thumbnail","hentry","category-cultura-dimpresa","category-recensioni-libri"],"acf":[],"yoast_head":"<!-- This site is optimized with the Yoast SEO plugin v25.0 - https:\/\/yoast.com\/wordpress\/plugins\/seo\/ -->\n<title>La cultura del lavoro all\u2019epoca di Industria 4.0 - Fondazione Pirelli<\/title>\n<meta name=\"robots\" content=\"index, follow, max-snippet:-1, max-image-preview:large, max-video-preview:-1\" \/>\n<link rel=\"canonical\" href=\"https:\/\/www.fondazionepirelli.org\/it\/cultura-dimpresa\/la-cultura-del-lavoro-allepoca-di-industria-4-0\/\" \/>\n<meta property=\"og:locale\" content=\"it_IT\" \/>\n<meta property=\"og:type\" content=\"article\" \/>\n<meta property=\"og:title\" content=\"La cultura del lavoro all\u2019epoca di Industria 4.0 - Fondazione Pirelli\" \/>\n<meta property=\"og:description\" content=\"Un libro che \u00e8 una sorta di antropologia dei nuovi modi di produrre sfata il mito distruttivo delle nuove tecnologie produttiveNon \u00e8 vero che Industria 4.0 azzera il lavoro dell\u2019uomo. E non \u00e8 vero, d\u2019altra parte, che tutto rimarr\u00e0 come prima. Come gi\u00e0 per la prima Rivoluzione industriale, e poi per le altre successive, la [&hellip;]\" \/>\n<meta property=\"og:url\" content=\"https:\/\/www.fondazionepirelli.org\/it\/cultura-dimpresa\/la-cultura-del-lavoro-allepoca-di-industria-4-0\/\" \/>\n<meta property=\"og:site_name\" content=\"Fondazione Pirelli\" \/>\n<meta property=\"article:published_time\" content=\"2018-10-23T00:00:00+00:00\" \/>\n<meta property=\"article:modified_time\" content=\"2019-09-20T07:33:55+00:00\" \/>\n<meta property=\"og:image\" content=\"https:\/\/wpsite-assets.fondazionepirelli.org\/wp-content\/uploads\/2018\/10\/20093154\/il-lavoro-che-serve.jpg\" \/>\n\t<meta property=\"og:image:width\" content=\"344\" \/>\n\t<meta property=\"og:image:height\" content=\"458\" \/>\n\t<meta property=\"og:image:type\" content=\"image\/jpeg\" \/>\n<meta name=\"author\" content=\"fondadmin\" \/>\n<meta name=\"twitter:card\" content=\"summary_large_image\" \/>\n<meta name=\"twitter:label1\" content=\"Scritto da\" \/>\n\t<meta name=\"twitter:data1\" content=\"fondadmin\" \/>\n\t<meta name=\"twitter:label2\" content=\"Tempo di lettura stimato\" \/>\n\t<meta name=\"twitter:data2\" content=\"3 minuti\" \/>\n<script type=\"application\/ld+json\" class=\"yoast-schema-graph\">{\"@context\":\"https:\/\/schema.org\",\"@graph\":[{\"@type\":\"WebPage\",\"@id\":\"https:\/\/www.fondazionepirelli.org\/it\/cultura-dimpresa\/la-cultura-del-lavoro-allepoca-di-industria-4-0\/\",\"url\":\"https:\/\/www.fondazionepirelli.org\/it\/cultura-dimpresa\/la-cultura-del-lavoro-allepoca-di-industria-4-0\/\",\"name\":\"La cultura del lavoro all\u2019epoca di Industria 4.0 - Fondazione Pirelli\",\"isPartOf\":{\"@id\":\"https:\/\/www.fondazionepirelli.org\/it\/#website\"},\"primaryImageOfPage\":{\"@id\":\"https:\/\/www.fondazionepirelli.org\/it\/cultura-dimpresa\/la-cultura-del-lavoro-allepoca-di-industria-4-0\/#primaryimage\"},\"image\":{\"@id\":\"https:\/\/www.fondazionepirelli.org\/it\/cultura-dimpresa\/la-cultura-del-lavoro-allepoca-di-industria-4-0\/#primaryimage\"},\"thumbnailUrl\":\"https:\/\/wpsite-assets.fondazionepirelli.org\/wp-content\/uploads\/2018\/10\/20093154\/il-lavoro-che-serve.jpg\",\"datePublished\":\"2018-10-23T00:00:00+00:00\",\"dateModified\":\"2019-09-20T07:33:55+00:00\",\"author\":{\"@id\":\"https:\/\/www.fondazionepirelli.org\/it\/#\/schema\/person\/f47d097000832c4a6e54538c791fdf25\"},\"breadcrumb\":{\"@id\":\"https:\/\/www.fondazionepirelli.org\/it\/cultura-dimpresa\/la-cultura-del-lavoro-allepoca-di-industria-4-0\/#breadcrumb\"},\"inLanguage\":\"it-IT\",\"potentialAction\":[{\"@type\":\"ReadAction\",\"target\":[\"https:\/\/www.fondazionepirelli.org\/it\/cultura-dimpresa\/la-cultura-del-lavoro-allepoca-di-industria-4-0\/\"]}]},{\"@type\":\"ImageObject\",\"inLanguage\":\"it-IT\",\"@id\":\"https:\/\/www.fondazionepirelli.org\/it\/cultura-dimpresa\/la-cultura-del-lavoro-allepoca-di-industria-4-0\/#primaryimage\",\"url\":\"https:\/\/wpsite-assets.fondazionepirelli.org\/wp-content\/uploads\/2018\/10\/20093154\/il-lavoro-che-serve.jpg\",\"contentUrl\":\"https:\/\/wpsite-assets.fondazionepirelli.org\/wp-content\/uploads\/2018\/10\/20093154\/il-lavoro-che-serve.jpg\",\"width\":344,\"height\":458},{\"@type\":\"BreadcrumbList\",\"@id\":\"https:\/\/www.fondazionepirelli.org\/it\/cultura-dimpresa\/la-cultura-del-lavoro-allepoca-di-industria-4-0\/#breadcrumb\",\"itemListElement\":[{\"@type\":\"ListItem\",\"position\":1,\"name\":\"Home\",\"item\":\"https:\/\/www.fondazionepirelli.org\/it\/\"},{\"@type\":\"ListItem\",\"position\":2,\"name\":\"La cultura del lavoro all\u2019epoca di Industria 4.0\"}]},{\"@type\":\"WebSite\",\"@id\":\"https:\/\/www.fondazionepirelli.org\/it\/#website\",\"url\":\"https:\/\/www.fondazionepirelli.org\/it\/\",\"name\":\"Fondazione Pirelli\",\"description\":\"\",\"potentialAction\":[{\"@type\":\"SearchAction\",\"target\":{\"@type\":\"EntryPoint\",\"urlTemplate\":\"https:\/\/www.fondazionepirelli.org\/it\/?s={search_term_string}\"},\"query-input\":{\"@type\":\"PropertyValueSpecification\",\"valueRequired\":true,\"valueName\":\"search_term_string\"}}],\"inLanguage\":\"it-IT\"},{\"@type\":\"Person\",\"@id\":\"https:\/\/www.fondazionepirelli.org\/it\/#\/schema\/person\/f47d097000832c4a6e54538c791fdf25\",\"name\":\"fondadmin\",\"image\":{\"@type\":\"ImageObject\",\"inLanguage\":\"it-IT\",\"@id\":\"https:\/\/www.fondazionepirelli.org\/it\/#\/schema\/person\/image\/\",\"url\":\"https:\/\/secure.gravatar.com\/avatar\/e69498a9175ca244966e51e53c88712c024fcebe41f9a05f75657f1bb25e489b?s=96&d=mm&r=g\",\"contentUrl\":\"https:\/\/secure.gravatar.com\/avatar\/e69498a9175ca244966e51e53c88712c024fcebe41f9a05f75657f1bb25e489b?s=96&d=mm&r=g\",\"caption\":\"fondadmin\"},\"url\":\"https:\/\/www.fondazionepirelli.org\/it\/author\/fondadmin\/\"}]}<\/script>\n<!-- \/ Yoast SEO plugin. -->","yoast_head_json":{"title":"La cultura del lavoro all\u2019epoca di Industria 4.0 - Fondazione Pirelli","robots":{"index":"index","follow":"follow","max-snippet":"max-snippet:-1","max-image-preview":"max-image-preview:large","max-video-preview":"max-video-preview:-1"},"canonical":"https:\/\/www.fondazionepirelli.org\/it\/cultura-dimpresa\/la-cultura-del-lavoro-allepoca-di-industria-4-0\/","og_locale":"it_IT","og_type":"article","og_title":"La cultura del lavoro all\u2019epoca di Industria 4.0 - Fondazione Pirelli","og_description":"Un libro che \u00e8 una sorta di antropologia dei nuovi modi di produrre sfata il mito distruttivo delle nuove tecnologie produttiveNon \u00e8 vero che Industria 4.0 azzera il lavoro dell\u2019uomo. E non \u00e8 vero, d\u2019altra parte, che tutto rimarr\u00e0 come prima. Come gi\u00e0 per la prima Rivoluzione industriale, e poi per le altre successive, la [&hellip;]","og_url":"https:\/\/www.fondazionepirelli.org\/it\/cultura-dimpresa\/la-cultura-del-lavoro-allepoca-di-industria-4-0\/","og_site_name":"Fondazione Pirelli","article_published_time":"2018-10-23T00:00:00+00:00","article_modified_time":"2019-09-20T07:33:55+00:00","og_image":[{"width":344,"height":458,"url":"https:\/\/wpsite-assets.fondazionepirelli.org\/wp-content\/uploads\/2018\/10\/20093154\/il-lavoro-che-serve.jpg","type":"image\/jpeg"}],"author":"fondadmin","twitter_card":"summary_large_image","twitter_misc":{"Scritto da":"fondadmin","Tempo di lettura stimato":"3 minuti"},"schema":{"@context":"https:\/\/schema.org","@graph":[{"@type":"WebPage","@id":"https:\/\/www.fondazionepirelli.org\/it\/cultura-dimpresa\/la-cultura-del-lavoro-allepoca-di-industria-4-0\/","url":"https:\/\/www.fondazionepirelli.org\/it\/cultura-dimpresa\/la-cultura-del-lavoro-allepoca-di-industria-4-0\/","name":"La cultura del lavoro all\u2019epoca di Industria 4.0 - Fondazione Pirelli","isPartOf":{"@id":"https:\/\/www.fondazionepirelli.org\/it\/#website"},"primaryImageOfPage":{"@id":"https:\/\/www.fondazionepirelli.org\/it\/cultura-dimpresa\/la-cultura-del-lavoro-allepoca-di-industria-4-0\/#primaryimage"},"image":{"@id":"https:\/\/www.fondazionepirelli.org\/it\/cultura-dimpresa\/la-cultura-del-lavoro-allepoca-di-industria-4-0\/#primaryimage"},"thumbnailUrl":"https:\/\/wpsite-assets.fondazionepirelli.org\/wp-content\/uploads\/2018\/10\/20093154\/il-lavoro-che-serve.jpg","datePublished":"2018-10-23T00:00:00+00:00","dateModified":"2019-09-20T07:33:55+00:00","author":{"@id":"https:\/\/www.fondazionepirelli.org\/it\/#\/schema\/person\/f47d097000832c4a6e54538c791fdf25"},"breadcrumb":{"@id":"https:\/\/www.fondazionepirelli.org\/it\/cultura-dimpresa\/la-cultura-del-lavoro-allepoca-di-industria-4-0\/#breadcrumb"},"inLanguage":"it-IT","potentialAction":[{"@type":"ReadAction","target":["https:\/\/www.fondazionepirelli.org\/it\/cultura-dimpresa\/la-cultura-del-lavoro-allepoca-di-industria-4-0\/"]}]},{"@type":"ImageObject","inLanguage":"it-IT","@id":"https:\/\/www.fondazionepirelli.org\/it\/cultura-dimpresa\/la-cultura-del-lavoro-allepoca-di-industria-4-0\/#primaryimage","url":"https:\/\/wpsite-assets.fondazionepirelli.org\/wp-content\/uploads\/2018\/10\/20093154\/il-lavoro-che-serve.jpg","contentUrl":"https:\/\/wpsite-assets.fondazionepirelli.org\/wp-content\/uploads\/2018\/10\/20093154\/il-lavoro-che-serve.jpg","width":344,"height":458},{"@type":"BreadcrumbList","@id":"https:\/\/www.fondazionepirelli.org\/it\/cultura-dimpresa\/la-cultura-del-lavoro-allepoca-di-industria-4-0\/#breadcrumb","itemListElement":[{"@type":"ListItem","position":1,"name":"Home","item":"https:\/\/www.fondazionepirelli.org\/it\/"},{"@type":"ListItem","position":2,"name":"La cultura del lavoro all\u2019epoca di Industria 4.0"}]},{"@type":"WebSite","@id":"https:\/\/www.fondazionepirelli.org\/it\/#website","url":"https:\/\/www.fondazionepirelli.org\/it\/","name":"Fondazione Pirelli","description":"","potentialAction":[{"@type":"SearchAction","target":{"@type":"EntryPoint","urlTemplate":"https:\/\/www.fondazionepirelli.org\/it\/?s={search_term_string}"},"query-input":{"@type":"PropertyValueSpecification","valueRequired":true,"valueName":"search_term_string"}}],"inLanguage":"it-IT"},{"@type":"Person","@id":"https:\/\/www.fondazionepirelli.org\/it\/#\/schema\/person\/f47d097000832c4a6e54538c791fdf25","name":"fondadmin","image":{"@type":"ImageObject","inLanguage":"it-IT","@id":"https:\/\/www.fondazionepirelli.org\/it\/#\/schema\/person\/image\/","url":"https:\/\/secure.gravatar.com\/avatar\/e69498a9175ca244966e51e53c88712c024fcebe41f9a05f75657f1bb25e489b?s=96&d=mm&r=g","contentUrl":"https:\/\/secure.gravatar.com\/avatar\/e69498a9175ca244966e51e53c88712c024fcebe41f9a05f75657f1bb25e489b?s=96&d=mm&r=g","caption":"fondadmin"},"url":"https:\/\/www.fondazionepirelli.org\/it\/author\/fondadmin\/"}]}},"_links":{"self":[{"href":"https:\/\/www.fondazionepirelli.org\/it\/wp-json\/wp\/v2\/posts\/52091\/"}],"collection":[{"href":"https:\/\/www.fondazionepirelli.org\/it\/wp-json\/wp\/v2\/posts\/"}],"about":[{"href":"https:\/\/www.fondazionepirelli.org\/it\/wp-json\/wp\/v2\/types\/post\/"}],"author":[{"embeddable":true,"href":"https:\/\/www.fondazionepirelli.org\/it\/wp-json\/wp\/v2\/users\/1\/"}],"replies":[{"embeddable":true,"href":"https:\/\/www.fondazionepirelli.org\/it\/wp-json\/wp\/v2\/comments\/?post=52091"}],"version-history":[{"count":2,"href":"https:\/\/www.fondazionepirelli.org\/it\/wp-json\/wp\/v2\/posts\/52091\/revisions\/"}],"predecessor-version":[{"id":68890,"href":"https:\/\/www.fondazionepirelli.org\/it\/wp-json\/wp\/v2\/posts\/52091\/revisions\/68890\/"}],"wp:featuredmedia":[{"embeddable":true,"href":"https:\/\/www.fondazionepirelli.org\/it\/wp-json\/wp\/v2\/media\/68884\/"}],"wp:attachment":[{"href":"https:\/\/www.fondazionepirelli.org\/it\/wp-json\/wp\/v2\/media\/?parent=52091"}],"wp:term":[{"taxonomy":"category","embeddable":true,"href":"https:\/\/www.fondazionepirelli.org\/it\/wp-json\/wp\/v2\/categories\/?post=52091"},{"taxonomy":"post_tag","embeddable":true,"href":"https:\/\/www.fondazionepirelli.org\/it\/wp-json\/wp\/v2\/tags\/?post=52091"}],"curies":[{"name":"wp","href":"https:\/\/api.w.org\/{rel}","templated":true}]}}