{"id":52125,"date":"2018-09-27T00:00:00","date_gmt":"2018-09-27T00:00:00","guid":{"rendered":"http:\/\/www.fondazionepirelli.org\/fondazione-pirelli\/coppi-e-bartali-tra-uomini-e-semidei\/"},"modified":"2022-01-27T18:09:59","modified_gmt":"2022-01-27T17:09:59","slug":"coppi-e-bartali-tra-uomini-e-semidei","status":"publish","type":"post","link":"https:\/\/www.fondazionepirelli.org\/it\/iniziative\/storie-dal-mondo-pirelli\/coppi-e-bartali-tra-uomini-e-semidei\/","title":{"rendered":"Coppi e Bartali, tra uomini e semidei"},"content":{"rendered":"<p>Come fosse la domanda pi\u00f9 semplice del mondo: &#8220;ma tu conosci Bartali? conosci Coppi?&#8221; Cos\u00ec inizia l&#8217;articolo\u00a0&#8220;<a href=\"https:\/\/www.fondazionepirelli.org\/archivio-storico\/bookreader\/pubblicazioni-e-riviste\/RivistaPirelli\/1950_4.html?q=Come%20conosco%20Gino%20e%20Fausto&amp;start=16&amp;lang=it#page\/16\/mode\/2up\" target=\"_blank\" rel=\"noopener noreferrer\">Come conosco Gino e Fausto<\/a>&#8220;, che <strong>Orio Vergani<\/strong> scrive per la rivista <em>Pirelli<\/em> n\u00b0 4 del 1950. &#8220;Una domanda che a tanti pu\u00f2 sembrar sciocca&#8221;, premette l&#8217;autore. Perch\u00e8 chi non conosce <strong>Fausto\u00a0Coppi<\/strong> e <strong>Gino Bartali<\/strong>, al culmine di quella dorata <strong>stagione 1950<\/strong>? E invece \u00e8 probabile che neppure &#8220;chi d\u00e0 loro del tu&#8221;, e che li segue pazientemente per ore in gara, conosca poi cos\u00ec a fondo questi campioni del pedale. E\u2019 un mestiere silenzioso il loro, e per il cronista saranno al massimo venti parole per gara, qualche occhiata tutt&#8217;al pi\u00f9.<\/p>\n<p>Ma Vergani non si d\u00e0 per vinto: vi sar\u00e0 pure un modo di &#8220;raccontare&#8221; Gino e Fausto, i due atleti che in quel momento sono indiscutibilmente <strong>le pi\u00f9 grandi stelle del ciclismo italiano<\/strong>. E sar\u00e0 certamente possibile per il grande giornalista del<em> Corriere della Sera<\/em> farlo in un modo non convenzionale, cos\u00ec come qualche mese prima era riuscito a immortalare un <strong>mito della velocit\u00e0<\/strong> ormai sul viale del tramonto come <strong><a href=\"https:\/\/www.fondazionepirelli.org\/archivio-storico\/bookreader\/pubblicazioni-e-riviste\/RivistaPirelli\/1948_1.html?q=La%20vita%20di%20Nuvolari&amp;start=33&amp;lang=it#page\/32\/mode\/2up\" target=\"_blank\" rel=\"noopener noreferrer\">Tazio Nuvolari<\/a><\/strong>. In fondo, un confronto estremamente attento e quasi &#8220;scientifico&#8221; sui due campioni era gi\u00e0 stato fatto da <a href=\"https:\/\/www.fondazionepirelli.org\/archivio-storico\/bookreader\/pubblicazioni-e-riviste\/RivistaPirelli\/1949_3.html?q=Giuseppe%20Ambrosini&amp;start=19&amp;lang=it#page\/18\/mode\/2up\" target=\"_blank\" rel=\"noopener noreferrer\"><strong>Giuseppe Ambrosini<\/strong><\/a> sul numero 3 della stessa <em>Rivista<\/em>, nel <strong>1949<\/strong>. Un articolo in cui Bartali e Coppi erano stati radiografati fino all&#8217;ultimo tendine, studiati nel pi\u00f9 profondo della loro psicologia.<\/p>\n<p>E poi c&#8217;era il grande <strong><a href=\"https:\/\/www.fondazionepirelli.org\/archivio-storico\/bookreader\/pubblicazioni-e-riviste\/RivistaPirelli\/1948_1.html?q=Dopo%20il%20giro%20di%20Lombardia&amp;start=53&amp;lang=it#page\/52\/mode\/2up\" target=\"_blank\" rel=\"noopener noreferrer\">Nino Nutrizio<\/a><\/strong> che seguiva da anni le loro imprese sportive, traendone <strong>meticolosi diari<\/strong> e andando a &#8220;spiarli&#8221; anche quando era il loro momento del riposo. Insomma, ci si doveva inventare qualcosa d&#8217;altro per continuare a raccontare i due campioni. Quando ne scrive in quell&#8217;estate del 1950, Vergani conosce Bartali ormai da una quindicina d&#8217;anni. E&#8217; &#8220;la locomotiva umana&#8221;, ma non ha scatto. Il suo talento emerge nella lunga regolarit\u00e0 &#8220;forte come la pioggia di novembre e nera come i temporali d&#8217;estate&#8221;. Un talento che nel <strong>Tour de France del 1948<\/strong> fa dire a Bartali, in enorme ritardo sull\u2019avversario <strong>Louison Bobet<\/strong>, &#8220;il giro termina a Parigi&#8221;. E infatti sar\u00e0 il campione italiano a vincere il Tour, entrando nella storia con la sua perseveranza anche di fronte all&#8217;impossibile. Fausto Coppi \u00e8 invece &#8220;l&#8217;uomo che porta sulle spalle il peso e la responsabilit\u00e0 di essere l&#8217;atleta pi\u00f9 fenomenale che, dopo Binda, mi sia accaduto di vedere&#8221;, dice <strong>il grande veterano di interviste agli sportivi Orio Vergani<\/strong>.<\/p>\n<p>Coppi \u00e8 un fenomeno, sa di esserlo e non lo vorrebbe. La malinconia, l&#8217;incertezza, il peso della responsabilit\u00e0 sono le cifre della sua vita. Nel racconto di Vergani, Bartali \u00e8 solare come pu\u00f2 esserlo un uomo, mentre Coppi \u00e8 enigmatico come un superuomo; paragona l&#8217;uno ad Ulisse &#8211; paziente iroso figlio di mortali &#8211; e l&#8217;altro ad Achille, figlio degli dei e desideroso di rinunciare ai doni divini. S\u00ec, tutti ma proprio tutti conoscono \u201cGino e Fausto\u201d in quell&#8217;estate del 1950. Ma forse nessuno li conosce come Orio Vergani.<\/p>\n","protected":false},"excerpt":{"rendered":"<p>Come fosse la domanda pi\u00f9 semplice del mondo: &#8220;ma tu conosci Bartali? conosci Coppi?&#8221; Cos\u00ec inizia l&#8217;articolo\u00a0&#8220;Come conosco Gino e Fausto&#8220;, che Orio Vergani scrive per la rivista Pirelli n\u00b0 4 del 1950. &#8220;Una domanda che a tanti pu\u00f2 sembrar sciocca&#8221;, premette l&#8217;autore. Perch\u00e8 chi non conosce Fausto\u00a0Coppi e Gino Bartali, al culmine di quella [&hellip;]<\/p>\n","protected":false},"author":1,"featured_media":53613,"comment_status":"open","ping_status":"open","sticky":false,"template":"","format":"standard","meta":{"footnotes":""},"categories":[62],"tags":[87,355,117],"class_list":["post-52125","post","type-post","status-publish","format-standard","has-post-thumbnail","hentry","category-storie-dal-mondo-pirelli","tag-corse","tag-rubrica","tag-sport"],"acf":[],"yoast_head":"<!-- This site is optimized with the Yoast SEO plugin v25.0 - https:\/\/yoast.com\/wordpress\/plugins\/seo\/ -->\n<title>Coppi e Bartali, tra uomini e semidei | Fondazione Pirelli<\/title>\n<meta name=\"description\" content=\"Fausto Coppi e Gino Bartali, rivali e grandi campioni del ciclismo italiani raccontati tra le pagine della Rivista Pirelli. Scopri di pi\u00f9.\" \/>\n<meta name=\"robots\" content=\"index, follow, max-snippet:-1, max-image-preview:large, max-video-preview:-1\" \/>\n<link rel=\"canonical\" href=\"https:\/\/www.fondazionepirelli.org\/it\/iniziative\/storie-dal-mondo-pirelli\/coppi-e-bartali-tra-uomini-e-semidei\/\" \/>\n<meta property=\"og:locale\" content=\"it_IT\" \/>\n<meta property=\"og:type\" content=\"article\" \/>\n<meta property=\"og:title\" content=\"Coppi e Bartali, tra uomini e semidei | Fondazione Pirelli\" \/>\n<meta property=\"og:description\" content=\"Fausto Coppi e Gino Bartali, rivali e grandi campioni del ciclismo italiani raccontati tra le pagine della Rivista Pirelli. Scopri di pi\u00f9.\" \/>\n<meta property=\"og:url\" content=\"https:\/\/www.fondazionepirelli.org\/it\/iniziative\/storie-dal-mondo-pirelli\/coppi-e-bartali-tra-uomini-e-semidei\/\" \/>\n<meta property=\"og:site_name\" content=\"Fondazione Pirelli\" \/>\n<meta property=\"article:published_time\" content=\"2018-09-27T00:00:00+00:00\" \/>\n<meta property=\"article:modified_time\" content=\"2022-01-27T17:09:59+00:00\" \/>\n<meta property=\"og:image\" content=\"https:\/\/wpsite-assets.fondazionepirelli.org\/wp-content\/uploads\/2018\/09\/20101116\/Coppi-e-Bartali-e1571068135647.jpg\" \/>\n\t<meta property=\"og:image:width\" content=\"600\" \/>\n\t<meta property=\"og:image:height\" content=\"437\" \/>\n\t<meta property=\"og:image:type\" content=\"image\/jpeg\" \/>\n<meta name=\"author\" content=\"fondadmin\" \/>\n<meta name=\"twitter:card\" content=\"summary_large_image\" \/>\n<meta name=\"twitter:label1\" content=\"Scritto da\" \/>\n\t<meta name=\"twitter:data1\" content=\"fondadmin\" \/>\n\t<meta name=\"twitter:label2\" content=\"Tempo di lettura stimato\" \/>\n\t<meta name=\"twitter:data2\" content=\"2 minuti\" \/>\n<script type=\"application\/ld+json\" class=\"yoast-schema-graph\">{\"@context\":\"https:\/\/schema.org\",\"@graph\":[{\"@type\":\"WebPage\",\"@id\":\"https:\/\/www.fondazionepirelli.org\/it\/iniziative\/storie-dal-mondo-pirelli\/coppi-e-bartali-tra-uomini-e-semidei\/\",\"url\":\"https:\/\/www.fondazionepirelli.org\/it\/iniziative\/storie-dal-mondo-pirelli\/coppi-e-bartali-tra-uomini-e-semidei\/\",\"name\":\"Coppi e Bartali, tra uomini e semidei | Fondazione Pirelli\",\"isPartOf\":{\"@id\":\"https:\/\/www.fondazionepirelli.org\/it\/#website\"},\"primaryImageOfPage\":{\"@id\":\"https:\/\/www.fondazionepirelli.org\/it\/iniziative\/storie-dal-mondo-pirelli\/coppi-e-bartali-tra-uomini-e-semidei\/#primaryimage\"},\"image\":{\"@id\":\"https:\/\/www.fondazionepirelli.org\/it\/iniziative\/storie-dal-mondo-pirelli\/coppi-e-bartali-tra-uomini-e-semidei\/#primaryimage\"},\"thumbnailUrl\":\"https:\/\/wpsite-assets.fondazionepirelli.org\/wp-content\/uploads\/2018\/09\/20101116\/Coppi-e-Bartali-e1571068135647.jpg\",\"datePublished\":\"2018-09-27T00:00:00+00:00\",\"dateModified\":\"2022-01-27T17:09:59+00:00\",\"author\":{\"@id\":\"https:\/\/www.fondazionepirelli.org\/it\/#\/schema\/person\/f47d097000832c4a6e54538c791fdf25\"},\"description\":\"Fausto Coppi e Gino Bartali, rivali e grandi campioni del ciclismo italiani raccontati tra le pagine della Rivista Pirelli. Scopri di pi\u00f9.\",\"breadcrumb\":{\"@id\":\"https:\/\/www.fondazionepirelli.org\/it\/iniziative\/storie-dal-mondo-pirelli\/coppi-e-bartali-tra-uomini-e-semidei\/#breadcrumb\"},\"inLanguage\":\"it-IT\",\"potentialAction\":[{\"@type\":\"ReadAction\",\"target\":[\"https:\/\/www.fondazionepirelli.org\/it\/iniziative\/storie-dal-mondo-pirelli\/coppi-e-bartali-tra-uomini-e-semidei\/\"]}]},{\"@type\":\"ImageObject\",\"inLanguage\":\"it-IT\",\"@id\":\"https:\/\/www.fondazionepirelli.org\/it\/iniziative\/storie-dal-mondo-pirelli\/coppi-e-bartali-tra-uomini-e-semidei\/#primaryimage\",\"url\":\"https:\/\/wpsite-assets.fondazionepirelli.org\/wp-content\/uploads\/2018\/09\/20101116\/Coppi-e-Bartali-e1571068135647.jpg\",\"contentUrl\":\"https:\/\/wpsite-assets.fondazionepirelli.org\/wp-content\/uploads\/2018\/09\/20101116\/Coppi-e-Bartali-e1571068135647.jpg\",\"width\":600,\"height\":437},{\"@type\":\"BreadcrumbList\",\"@id\":\"https:\/\/www.fondazionepirelli.org\/it\/iniziative\/storie-dal-mondo-pirelli\/coppi-e-bartali-tra-uomini-e-semidei\/#breadcrumb\",\"itemListElement\":[{\"@type\":\"ListItem\",\"position\":1,\"name\":\"Home\",\"item\":\"https:\/\/www.fondazionepirelli.org\/it\/\"},{\"@type\":\"ListItem\",\"position\":2,\"name\":\"Coppi e Bartali, tra uomini e semidei\"}]},{\"@type\":\"WebSite\",\"@id\":\"https:\/\/www.fondazionepirelli.org\/it\/#website\",\"url\":\"https:\/\/www.fondazionepirelli.org\/it\/\",\"name\":\"Fondazione Pirelli\",\"description\":\"\",\"potentialAction\":[{\"@type\":\"SearchAction\",\"target\":{\"@type\":\"EntryPoint\",\"urlTemplate\":\"https:\/\/www.fondazionepirelli.org\/it\/?s={search_term_string}\"},\"query-input\":{\"@type\":\"PropertyValueSpecification\",\"valueRequired\":true,\"valueName\":\"search_term_string\"}}],\"inLanguage\":\"it-IT\"},{\"@type\":\"Person\",\"@id\":\"https:\/\/www.fondazionepirelli.org\/it\/#\/schema\/person\/f47d097000832c4a6e54538c791fdf25\",\"name\":\"fondadmin\",\"image\":{\"@type\":\"ImageObject\",\"inLanguage\":\"it-IT\",\"@id\":\"https:\/\/www.fondazionepirelli.org\/it\/#\/schema\/person\/image\/\",\"url\":\"https:\/\/secure.gravatar.com\/avatar\/e69498a9175ca244966e51e53c88712c024fcebe41f9a05f75657f1bb25e489b?s=96&d=mm&r=g\",\"contentUrl\":\"https:\/\/secure.gravatar.com\/avatar\/e69498a9175ca244966e51e53c88712c024fcebe41f9a05f75657f1bb25e489b?s=96&d=mm&r=g\",\"caption\":\"fondadmin\"},\"url\":\"https:\/\/www.fondazionepirelli.org\/it\/author\/fondadmin\/\"}]}<\/script>\n<!-- \/ Yoast SEO plugin. -->","yoast_head_json":{"title":"Coppi e Bartali, tra uomini e semidei | Fondazione Pirelli","description":"Fausto Coppi e Gino Bartali, rivali e grandi campioni del ciclismo italiani raccontati tra le pagine della Rivista Pirelli. Scopri di pi\u00f9.","robots":{"index":"index","follow":"follow","max-snippet":"max-snippet:-1","max-image-preview":"max-image-preview:large","max-video-preview":"max-video-preview:-1"},"canonical":"https:\/\/www.fondazionepirelli.org\/it\/iniziative\/storie-dal-mondo-pirelli\/coppi-e-bartali-tra-uomini-e-semidei\/","og_locale":"it_IT","og_type":"article","og_title":"Coppi e Bartali, tra uomini e semidei | Fondazione Pirelli","og_description":"Fausto Coppi e Gino Bartali, rivali e grandi campioni del ciclismo italiani raccontati tra le pagine della Rivista Pirelli. Scopri di pi\u00f9.","og_url":"https:\/\/www.fondazionepirelli.org\/it\/iniziative\/storie-dal-mondo-pirelli\/coppi-e-bartali-tra-uomini-e-semidei\/","og_site_name":"Fondazione Pirelli","article_published_time":"2018-09-27T00:00:00+00:00","article_modified_time":"2022-01-27T17:09:59+00:00","og_image":[{"width":600,"height":437,"url":"https:\/\/wpsite-assets.fondazionepirelli.org\/wp-content\/uploads\/2018\/09\/20101116\/Coppi-e-Bartali-e1571068135647.jpg","type":"image\/jpeg"}],"author":"fondadmin","twitter_card":"summary_large_image","twitter_misc":{"Scritto da":"fondadmin","Tempo di lettura stimato":"2 minuti"},"schema":{"@context":"https:\/\/schema.org","@graph":[{"@type":"WebPage","@id":"https:\/\/www.fondazionepirelli.org\/it\/iniziative\/storie-dal-mondo-pirelli\/coppi-e-bartali-tra-uomini-e-semidei\/","url":"https:\/\/www.fondazionepirelli.org\/it\/iniziative\/storie-dal-mondo-pirelli\/coppi-e-bartali-tra-uomini-e-semidei\/","name":"Coppi e Bartali, tra uomini e semidei | Fondazione Pirelli","isPartOf":{"@id":"https:\/\/www.fondazionepirelli.org\/it\/#website"},"primaryImageOfPage":{"@id":"https:\/\/www.fondazionepirelli.org\/it\/iniziative\/storie-dal-mondo-pirelli\/coppi-e-bartali-tra-uomini-e-semidei\/#primaryimage"},"image":{"@id":"https:\/\/www.fondazionepirelli.org\/it\/iniziative\/storie-dal-mondo-pirelli\/coppi-e-bartali-tra-uomini-e-semidei\/#primaryimage"},"thumbnailUrl":"https:\/\/wpsite-assets.fondazionepirelli.org\/wp-content\/uploads\/2018\/09\/20101116\/Coppi-e-Bartali-e1571068135647.jpg","datePublished":"2018-09-27T00:00:00+00:00","dateModified":"2022-01-27T17:09:59+00:00","author":{"@id":"https:\/\/www.fondazionepirelli.org\/it\/#\/schema\/person\/f47d097000832c4a6e54538c791fdf25"},"description":"Fausto Coppi e Gino Bartali, rivali e grandi campioni del ciclismo italiani raccontati tra le pagine della Rivista Pirelli. Scopri di pi\u00f9.","breadcrumb":{"@id":"https:\/\/www.fondazionepirelli.org\/it\/iniziative\/storie-dal-mondo-pirelli\/coppi-e-bartali-tra-uomini-e-semidei\/#breadcrumb"},"inLanguage":"it-IT","potentialAction":[{"@type":"ReadAction","target":["https:\/\/www.fondazionepirelli.org\/it\/iniziative\/storie-dal-mondo-pirelli\/coppi-e-bartali-tra-uomini-e-semidei\/"]}]},{"@type":"ImageObject","inLanguage":"it-IT","@id":"https:\/\/www.fondazionepirelli.org\/it\/iniziative\/storie-dal-mondo-pirelli\/coppi-e-bartali-tra-uomini-e-semidei\/#primaryimage","url":"https:\/\/wpsite-assets.fondazionepirelli.org\/wp-content\/uploads\/2018\/09\/20101116\/Coppi-e-Bartali-e1571068135647.jpg","contentUrl":"https:\/\/wpsite-assets.fondazionepirelli.org\/wp-content\/uploads\/2018\/09\/20101116\/Coppi-e-Bartali-e1571068135647.jpg","width":600,"height":437},{"@type":"BreadcrumbList","@id":"https:\/\/www.fondazionepirelli.org\/it\/iniziative\/storie-dal-mondo-pirelli\/coppi-e-bartali-tra-uomini-e-semidei\/#breadcrumb","itemListElement":[{"@type":"ListItem","position":1,"name":"Home","item":"https:\/\/www.fondazionepirelli.org\/it\/"},{"@type":"ListItem","position":2,"name":"Coppi e Bartali, tra uomini e semidei"}]},{"@type":"WebSite","@id":"https:\/\/www.fondazionepirelli.org\/it\/#website","url":"https:\/\/www.fondazionepirelli.org\/it\/","name":"Fondazione Pirelli","description":"","potentialAction":[{"@type":"SearchAction","target":{"@type":"EntryPoint","urlTemplate":"https:\/\/www.fondazionepirelli.org\/it\/?s={search_term_string}"},"query-input":{"@type":"PropertyValueSpecification","valueRequired":true,"valueName":"search_term_string"}}],"inLanguage":"it-IT"},{"@type":"Person","@id":"https:\/\/www.fondazionepirelli.org\/it\/#\/schema\/person\/f47d097000832c4a6e54538c791fdf25","name":"fondadmin","image":{"@type":"ImageObject","inLanguage":"it-IT","@id":"https:\/\/www.fondazionepirelli.org\/it\/#\/schema\/person\/image\/","url":"https:\/\/secure.gravatar.com\/avatar\/e69498a9175ca244966e51e53c88712c024fcebe41f9a05f75657f1bb25e489b?s=96&d=mm&r=g","contentUrl":"https:\/\/secure.gravatar.com\/avatar\/e69498a9175ca244966e51e53c88712c024fcebe41f9a05f75657f1bb25e489b?s=96&d=mm&r=g","caption":"fondadmin"},"url":"https:\/\/www.fondazionepirelli.org\/it\/author\/fondadmin\/"}]}},"_links":{"self":[{"href":"https:\/\/www.fondazionepirelli.org\/it\/wp-json\/wp\/v2\/posts\/52125\/"}],"collection":[{"href":"https:\/\/www.fondazionepirelli.org\/it\/wp-json\/wp\/v2\/posts\/"}],"about":[{"href":"https:\/\/www.fondazionepirelli.org\/it\/wp-json\/wp\/v2\/types\/post\/"}],"author":[{"embeddable":true,"href":"https:\/\/www.fondazionepirelli.org\/it\/wp-json\/wp\/v2\/users\/1\/"}],"replies":[{"embeddable":true,"href":"https:\/\/www.fondazionepirelli.org\/it\/wp-json\/wp\/v2\/comments\/?post=52125"}],"version-history":[{"count":9,"href":"https:\/\/www.fondazionepirelli.org\/it\/wp-json\/wp\/v2\/posts\/52125\/revisions\/"}],"predecessor-version":[{"id":72644,"href":"https:\/\/www.fondazionepirelli.org\/it\/wp-json\/wp\/v2\/posts\/52125\/revisions\/72644\/"}],"wp:featuredmedia":[{"embeddable":true,"href":"https:\/\/www.fondazionepirelli.org\/it\/wp-json\/wp\/v2\/media\/53613\/"}],"wp:attachment":[{"href":"https:\/\/www.fondazionepirelli.org\/it\/wp-json\/wp\/v2\/media\/?parent=52125"}],"wp:term":[{"taxonomy":"category","embeddable":true,"href":"https:\/\/www.fondazionepirelli.org\/it\/wp-json\/wp\/v2\/categories\/?post=52125"},{"taxonomy":"post_tag","embeddable":true,"href":"https:\/\/www.fondazionepirelli.org\/it\/wp-json\/wp\/v2\/tags\/?post=52125"}],"curies":[{"name":"wp","href":"https:\/\/api.w.org\/{rel}","templated":true}]}}