{"id":52131,"date":"2018-09-25T00:00:00","date_gmt":"2018-09-25T00:00:00","guid":{"rendered":"http:\/\/www.fondazionepirelli.org\/fondazione-pirelli\/la-cultura-dellimpresa-culturale\/"},"modified":"2019-05-08T16:58:51","modified_gmt":"2019-05-08T16:58:51","slug":"la-cultura-dellimpresa-culturale","status":"publish","type":"post","link":"https:\/\/www.fondazionepirelli.org\/it\/cultura-dimpresa\/la-cultura-dellimpresa-culturale\/","title":{"rendered":"La cultura dell\u2019impresa culturale"},"content":{"rendered":"<p><em>Un intervento appena pubblicato studia le differenze di regole fra l\u2019ordinamento italiano e quello europeo, indicando un\u2019evoluzione diversa<\/em><\/p>\n<p><strong>\u00a0<\/strong><\/p>\n<p>Si fa impresa anche facendo cultura. Anzi, \u00e8 la stessa attivit\u00e0 d\u2019impresa a costituire un elemento culturale se, occorre sottolinearlo, questa \u00e8 ben gestita e soprattutto ha un occhio attento al ruolo dell\u2019uomo nella produzione ed a quello del territorio. Cultura come impresa dunque, con una sua precisa dimensione economica che va compresa e tutelata. E\u2019 attorno a questi argomenti che ruota il lavoro di Alessia Ottavia Cozzi pubblicato da poche settimane.<\/p>\n<p>\u201cLa dimensione economica del patrimonio culturale. Dimensione economica e dimensione culturale europea\u201d ha proprio l\u2019obiettivo di confrontare il significato di \u201cdimensione economica\u201d del patrimonio culturale nel quadro giuridico italiano e europeo. Operazione di non poco conto, perch\u00e9 \u00e8 proprio dalle regole che passa buona parte della possibilit\u00e0 di fare impresa anche con la cultura.<\/p>\n<p>A.O. Cozzi spiega come nel quadro italiano la dimensione economica riguardi principalmente le interazioni pubblico-privato per fornire servizi relativi ai beni culturali. Nel quadro europeo, invece, a causa della crisi economica negli ultimi anni, le politiche dell&#8217;UE nel campo della cultura si spostano dalla diversit\u00e0 culturale e dal dialogo interculturale all&#8217;industria e agli investimenti. La cultura \u00e8 stata quindi percepita come un fattore chiave per la crescita e la creazione di posti di lavoro. Per incoraggiare lo sviluppo economico, l&#8217;UE ricorre quindi ad una variet\u00e0 di strumenti di finanziamento e strumenti di soft law, come il metodo di coordinamento culturale aperto. Ed \u00e8 qui che Cozzi lancia l\u2019allarme: la logica degli strumenti di intervento europei potrebbe minare gli obiettivi costituzionali italiani non economici e sociali per la protezione del patrimonio culturale. Non si tratta, precisa l\u2019autrice, di regole contro quelle italiane ma di regole costruite in modo tale da sostituire quelle de Paese.<\/p>\n<p>L\u2019intervento di Alessia Ottavia Cozzi propone cos\u00ec una cultura dell\u2019impresa culturale che si diversifica a seconda del tipo di regole seguite, perch\u00e9 queste influenzano il tipo di organizzazione della produzione culturale che viene costruito. L\u2019articolo di A.C. Cozzi non \u00e8 sempre facilissimo da leggere, ma rappresenta una buona strada per conoscere un\u2019interpretazione diversa dell\u2019intendere la cultura d\u2019impresa.<\/p><p><strong>La dimensione economica del patrimonio culturale. Dimensione economica e dimensione culturale europea<\/strong><\/p>\n<p>Alessia Ottavia Cozzi<\/p>\n<p>Aedon, Fascicolo 2, maggio-agosto 2018<\/p>","protected":false},"excerpt":{"rendered":"<p>Un intervento appena pubblicato studia le differenze di regole fra l\u2019ordinamento italiano e quello europeo, indicando un\u2019evoluzione diversa \u00a0 Si fa impresa anche facendo cultura. Anzi, \u00e8 la stessa attivit\u00e0 d\u2019impresa a costituire un elemento culturale se, occorre sottolinearlo, questa \u00e8 ben gestita e soprattutto ha un occhio attento al ruolo dell\u2019uomo nella produzione ed [&hellip;]<\/p>\n","protected":false},"author":1,"featured_media":0,"comment_status":"open","ping_status":"open","sticky":false,"template":"","format":"standard","meta":{"footnotes":""},"categories":[54,52],"tags":[],"class_list":["post-52131","post","type-post","status-publish","format-standard","hentry","category-approfondimenti","category-cultura-dimpresa"],"acf":[],"yoast_head":"<!-- This site is optimized with the Yoast SEO plugin v25.0 - https:\/\/yoast.com\/wordpress\/plugins\/seo\/ -->\n<title>La cultura dell\u2019impresa culturale - Fondazione Pirelli<\/title>\n<meta name=\"robots\" content=\"index, follow, max-snippet:-1, max-image-preview:large, max-video-preview:-1\" \/>\n<link rel=\"canonical\" href=\"https:\/\/www.fondazionepirelli.org\/it\/cultura-dimpresa\/la-cultura-dellimpresa-culturale\/\" \/>\n<meta property=\"og:locale\" content=\"it_IT\" \/>\n<meta property=\"og:type\" content=\"article\" \/>\n<meta property=\"og:title\" content=\"La cultura dell\u2019impresa culturale - Fondazione Pirelli\" \/>\n<meta property=\"og:description\" content=\"Un intervento appena pubblicato studia le differenze di regole fra l\u2019ordinamento italiano e quello europeo, indicando un\u2019evoluzione diversa \u00a0 Si fa impresa anche facendo cultura. Anzi, \u00e8 la stessa attivit\u00e0 d\u2019impresa a costituire un elemento culturale se, occorre sottolinearlo, questa \u00e8 ben gestita e soprattutto ha un occhio attento al ruolo dell\u2019uomo nella produzione ed [&hellip;]\" \/>\n<meta property=\"og:url\" content=\"https:\/\/127.0.0.1\/it\/cultura-dimpresa\/la-cultura-dellimpresa-culturale\/\" \/>\n<meta property=\"og:site_name\" content=\"Fondazione Pirelli\" \/>\n<meta property=\"article:published_time\" content=\"2018-09-25T00:00:00+00:00\" \/>\n<meta property=\"article:modified_time\" content=\"2019-05-08T16:58:51+00:00\" \/>\n<meta name=\"author\" content=\"fondadmin\" \/>\n<meta name=\"twitter:card\" content=\"summary_large_image\" \/>\n<meta name=\"twitter:label1\" content=\"Scritto da\" \/>\n\t<meta name=\"twitter:data1\" content=\"fondadmin\" \/>\n\t<meta name=\"twitter:label2\" content=\"Tempo di lettura stimato\" \/>\n\t<meta name=\"twitter:data2\" content=\"2 minuti\" \/>\n<script type=\"application\/ld+json\" class=\"yoast-schema-graph\">{\"@context\":\"https:\/\/schema.org\",\"@graph\":[{\"@type\":\"WebPage\",\"@id\":\"https:\/\/127.0.0.1\/it\/cultura-dimpresa\/la-cultura-dellimpresa-culturale\/\",\"url\":\"https:\/\/127.0.0.1\/it\/cultura-dimpresa\/la-cultura-dellimpresa-culturale\/\",\"name\":\"La cultura dell\u2019impresa culturale - Fondazione Pirelli\",\"isPartOf\":{\"@id\":\"https:\/\/www.fondazionepirelli.org\/it\/#website\"},\"datePublished\":\"2018-09-25T00:00:00+00:00\",\"dateModified\":\"2019-05-08T16:58:51+00:00\",\"author\":{\"@id\":\"https:\/\/www.fondazionepirelli.org\/it\/#\/schema\/person\/f47d097000832c4a6e54538c791fdf25\"},\"breadcrumb\":{\"@id\":\"https:\/\/127.0.0.1\/it\/cultura-dimpresa\/la-cultura-dellimpresa-culturale\/#breadcrumb\"},\"inLanguage\":\"it-IT\",\"potentialAction\":[{\"@type\":\"ReadAction\",\"target\":[\"https:\/\/127.0.0.1\/it\/cultura-dimpresa\/la-cultura-dellimpresa-culturale\/\"]}]},{\"@type\":\"BreadcrumbList\",\"@id\":\"https:\/\/127.0.0.1\/it\/cultura-dimpresa\/la-cultura-dellimpresa-culturale\/#breadcrumb\",\"itemListElement\":[{\"@type\":\"ListItem\",\"position\":1,\"name\":\"Home\",\"item\":\"https:\/\/www.fondazionepirelli.org\/it\/\"},{\"@type\":\"ListItem\",\"position\":2,\"name\":\"La cultura dell\u2019impresa culturale\"}]},{\"@type\":\"WebSite\",\"@id\":\"https:\/\/www.fondazionepirelli.org\/it\/#website\",\"url\":\"https:\/\/www.fondazionepirelli.org\/it\/\",\"name\":\"Fondazione Pirelli\",\"description\":\"\",\"potentialAction\":[{\"@type\":\"SearchAction\",\"target\":{\"@type\":\"EntryPoint\",\"urlTemplate\":\"https:\/\/www.fondazionepirelli.org\/it\/?s={search_term_string}\"},\"query-input\":{\"@type\":\"PropertyValueSpecification\",\"valueRequired\":true,\"valueName\":\"search_term_string\"}}],\"inLanguage\":\"it-IT\"},{\"@type\":\"Person\",\"@id\":\"https:\/\/www.fondazionepirelli.org\/it\/#\/schema\/person\/f47d097000832c4a6e54538c791fdf25\",\"name\":\"fondadmin\",\"image\":{\"@type\":\"ImageObject\",\"inLanguage\":\"it-IT\",\"@id\":\"https:\/\/www.fondazionepirelli.org\/it\/#\/schema\/person\/image\/\",\"url\":\"https:\/\/secure.gravatar.com\/avatar\/e69498a9175ca244966e51e53c88712c024fcebe41f9a05f75657f1bb25e489b?s=96&d=mm&r=g\",\"contentUrl\":\"https:\/\/secure.gravatar.com\/avatar\/e69498a9175ca244966e51e53c88712c024fcebe41f9a05f75657f1bb25e489b?s=96&d=mm&r=g\",\"caption\":\"fondadmin\"},\"url\":\"https:\/\/www.fondazionepirelli.org\/it\/author\/fondadmin\/\"}]}<\/script>\n<!-- \/ Yoast SEO plugin. -->","yoast_head_json":{"title":"La cultura dell\u2019impresa culturale - Fondazione Pirelli","robots":{"index":"index","follow":"follow","max-snippet":"max-snippet:-1","max-image-preview":"max-image-preview:large","max-video-preview":"max-video-preview:-1"},"canonical":"https:\/\/www.fondazionepirelli.org\/it\/cultura-dimpresa\/la-cultura-dellimpresa-culturale\/","og_locale":"it_IT","og_type":"article","og_title":"La cultura dell\u2019impresa culturale - Fondazione Pirelli","og_description":"Un intervento appena pubblicato studia le differenze di regole fra l\u2019ordinamento italiano e quello europeo, indicando un\u2019evoluzione diversa \u00a0 Si fa impresa anche facendo cultura. Anzi, \u00e8 la stessa attivit\u00e0 d\u2019impresa a costituire un elemento culturale se, occorre sottolinearlo, questa \u00e8 ben gestita e soprattutto ha un occhio attento al ruolo dell\u2019uomo nella produzione ed [&hellip;]","og_url":"https:\/\/127.0.0.1\/it\/cultura-dimpresa\/la-cultura-dellimpresa-culturale\/","og_site_name":"Fondazione Pirelli","article_published_time":"2018-09-25T00:00:00+00:00","article_modified_time":"2019-05-08T16:58:51+00:00","author":"fondadmin","twitter_card":"summary_large_image","twitter_misc":{"Scritto da":"fondadmin","Tempo di lettura stimato":"2 minuti"},"schema":{"@context":"https:\/\/schema.org","@graph":[{"@type":"WebPage","@id":"https:\/\/127.0.0.1\/it\/cultura-dimpresa\/la-cultura-dellimpresa-culturale\/","url":"https:\/\/127.0.0.1\/it\/cultura-dimpresa\/la-cultura-dellimpresa-culturale\/","name":"La cultura dell\u2019impresa culturale - Fondazione Pirelli","isPartOf":{"@id":"https:\/\/www.fondazionepirelli.org\/it\/#website"},"datePublished":"2018-09-25T00:00:00+00:00","dateModified":"2019-05-08T16:58:51+00:00","author":{"@id":"https:\/\/www.fondazionepirelli.org\/it\/#\/schema\/person\/f47d097000832c4a6e54538c791fdf25"},"breadcrumb":{"@id":"https:\/\/127.0.0.1\/it\/cultura-dimpresa\/la-cultura-dellimpresa-culturale\/#breadcrumb"},"inLanguage":"it-IT","potentialAction":[{"@type":"ReadAction","target":["https:\/\/127.0.0.1\/it\/cultura-dimpresa\/la-cultura-dellimpresa-culturale\/"]}]},{"@type":"BreadcrumbList","@id":"https:\/\/127.0.0.1\/it\/cultura-dimpresa\/la-cultura-dellimpresa-culturale\/#breadcrumb","itemListElement":[{"@type":"ListItem","position":1,"name":"Home","item":"https:\/\/www.fondazionepirelli.org\/it\/"},{"@type":"ListItem","position":2,"name":"La cultura dell\u2019impresa culturale"}]},{"@type":"WebSite","@id":"https:\/\/www.fondazionepirelli.org\/it\/#website","url":"https:\/\/www.fondazionepirelli.org\/it\/","name":"Fondazione Pirelli","description":"","potentialAction":[{"@type":"SearchAction","target":{"@type":"EntryPoint","urlTemplate":"https:\/\/www.fondazionepirelli.org\/it\/?s={search_term_string}"},"query-input":{"@type":"PropertyValueSpecification","valueRequired":true,"valueName":"search_term_string"}}],"inLanguage":"it-IT"},{"@type":"Person","@id":"https:\/\/www.fondazionepirelli.org\/it\/#\/schema\/person\/f47d097000832c4a6e54538c791fdf25","name":"fondadmin","image":{"@type":"ImageObject","inLanguage":"it-IT","@id":"https:\/\/www.fondazionepirelli.org\/it\/#\/schema\/person\/image\/","url":"https:\/\/secure.gravatar.com\/avatar\/e69498a9175ca244966e51e53c88712c024fcebe41f9a05f75657f1bb25e489b?s=96&d=mm&r=g","contentUrl":"https:\/\/secure.gravatar.com\/avatar\/e69498a9175ca244966e51e53c88712c024fcebe41f9a05f75657f1bb25e489b?s=96&d=mm&r=g","caption":"fondadmin"},"url":"https:\/\/www.fondazionepirelli.org\/it\/author\/fondadmin\/"}]}},"_links":{"self":[{"href":"https:\/\/www.fondazionepirelli.org\/it\/wp-json\/wp\/v2\/posts\/52131\/"}],"collection":[{"href":"https:\/\/www.fondazionepirelli.org\/it\/wp-json\/wp\/v2\/posts\/"}],"about":[{"href":"https:\/\/www.fondazionepirelli.org\/it\/wp-json\/wp\/v2\/types\/post\/"}],"author":[{"embeddable":true,"href":"https:\/\/www.fondazionepirelli.org\/it\/wp-json\/wp\/v2\/users\/1\/"}],"replies":[{"embeddable":true,"href":"https:\/\/www.fondazionepirelli.org\/it\/wp-json\/wp\/v2\/comments\/?post=52131"}],"version-history":[{"count":1,"href":"https:\/\/www.fondazionepirelli.org\/it\/wp-json\/wp\/v2\/posts\/52131\/revisions\/"}],"predecessor-version":[{"id":52323,"href":"https:\/\/www.fondazionepirelli.org\/it\/wp-json\/wp\/v2\/posts\/52131\/revisions\/52323\/"}],"wp:attachment":[{"href":"https:\/\/www.fondazionepirelli.org\/it\/wp-json\/wp\/v2\/media\/?parent=52131"}],"wp:term":[{"taxonomy":"category","embeddable":true,"href":"https:\/\/www.fondazionepirelli.org\/it\/wp-json\/wp\/v2\/categories\/?post=52131"},{"taxonomy":"post_tag","embeddable":true,"href":"https:\/\/www.fondazionepirelli.org\/it\/wp-json\/wp\/v2\/tags\/?post=52131"}],"curies":[{"name":"wp","href":"https:\/\/api.w.org\/{rel}","templated":true}]}}