{"id":52143,"date":"2018-09-18T00:00:00","date_gmt":"2018-09-18T00:00:00","guid":{"rendered":"http:\/\/www.fondazionepirelli.org\/fondazione-pirelli\/le-parole-irresponsabili-che-intaccano-la-fiducia-nellitalia-e-fanno-crescere-il-costo-del-denaro-per-famiglie-e-imprese\/"},"modified":"2019-05-29T15:56:54","modified_gmt":"2019-05-29T15:56:54","slug":"le-parole-irresponsabili-che-intaccano-la-fiducia-nellitalia-e-fanno-crescere-il-costo-del-denaro-per-famiglie-e-imprese","status":"publish","type":"post","link":"https:\/\/www.fondazionepirelli.org\/it\/cultura-dimpresa\/le-parole-irresponsabili-che-intaccano-la-fiducia-nellitalia-e-fanno-crescere-il-costo-del-denaro-per-famiglie-e-imprese\/","title":{"rendered":"Le parole irresponsabili che intaccano la fiducia nell\u2019Italia e fanno crescere il costo del denaro per famiglie e imprese"},"content":{"rendered":"<p><strong>Parole<\/strong>. Sono \u201cpietre\u201d, pesanti, capaci di colpire e fare danni. Esprimono sentimenti e \u201cfanno vivere\u201d quando sono pertinenti, sincere (ce l\u2019ha insegnato Paul Eluard, uno dei maggiori poeti del Novecento). Raccontano il mondo e contribuiscono a determinarne la storia. Vanno dette con rispetto e senso di responsabilit\u00e0.<strong> Mario Draghi<\/strong> \u00e8 una persona di solidi studi e buone letture (\u00e8 stato tra gli allievi prediletti di Federico Caff\u00e8, economista di straordinaria competenza e alto senso morale, all\u2019universit\u00e0 di Roma) e vanta un\u2019esperienza rara come uomo delle principali istituzioni economiche internazionali. Negli anni, non ha mai parlato a vanvera, per demagogia o per vanto. E cos\u00ec le sue parole, pronunciate venerd\u00ec scorso a Francoforte, durante un incontro della Bce, di cui \u00e8 autorevole e stimato presidente, vanno ascoltate e prese molto sul serio.<\/p>\n<p>Ha detto Draghi, parlando del governo italiano e delle dichiarazioni di esponenti di primo piano: \u201cNegli ultimi mesi le parole sono cambiate molte volte e quello che ora aspettiamo sono i fatti, principalmente la legge di bilancio e la discussione parlamentare\u201d. Poi aggiunge: \u201cPurtroppo abbiamo visto che le parole hanno fatto alcuni <strong>danni<\/strong>, i tassi sono saliti, per le famiglie e le imprese\u201d. Analogo il monito che arriva da Mario Centeno, ministro delle finanze di Lisbona (paese europeo un tempo in difficolt\u00e0, tutt\u2019altro che un seguace dell\u2019ortodossia dell\u2019austerit\u00e0 cara ai tedeschi) e dal 2017 presidente dell\u2019Eurogruppo: \u201cTroppa <strong>incertezza<\/strong> fa male, le regole Ue si rispettano\u201d (\u201cCorriere della Sera\u201d, 14 settembre).<\/p>\n<p>Ecco il punto. Tante chiacchiere di esponenti del governo su<strong> flat tax<\/strong> (con due o tre livelli, dunque tutt\u2019altro che \u201cflat\u201d), pensioni, reddito di cittadinanza, condono fiscale (anche se lo si chiama \u201cpace fiscale\u201d la sostanza non cambia: una misura \u201cuna tantum\u201d che non incide strutturalmente sui saldi di bilancio, a parte ogni altra considerazione sulla sua equit\u00e0, ai danni di chi le tasse le ha sempre pagate), sforamento del 3% e di altri impegni secondo i parametri di Maastricht, tante polemiche contro la Ue e l\u2019euro (sino alla minaccia di non versare i contributi italiani al bilancio dell\u2019Unione europea), tante dichiarazioni su ipotesi di nazionalizzazione, cancellazione di concessioni, penalizzazioni per gli investitori internazionali, critiche contro le Autorit\u00e0 indipendenti, minacce contro la libert\u00e0 d\u2019informazione (che dei mercati \u00e8 strumento essenziale) hanno reso poco credibile l\u2019Italia. \u201cIl grande bluff di una manovra propagandistica\u201d, ha polemizzato \u201cIl Foglio\u201d.<\/p>\n<p>Chi ha investito in Italia, comprando titoli del debito pubblico o programmando attivit\u00e0 imprenditoriali, ha bisogno invece di un solido e stabile quadro di riferimento. Altrimenti, mette da canto questo Paese: a fine giugno nei portafogli degli investitori internazionali c\u2019erano 58 miliardi di titoli pubblici italiani in meno rispetto ai due mesi precedenti. \u201cFuga dai Btp, in calo le richieste dall\u2019estero\u201d, titolavano appunto i giornali del fine settimana.<\/p>\n<p>Il risultato di tante chiacchiere senza senso di responsabilit\u00e0 \u00e8 stato grave: spread aumentato, titoli del debito pubblico guardati con preoccupazione e accantonati nelle scelte d\u2019investimento,\u00a0 tassi in crescita per cercare di compensare l\u2019incremento del \u201crischio Italia\u201d (un punto in pi\u00f9, sui tassi decennali, da maggio a oggi). E Borsa in caduta. Per le famiglie, mutui pi\u00f9 cari, per le imprese costo del denaro in aumento. Per le casse pubbliche (dunque per le tasche di tutti noi), maggior costo del debito, minori soldi per riforme e servizi migliori. Tutto si paga, insomma, e non a parole.<\/p>\n<p>Facile, sempre a chiacchiere, prendersela con \u201cil signor Spread\u201d, come se lo spread fosse un maligno protagonista della \u201cfinanza cattiva\u201d e non invece un semplice termometro della credibilit\u00e0 dell\u2019Italia. Facile, fare polemiche contro \u201ci complotti dei mercati\u201d. La realt\u00e0 \u00e8 quella seccamente raccontata da Draghi: se chi governa un\u2019Italia fragile e carica di debito pubblico, in un\u2019economia molto legata alle relazioni internazionali, non riscuote fiducia, tutto il Paese ne soffre. E quei legami internazionali &#8211; va aggiunto &#8211; sono una componente essenziale della nostra ricchezza e del nostro benessere, data la forza dell\u2019export delle nostre imprese. Vanno approfonditi, non incrinati da nazionalismo buono solo per l\u2019approssimativa propaganda.<\/p>\n<p>In un\u2019<strong>Europa<\/strong> che, al di l\u00e0 dei miti fondativi, ha bisogno di riflettere profondamente sulla sua crisi e su un funzionamento di regole e istituzioni che incontra crescenti critiche in larghi settori dell\u2019opinione pubblica, la responsabilit\u00e0 di chi siede al vertice di governi e istituzioni dev\u2019essere quella di saper costruire un discorso pubblico serio, competente, forte d\u2019un credibile progetto di riforma e non alimentato da demagogie e animosit\u00e0 polemiche. L\u2019Europa ha bisogno di<strong> critiche<\/strong> e riforme, non di picconatori, per il bene d\u2019una \u201c<strong>casa comune<\/strong>\u201d che ha garantito settant\u2019anni di pace, libert\u00e0, benessere cresciuto. L\u2019Italia, di quest\u2019Europa, \u00e8 stata fondatrice e poi, nel tempo, partner di primo piano. Un ruolo che va riconfermato e difeso, proprio in una stagione in cui l\u2019Europa e l\u2019integrazione devono fare passi importanti di cambiamento e miglioramento, costruendo \u201cun\u2019immagine di Arcipelago: uno spazio composto da realt\u00e0 ben distinte, da tempi distinti e tuttavia in navigazione gli uni verso gli altri, senza alcuna velleit\u00e0 egemonica o omologante. Realt\u00e0 capaci di distinguere ambiti diversi di responsabilit\u00e0 e di competenza, cio\u00e8 di sovranit\u00e0\u201d, per dirla con le efficaci parole di Massimo Cacciari (L\u2019Espresso\u201d,16 settembre) .<\/p>\n<p>Non chiacchiere e polemiche, dunque. Ma <strong>atti di buon governo<\/strong>, a cominciare appunto dalla legge di bilancio. Fatti e scelte che ci facciano apprezzare da chi investe su di noi. Ben sapendo che di quegli investimenti internazionali abbiamo un grande bisogno, per fare impresa, creare lavoro, migliorare la qualit\u00e0 delle infrastrutture e della vita di tutti.<\/p>\n","protected":false},"excerpt":{"rendered":"<p>Parole. Sono \u201cpietre\u201d, pesanti, capaci di colpire e fare danni. Esprimono sentimenti e \u201cfanno vivere\u201d quando sono pertinenti, sincere (ce l\u2019ha insegnato Paul Eluard, uno dei maggiori poeti del Novecento). Raccontano il mondo e contribuiscono a determinarne la storia. Vanno dette con rispetto e senso di responsabilit\u00e0. Mario Draghi \u00e8 una persona di solidi studi [&hellip;]<\/p>\n","protected":false},"author":1,"featured_media":56809,"comment_status":"open","ping_status":"open","sticky":false,"template":"","format":"standard","meta":{"footnotes":""},"categories":[53,52],"tags":[],"class_list":["post-52143","post","type-post","status-publish","format-standard","has-post-thumbnail","hentry","category-blog","category-cultura-dimpresa"],"acf":[],"yoast_head":"<!-- This site is optimized with the Yoast SEO plugin v25.0 - https:\/\/yoast.com\/wordpress\/plugins\/seo\/ -->\n<title>Le parole irresponsabili che intaccano la fiducia nell\u2019Italia e fanno crescere il costo del denaro per famiglie e imprese - Fondazione Pirelli<\/title>\n<meta name=\"robots\" content=\"index, follow, max-snippet:-1, max-image-preview:large, max-video-preview:-1\" \/>\n<link rel=\"canonical\" href=\"https:\/\/www.fondazionepirelli.org\/it\/cultura-dimpresa\/le-parole-irresponsabili-che-intaccano-la-fiducia-nellitalia-e-fanno-crescere-il-costo-del-denaro-per-famiglie-e-imprese\/\" \/>\n<meta property=\"og:locale\" content=\"it_IT\" \/>\n<meta property=\"og:type\" content=\"article\" \/>\n<meta property=\"og:title\" content=\"Le parole irresponsabili che intaccano la fiducia nell\u2019Italia e fanno crescere il costo del denaro per famiglie e imprese - Fondazione Pirelli\" \/>\n<meta property=\"og:description\" content=\"Parole. Sono \u201cpietre\u201d, pesanti, capaci di colpire e fare danni. Esprimono sentimenti e \u201cfanno vivere\u201d quando sono pertinenti, sincere (ce l\u2019ha insegnato Paul Eluard, uno dei maggiori poeti del Novecento). Raccontano il mondo e contribuiscono a determinarne la storia. Vanno dette con rispetto e senso di responsabilit\u00e0. Mario Draghi \u00e8 una persona di solidi studi [&hellip;]\" \/>\n<meta property=\"og:url\" content=\"https:\/\/www.fondazionepirelli.org\/it\/cultura-dimpresa\/le-parole-irresponsabili-che-intaccano-la-fiducia-nellitalia-e-fanno-crescere-il-costo-del-denaro-per-famiglie-e-imprese\/\" \/>\n<meta property=\"og:site_name\" content=\"Fondazione Pirelli\" \/>\n<meta property=\"article:published_time\" content=\"2018-09-18T00:00:00+00:00\" \/>\n<meta property=\"article:modified_time\" content=\"2019-05-29T15:56:54+00:00\" \/>\n<meta property=\"og:image\" content=\"https:\/\/wpsite-assets.fondazionepirelli.org\/wp-content\/uploads\/2018\/09\/29155643\/le-parole-irresponsabili.jpg\" \/>\n\t<meta property=\"og:image:width\" content=\"422\" \/>\n\t<meta property=\"og:image:height\" content=\"553\" \/>\n\t<meta property=\"og:image:type\" content=\"image\/jpeg\" \/>\n<meta name=\"author\" content=\"fondadmin\" \/>\n<meta name=\"twitter:card\" content=\"summary_large_image\" \/>\n<meta name=\"twitter:label1\" content=\"Scritto da\" \/>\n\t<meta name=\"twitter:data1\" content=\"fondadmin\" \/>\n\t<meta name=\"twitter:label2\" content=\"Tempo di lettura stimato\" \/>\n\t<meta name=\"twitter:data2\" content=\"5 minuti\" \/>\n<script type=\"application\/ld+json\" class=\"yoast-schema-graph\">{\"@context\":\"https:\/\/schema.org\",\"@graph\":[{\"@type\":\"WebPage\",\"@id\":\"https:\/\/www.fondazionepirelli.org\/it\/cultura-dimpresa\/le-parole-irresponsabili-che-intaccano-la-fiducia-nellitalia-e-fanno-crescere-il-costo-del-denaro-per-famiglie-e-imprese\/\",\"url\":\"https:\/\/www.fondazionepirelli.org\/it\/cultura-dimpresa\/le-parole-irresponsabili-che-intaccano-la-fiducia-nellitalia-e-fanno-crescere-il-costo-del-denaro-per-famiglie-e-imprese\/\",\"name\":\"Le parole irresponsabili che intaccano la fiducia nell\u2019Italia e fanno crescere il costo del denaro per famiglie e imprese - Fondazione Pirelli\",\"isPartOf\":{\"@id\":\"https:\/\/www.fondazionepirelli.org\/it\/#website\"},\"primaryImageOfPage\":{\"@id\":\"https:\/\/www.fondazionepirelli.org\/it\/cultura-dimpresa\/le-parole-irresponsabili-che-intaccano-la-fiducia-nellitalia-e-fanno-crescere-il-costo-del-denaro-per-famiglie-e-imprese\/#primaryimage\"},\"image\":{\"@id\":\"https:\/\/www.fondazionepirelli.org\/it\/cultura-dimpresa\/le-parole-irresponsabili-che-intaccano-la-fiducia-nellitalia-e-fanno-crescere-il-costo-del-denaro-per-famiglie-e-imprese\/#primaryimage\"},\"thumbnailUrl\":\"https:\/\/wpsite-assets.fondazionepirelli.org\/wp-content\/uploads\/2018\/09\/29155643\/le-parole-irresponsabili.jpg\",\"datePublished\":\"2018-09-18T00:00:00+00:00\",\"dateModified\":\"2019-05-29T15:56:54+00:00\",\"author\":{\"@id\":\"https:\/\/www.fondazionepirelli.org\/it\/#\/schema\/person\/f47d097000832c4a6e54538c791fdf25\"},\"breadcrumb\":{\"@id\":\"https:\/\/www.fondazionepirelli.org\/it\/cultura-dimpresa\/le-parole-irresponsabili-che-intaccano-la-fiducia-nellitalia-e-fanno-crescere-il-costo-del-denaro-per-famiglie-e-imprese\/#breadcrumb\"},\"inLanguage\":\"it-IT\",\"potentialAction\":[{\"@type\":\"ReadAction\",\"target\":[\"https:\/\/www.fondazionepirelli.org\/it\/cultura-dimpresa\/le-parole-irresponsabili-che-intaccano-la-fiducia-nellitalia-e-fanno-crescere-il-costo-del-denaro-per-famiglie-e-imprese\/\"]}]},{\"@type\":\"ImageObject\",\"inLanguage\":\"it-IT\",\"@id\":\"https:\/\/www.fondazionepirelli.org\/it\/cultura-dimpresa\/le-parole-irresponsabili-che-intaccano-la-fiducia-nellitalia-e-fanno-crescere-il-costo-del-denaro-per-famiglie-e-imprese\/#primaryimage\",\"url\":\"https:\/\/wpsite-assets.fondazionepirelli.org\/wp-content\/uploads\/2018\/09\/29155643\/le-parole-irresponsabili.jpg\",\"contentUrl\":\"https:\/\/wpsite-assets.fondazionepirelli.org\/wp-content\/uploads\/2018\/09\/29155643\/le-parole-irresponsabili.jpg\",\"width\":422,\"height\":553},{\"@type\":\"BreadcrumbList\",\"@id\":\"https:\/\/www.fondazionepirelli.org\/it\/cultura-dimpresa\/le-parole-irresponsabili-che-intaccano-la-fiducia-nellitalia-e-fanno-crescere-il-costo-del-denaro-per-famiglie-e-imprese\/#breadcrumb\",\"itemListElement\":[{\"@type\":\"ListItem\",\"position\":1,\"name\":\"Home\",\"item\":\"https:\/\/www.fondazionepirelli.org\/it\/\"},{\"@type\":\"ListItem\",\"position\":2,\"name\":\"Le parole irresponsabili che intaccano la fiducia nell\u2019Italia e fanno crescere il costo del denaro per famiglie e imprese\"}]},{\"@type\":\"WebSite\",\"@id\":\"https:\/\/www.fondazionepirelli.org\/it\/#website\",\"url\":\"https:\/\/www.fondazionepirelli.org\/it\/\",\"name\":\"Fondazione Pirelli\",\"description\":\"\",\"potentialAction\":[{\"@type\":\"SearchAction\",\"target\":{\"@type\":\"EntryPoint\",\"urlTemplate\":\"https:\/\/www.fondazionepirelli.org\/it\/?s={search_term_string}\"},\"query-input\":{\"@type\":\"PropertyValueSpecification\",\"valueRequired\":true,\"valueName\":\"search_term_string\"}}],\"inLanguage\":\"it-IT\"},{\"@type\":\"Person\",\"@id\":\"https:\/\/www.fondazionepirelli.org\/it\/#\/schema\/person\/f47d097000832c4a6e54538c791fdf25\",\"name\":\"fondadmin\",\"image\":{\"@type\":\"ImageObject\",\"inLanguage\":\"it-IT\",\"@id\":\"https:\/\/www.fondazionepirelli.org\/it\/#\/schema\/person\/image\/\",\"url\":\"https:\/\/secure.gravatar.com\/avatar\/e69498a9175ca244966e51e53c88712c024fcebe41f9a05f75657f1bb25e489b?s=96&d=mm&r=g\",\"contentUrl\":\"https:\/\/secure.gravatar.com\/avatar\/e69498a9175ca244966e51e53c88712c024fcebe41f9a05f75657f1bb25e489b?s=96&d=mm&r=g\",\"caption\":\"fondadmin\"},\"url\":\"https:\/\/www.fondazionepirelli.org\/it\/author\/fondadmin\/\"}]}<\/script>\n<!-- \/ Yoast SEO plugin. -->","yoast_head_json":{"title":"Le parole irresponsabili che intaccano la fiducia nell\u2019Italia e fanno crescere il costo del denaro per famiglie e imprese - Fondazione Pirelli","robots":{"index":"index","follow":"follow","max-snippet":"max-snippet:-1","max-image-preview":"max-image-preview:large","max-video-preview":"max-video-preview:-1"},"canonical":"https:\/\/www.fondazionepirelli.org\/it\/cultura-dimpresa\/le-parole-irresponsabili-che-intaccano-la-fiducia-nellitalia-e-fanno-crescere-il-costo-del-denaro-per-famiglie-e-imprese\/","og_locale":"it_IT","og_type":"article","og_title":"Le parole irresponsabili che intaccano la fiducia nell\u2019Italia e fanno crescere il costo del denaro per famiglie e imprese - Fondazione Pirelli","og_description":"Parole. Sono \u201cpietre\u201d, pesanti, capaci di colpire e fare danni. Esprimono sentimenti e \u201cfanno vivere\u201d quando sono pertinenti, sincere (ce l\u2019ha insegnato Paul Eluard, uno dei maggiori poeti del Novecento). Raccontano il mondo e contribuiscono a determinarne la storia. Vanno dette con rispetto e senso di responsabilit\u00e0. Mario Draghi \u00e8 una persona di solidi studi [&hellip;]","og_url":"https:\/\/www.fondazionepirelli.org\/it\/cultura-dimpresa\/le-parole-irresponsabili-che-intaccano-la-fiducia-nellitalia-e-fanno-crescere-il-costo-del-denaro-per-famiglie-e-imprese\/","og_site_name":"Fondazione Pirelli","article_published_time":"2018-09-18T00:00:00+00:00","article_modified_time":"2019-05-29T15:56:54+00:00","og_image":[{"width":422,"height":553,"url":"https:\/\/wpsite-assets.fondazionepirelli.org\/wp-content\/uploads\/2018\/09\/29155643\/le-parole-irresponsabili.jpg","type":"image\/jpeg"}],"author":"fondadmin","twitter_card":"summary_large_image","twitter_misc":{"Scritto da":"fondadmin","Tempo di lettura stimato":"5 minuti"},"schema":{"@context":"https:\/\/schema.org","@graph":[{"@type":"WebPage","@id":"https:\/\/www.fondazionepirelli.org\/it\/cultura-dimpresa\/le-parole-irresponsabili-che-intaccano-la-fiducia-nellitalia-e-fanno-crescere-il-costo-del-denaro-per-famiglie-e-imprese\/","url":"https:\/\/www.fondazionepirelli.org\/it\/cultura-dimpresa\/le-parole-irresponsabili-che-intaccano-la-fiducia-nellitalia-e-fanno-crescere-il-costo-del-denaro-per-famiglie-e-imprese\/","name":"Le parole irresponsabili che intaccano la fiducia nell\u2019Italia e fanno crescere il costo del denaro per famiglie e imprese - Fondazione Pirelli","isPartOf":{"@id":"https:\/\/www.fondazionepirelli.org\/it\/#website"},"primaryImageOfPage":{"@id":"https:\/\/www.fondazionepirelli.org\/it\/cultura-dimpresa\/le-parole-irresponsabili-che-intaccano-la-fiducia-nellitalia-e-fanno-crescere-il-costo-del-denaro-per-famiglie-e-imprese\/#primaryimage"},"image":{"@id":"https:\/\/www.fondazionepirelli.org\/it\/cultura-dimpresa\/le-parole-irresponsabili-che-intaccano-la-fiducia-nellitalia-e-fanno-crescere-il-costo-del-denaro-per-famiglie-e-imprese\/#primaryimage"},"thumbnailUrl":"https:\/\/wpsite-assets.fondazionepirelli.org\/wp-content\/uploads\/2018\/09\/29155643\/le-parole-irresponsabili.jpg","datePublished":"2018-09-18T00:00:00+00:00","dateModified":"2019-05-29T15:56:54+00:00","author":{"@id":"https:\/\/www.fondazionepirelli.org\/it\/#\/schema\/person\/f47d097000832c4a6e54538c791fdf25"},"breadcrumb":{"@id":"https:\/\/www.fondazionepirelli.org\/it\/cultura-dimpresa\/le-parole-irresponsabili-che-intaccano-la-fiducia-nellitalia-e-fanno-crescere-il-costo-del-denaro-per-famiglie-e-imprese\/#breadcrumb"},"inLanguage":"it-IT","potentialAction":[{"@type":"ReadAction","target":["https:\/\/www.fondazionepirelli.org\/it\/cultura-dimpresa\/le-parole-irresponsabili-che-intaccano-la-fiducia-nellitalia-e-fanno-crescere-il-costo-del-denaro-per-famiglie-e-imprese\/"]}]},{"@type":"ImageObject","inLanguage":"it-IT","@id":"https:\/\/www.fondazionepirelli.org\/it\/cultura-dimpresa\/le-parole-irresponsabili-che-intaccano-la-fiducia-nellitalia-e-fanno-crescere-il-costo-del-denaro-per-famiglie-e-imprese\/#primaryimage","url":"https:\/\/wpsite-assets.fondazionepirelli.org\/wp-content\/uploads\/2018\/09\/29155643\/le-parole-irresponsabili.jpg","contentUrl":"https:\/\/wpsite-assets.fondazionepirelli.org\/wp-content\/uploads\/2018\/09\/29155643\/le-parole-irresponsabili.jpg","width":422,"height":553},{"@type":"BreadcrumbList","@id":"https:\/\/www.fondazionepirelli.org\/it\/cultura-dimpresa\/le-parole-irresponsabili-che-intaccano-la-fiducia-nellitalia-e-fanno-crescere-il-costo-del-denaro-per-famiglie-e-imprese\/#breadcrumb","itemListElement":[{"@type":"ListItem","position":1,"name":"Home","item":"https:\/\/www.fondazionepirelli.org\/it\/"},{"@type":"ListItem","position":2,"name":"Le parole irresponsabili che intaccano la fiducia nell\u2019Italia e fanno crescere il costo del denaro per famiglie e imprese"}]},{"@type":"WebSite","@id":"https:\/\/www.fondazionepirelli.org\/it\/#website","url":"https:\/\/www.fondazionepirelli.org\/it\/","name":"Fondazione Pirelli","description":"","potentialAction":[{"@type":"SearchAction","target":{"@type":"EntryPoint","urlTemplate":"https:\/\/www.fondazionepirelli.org\/it\/?s={search_term_string}"},"query-input":{"@type":"PropertyValueSpecification","valueRequired":true,"valueName":"search_term_string"}}],"inLanguage":"it-IT"},{"@type":"Person","@id":"https:\/\/www.fondazionepirelli.org\/it\/#\/schema\/person\/f47d097000832c4a6e54538c791fdf25","name":"fondadmin","image":{"@type":"ImageObject","inLanguage":"it-IT","@id":"https:\/\/www.fondazionepirelli.org\/it\/#\/schema\/person\/image\/","url":"https:\/\/secure.gravatar.com\/avatar\/e69498a9175ca244966e51e53c88712c024fcebe41f9a05f75657f1bb25e489b?s=96&d=mm&r=g","contentUrl":"https:\/\/secure.gravatar.com\/avatar\/e69498a9175ca244966e51e53c88712c024fcebe41f9a05f75657f1bb25e489b?s=96&d=mm&r=g","caption":"fondadmin"},"url":"https:\/\/www.fondazionepirelli.org\/it\/author\/fondadmin\/"}]}},"_links":{"self":[{"href":"https:\/\/www.fondazionepirelli.org\/it\/wp-json\/wp\/v2\/posts\/52143\/"}],"collection":[{"href":"https:\/\/www.fondazionepirelli.org\/it\/wp-json\/wp\/v2\/posts\/"}],"about":[{"href":"https:\/\/www.fondazionepirelli.org\/it\/wp-json\/wp\/v2\/types\/post\/"}],"author":[{"embeddable":true,"href":"https:\/\/www.fondazionepirelli.org\/it\/wp-json\/wp\/v2\/users\/1\/"}],"replies":[{"embeddable":true,"href":"https:\/\/www.fondazionepirelli.org\/it\/wp-json\/wp\/v2\/comments\/?post=52143"}],"version-history":[{"count":3,"href":"https:\/\/www.fondazionepirelli.org\/it\/wp-json\/wp\/v2\/posts\/52143\/revisions\/"}],"predecessor-version":[{"id":56811,"href":"https:\/\/www.fondazionepirelli.org\/it\/wp-json\/wp\/v2\/posts\/52143\/revisions\/56811\/"}],"wp:featuredmedia":[{"embeddable":true,"href":"https:\/\/www.fondazionepirelli.org\/it\/wp-json\/wp\/v2\/media\/56809\/"}],"wp:attachment":[{"href":"https:\/\/www.fondazionepirelli.org\/it\/wp-json\/wp\/v2\/media\/?parent=52143"}],"wp:term":[{"taxonomy":"category","embeddable":true,"href":"https:\/\/www.fondazionepirelli.org\/it\/wp-json\/wp\/v2\/categories\/?post=52143"},{"taxonomy":"post_tag","embeddable":true,"href":"https:\/\/www.fondazionepirelli.org\/it\/wp-json\/wp\/v2\/tags\/?post=52143"}],"curies":[{"name":"wp","href":"https:\/\/api.w.org\/{rel}","templated":true}]}}