{"id":52151,"date":"2018-09-11T00:00:00","date_gmt":"2018-09-11T00:00:00","guid":{"rendered":"http:\/\/www.fondazionepirelli.org\/fondazione-pirelli\/dove-siamo\/"},"modified":"2019-09-20T09:48:07","modified_gmt":"2019-09-20T07:48:07","slug":"dove-siamo","status":"publish","type":"post","link":"https:\/\/www.fondazionepirelli.org\/it\/cultura-dimpresa\/dove-siamo\/","title":{"rendered":"Dove siamo?"},"content":{"rendered":"<p><em>Uno storico racconta in 21 \u201clezioni\u201d i temi principali che spiegano l\u2019oggi<\/em><\/p>\n<p><strong>\u00a0<\/strong><\/p>\n<p>La buona impresa conosce il mondo. E non potrebbe che essere cos\u00ec, visto che ogni organizzazione della produzione non \u00e8 avulsa dal contesto in cui \u00e8 collocata. Solo in apparenza pi\u00f9 facile di ieri, la conoscenza del mondo passa per\u00f2 attraverso una serie di ostacoli complessi, oltre che una mole di informazioni che diventa sempre pi\u00f9 ampia e sempre meno interpretabile ai pi\u00f9. Leggere il libro di Yuval Noah Harari, \u201c21 lezioni per il XXI secolo\u201d \u2013 ultimo tradotto di una serie di tre \u2013, pu\u00f2 allora aiutare a capire di pi\u00f9 e soprattutto meglio di quello che sta accadendo attorno a noi e alle imprese.<\/p>\n<p>Uno dei concetti principali su cui si basa il libro \u2013 forse il concetto che sorregge l\u2019intero ragionamento dell\u2019autore \u2013, \u00e8 che in un mondo invaso da informazioni irrilevanti, la lucidit\u00e0 \u00e8 potere. Un assunto importante (che fra l\u2019altro gli imprenditori avveduti conoscono bene), e dal quale deriva una constatazione: la censura non opera bloccando il flusso di informazioni, ma inondando le persone di disinformazione e distrazioni.\u00a0 Cultura delle limpidezza e della verit\u00e0, dunque. Che il libro cerca di applicare ad una serie di domande (che si trasformano in 21 \u201ccapitoli-lezioni\u201d), con l\u2019intento di fornire una mappa chiara e fruibile del mondo in cui tutti oggi sono immersi.\u00a0 E, se le domande emergono in tutta la loro complessit\u00e0 e attualit\u00e0 (dal perch\u00e9 la democrazia liberale \u00e8 in crisi al ruolo delle religioni e di Dio, dalla possibilit\u00e0 di una nuova guerra mondiale alla situazione negli Usa, dall\u2019interrogativo su chi davvero stia dominando il mondo al ruolo dell\u2019Europa e dei migranti, dai nazionalismi al terrorismo e via discorrendo), le 21 lezioni vengono individuate con assoluta semplicit\u00e0 da un vocabolo solo, che esprime un concetto a sua volta discusso. Si parla cos\u00ec di lavoro e di libert\u00e0, di uguaglianza, di civilt\u00e0, di nazionalismo e religione, di terrorismo e di guerra, ma anche di umilt\u00e0 e di Dio cos\u00ec come di laicismo, e pure di ignoranza e post-verit\u00e0, di fantascienza e di istruzione. Le singole lezioni sono poi ordinate in cinque parti: la sfida tecnologica, quella politica, la disperazione e la speranza, la verit\u00e0, la resilienza.<\/p>\n<p>Harari spiega che miliardi di persone possono a stento permettersi il lusso di approfondire simili questioni, perch\u00e9 pressate da ben altre urgenze: andare al lavoro, prendersi cura dei figli o dei genitori anziani. \u201cPurtroppo la storia non fa sconti\u201d. Da qui quindi il libro che ha proprio l\u2019obiettivo di aiutare a capire per non essere all\u2019oscuro di tutto.<\/p>\n<p>Harari \u00e8 uno storico che, dopo aver raccontato il passato e il futuro, descrive il presente. E lo fa con uno stile tutto suo. Non sempre chi legge si trover\u00e0 d\u2019accordo con il testo, spesso poi ci si accorger\u00e0 di essere quasi irritati dagli accostamenti dei temi, dagli esempi e dalle conclusioni. \u00c8 certo per\u00f2 che \u201c21 lezioni per il XXI secolo\u201d \u00e8 uno di quei libri da leggere (e si legge anche bene essendo scritto e tradotto bene), ma anche da rileggere con calma.<\/p><p><strong>21 lezioni per il XXI secolo<\/strong><\/p>\n<p>Yuval Noah Harari<\/p>\n<p>Bompiani, 2018<\/p>\n","protected":false},"excerpt":{"rendered":"<p>Uno storico racconta in 21 \u201clezioni\u201d i temi principali che spiegano l\u2019oggi \u00a0 La buona impresa conosce il mondo. E non potrebbe che essere cos\u00ec, visto che ogni organizzazione della produzione non \u00e8 avulsa dal contesto in cui \u00e8 collocata. Solo in apparenza pi\u00f9 facile di ieri, la conoscenza del mondo passa per\u00f2 attraverso una [&hellip;]<\/p>\n","protected":false},"author":1,"featured_media":68898,"comment_status":"open","ping_status":"open","sticky":false,"template":"","format":"standard","meta":{"footnotes":""},"categories":[52,58],"tags":[],"class_list":["post-52151","post","type-post","status-publish","format-standard","has-post-thumbnail","hentry","category-cultura-dimpresa","category-recensioni-libri"],"acf":[],"yoast_head":"<!-- This site is optimized with the Yoast SEO plugin v25.0 - https:\/\/yoast.com\/wordpress\/plugins\/seo\/ -->\n<title>Dove siamo? - Fondazione Pirelli<\/title>\n<meta name=\"robots\" content=\"index, follow, max-snippet:-1, max-image-preview:large, max-video-preview:-1\" \/>\n<link rel=\"canonical\" href=\"https:\/\/www.fondazionepirelli.org\/it\/cultura-dimpresa\/dove-siamo\/\" \/>\n<meta property=\"og:locale\" content=\"it_IT\" \/>\n<meta property=\"og:type\" content=\"article\" \/>\n<meta property=\"og:title\" content=\"Dove siamo? - Fondazione Pirelli\" \/>\n<meta property=\"og:description\" content=\"Uno storico racconta in 21 \u201clezioni\u201d i temi principali che spiegano l\u2019oggi \u00a0 La buona impresa conosce il mondo. E non potrebbe che essere cos\u00ec, visto che ogni organizzazione della produzione non \u00e8 avulsa dal contesto in cui \u00e8 collocata. Solo in apparenza pi\u00f9 facile di ieri, la conoscenza del mondo passa per\u00f2 attraverso una [&hellip;]\" \/>\n<meta property=\"og:url\" content=\"https:\/\/www.fondazionepirelli.org\/it\/cultura-dimpresa\/dove-siamo\/\" \/>\n<meta property=\"og:site_name\" content=\"Fondazione Pirelli\" \/>\n<meta property=\"article:published_time\" content=\"2018-09-11T00:00:00+00:00\" \/>\n<meta property=\"article:modified_time\" content=\"2019-09-20T07:48:07+00:00\" \/>\n<meta property=\"og:image\" content=\"https:\/\/wpsite-assets.fondazionepirelli.org\/wp-content\/uploads\/2018\/09\/20094039\/21-lezioni.jpg\" \/>\n\t<meta property=\"og:image:width\" content=\"324\" \/>\n\t<meta property=\"og:image:height\" content=\"458\" \/>\n\t<meta property=\"og:image:type\" content=\"image\/jpeg\" \/>\n<meta name=\"author\" content=\"fondadmin\" \/>\n<meta name=\"twitter:card\" content=\"summary_large_image\" \/>\n<meta name=\"twitter:label1\" content=\"Scritto da\" \/>\n\t<meta name=\"twitter:data1\" content=\"fondadmin\" \/>\n\t<meta name=\"twitter:label2\" content=\"Tempo di lettura stimato\" \/>\n\t<meta name=\"twitter:data2\" content=\"3 minuti\" \/>\n<script type=\"application\/ld+json\" class=\"yoast-schema-graph\">{\"@context\":\"https:\/\/schema.org\",\"@graph\":[{\"@type\":\"WebPage\",\"@id\":\"https:\/\/www.fondazionepirelli.org\/it\/cultura-dimpresa\/dove-siamo\/\",\"url\":\"https:\/\/www.fondazionepirelli.org\/it\/cultura-dimpresa\/dove-siamo\/\",\"name\":\"Dove siamo? - Fondazione Pirelli\",\"isPartOf\":{\"@id\":\"https:\/\/www.fondazionepirelli.org\/it\/#website\"},\"primaryImageOfPage\":{\"@id\":\"https:\/\/www.fondazionepirelli.org\/it\/cultura-dimpresa\/dove-siamo\/#primaryimage\"},\"image\":{\"@id\":\"https:\/\/www.fondazionepirelli.org\/it\/cultura-dimpresa\/dove-siamo\/#primaryimage\"},\"thumbnailUrl\":\"https:\/\/wpsite-assets.fondazionepirelli.org\/wp-content\/uploads\/2018\/09\/20094039\/21-lezioni.jpg\",\"datePublished\":\"2018-09-11T00:00:00+00:00\",\"dateModified\":\"2019-09-20T07:48:07+00:00\",\"author\":{\"@id\":\"https:\/\/www.fondazionepirelli.org\/it\/#\/schema\/person\/f47d097000832c4a6e54538c791fdf25\"},\"breadcrumb\":{\"@id\":\"https:\/\/www.fondazionepirelli.org\/it\/cultura-dimpresa\/dove-siamo\/#breadcrumb\"},\"inLanguage\":\"it-IT\",\"potentialAction\":[{\"@type\":\"ReadAction\",\"target\":[\"https:\/\/www.fondazionepirelli.org\/it\/cultura-dimpresa\/dove-siamo\/\"]}]},{\"@type\":\"ImageObject\",\"inLanguage\":\"it-IT\",\"@id\":\"https:\/\/www.fondazionepirelli.org\/it\/cultura-dimpresa\/dove-siamo\/#primaryimage\",\"url\":\"https:\/\/wpsite-assets.fondazionepirelli.org\/wp-content\/uploads\/2018\/09\/20094039\/21-lezioni.jpg\",\"contentUrl\":\"https:\/\/wpsite-assets.fondazionepirelli.org\/wp-content\/uploads\/2018\/09\/20094039\/21-lezioni.jpg\",\"width\":324,\"height\":458},{\"@type\":\"BreadcrumbList\",\"@id\":\"https:\/\/www.fondazionepirelli.org\/it\/cultura-dimpresa\/dove-siamo\/#breadcrumb\",\"itemListElement\":[{\"@type\":\"ListItem\",\"position\":1,\"name\":\"Home\",\"item\":\"https:\/\/www.fondazionepirelli.org\/it\/\"},{\"@type\":\"ListItem\",\"position\":2,\"name\":\"Dove siamo?\"}]},{\"@type\":\"WebSite\",\"@id\":\"https:\/\/www.fondazionepirelli.org\/it\/#website\",\"url\":\"https:\/\/www.fondazionepirelli.org\/it\/\",\"name\":\"Fondazione Pirelli\",\"description\":\"\",\"potentialAction\":[{\"@type\":\"SearchAction\",\"target\":{\"@type\":\"EntryPoint\",\"urlTemplate\":\"https:\/\/www.fondazionepirelli.org\/it\/?s={search_term_string}\"},\"query-input\":{\"@type\":\"PropertyValueSpecification\",\"valueRequired\":true,\"valueName\":\"search_term_string\"}}],\"inLanguage\":\"it-IT\"},{\"@type\":\"Person\",\"@id\":\"https:\/\/www.fondazionepirelli.org\/it\/#\/schema\/person\/f47d097000832c4a6e54538c791fdf25\",\"name\":\"fondadmin\",\"image\":{\"@type\":\"ImageObject\",\"inLanguage\":\"it-IT\",\"@id\":\"https:\/\/www.fondazionepirelli.org\/it\/#\/schema\/person\/image\/\",\"url\":\"https:\/\/secure.gravatar.com\/avatar\/e69498a9175ca244966e51e53c88712c024fcebe41f9a05f75657f1bb25e489b?s=96&d=mm&r=g\",\"contentUrl\":\"https:\/\/secure.gravatar.com\/avatar\/e69498a9175ca244966e51e53c88712c024fcebe41f9a05f75657f1bb25e489b?s=96&d=mm&r=g\",\"caption\":\"fondadmin\"},\"url\":\"https:\/\/www.fondazionepirelli.org\/it\/author\/fondadmin\/\"}]}<\/script>\n<!-- \/ Yoast SEO plugin. -->","yoast_head_json":{"title":"Dove siamo? - Fondazione Pirelli","robots":{"index":"index","follow":"follow","max-snippet":"max-snippet:-1","max-image-preview":"max-image-preview:large","max-video-preview":"max-video-preview:-1"},"canonical":"https:\/\/www.fondazionepirelli.org\/it\/cultura-dimpresa\/dove-siamo\/","og_locale":"it_IT","og_type":"article","og_title":"Dove siamo? - Fondazione Pirelli","og_description":"Uno storico racconta in 21 \u201clezioni\u201d i temi principali che spiegano l\u2019oggi \u00a0 La buona impresa conosce il mondo. E non potrebbe che essere cos\u00ec, visto che ogni organizzazione della produzione non \u00e8 avulsa dal contesto in cui \u00e8 collocata. Solo in apparenza pi\u00f9 facile di ieri, la conoscenza del mondo passa per\u00f2 attraverso una [&hellip;]","og_url":"https:\/\/www.fondazionepirelli.org\/it\/cultura-dimpresa\/dove-siamo\/","og_site_name":"Fondazione Pirelli","article_published_time":"2018-09-11T00:00:00+00:00","article_modified_time":"2019-09-20T07:48:07+00:00","og_image":[{"width":324,"height":458,"url":"https:\/\/wpsite-assets.fondazionepirelli.org\/wp-content\/uploads\/2018\/09\/20094039\/21-lezioni.jpg","type":"image\/jpeg"}],"author":"fondadmin","twitter_card":"summary_large_image","twitter_misc":{"Scritto da":"fondadmin","Tempo di lettura stimato":"3 minuti"},"schema":{"@context":"https:\/\/schema.org","@graph":[{"@type":"WebPage","@id":"https:\/\/www.fondazionepirelli.org\/it\/cultura-dimpresa\/dove-siamo\/","url":"https:\/\/www.fondazionepirelli.org\/it\/cultura-dimpresa\/dove-siamo\/","name":"Dove siamo? - Fondazione Pirelli","isPartOf":{"@id":"https:\/\/www.fondazionepirelli.org\/it\/#website"},"primaryImageOfPage":{"@id":"https:\/\/www.fondazionepirelli.org\/it\/cultura-dimpresa\/dove-siamo\/#primaryimage"},"image":{"@id":"https:\/\/www.fondazionepirelli.org\/it\/cultura-dimpresa\/dove-siamo\/#primaryimage"},"thumbnailUrl":"https:\/\/wpsite-assets.fondazionepirelli.org\/wp-content\/uploads\/2018\/09\/20094039\/21-lezioni.jpg","datePublished":"2018-09-11T00:00:00+00:00","dateModified":"2019-09-20T07:48:07+00:00","author":{"@id":"https:\/\/www.fondazionepirelli.org\/it\/#\/schema\/person\/f47d097000832c4a6e54538c791fdf25"},"breadcrumb":{"@id":"https:\/\/www.fondazionepirelli.org\/it\/cultura-dimpresa\/dove-siamo\/#breadcrumb"},"inLanguage":"it-IT","potentialAction":[{"@type":"ReadAction","target":["https:\/\/www.fondazionepirelli.org\/it\/cultura-dimpresa\/dove-siamo\/"]}]},{"@type":"ImageObject","inLanguage":"it-IT","@id":"https:\/\/www.fondazionepirelli.org\/it\/cultura-dimpresa\/dove-siamo\/#primaryimage","url":"https:\/\/wpsite-assets.fondazionepirelli.org\/wp-content\/uploads\/2018\/09\/20094039\/21-lezioni.jpg","contentUrl":"https:\/\/wpsite-assets.fondazionepirelli.org\/wp-content\/uploads\/2018\/09\/20094039\/21-lezioni.jpg","width":324,"height":458},{"@type":"BreadcrumbList","@id":"https:\/\/www.fondazionepirelli.org\/it\/cultura-dimpresa\/dove-siamo\/#breadcrumb","itemListElement":[{"@type":"ListItem","position":1,"name":"Home","item":"https:\/\/www.fondazionepirelli.org\/it\/"},{"@type":"ListItem","position":2,"name":"Dove siamo?"}]},{"@type":"WebSite","@id":"https:\/\/www.fondazionepirelli.org\/it\/#website","url":"https:\/\/www.fondazionepirelli.org\/it\/","name":"Fondazione Pirelli","description":"","potentialAction":[{"@type":"SearchAction","target":{"@type":"EntryPoint","urlTemplate":"https:\/\/www.fondazionepirelli.org\/it\/?s={search_term_string}"},"query-input":{"@type":"PropertyValueSpecification","valueRequired":true,"valueName":"search_term_string"}}],"inLanguage":"it-IT"},{"@type":"Person","@id":"https:\/\/www.fondazionepirelli.org\/it\/#\/schema\/person\/f47d097000832c4a6e54538c791fdf25","name":"fondadmin","image":{"@type":"ImageObject","inLanguage":"it-IT","@id":"https:\/\/www.fondazionepirelli.org\/it\/#\/schema\/person\/image\/","url":"https:\/\/secure.gravatar.com\/avatar\/e69498a9175ca244966e51e53c88712c024fcebe41f9a05f75657f1bb25e489b?s=96&d=mm&r=g","contentUrl":"https:\/\/secure.gravatar.com\/avatar\/e69498a9175ca244966e51e53c88712c024fcebe41f9a05f75657f1bb25e489b?s=96&d=mm&r=g","caption":"fondadmin"},"url":"https:\/\/www.fondazionepirelli.org\/it\/author\/fondadmin\/"}]}},"_links":{"self":[{"href":"https:\/\/www.fondazionepirelli.org\/it\/wp-json\/wp\/v2\/posts\/52151\/"}],"collection":[{"href":"https:\/\/www.fondazionepirelli.org\/it\/wp-json\/wp\/v2\/posts\/"}],"about":[{"href":"https:\/\/www.fondazionepirelli.org\/it\/wp-json\/wp\/v2\/types\/post\/"}],"author":[{"embeddable":true,"href":"https:\/\/www.fondazionepirelli.org\/it\/wp-json\/wp\/v2\/users\/1\/"}],"replies":[{"embeddable":true,"href":"https:\/\/www.fondazionepirelli.org\/it\/wp-json\/wp\/v2\/comments\/?post=52151"}],"version-history":[{"count":3,"href":"https:\/\/www.fondazionepirelli.org\/it\/wp-json\/wp\/v2\/posts\/52151\/revisions\/"}],"predecessor-version":[{"id":68912,"href":"https:\/\/www.fondazionepirelli.org\/it\/wp-json\/wp\/v2\/posts\/52151\/revisions\/68912\/"}],"wp:featuredmedia":[{"embeddable":true,"href":"https:\/\/www.fondazionepirelli.org\/it\/wp-json\/wp\/v2\/media\/68898\/"}],"wp:attachment":[{"href":"https:\/\/www.fondazionepirelli.org\/it\/wp-json\/wp\/v2\/media\/?parent=52151"}],"wp:term":[{"taxonomy":"category","embeddable":true,"href":"https:\/\/www.fondazionepirelli.org\/it\/wp-json\/wp\/v2\/categories\/?post=52151"},{"taxonomy":"post_tag","embeddable":true,"href":"https:\/\/www.fondazionepirelli.org\/it\/wp-json\/wp\/v2\/tags\/?post=52151"}],"curies":[{"name":"wp","href":"https:\/\/api.w.org\/{rel}","templated":true}]}}