{"id":52163,"date":"2018-09-04T00:00:00","date_gmt":"2018-09-04T00:00:00","guid":{"rendered":"http:\/\/www.fondazionepirelli.org\/fondazione-pirelli\/limportanza-della-cultura-del-lavoro-a-tutto-campo\/"},"modified":"2019-09-20T09:49:41","modified_gmt":"2019-09-20T07:49:41","slug":"limportanza-della-cultura-del-lavoro-a-tutto-campo","status":"publish","type":"post","link":"https:\/\/www.fondazionepirelli.org\/it\/cultura-dimpresa\/limportanza-della-cultura-del-lavoro-a-tutto-campo\/","title":{"rendered":"L\u2019importanza della cultura del lavoro a tutto campo"},"content":{"rendered":"<p><em>Un recente libro della Fondazione Feltrinelli mette a fuoco cosa voglia di oggi \u201clavoro\u201d<\/em><\/p>\n<p><strong>\u00a0<\/strong><\/p>\n<p>\u00c8 forse il lavoro uno degli aspetti pi\u00f9 importanti dell\u2019oggi che viene toccato con maggiore impatto dai cambiamenti in corso. Lavoro come parte importante della vita, come elemento fondante dell\u2019impresa, come strumento di dignit\u00e0 per la donna e per l\u2019uomo. Da qui \u2013 naturalmente \u2013, la necessit\u00e0 di conoscere bene i cambiamenti, i percorsi, le relazioni con il contesto che il lavoro subisce da un lato e si costruisce dall\u2019altro. Leggere \u201cIl lavoro conta? Sfide, pratiche e politiche per un lavoro di qualit\u00e0\u201d appena pubblicato nella collana Utopie dalla Fondazione Giangiacomo Feltrinelli, \u00e8 allora un passo utile per chi voglia dotarsi di uno schema concettuale sul lavoro che possa essere utile alla comprensione della realt\u00e0.<\/p>\n<p>Il libro raccoglie i risultati della terza edizione del <em>Jobless<\/em> <em>Society<\/em> <em>Forum<\/em> \u201cIl lavoro conta?\u201d ed ha un obiettivo chiaro: \u201cAttribuire una nuova centralit\u00e0 al lavoro come fonte di reddito, come fattore di sviluppo e insieme come terreno di emancipazione individuale e coesione comunitaria\u201d. Il volume quindi raccoglie i contributi al Forum e i racconti dei 9 tavoli tematici che durante la giornata del Forum hanno discusso di formazione, competenze, occupazione giovanile, occupazione femminile, lavoro migrante, innovazione e politiche di welfare, imprese e crescita inclusiva, lavoro irregolare\/ a rischio di abuso contrattuale, gig economy e lavoro piattaforma. Uno solo di fatto il filo conduttore: interrogarsi su sfide, pratiche e politiche per un lavoro di qualit\u00e0.<\/p>\n<p>Semplice e chiara l\u2019articolazione del testo: prima una sintesi che ragiona attorno ai temi della formazione, della previdenza, dei giovani e delle donne, dell\u2019equit\u00e0 e dei migranti, delle tutele e dello sfruttamento; poi i diversi <em>report <\/em>\u00a0che derivano dai dibattiti a tutto campo realizzati nei tavoli di discussione.<\/p>\n<p>Le conclusioni del <em>Jobless<\/em> <em>Society<\/em> <em>Forum<\/em> sono diverse. Prima di tutto, viene spiegato nel libro, \u201cIl lavoro conta con un duplice obiettivo: da un lato combattere e affrontare in maniera collettiva le forme di discontinuit\u00e0 e irregolarit\u00e0 che interessano oggi il lavoro e che possono condurre a fragilit\u00e0 economica e sociale. Dall\u2019altro lato promuovere una strategia di crescita che abbia al suo centro quale obiettivo primario il lavoro, nelle sue dimensioni di quantit\u00e0 e qualit\u00e0\u201d. Ma non solo, in un periodo nel quale il <em>welfare <\/em>\u00a0sembra essere riscoperto, la pubblicazione della Fondazione Feltrinelli spiega: \u201cLe politiche di welfare potranno poi essere sempre pi\u00f9 utili al benessere collettivo con una visione culturale che veda queste misure nell\u2019ottica di un investimento sociale nel capitale umano del Paese\u201d; e aggiunge un cenno importante per il sistema della produzione: \u201cLe imprese sono in prima linea nell\u2019affrontare questa sfida e nel cogliere le opportunit\u00e0 offerte dal digitale, con il supporto dello Stato e delle parti sociali, nel promuovere occupazione di qualit\u00e0 per i giovani, le donne e i migranti\u201d.<\/p>\n<p>Da sottolineare per\u00f2 anche la conclusione pi\u00f9 generale del libro: \u201cNon possiamo riflettere sul lavoro solo nel suo rapporto con la tecnologia \u2013 viene spiegato \u2013, ma dobbiamo cercare di adottare una visione il quanto pi\u00f9 olistica possibile che ci permetta di definire un assetto economico e societario in cui il lavoro possa tornare ad acquisire una nuova centralit\u00e0 anche nel suo rapporto con la globalizzazione e con le conseguenze che da essa ne sono derivate\u201d.<\/p><p><strong>Il lavoro conta? Sfide, pratiche e politiche per un lavoro di qualit\u00e0 <\/strong><\/p>\n<p>a cura di Andrea Zucca<\/p>\n<p>Fondazione Giangiacomo Feltrinelli, Utopie\/73 Lavoro, luglio 2018<\/p>\n","protected":false},"excerpt":{"rendered":"<p>Un recente libro della Fondazione Feltrinelli mette a fuoco cosa voglia di oggi \u201clavoro\u201d \u00a0 \u00c8 forse il lavoro uno degli aspetti pi\u00f9 importanti dell\u2019oggi che viene toccato con maggiore impatto dai cambiamenti in corso. Lavoro come parte importante della vita, come elemento fondante dell\u2019impresa, come strumento di dignit\u00e0 per la donna e per l\u2019uomo. [&hellip;]<\/p>\n","protected":false},"author":1,"featured_media":68904,"comment_status":"open","ping_status":"open","sticky":false,"template":"","format":"standard","meta":{"footnotes":""},"categories":[52,58],"tags":[],"class_list":["post-52163","post","type-post","status-publish","format-standard","has-post-thumbnail","hentry","category-cultura-dimpresa","category-recensioni-libri"],"acf":[],"yoast_head":"<!-- This site is optimized with the Yoast SEO plugin v25.0 - https:\/\/yoast.com\/wordpress\/plugins\/seo\/ -->\n<title>L\u2019importanza della cultura del lavoro a tutto campo - Fondazione Pirelli<\/title>\n<meta name=\"robots\" content=\"index, follow, max-snippet:-1, max-image-preview:large, max-video-preview:-1\" \/>\n<link rel=\"canonical\" href=\"https:\/\/www.fondazionepirelli.org\/it\/cultura-dimpresa\/limportanza-della-cultura-del-lavoro-a-tutto-campo\/\" \/>\n<meta property=\"og:locale\" content=\"it_IT\" \/>\n<meta property=\"og:type\" content=\"article\" \/>\n<meta property=\"og:title\" content=\"L\u2019importanza della cultura del lavoro a tutto campo - Fondazione Pirelli\" \/>\n<meta property=\"og:description\" content=\"Un recente libro della Fondazione Feltrinelli mette a fuoco cosa voglia di oggi \u201clavoro\u201d \u00a0 \u00c8 forse il lavoro uno degli aspetti pi\u00f9 importanti dell\u2019oggi che viene toccato con maggiore impatto dai cambiamenti in corso. Lavoro come parte importante della vita, come elemento fondante dell\u2019impresa, come strumento di dignit\u00e0 per la donna e per l\u2019uomo. [&hellip;]\" \/>\n<meta property=\"og:url\" content=\"https:\/\/www.fondazionepirelli.org\/it\/cultura-dimpresa\/limportanza-della-cultura-del-lavoro-a-tutto-campo\/\" \/>\n<meta property=\"og:site_name\" content=\"Fondazione Pirelli\" \/>\n<meta property=\"article:published_time\" content=\"2018-09-04T00:00:00+00:00\" \/>\n<meta property=\"article:modified_time\" content=\"2019-09-20T07:49:41+00:00\" \/>\n<meta property=\"og:image\" content=\"https:\/\/wpsite-assets.fondazionepirelli.org\/wp-content\/uploads\/2018\/09\/20094113\/il-lavoro-conta-e1568965765437.png\" \/>\n\t<meta property=\"og:image:width\" content=\"344\" \/>\n\t<meta property=\"og:image:height\" content=\"486\" \/>\n\t<meta property=\"og:image:type\" content=\"image\/png\" \/>\n<meta name=\"author\" content=\"fondadmin\" \/>\n<meta name=\"twitter:card\" content=\"summary_large_image\" \/>\n<meta name=\"twitter:label1\" content=\"Scritto da\" \/>\n\t<meta name=\"twitter:data1\" content=\"fondadmin\" \/>\n\t<meta name=\"twitter:label2\" content=\"Tempo di lettura stimato\" \/>\n\t<meta name=\"twitter:data2\" content=\"3 minuti\" \/>\n<script type=\"application\/ld+json\" class=\"yoast-schema-graph\">{\"@context\":\"https:\/\/schema.org\",\"@graph\":[{\"@type\":\"WebPage\",\"@id\":\"https:\/\/www.fondazionepirelli.org\/it\/cultura-dimpresa\/limportanza-della-cultura-del-lavoro-a-tutto-campo\/\",\"url\":\"https:\/\/www.fondazionepirelli.org\/it\/cultura-dimpresa\/limportanza-della-cultura-del-lavoro-a-tutto-campo\/\",\"name\":\"L\u2019importanza della cultura del lavoro a tutto campo - Fondazione Pirelli\",\"isPartOf\":{\"@id\":\"https:\/\/www.fondazionepirelli.org\/it\/#website\"},\"primaryImageOfPage\":{\"@id\":\"https:\/\/www.fondazionepirelli.org\/it\/cultura-dimpresa\/limportanza-della-cultura-del-lavoro-a-tutto-campo\/#primaryimage\"},\"image\":{\"@id\":\"https:\/\/www.fondazionepirelli.org\/it\/cultura-dimpresa\/limportanza-della-cultura-del-lavoro-a-tutto-campo\/#primaryimage\"},\"thumbnailUrl\":\"https:\/\/wpsite-assets.fondazionepirelli.org\/wp-content\/uploads\/2018\/09\/20094113\/il-lavoro-conta-e1568965765437.png\",\"datePublished\":\"2018-09-04T00:00:00+00:00\",\"dateModified\":\"2019-09-20T07:49:41+00:00\",\"author\":{\"@id\":\"https:\/\/www.fondazionepirelli.org\/it\/#\/schema\/person\/f47d097000832c4a6e54538c791fdf25\"},\"breadcrumb\":{\"@id\":\"https:\/\/www.fondazionepirelli.org\/it\/cultura-dimpresa\/limportanza-della-cultura-del-lavoro-a-tutto-campo\/#breadcrumb\"},\"inLanguage\":\"it-IT\",\"potentialAction\":[{\"@type\":\"ReadAction\",\"target\":[\"https:\/\/www.fondazionepirelli.org\/it\/cultura-dimpresa\/limportanza-della-cultura-del-lavoro-a-tutto-campo\/\"]}]},{\"@type\":\"ImageObject\",\"inLanguage\":\"it-IT\",\"@id\":\"https:\/\/www.fondazionepirelli.org\/it\/cultura-dimpresa\/limportanza-della-cultura-del-lavoro-a-tutto-campo\/#primaryimage\",\"url\":\"https:\/\/wpsite-assets.fondazionepirelli.org\/wp-content\/uploads\/2018\/09\/20094113\/il-lavoro-conta-e1568965765437.png\",\"contentUrl\":\"https:\/\/wpsite-assets.fondazionepirelli.org\/wp-content\/uploads\/2018\/09\/20094113\/il-lavoro-conta-e1568965765437.png\",\"width\":344,\"height\":486},{\"@type\":\"BreadcrumbList\",\"@id\":\"https:\/\/www.fondazionepirelli.org\/it\/cultura-dimpresa\/limportanza-della-cultura-del-lavoro-a-tutto-campo\/#breadcrumb\",\"itemListElement\":[{\"@type\":\"ListItem\",\"position\":1,\"name\":\"Home\",\"item\":\"https:\/\/www.fondazionepirelli.org\/it\/\"},{\"@type\":\"ListItem\",\"position\":2,\"name\":\"L\u2019importanza della cultura del lavoro a tutto campo\"}]},{\"@type\":\"WebSite\",\"@id\":\"https:\/\/www.fondazionepirelli.org\/it\/#website\",\"url\":\"https:\/\/www.fondazionepirelli.org\/it\/\",\"name\":\"Fondazione Pirelli\",\"description\":\"\",\"potentialAction\":[{\"@type\":\"SearchAction\",\"target\":{\"@type\":\"EntryPoint\",\"urlTemplate\":\"https:\/\/www.fondazionepirelli.org\/it\/?s={search_term_string}\"},\"query-input\":{\"@type\":\"PropertyValueSpecification\",\"valueRequired\":true,\"valueName\":\"search_term_string\"}}],\"inLanguage\":\"it-IT\"},{\"@type\":\"Person\",\"@id\":\"https:\/\/www.fondazionepirelli.org\/it\/#\/schema\/person\/f47d097000832c4a6e54538c791fdf25\",\"name\":\"fondadmin\",\"image\":{\"@type\":\"ImageObject\",\"inLanguage\":\"it-IT\",\"@id\":\"https:\/\/www.fondazionepirelli.org\/it\/#\/schema\/person\/image\/\",\"url\":\"https:\/\/secure.gravatar.com\/avatar\/e69498a9175ca244966e51e53c88712c024fcebe41f9a05f75657f1bb25e489b?s=96&d=mm&r=g\",\"contentUrl\":\"https:\/\/secure.gravatar.com\/avatar\/e69498a9175ca244966e51e53c88712c024fcebe41f9a05f75657f1bb25e489b?s=96&d=mm&r=g\",\"caption\":\"fondadmin\"},\"url\":\"https:\/\/www.fondazionepirelli.org\/it\/author\/fondadmin\/\"}]}<\/script>\n<!-- \/ Yoast SEO plugin. -->","yoast_head_json":{"title":"L\u2019importanza della cultura del lavoro a tutto campo - Fondazione Pirelli","robots":{"index":"index","follow":"follow","max-snippet":"max-snippet:-1","max-image-preview":"max-image-preview:large","max-video-preview":"max-video-preview:-1"},"canonical":"https:\/\/www.fondazionepirelli.org\/it\/cultura-dimpresa\/limportanza-della-cultura-del-lavoro-a-tutto-campo\/","og_locale":"it_IT","og_type":"article","og_title":"L\u2019importanza della cultura del lavoro a tutto campo - Fondazione Pirelli","og_description":"Un recente libro della Fondazione Feltrinelli mette a fuoco cosa voglia di oggi \u201clavoro\u201d \u00a0 \u00c8 forse il lavoro uno degli aspetti pi\u00f9 importanti dell\u2019oggi che viene toccato con maggiore impatto dai cambiamenti in corso. Lavoro come parte importante della vita, come elemento fondante dell\u2019impresa, come strumento di dignit\u00e0 per la donna e per l\u2019uomo. [&hellip;]","og_url":"https:\/\/www.fondazionepirelli.org\/it\/cultura-dimpresa\/limportanza-della-cultura-del-lavoro-a-tutto-campo\/","og_site_name":"Fondazione Pirelli","article_published_time":"2018-09-04T00:00:00+00:00","article_modified_time":"2019-09-20T07:49:41+00:00","og_image":[{"width":344,"height":486,"url":"https:\/\/wpsite-assets.fondazionepirelli.org\/wp-content\/uploads\/2018\/09\/20094113\/il-lavoro-conta-e1568965765437.png","type":"image\/png"}],"author":"fondadmin","twitter_card":"summary_large_image","twitter_misc":{"Scritto da":"fondadmin","Tempo di lettura stimato":"3 minuti"},"schema":{"@context":"https:\/\/schema.org","@graph":[{"@type":"WebPage","@id":"https:\/\/www.fondazionepirelli.org\/it\/cultura-dimpresa\/limportanza-della-cultura-del-lavoro-a-tutto-campo\/","url":"https:\/\/www.fondazionepirelli.org\/it\/cultura-dimpresa\/limportanza-della-cultura-del-lavoro-a-tutto-campo\/","name":"L\u2019importanza della cultura del lavoro a tutto campo - Fondazione Pirelli","isPartOf":{"@id":"https:\/\/www.fondazionepirelli.org\/it\/#website"},"primaryImageOfPage":{"@id":"https:\/\/www.fondazionepirelli.org\/it\/cultura-dimpresa\/limportanza-della-cultura-del-lavoro-a-tutto-campo\/#primaryimage"},"image":{"@id":"https:\/\/www.fondazionepirelli.org\/it\/cultura-dimpresa\/limportanza-della-cultura-del-lavoro-a-tutto-campo\/#primaryimage"},"thumbnailUrl":"https:\/\/wpsite-assets.fondazionepirelli.org\/wp-content\/uploads\/2018\/09\/20094113\/il-lavoro-conta-e1568965765437.png","datePublished":"2018-09-04T00:00:00+00:00","dateModified":"2019-09-20T07:49:41+00:00","author":{"@id":"https:\/\/www.fondazionepirelli.org\/it\/#\/schema\/person\/f47d097000832c4a6e54538c791fdf25"},"breadcrumb":{"@id":"https:\/\/www.fondazionepirelli.org\/it\/cultura-dimpresa\/limportanza-della-cultura-del-lavoro-a-tutto-campo\/#breadcrumb"},"inLanguage":"it-IT","potentialAction":[{"@type":"ReadAction","target":["https:\/\/www.fondazionepirelli.org\/it\/cultura-dimpresa\/limportanza-della-cultura-del-lavoro-a-tutto-campo\/"]}]},{"@type":"ImageObject","inLanguage":"it-IT","@id":"https:\/\/www.fondazionepirelli.org\/it\/cultura-dimpresa\/limportanza-della-cultura-del-lavoro-a-tutto-campo\/#primaryimage","url":"https:\/\/wpsite-assets.fondazionepirelli.org\/wp-content\/uploads\/2018\/09\/20094113\/il-lavoro-conta-e1568965765437.png","contentUrl":"https:\/\/wpsite-assets.fondazionepirelli.org\/wp-content\/uploads\/2018\/09\/20094113\/il-lavoro-conta-e1568965765437.png","width":344,"height":486},{"@type":"BreadcrumbList","@id":"https:\/\/www.fondazionepirelli.org\/it\/cultura-dimpresa\/limportanza-della-cultura-del-lavoro-a-tutto-campo\/#breadcrumb","itemListElement":[{"@type":"ListItem","position":1,"name":"Home","item":"https:\/\/www.fondazionepirelli.org\/it\/"},{"@type":"ListItem","position":2,"name":"L\u2019importanza della cultura del lavoro a tutto campo"}]},{"@type":"WebSite","@id":"https:\/\/www.fondazionepirelli.org\/it\/#website","url":"https:\/\/www.fondazionepirelli.org\/it\/","name":"Fondazione Pirelli","description":"","potentialAction":[{"@type":"SearchAction","target":{"@type":"EntryPoint","urlTemplate":"https:\/\/www.fondazionepirelli.org\/it\/?s={search_term_string}"},"query-input":{"@type":"PropertyValueSpecification","valueRequired":true,"valueName":"search_term_string"}}],"inLanguage":"it-IT"},{"@type":"Person","@id":"https:\/\/www.fondazionepirelli.org\/it\/#\/schema\/person\/f47d097000832c4a6e54538c791fdf25","name":"fondadmin","image":{"@type":"ImageObject","inLanguage":"it-IT","@id":"https:\/\/www.fondazionepirelli.org\/it\/#\/schema\/person\/image\/","url":"https:\/\/secure.gravatar.com\/avatar\/e69498a9175ca244966e51e53c88712c024fcebe41f9a05f75657f1bb25e489b?s=96&d=mm&r=g","contentUrl":"https:\/\/secure.gravatar.com\/avatar\/e69498a9175ca244966e51e53c88712c024fcebe41f9a05f75657f1bb25e489b?s=96&d=mm&r=g","caption":"fondadmin"},"url":"https:\/\/www.fondazionepirelli.org\/it\/author\/fondadmin\/"}]}},"_links":{"self":[{"href":"https:\/\/www.fondazionepirelli.org\/it\/wp-json\/wp\/v2\/posts\/52163\/"}],"collection":[{"href":"https:\/\/www.fondazionepirelli.org\/it\/wp-json\/wp\/v2\/posts\/"}],"about":[{"href":"https:\/\/www.fondazionepirelli.org\/it\/wp-json\/wp\/v2\/types\/post\/"}],"author":[{"embeddable":true,"href":"https:\/\/www.fondazionepirelli.org\/it\/wp-json\/wp\/v2\/users\/1\/"}],"replies":[{"embeddable":true,"href":"https:\/\/www.fondazionepirelli.org\/it\/wp-json\/wp\/v2\/comments\/?post=52163"}],"version-history":[{"count":3,"href":"https:\/\/www.fondazionepirelli.org\/it\/wp-json\/wp\/v2\/posts\/52163\/revisions\/"}],"predecessor-version":[{"id":68913,"href":"https:\/\/www.fondazionepirelli.org\/it\/wp-json\/wp\/v2\/posts\/52163\/revisions\/68913\/"}],"wp:featuredmedia":[{"embeddable":true,"href":"https:\/\/www.fondazionepirelli.org\/it\/wp-json\/wp\/v2\/media\/68904\/"}],"wp:attachment":[{"href":"https:\/\/www.fondazionepirelli.org\/it\/wp-json\/wp\/v2\/media\/?parent=52163"}],"wp:term":[{"taxonomy":"category","embeddable":true,"href":"https:\/\/www.fondazionepirelli.org\/it\/wp-json\/wp\/v2\/categories\/?post=52163"},{"taxonomy":"post_tag","embeddable":true,"href":"https:\/\/www.fondazionepirelli.org\/it\/wp-json\/wp\/v2\/tags\/?post=52163"}],"curies":[{"name":"wp","href":"https:\/\/api.w.org\/{rel}","templated":true}]}}