{"id":52166,"date":"2018-09-04T00:00:00","date_gmt":"2018-09-04T00:00:00","guid":{"rendered":"http:\/\/www.fondazionepirelli.org\/fondazione-pirelli\/cultura-per-linnovazione\/"},"modified":"2019-05-08T16:42:31","modified_gmt":"2019-05-08T16:42:31","slug":"cultura-per-linnovazione","status":"publish","type":"post","link":"https:\/\/www.fondazionepirelli.org\/it\/cultura-dimpresa\/cultura-per-linnovazione\/","title":{"rendered":"Cultura per l\u2019innovazione"},"content":{"rendered":"<p><em>Le opportunit\u00e0 di Industria 4.0 possono essere colte a certe condizioni. Una tesi del Politecnico di Torino spiega perch\u00e9<\/em><\/p>\n<p><strong>\u00a0<\/strong><\/p>\n<p><strong>\u00a0<\/strong>Innovazione e progresso devono essere alla portata di tutti. Vale anche per le imprese. Ma occorre avere \u201cnumeri\u201d e caratteristiche per essere in grado di cogliere quanto serve. Comprendere come si costruisce la strada verso l\u2019uso delle innovazioni e quali siano le condizioni per farlo, \u00e8 importante. E\u2019 anche questo il traguardo che si \u00e8 prefisso Paolo Spiccia con la sua tesi presentata presso il Politecnico di Torino (Laurea in Engineering and Management). \u201cL&#8217;avvicinamento delle PMI al paradigma di Industria 4.0. Come costruire la consapevolezza delle opportunit\u00e0 esistenti\u201d \u00e8 una ricerca che ragiona attorno alle condizioni che mettono in grado le piccole e medie imprese (cio\u00e8 la gran parte del tessuto produttivo nazionale), di sfruttare le opportunit\u00e0 offerte da Industria 4.0. \u201cIl tema al centro di questo elaborato \u2013 spiega Spiccia -, \u00e8 la trasformazione digitale che sta avvenendo nell\u2019industria e che \u00e8 spesso identificata con il termine Industria 4.0. L\u2019elaborato si focalizza sulle piccole-medie imprese per comprendere come stiano affrontando questo passaggio evolutivo e di cosa necessitino per gestirlo efficacemente\u201d. L\u2019interesse sta proprio in questa seconda parte: quali sono le necessit\u00e0 da soddisfare per mettere in grado un\u2019impresa di usare per bene Industria 4.0?<\/p>\n<p>Il tema \u00e8 complesso, ma Spiccia lo affronta con un linguaggio piano e facendosi capire. Dopo un quadro delle cosiddette \u201ctecnologie abilitanti\u201d e delle diverse declinazioni di Industria 4.0, il lavoro si concentra sui prerequisiti per sfruttare le nuove tecnologie e quindi sulle diverse politiche europee messe in piedi per favorirne la diffusione. Viene poi affrontato il tema delle relazioni fra Pmi e Industria 4.0.<\/p>\n<p>La risposta alla domanda iniziale \u00e8 articolata. Grande valore viene attribuito ai \u201ccentri di competenza\u201d, cio\u00e8 a qui nuclei d\u2019innovazione che dovrebbero funzionare da catalizzatori soprattutto per le Pmi. Ma un accento particolare viene anche posto sugli ostacoli nell\u2019applicazione di Industria 4.0: la necessit\u00e0 di investimenti e di formazione e quindi di sostegni dedicati espressamente alle imprese. Emerge su tutto, l\u2019opportunit\u00e0 di un cambio di cultura d\u2019impresa che non sempre riesce a farsi strada con facilit\u00e0.<\/p><p><strong>L&#8217;avvicinamento delle PMI al paradigma di Industria 4.0. Come costruire la consapevolezza delle opportunit\u00e0 esistenti<\/strong><\/p>\n<p>Paolo Spiccia<\/p>\n<p>Tesi, Politecnico di Torino, Laurea in Engineering and Management, 2018.<\/p>","protected":false},"excerpt":{"rendered":"<p>Le opportunit\u00e0 di Industria 4.0 possono essere colte a certe condizioni. Una tesi del Politecnico di Torino spiega perch\u00e9 \u00a0 \u00a0Innovazione e progresso devono essere alla portata di tutti. Vale anche per le imprese. Ma occorre avere \u201cnumeri\u201d e caratteristiche per essere in grado di cogliere quanto serve. Comprendere come si costruisce la strada verso [&hellip;]<\/p>\n","protected":false},"author":1,"featured_media":0,"comment_status":"open","ping_status":"open","sticky":false,"template":"","format":"standard","meta":{"footnotes":""},"categories":[54,52],"tags":[],"class_list":["post-52166","post","type-post","status-publish","format-standard","hentry","category-approfondimenti","category-cultura-dimpresa"],"acf":[],"yoast_head":"<!-- This site is optimized with the Yoast SEO plugin v25.0 - https:\/\/yoast.com\/wordpress\/plugins\/seo\/ -->\n<title>Cultura per l\u2019innovazione - Fondazione Pirelli<\/title>\n<meta name=\"robots\" content=\"index, follow, max-snippet:-1, max-image-preview:large, max-video-preview:-1\" \/>\n<link rel=\"canonical\" href=\"https:\/\/www.fondazionepirelli.org\/it\/cultura-dimpresa\/cultura-per-linnovazione\/\" \/>\n<meta property=\"og:locale\" content=\"it_IT\" \/>\n<meta property=\"og:type\" content=\"article\" \/>\n<meta property=\"og:title\" content=\"Cultura per l\u2019innovazione - Fondazione Pirelli\" \/>\n<meta property=\"og:description\" content=\"Le opportunit\u00e0 di Industria 4.0 possono essere colte a certe condizioni. Una tesi del Politecnico di Torino spiega perch\u00e9 \u00a0 \u00a0Innovazione e progresso devono essere alla portata di tutti. Vale anche per le imprese. Ma occorre avere \u201cnumeri\u201d e caratteristiche per essere in grado di cogliere quanto serve. Comprendere come si costruisce la strada verso [&hellip;]\" \/>\n<meta property=\"og:url\" content=\"https:\/\/www.fondazionepirelli.org\/it\/cultura-dimpresa\/cultura-per-linnovazione\/\" \/>\n<meta property=\"og:site_name\" content=\"Fondazione Pirelli\" \/>\n<meta property=\"article:published_time\" content=\"2018-09-04T00:00:00+00:00\" \/>\n<meta property=\"article:modified_time\" content=\"2019-05-08T16:42:31+00:00\" \/>\n<meta name=\"author\" content=\"fondadmin\" \/>\n<meta name=\"twitter:card\" content=\"summary_large_image\" \/>\n<meta name=\"twitter:label1\" content=\"Scritto da\" \/>\n\t<meta name=\"twitter:data1\" content=\"fondadmin\" \/>\n\t<meta name=\"twitter:label2\" content=\"Tempo di lettura stimato\" \/>\n\t<meta name=\"twitter:data2\" content=\"2 minuti\" \/>\n<script type=\"application\/ld+json\" class=\"yoast-schema-graph\">{\"@context\":\"https:\/\/schema.org\",\"@graph\":[{\"@type\":\"WebPage\",\"@id\":\"https:\/\/www.fondazionepirelli.org\/it\/cultura-dimpresa\/cultura-per-linnovazione\/\",\"url\":\"https:\/\/www.fondazionepirelli.org\/it\/cultura-dimpresa\/cultura-per-linnovazione\/\",\"name\":\"Cultura per l\u2019innovazione - Fondazione Pirelli\",\"isPartOf\":{\"@id\":\"https:\/\/www.fondazionepirelli.org\/it\/#website\"},\"datePublished\":\"2018-09-04T00:00:00+00:00\",\"dateModified\":\"2019-05-08T16:42:31+00:00\",\"author\":{\"@id\":\"https:\/\/www.fondazionepirelli.org\/it\/#\/schema\/person\/f47d097000832c4a6e54538c791fdf25\"},\"breadcrumb\":{\"@id\":\"https:\/\/www.fondazionepirelli.org\/it\/cultura-dimpresa\/cultura-per-linnovazione\/#breadcrumb\"},\"inLanguage\":\"it-IT\",\"potentialAction\":[{\"@type\":\"ReadAction\",\"target\":[\"https:\/\/www.fondazionepirelli.org\/it\/cultura-dimpresa\/cultura-per-linnovazione\/\"]}]},{\"@type\":\"BreadcrumbList\",\"@id\":\"https:\/\/www.fondazionepirelli.org\/it\/cultura-dimpresa\/cultura-per-linnovazione\/#breadcrumb\",\"itemListElement\":[{\"@type\":\"ListItem\",\"position\":1,\"name\":\"Home\",\"item\":\"https:\/\/www.fondazionepirelli.org\/it\/\"},{\"@type\":\"ListItem\",\"position\":2,\"name\":\"Cultura per l\u2019innovazione\"}]},{\"@type\":\"WebSite\",\"@id\":\"https:\/\/www.fondazionepirelli.org\/it\/#website\",\"url\":\"https:\/\/www.fondazionepirelli.org\/it\/\",\"name\":\"Fondazione Pirelli\",\"description\":\"\",\"potentialAction\":[{\"@type\":\"SearchAction\",\"target\":{\"@type\":\"EntryPoint\",\"urlTemplate\":\"https:\/\/www.fondazionepirelli.org\/it\/?s={search_term_string}\"},\"query-input\":{\"@type\":\"PropertyValueSpecification\",\"valueRequired\":true,\"valueName\":\"search_term_string\"}}],\"inLanguage\":\"it-IT\"},{\"@type\":\"Person\",\"@id\":\"https:\/\/www.fondazionepirelli.org\/it\/#\/schema\/person\/f47d097000832c4a6e54538c791fdf25\",\"name\":\"fondadmin\",\"image\":{\"@type\":\"ImageObject\",\"inLanguage\":\"it-IT\",\"@id\":\"https:\/\/www.fondazionepirelli.org\/it\/#\/schema\/person\/image\/\",\"url\":\"https:\/\/secure.gravatar.com\/avatar\/e69498a9175ca244966e51e53c88712c024fcebe41f9a05f75657f1bb25e489b?s=96&d=mm&r=g\",\"contentUrl\":\"https:\/\/secure.gravatar.com\/avatar\/e69498a9175ca244966e51e53c88712c024fcebe41f9a05f75657f1bb25e489b?s=96&d=mm&r=g\",\"caption\":\"fondadmin\"},\"url\":\"https:\/\/www.fondazionepirelli.org\/it\/author\/fondadmin\/\"}]}<\/script>\n<!-- \/ Yoast SEO plugin. -->","yoast_head_json":{"title":"Cultura per l\u2019innovazione - Fondazione Pirelli","robots":{"index":"index","follow":"follow","max-snippet":"max-snippet:-1","max-image-preview":"max-image-preview:large","max-video-preview":"max-video-preview:-1"},"canonical":"https:\/\/www.fondazionepirelli.org\/it\/cultura-dimpresa\/cultura-per-linnovazione\/","og_locale":"it_IT","og_type":"article","og_title":"Cultura per l\u2019innovazione - Fondazione Pirelli","og_description":"Le opportunit\u00e0 di Industria 4.0 possono essere colte a certe condizioni. Una tesi del Politecnico di Torino spiega perch\u00e9 \u00a0 \u00a0Innovazione e progresso devono essere alla portata di tutti. Vale anche per le imprese. Ma occorre avere \u201cnumeri\u201d e caratteristiche per essere in grado di cogliere quanto serve. Comprendere come si costruisce la strada verso [&hellip;]","og_url":"https:\/\/www.fondazionepirelli.org\/it\/cultura-dimpresa\/cultura-per-linnovazione\/","og_site_name":"Fondazione Pirelli","article_published_time":"2018-09-04T00:00:00+00:00","article_modified_time":"2019-05-08T16:42:31+00:00","author":"fondadmin","twitter_card":"summary_large_image","twitter_misc":{"Scritto da":"fondadmin","Tempo di lettura stimato":"2 minuti"},"schema":{"@context":"https:\/\/schema.org","@graph":[{"@type":"WebPage","@id":"https:\/\/www.fondazionepirelli.org\/it\/cultura-dimpresa\/cultura-per-linnovazione\/","url":"https:\/\/www.fondazionepirelli.org\/it\/cultura-dimpresa\/cultura-per-linnovazione\/","name":"Cultura per l\u2019innovazione - Fondazione Pirelli","isPartOf":{"@id":"https:\/\/www.fondazionepirelli.org\/it\/#website"},"datePublished":"2018-09-04T00:00:00+00:00","dateModified":"2019-05-08T16:42:31+00:00","author":{"@id":"https:\/\/www.fondazionepirelli.org\/it\/#\/schema\/person\/f47d097000832c4a6e54538c791fdf25"},"breadcrumb":{"@id":"https:\/\/www.fondazionepirelli.org\/it\/cultura-dimpresa\/cultura-per-linnovazione\/#breadcrumb"},"inLanguage":"it-IT","potentialAction":[{"@type":"ReadAction","target":["https:\/\/www.fondazionepirelli.org\/it\/cultura-dimpresa\/cultura-per-linnovazione\/"]}]},{"@type":"BreadcrumbList","@id":"https:\/\/www.fondazionepirelli.org\/it\/cultura-dimpresa\/cultura-per-linnovazione\/#breadcrumb","itemListElement":[{"@type":"ListItem","position":1,"name":"Home","item":"https:\/\/www.fondazionepirelli.org\/it\/"},{"@type":"ListItem","position":2,"name":"Cultura per l\u2019innovazione"}]},{"@type":"WebSite","@id":"https:\/\/www.fondazionepirelli.org\/it\/#website","url":"https:\/\/www.fondazionepirelli.org\/it\/","name":"Fondazione Pirelli","description":"","potentialAction":[{"@type":"SearchAction","target":{"@type":"EntryPoint","urlTemplate":"https:\/\/www.fondazionepirelli.org\/it\/?s={search_term_string}"},"query-input":{"@type":"PropertyValueSpecification","valueRequired":true,"valueName":"search_term_string"}}],"inLanguage":"it-IT"},{"@type":"Person","@id":"https:\/\/www.fondazionepirelli.org\/it\/#\/schema\/person\/f47d097000832c4a6e54538c791fdf25","name":"fondadmin","image":{"@type":"ImageObject","inLanguage":"it-IT","@id":"https:\/\/www.fondazionepirelli.org\/it\/#\/schema\/person\/image\/","url":"https:\/\/secure.gravatar.com\/avatar\/e69498a9175ca244966e51e53c88712c024fcebe41f9a05f75657f1bb25e489b?s=96&d=mm&r=g","contentUrl":"https:\/\/secure.gravatar.com\/avatar\/e69498a9175ca244966e51e53c88712c024fcebe41f9a05f75657f1bb25e489b?s=96&d=mm&r=g","caption":"fondadmin"},"url":"https:\/\/www.fondazionepirelli.org\/it\/author\/fondadmin\/"}]}},"_links":{"self":[{"href":"https:\/\/www.fondazionepirelli.org\/it\/wp-json\/wp\/v2\/posts\/52166\/"}],"collection":[{"href":"https:\/\/www.fondazionepirelli.org\/it\/wp-json\/wp\/v2\/posts\/"}],"about":[{"href":"https:\/\/www.fondazionepirelli.org\/it\/wp-json\/wp\/v2\/types\/post\/"}],"author":[{"embeddable":true,"href":"https:\/\/www.fondazionepirelli.org\/it\/wp-json\/wp\/v2\/users\/1\/"}],"replies":[{"embeddable":true,"href":"https:\/\/www.fondazionepirelli.org\/it\/wp-json\/wp\/v2\/comments\/?post=52166"}],"version-history":[{"count":1,"href":"https:\/\/www.fondazionepirelli.org\/it\/wp-json\/wp\/v2\/posts\/52166\/revisions\/"}],"predecessor-version":[{"id":52339,"href":"https:\/\/www.fondazionepirelli.org\/it\/wp-json\/wp\/v2\/posts\/52166\/revisions\/52339\/"}],"wp:attachment":[{"href":"https:\/\/www.fondazionepirelli.org\/it\/wp-json\/wp\/v2\/media\/?parent=52166"}],"wp:term":[{"taxonomy":"category","embeddable":true,"href":"https:\/\/www.fondazionepirelli.org\/it\/wp-json\/wp\/v2\/categories\/?post=52166"},{"taxonomy":"post_tag","embeddable":true,"href":"https:\/\/www.fondazionepirelli.org\/it\/wp-json\/wp\/v2\/tags\/?post=52166"}],"curies":[{"name":"wp","href":"https:\/\/api.w.org\/{rel}","templated":true}]}}