{"id":52182,"date":"2018-07-31T00:00:00","date_gmt":"2018-07-31T00:00:00","guid":{"rendered":"http:\/\/www.fondazionepirelli.org\/fondazione-pirelli\/cultura-dimpresa-dalta-quota\/"},"modified":"2019-05-08T16:36:04","modified_gmt":"2019-05-08T16:36:04","slug":"cultura-dimpresa-dalta-quota","status":"publish","type":"post","link":"https:\/\/www.fondazionepirelli.org\/it\/cultura-dimpresa\/cultura-dimpresa-dalta-quota\/","title":{"rendered":"Cultura d\u2019impresa d\u2019alta quota"},"content":{"rendered":"<p><em>Una indagine dell\u2019Universit\u00e0 Cattolica affronta il tema dell\u2019innovazione e dell\u2019organizzazione della produzione in un contesto diverso dal consueto<\/em><\/p>\n<p><strong>\u00a0<\/strong><\/p>\n<p>La cultura della buona produzione vale ovunque. E\u2019 questione \u201cgenetica\u201d che si applica ogni volta un\u2019idea si voglia trasformare in un\u2019impresa, collocata in un territorio ben definito, aperta a questo, fatta di donne e uomini accomunati da un obiettivo. Il racconto del fare impresa anche in contesti diversi da quelli consueti, \u00e8 quindi importante oltre che interessante da leggere. Lo \u00e8 cos\u00ec anche \u201cRete locale e apertura globale: innovazione diffusa per la crescita dei territori\u201d, ricerca scritta da Maria Chiara Cattaneo dell\u2019Universit\u00e0 Cattolica del Sacro Cuore nell\u2019ambito del Centro di ricerche in analisi economica e sviluppo economico internazionale.<\/p>\n<p>\u201cIl lavoro \u2013 viene subito spiegato &#8211; intende proporre riflessioni e approfondimenti sul tema della promozione dell\u2019imprenditorialit\u00e0 al di fuori delle grandi aree metropolitane, nei contesti montani ed alpini, attraverso una rete diffusa a supporto dell\u2019innovazione, dove si preveda anche coinvolgimento e inclusione comunitaria\u201d. Impresa e innovazione in contesti diversi dal solito, dunque, ma utilizzando tutti gli strumenti a disposizione. Cattaneo spiega che anche cos\u00ec occorre tenere conto \u201cdi temi quali l\u2019attrattivit\u00e0 e le filiere di interesse per i territori, il mercato del lavoro e la formazione\u201d.<\/p>\n<p>La ricerca quindi focalizza la sua attenzione sull\u2019arco alpino luogo di una \u201cnuova attenzione ai territori da parte dei diversi livelli istituzionali\u201d e in cui \u201cconiugare innovazione, tutela e protezione dell\u2019ambiente, mobilit\u00e0 e connettivit\u00e0 diventa la via da seguire per superare confini locali e barriere settoriali\u201d.<\/p>\n<p>Il lavoro affronta il tema partendo da un riassunto delle proposte sul tavolo in tema di innovazione area alpina, per poi passare ad una descrizione prima dello scenario alpino e poi di quello italiano. Successivamente l\u2019autrice valuta i diversi nodi d\u2019azione pi\u00f9 vicini all\u2019ambiente alpino come quelli dell\u2019ecoindustria, dei materiali avanzati, delle tecniche agricole. E\u2019 da questa base che prende forma la proposta di innovazione d\u2019impresa calibrata per un territorio alpino quasi sempre altro da quello industriale.<\/p>\n<p>\u201cSenza una partecipazione convinta delle Comunit\u00e0 in questi processi \u2013 \u00e8 una delle conclusioni -, riuscire a costruire e consolidare sistemi attrattivi risulta pi\u00f9 complesso mentre aumentano i rischi di marginalizzazione e frammentazione\u201d. Un messaggio ripreso anche da Alberto Quadrio Curzio nella presentazione della ricerca quando scrive: \u201cFondamentale \u00e8 il coinvolgimento del tessuto imprenditoriale, ma allo stesso tempo serve un\u2019innovazione diffusa, articolata e messa in rete, secondo un approccio inclusivo, per costruire lo sviluppo; bisogna partire dalle vocazioni territoriali e dalle specificit\u00e0 per uno sviluppo di qualit\u00e0, oltre particolarismi e frammentazioni, coniugando innovazione e sostenibilit\u00e0\u201d.<\/p><p><strong>Rete locale e apertura globale: innovazione diffusa per la crescita dei territori <\/strong><\/p>\n<p>Maria Chiara Cattaneo<\/p>\n<p>Centro di ricerche in analisi economica e sviluppo economico internazionale,<\/p>\n<p>2017<\/p>","protected":false},"excerpt":{"rendered":"<p>Una indagine dell\u2019Universit\u00e0 Cattolica affronta il tema dell\u2019innovazione e dell\u2019organizzazione della produzione in un contesto diverso dal consueto \u00a0 La cultura della buona produzione vale ovunque. E\u2019 questione \u201cgenetica\u201d che si applica ogni volta un\u2019idea si voglia trasformare in un\u2019impresa, collocata in un territorio ben definito, aperta a questo, fatta di donne e uomini accomunati [&hellip;]<\/p>\n","protected":false},"author":1,"featured_media":0,"comment_status":"open","ping_status":"open","sticky":false,"template":"","format":"standard","meta":{"footnotes":""},"categories":[54,52],"tags":[],"class_list":["post-52182","post","type-post","status-publish","format-standard","hentry","category-approfondimenti","category-cultura-dimpresa"],"acf":[],"yoast_head":"<!-- This site is optimized with the Yoast SEO plugin v25.0 - https:\/\/yoast.com\/wordpress\/plugins\/seo\/ -->\n<title>Cultura d\u2019impresa d\u2019alta quota - Fondazione Pirelli<\/title>\n<meta name=\"robots\" content=\"index, follow, max-snippet:-1, max-image-preview:large, max-video-preview:-1\" \/>\n<link rel=\"canonical\" href=\"https:\/\/www.fondazionepirelli.org\/it\/cultura-dimpresa\/cultura-dimpresa-dalta-quota\/\" \/>\n<meta property=\"og:locale\" content=\"it_IT\" \/>\n<meta property=\"og:type\" content=\"article\" \/>\n<meta property=\"og:title\" content=\"Cultura d\u2019impresa d\u2019alta quota - Fondazione Pirelli\" \/>\n<meta property=\"og:description\" content=\"Una indagine dell\u2019Universit\u00e0 Cattolica affronta il tema dell\u2019innovazione e dell\u2019organizzazione della produzione in un contesto diverso dal consueto \u00a0 La cultura della buona produzione vale ovunque. E\u2019 questione \u201cgenetica\u201d che si applica ogni volta un\u2019idea si voglia trasformare in un\u2019impresa, collocata in un territorio ben definito, aperta a questo, fatta di donne e uomini accomunati [&hellip;]\" \/>\n<meta property=\"og:url\" content=\"https:\/\/www.fondazionepirelli.org\/it\/cultura-dimpresa\/cultura-dimpresa-dalta-quota\/\" \/>\n<meta property=\"og:site_name\" content=\"Fondazione Pirelli\" \/>\n<meta property=\"article:published_time\" content=\"2018-07-31T00:00:00+00:00\" \/>\n<meta property=\"article:modified_time\" content=\"2019-05-08T16:36:04+00:00\" \/>\n<meta name=\"author\" content=\"fondadmin\" \/>\n<meta name=\"twitter:card\" content=\"summary_large_image\" \/>\n<meta name=\"twitter:label1\" content=\"Scritto da\" \/>\n\t<meta name=\"twitter:data1\" content=\"fondadmin\" \/>\n\t<meta name=\"twitter:label2\" content=\"Tempo di lettura stimato\" \/>\n\t<meta name=\"twitter:data2\" content=\"2 minuti\" \/>\n<script type=\"application\/ld+json\" class=\"yoast-schema-graph\">{\"@context\":\"https:\/\/schema.org\",\"@graph\":[{\"@type\":\"WebPage\",\"@id\":\"https:\/\/www.fondazionepirelli.org\/it\/cultura-dimpresa\/cultura-dimpresa-dalta-quota\/\",\"url\":\"https:\/\/www.fondazionepirelli.org\/it\/cultura-dimpresa\/cultura-dimpresa-dalta-quota\/\",\"name\":\"Cultura d\u2019impresa d\u2019alta quota - Fondazione Pirelli\",\"isPartOf\":{\"@id\":\"https:\/\/www.fondazionepirelli.org\/it\/#website\"},\"datePublished\":\"2018-07-31T00:00:00+00:00\",\"dateModified\":\"2019-05-08T16:36:04+00:00\",\"author\":{\"@id\":\"https:\/\/www.fondazionepirelli.org\/it\/#\/schema\/person\/f47d097000832c4a6e54538c791fdf25\"},\"breadcrumb\":{\"@id\":\"https:\/\/www.fondazionepirelli.org\/it\/cultura-dimpresa\/cultura-dimpresa-dalta-quota\/#breadcrumb\"},\"inLanguage\":\"it-IT\",\"potentialAction\":[{\"@type\":\"ReadAction\",\"target\":[\"https:\/\/www.fondazionepirelli.org\/it\/cultura-dimpresa\/cultura-dimpresa-dalta-quota\/\"]}]},{\"@type\":\"BreadcrumbList\",\"@id\":\"https:\/\/www.fondazionepirelli.org\/it\/cultura-dimpresa\/cultura-dimpresa-dalta-quota\/#breadcrumb\",\"itemListElement\":[{\"@type\":\"ListItem\",\"position\":1,\"name\":\"Home\",\"item\":\"https:\/\/www.fondazionepirelli.org\/it\/\"},{\"@type\":\"ListItem\",\"position\":2,\"name\":\"Cultura d\u2019impresa d\u2019alta quota\"}]},{\"@type\":\"WebSite\",\"@id\":\"https:\/\/www.fondazionepirelli.org\/it\/#website\",\"url\":\"https:\/\/www.fondazionepirelli.org\/it\/\",\"name\":\"Fondazione Pirelli\",\"description\":\"\",\"potentialAction\":[{\"@type\":\"SearchAction\",\"target\":{\"@type\":\"EntryPoint\",\"urlTemplate\":\"https:\/\/www.fondazionepirelli.org\/it\/?s={search_term_string}\"},\"query-input\":{\"@type\":\"PropertyValueSpecification\",\"valueRequired\":true,\"valueName\":\"search_term_string\"}}],\"inLanguage\":\"it-IT\"},{\"@type\":\"Person\",\"@id\":\"https:\/\/www.fondazionepirelli.org\/it\/#\/schema\/person\/f47d097000832c4a6e54538c791fdf25\",\"name\":\"fondadmin\",\"image\":{\"@type\":\"ImageObject\",\"inLanguage\":\"it-IT\",\"@id\":\"https:\/\/www.fondazionepirelli.org\/it\/#\/schema\/person\/image\/\",\"url\":\"https:\/\/secure.gravatar.com\/avatar\/e69498a9175ca244966e51e53c88712c024fcebe41f9a05f75657f1bb25e489b?s=96&d=mm&r=g\",\"contentUrl\":\"https:\/\/secure.gravatar.com\/avatar\/e69498a9175ca244966e51e53c88712c024fcebe41f9a05f75657f1bb25e489b?s=96&d=mm&r=g\",\"caption\":\"fondadmin\"},\"url\":\"https:\/\/www.fondazionepirelli.org\/it\/author\/fondadmin\/\"}]}<\/script>\n<!-- \/ Yoast SEO plugin. -->","yoast_head_json":{"title":"Cultura d\u2019impresa d\u2019alta quota - Fondazione Pirelli","robots":{"index":"index","follow":"follow","max-snippet":"max-snippet:-1","max-image-preview":"max-image-preview:large","max-video-preview":"max-video-preview:-1"},"canonical":"https:\/\/www.fondazionepirelli.org\/it\/cultura-dimpresa\/cultura-dimpresa-dalta-quota\/","og_locale":"it_IT","og_type":"article","og_title":"Cultura d\u2019impresa d\u2019alta quota - Fondazione Pirelli","og_description":"Una indagine dell\u2019Universit\u00e0 Cattolica affronta il tema dell\u2019innovazione e dell\u2019organizzazione della produzione in un contesto diverso dal consueto \u00a0 La cultura della buona produzione vale ovunque. E\u2019 questione \u201cgenetica\u201d che si applica ogni volta un\u2019idea si voglia trasformare in un\u2019impresa, collocata in un territorio ben definito, aperta a questo, fatta di donne e uomini accomunati [&hellip;]","og_url":"https:\/\/www.fondazionepirelli.org\/it\/cultura-dimpresa\/cultura-dimpresa-dalta-quota\/","og_site_name":"Fondazione Pirelli","article_published_time":"2018-07-31T00:00:00+00:00","article_modified_time":"2019-05-08T16:36:04+00:00","author":"fondadmin","twitter_card":"summary_large_image","twitter_misc":{"Scritto da":"fondadmin","Tempo di lettura stimato":"2 minuti"},"schema":{"@context":"https:\/\/schema.org","@graph":[{"@type":"WebPage","@id":"https:\/\/www.fondazionepirelli.org\/it\/cultura-dimpresa\/cultura-dimpresa-dalta-quota\/","url":"https:\/\/www.fondazionepirelli.org\/it\/cultura-dimpresa\/cultura-dimpresa-dalta-quota\/","name":"Cultura d\u2019impresa d\u2019alta quota - Fondazione Pirelli","isPartOf":{"@id":"https:\/\/www.fondazionepirelli.org\/it\/#website"},"datePublished":"2018-07-31T00:00:00+00:00","dateModified":"2019-05-08T16:36:04+00:00","author":{"@id":"https:\/\/www.fondazionepirelli.org\/it\/#\/schema\/person\/f47d097000832c4a6e54538c791fdf25"},"breadcrumb":{"@id":"https:\/\/www.fondazionepirelli.org\/it\/cultura-dimpresa\/cultura-dimpresa-dalta-quota\/#breadcrumb"},"inLanguage":"it-IT","potentialAction":[{"@type":"ReadAction","target":["https:\/\/www.fondazionepirelli.org\/it\/cultura-dimpresa\/cultura-dimpresa-dalta-quota\/"]}]},{"@type":"BreadcrumbList","@id":"https:\/\/www.fondazionepirelli.org\/it\/cultura-dimpresa\/cultura-dimpresa-dalta-quota\/#breadcrumb","itemListElement":[{"@type":"ListItem","position":1,"name":"Home","item":"https:\/\/www.fondazionepirelli.org\/it\/"},{"@type":"ListItem","position":2,"name":"Cultura d\u2019impresa d\u2019alta quota"}]},{"@type":"WebSite","@id":"https:\/\/www.fondazionepirelli.org\/it\/#website","url":"https:\/\/www.fondazionepirelli.org\/it\/","name":"Fondazione Pirelli","description":"","potentialAction":[{"@type":"SearchAction","target":{"@type":"EntryPoint","urlTemplate":"https:\/\/www.fondazionepirelli.org\/it\/?s={search_term_string}"},"query-input":{"@type":"PropertyValueSpecification","valueRequired":true,"valueName":"search_term_string"}}],"inLanguage":"it-IT"},{"@type":"Person","@id":"https:\/\/www.fondazionepirelli.org\/it\/#\/schema\/person\/f47d097000832c4a6e54538c791fdf25","name":"fondadmin","image":{"@type":"ImageObject","inLanguage":"it-IT","@id":"https:\/\/www.fondazionepirelli.org\/it\/#\/schema\/person\/image\/","url":"https:\/\/secure.gravatar.com\/avatar\/e69498a9175ca244966e51e53c88712c024fcebe41f9a05f75657f1bb25e489b?s=96&d=mm&r=g","contentUrl":"https:\/\/secure.gravatar.com\/avatar\/e69498a9175ca244966e51e53c88712c024fcebe41f9a05f75657f1bb25e489b?s=96&d=mm&r=g","caption":"fondadmin"},"url":"https:\/\/www.fondazionepirelli.org\/it\/author\/fondadmin\/"}]}},"_links":{"self":[{"href":"https:\/\/www.fondazionepirelli.org\/it\/wp-json\/wp\/v2\/posts\/52182\/"}],"collection":[{"href":"https:\/\/www.fondazionepirelli.org\/it\/wp-json\/wp\/v2\/posts\/"}],"about":[{"href":"https:\/\/www.fondazionepirelli.org\/it\/wp-json\/wp\/v2\/types\/post\/"}],"author":[{"embeddable":true,"href":"https:\/\/www.fondazionepirelli.org\/it\/wp-json\/wp\/v2\/users\/1\/"}],"replies":[{"embeddable":true,"href":"https:\/\/www.fondazionepirelli.org\/it\/wp-json\/wp\/v2\/comments\/?post=52182"}],"version-history":[{"count":1,"href":"https:\/\/www.fondazionepirelli.org\/it\/wp-json\/wp\/v2\/posts\/52182\/revisions\/"}],"predecessor-version":[{"id":52346,"href":"https:\/\/www.fondazionepirelli.org\/it\/wp-json\/wp\/v2\/posts\/52182\/revisions\/52346\/"}],"wp:attachment":[{"href":"https:\/\/www.fondazionepirelli.org\/it\/wp-json\/wp\/v2\/media\/?parent=52182"}],"wp:term":[{"taxonomy":"category","embeddable":true,"href":"https:\/\/www.fondazionepirelli.org\/it\/wp-json\/wp\/v2\/categories\/?post=52182"},{"taxonomy":"post_tag","embeddable":true,"href":"https:\/\/www.fondazionepirelli.org\/it\/wp-json\/wp\/v2\/tags\/?post=52182"}],"curies":[{"name":"wp","href":"https:\/\/api.w.org\/{rel}","templated":true}]}}