{"id":52185,"date":"2018-07-31T00:00:00","date_gmt":"2018-07-31T00:00:00","guid":{"rendered":"http:\/\/www.fondazionepirelli.org\/fondazione-pirelli\/imprenditori-a-tutto-tondo-2\/"},"modified":"2019-09-18T17:50:25","modified_gmt":"2019-09-18T15:50:25","slug":"imprenditori-a-tutto-tondo","status":"publish","type":"post","link":"https:\/\/www.fondazionepirelli.org\/it\/cultura-dimpresa\/imprenditori-a-tutto-tondo\/","title":{"rendered":"Imprenditori a tutto tondo"},"content":{"rendered":"<p><em>La fotografia di un\u2019imprenditorialit\u00e0 intimamente legata al contesto nel quale agisce<\/em><\/p>\n<p>Le indagini intorno all\u2019imprenditore non sono ancora terminate. Ed \u00e8 giusto che sia cos\u00ec. Essere imprenditori \u00e8 cosa multiforme, una concreta avventura dello spirito, qualcosa di unico per alcuni, fonte di ricchezza per molti. E\u2019 sempre un\u2019attivit\u00e0 che cambia a seconda dei soggetti e delle circostanze, della storia attorno, di quanto \u00e8 accaduto prima e di quanto accade nello stesso istante dell\u2019agire imprenditoriale.<br \/>\nLeggere \u201cImprenditorialit\u00e0 strategica: una nuova prospettiva\u201d di Massimiliano Vesci da poco pubblicato, \u00e8 una bella cosa da fare se si vuole capire di pi\u00f9 e meglio dei legami fra la figura e l\u2019agire imprenditoriale e il contesto. Il tratto dal quale il libro prende le mosse \u00e8 la constatazione che stia \u201cmaturando oggi una generale crescente consapevolezza del potenziale impatto che il comportamento degli imprenditori ha, non solo sulla crescita economica, ma anche su molti altri aspetti della vita degli individui e della societ\u00e0 nel suo complesso\u201d. Figure importanti (sempre di pi\u00f9) quelle degli imprenditori dunque. Ma, \u00e8 l\u2019opinione di Vesci, occorre \u201c(ri)pensare il modello di imprenditorialit\u00e0, riconoscendo in aggiunta il ruolo del territorio (e delle comunit\u00e0 locali) nell\u2019influenzare il modello di imprenditorialit\u00e0 stesso, soprattutto nel vasto contesto delle PMI\u201d.<br \/>\nTerritorio e agire d\u2019impresa intimamente legati quindi, in un intreccio che va compreso a fondo, perch\u00e9 \u00e8 da questo che oggi prende corpo l\u2019importanza stessa dell\u2019impresa.<br \/>\nPer affrontare questo complesso di temi, Vesci inizia dalla fotografia dell\u2019imprenditorialit\u00e0 nel XXI secolo per poi passare a ragionare sulla trasformazione della figura dell\u2019imprenditore da concetto solamente economico a qualcosa di pi\u00f9 strategico non solo per l\u2019organizzazione della produzione. Vesci quindi affronta il ruolo del territorio e poi quello dell\u2019Humane Entrepreneurship quale \u201cpostura strategica imprenditoriale allargata\u201d. E\u2019 da questo concetto che Vesci delinea un ritratto nuovo di imprenditore come personaggio totalmente collegato al territorio, alle sue responsabilit\u00e0 e alla sostenibilit\u00e0 del suo agire.<br \/>\nLeggere quanto scritto da Massimiliano Vesci potr\u00e0 certamente aggiungere qualcosa di buono all\u2019idea che ognuno di noi ha dell\u2019agire d\u2019impresa.<\/p>\n<p><strong>Imprenditorialit\u00e0 strategica: una nuova prospettiva<\/strong><br \/>\nMassimiliano Vesci<br \/>\nGiappichelli, giugno 2018<\/p>\n","protected":false},"excerpt":{"rendered":"<p>La fotografia di un\u2019imprenditorialit\u00e0 intimamente legata al contesto nel quale agisce Le indagini intorno all\u2019imprenditore non sono ancora terminate. Ed \u00e8 giusto che sia cos\u00ec. Essere imprenditori \u00e8 cosa multiforme, una concreta avventura dello spirito, qualcosa di unico per alcuni, fonte di ricchezza per molti. E\u2019 sempre un\u2019attivit\u00e0 che cambia a seconda dei soggetti e [&hellip;]<\/p>\n","protected":false},"author":1,"featured_media":68755,"comment_status":"open","ping_status":"open","sticky":false,"template":"","format":"standard","meta":{"footnotes":""},"categories":[52,58],"tags":[],"class_list":["post-52185","post","type-post","status-publish","format-standard","has-post-thumbnail","hentry","category-cultura-dimpresa","category-recensioni-libri"],"acf":[],"yoast_head":"<!-- This site is optimized with the Yoast SEO plugin v25.0 - https:\/\/yoast.com\/wordpress\/plugins\/seo\/ -->\n<title>Imprenditori a tutto tondo - Fondazione Pirelli<\/title>\n<meta name=\"robots\" content=\"index, follow, max-snippet:-1, max-image-preview:large, max-video-preview:-1\" \/>\n<link rel=\"canonical\" href=\"https:\/\/www.fondazionepirelli.org\/it\/cultura-dimpresa\/imprenditori-a-tutto-tondo\/\" \/>\n<meta property=\"og:locale\" content=\"it_IT\" \/>\n<meta property=\"og:type\" content=\"article\" \/>\n<meta property=\"og:title\" content=\"Imprenditori a tutto tondo - Fondazione Pirelli\" \/>\n<meta property=\"og:description\" content=\"La fotografia di un\u2019imprenditorialit\u00e0 intimamente legata al contesto nel quale agisce Le indagini intorno all\u2019imprenditore non sono ancora terminate. Ed \u00e8 giusto che sia cos\u00ec. Essere imprenditori \u00e8 cosa multiforme, una concreta avventura dello spirito, qualcosa di unico per alcuni, fonte di ricchezza per molti. E\u2019 sempre un\u2019attivit\u00e0 che cambia a seconda dei soggetti e [&hellip;]\" \/>\n<meta property=\"og:url\" content=\"https:\/\/127.0.0.1\/it\/cultura-dimpresa\/imprenditori-a-tutto-tondo\/\" \/>\n<meta property=\"og:site_name\" content=\"Fondazione Pirelli\" \/>\n<meta property=\"article:published_time\" content=\"2018-07-31T00:00:00+00:00\" \/>\n<meta property=\"article:modified_time\" content=\"2019-09-18T15:50:25+00:00\" \/>\n<meta property=\"og:image\" content=\"https:\/\/wpsite-assets.fondazionepirelli.org\/wp-content\/uploads\/2018\/07\/18175014\/imprenditorialita.jpg\" \/>\n\t<meta property=\"og:image:width\" content=\"360\" \/>\n\t<meta property=\"og:image:height\" content=\"507\" \/>\n\t<meta property=\"og:image:type\" content=\"image\/jpeg\" \/>\n<meta name=\"author\" content=\"fondadmin\" \/>\n<meta name=\"twitter:card\" content=\"summary_large_image\" \/>\n<meta name=\"twitter:label1\" content=\"Scritto da\" \/>\n\t<meta name=\"twitter:data1\" content=\"fondadmin\" \/>\n\t<meta name=\"twitter:label2\" content=\"Tempo di lettura stimato\" \/>\n\t<meta name=\"twitter:data2\" content=\"2 minuti\" \/>\n<script type=\"application\/ld+json\" class=\"yoast-schema-graph\">{\"@context\":\"https:\/\/schema.org\",\"@graph\":[{\"@type\":\"WebPage\",\"@id\":\"https:\/\/127.0.0.1\/it\/cultura-dimpresa\/imprenditori-a-tutto-tondo\/\",\"url\":\"https:\/\/127.0.0.1\/it\/cultura-dimpresa\/imprenditori-a-tutto-tondo\/\",\"name\":\"Imprenditori a tutto tondo - Fondazione Pirelli\",\"isPartOf\":{\"@id\":\"https:\/\/www.fondazionepirelli.org\/it\/#website\"},\"primaryImageOfPage\":{\"@id\":\"https:\/\/127.0.0.1\/it\/cultura-dimpresa\/imprenditori-a-tutto-tondo\/#primaryimage\"},\"image\":{\"@id\":\"https:\/\/127.0.0.1\/it\/cultura-dimpresa\/imprenditori-a-tutto-tondo\/#primaryimage\"},\"thumbnailUrl\":\"https:\/\/wpsite-assets.fondazionepirelli.org\/wp-content\/uploads\/2018\/07\/18175014\/imprenditorialita.jpg\",\"datePublished\":\"2018-07-31T00:00:00+00:00\",\"dateModified\":\"2019-09-18T15:50:25+00:00\",\"author\":{\"@id\":\"https:\/\/www.fondazionepirelli.org\/it\/#\/schema\/person\/f47d097000832c4a6e54538c791fdf25\"},\"breadcrumb\":{\"@id\":\"https:\/\/127.0.0.1\/it\/cultura-dimpresa\/imprenditori-a-tutto-tondo\/#breadcrumb\"},\"inLanguage\":\"it-IT\",\"potentialAction\":[{\"@type\":\"ReadAction\",\"target\":[\"https:\/\/127.0.0.1\/it\/cultura-dimpresa\/imprenditori-a-tutto-tondo\/\"]}]},{\"@type\":\"ImageObject\",\"inLanguage\":\"it-IT\",\"@id\":\"https:\/\/127.0.0.1\/it\/cultura-dimpresa\/imprenditori-a-tutto-tondo\/#primaryimage\",\"url\":\"https:\/\/wpsite-assets.fondazionepirelli.org\/wp-content\/uploads\/2018\/07\/18175014\/imprenditorialita.jpg\",\"contentUrl\":\"https:\/\/wpsite-assets.fondazionepirelli.org\/wp-content\/uploads\/2018\/07\/18175014\/imprenditorialita.jpg\",\"width\":360,\"height\":507},{\"@type\":\"BreadcrumbList\",\"@id\":\"https:\/\/127.0.0.1\/it\/cultura-dimpresa\/imprenditori-a-tutto-tondo\/#breadcrumb\",\"itemListElement\":[{\"@type\":\"ListItem\",\"position\":1,\"name\":\"Home\",\"item\":\"https:\/\/www.fondazionepirelli.org\/it\/\"},{\"@type\":\"ListItem\",\"position\":2,\"name\":\"Imprenditori a tutto tondo\"}]},{\"@type\":\"WebSite\",\"@id\":\"https:\/\/www.fondazionepirelli.org\/it\/#website\",\"url\":\"https:\/\/www.fondazionepirelli.org\/it\/\",\"name\":\"Fondazione Pirelli\",\"description\":\"\",\"potentialAction\":[{\"@type\":\"SearchAction\",\"target\":{\"@type\":\"EntryPoint\",\"urlTemplate\":\"https:\/\/www.fondazionepirelli.org\/it\/?s={search_term_string}\"},\"query-input\":{\"@type\":\"PropertyValueSpecification\",\"valueRequired\":true,\"valueName\":\"search_term_string\"}}],\"inLanguage\":\"it-IT\"},{\"@type\":\"Person\",\"@id\":\"https:\/\/www.fondazionepirelli.org\/it\/#\/schema\/person\/f47d097000832c4a6e54538c791fdf25\",\"name\":\"fondadmin\",\"image\":{\"@type\":\"ImageObject\",\"inLanguage\":\"it-IT\",\"@id\":\"https:\/\/www.fondazionepirelli.org\/it\/#\/schema\/person\/image\/\",\"url\":\"https:\/\/secure.gravatar.com\/avatar\/e69498a9175ca244966e51e53c88712c024fcebe41f9a05f75657f1bb25e489b?s=96&d=mm&r=g\",\"contentUrl\":\"https:\/\/secure.gravatar.com\/avatar\/e69498a9175ca244966e51e53c88712c024fcebe41f9a05f75657f1bb25e489b?s=96&d=mm&r=g\",\"caption\":\"fondadmin\"},\"url\":\"https:\/\/www.fondazionepirelli.org\/it\/author\/fondadmin\/\"}]}<\/script>\n<!-- \/ Yoast SEO plugin. -->","yoast_head_json":{"title":"Imprenditori a tutto tondo - Fondazione Pirelli","robots":{"index":"index","follow":"follow","max-snippet":"max-snippet:-1","max-image-preview":"max-image-preview:large","max-video-preview":"max-video-preview:-1"},"canonical":"https:\/\/www.fondazionepirelli.org\/it\/cultura-dimpresa\/imprenditori-a-tutto-tondo\/","og_locale":"it_IT","og_type":"article","og_title":"Imprenditori a tutto tondo - Fondazione Pirelli","og_description":"La fotografia di un\u2019imprenditorialit\u00e0 intimamente legata al contesto nel quale agisce Le indagini intorno all\u2019imprenditore non sono ancora terminate. Ed \u00e8 giusto che sia cos\u00ec. Essere imprenditori \u00e8 cosa multiforme, una concreta avventura dello spirito, qualcosa di unico per alcuni, fonte di ricchezza per molti. E\u2019 sempre un\u2019attivit\u00e0 che cambia a seconda dei soggetti e [&hellip;]","og_url":"https:\/\/127.0.0.1\/it\/cultura-dimpresa\/imprenditori-a-tutto-tondo\/","og_site_name":"Fondazione Pirelli","article_published_time":"2018-07-31T00:00:00+00:00","article_modified_time":"2019-09-18T15:50:25+00:00","og_image":[{"width":360,"height":507,"url":"https:\/\/wpsite-assets.fondazionepirelli.org\/wp-content\/uploads\/2018\/07\/18175014\/imprenditorialita.jpg","type":"image\/jpeg"}],"author":"fondadmin","twitter_card":"summary_large_image","twitter_misc":{"Scritto da":"fondadmin","Tempo di lettura stimato":"2 minuti"},"schema":{"@context":"https:\/\/schema.org","@graph":[{"@type":"WebPage","@id":"https:\/\/127.0.0.1\/it\/cultura-dimpresa\/imprenditori-a-tutto-tondo\/","url":"https:\/\/127.0.0.1\/it\/cultura-dimpresa\/imprenditori-a-tutto-tondo\/","name":"Imprenditori a tutto tondo - Fondazione Pirelli","isPartOf":{"@id":"https:\/\/www.fondazionepirelli.org\/it\/#website"},"primaryImageOfPage":{"@id":"https:\/\/127.0.0.1\/it\/cultura-dimpresa\/imprenditori-a-tutto-tondo\/#primaryimage"},"image":{"@id":"https:\/\/127.0.0.1\/it\/cultura-dimpresa\/imprenditori-a-tutto-tondo\/#primaryimage"},"thumbnailUrl":"https:\/\/wpsite-assets.fondazionepirelli.org\/wp-content\/uploads\/2018\/07\/18175014\/imprenditorialita.jpg","datePublished":"2018-07-31T00:00:00+00:00","dateModified":"2019-09-18T15:50:25+00:00","author":{"@id":"https:\/\/www.fondazionepirelli.org\/it\/#\/schema\/person\/f47d097000832c4a6e54538c791fdf25"},"breadcrumb":{"@id":"https:\/\/127.0.0.1\/it\/cultura-dimpresa\/imprenditori-a-tutto-tondo\/#breadcrumb"},"inLanguage":"it-IT","potentialAction":[{"@type":"ReadAction","target":["https:\/\/127.0.0.1\/it\/cultura-dimpresa\/imprenditori-a-tutto-tondo\/"]}]},{"@type":"ImageObject","inLanguage":"it-IT","@id":"https:\/\/127.0.0.1\/it\/cultura-dimpresa\/imprenditori-a-tutto-tondo\/#primaryimage","url":"https:\/\/wpsite-assets.fondazionepirelli.org\/wp-content\/uploads\/2018\/07\/18175014\/imprenditorialita.jpg","contentUrl":"https:\/\/wpsite-assets.fondazionepirelli.org\/wp-content\/uploads\/2018\/07\/18175014\/imprenditorialita.jpg","width":360,"height":507},{"@type":"BreadcrumbList","@id":"https:\/\/127.0.0.1\/it\/cultura-dimpresa\/imprenditori-a-tutto-tondo\/#breadcrumb","itemListElement":[{"@type":"ListItem","position":1,"name":"Home","item":"https:\/\/www.fondazionepirelli.org\/it\/"},{"@type":"ListItem","position":2,"name":"Imprenditori a tutto tondo"}]},{"@type":"WebSite","@id":"https:\/\/www.fondazionepirelli.org\/it\/#website","url":"https:\/\/www.fondazionepirelli.org\/it\/","name":"Fondazione Pirelli","description":"","potentialAction":[{"@type":"SearchAction","target":{"@type":"EntryPoint","urlTemplate":"https:\/\/www.fondazionepirelli.org\/it\/?s={search_term_string}"},"query-input":{"@type":"PropertyValueSpecification","valueRequired":true,"valueName":"search_term_string"}}],"inLanguage":"it-IT"},{"@type":"Person","@id":"https:\/\/www.fondazionepirelli.org\/it\/#\/schema\/person\/f47d097000832c4a6e54538c791fdf25","name":"fondadmin","image":{"@type":"ImageObject","inLanguage":"it-IT","@id":"https:\/\/www.fondazionepirelli.org\/it\/#\/schema\/person\/image\/","url":"https:\/\/secure.gravatar.com\/avatar\/e69498a9175ca244966e51e53c88712c024fcebe41f9a05f75657f1bb25e489b?s=96&d=mm&r=g","contentUrl":"https:\/\/secure.gravatar.com\/avatar\/e69498a9175ca244966e51e53c88712c024fcebe41f9a05f75657f1bb25e489b?s=96&d=mm&r=g","caption":"fondadmin"},"url":"https:\/\/www.fondazionepirelli.org\/it\/author\/fondadmin\/"}]}},"_links":{"self":[{"href":"https:\/\/www.fondazionepirelli.org\/it\/wp-json\/wp\/v2\/posts\/52185\/"}],"collection":[{"href":"https:\/\/www.fondazionepirelli.org\/it\/wp-json\/wp\/v2\/posts\/"}],"about":[{"href":"https:\/\/www.fondazionepirelli.org\/it\/wp-json\/wp\/v2\/types\/post\/"}],"author":[{"embeddable":true,"href":"https:\/\/www.fondazionepirelli.org\/it\/wp-json\/wp\/v2\/users\/1\/"}],"replies":[{"embeddable":true,"href":"https:\/\/www.fondazionepirelli.org\/it\/wp-json\/wp\/v2\/comments\/?post=52185"}],"version-history":[{"count":3,"href":"https:\/\/www.fondazionepirelli.org\/it\/wp-json\/wp\/v2\/posts\/52185\/revisions\/"}],"predecessor-version":[{"id":68757,"href":"https:\/\/www.fondazionepirelli.org\/it\/wp-json\/wp\/v2\/posts\/52185\/revisions\/68757\/"}],"wp:featuredmedia":[{"embeddable":true,"href":"https:\/\/www.fondazionepirelli.org\/it\/wp-json\/wp\/v2\/media\/68755\/"}],"wp:attachment":[{"href":"https:\/\/www.fondazionepirelli.org\/it\/wp-json\/wp\/v2\/media\/?parent=52185"}],"wp:term":[{"taxonomy":"category","embeddable":true,"href":"https:\/\/www.fondazionepirelli.org\/it\/wp-json\/wp\/v2\/categories\/?post=52185"},{"taxonomy":"post_tag","embeddable":true,"href":"https:\/\/www.fondazionepirelli.org\/it\/wp-json\/wp\/v2\/tags\/?post=52185"}],"curies":[{"name":"wp","href":"https:\/\/api.w.org\/{rel}","templated":true}]}}