{"id":52187,"date":"2018-07-31T00:00:00","date_gmt":"2018-07-31T00:00:00","guid":{"rendered":"http:\/\/www.fondazionepirelli.org\/fondazione-pirelli\/le-piazze-hi-tech-di-milano-e-gli-investimenti-esteri-un-esempio-contro-la-retorica-da-decrescita-felice\/"},"modified":"2019-09-24T16:07:14","modified_gmt":"2019-09-24T14:07:14","slug":"le-piazze-hi-tech-di-milano-e-gli-investimenti-esteri-un-esempio-contro-la-retorica-da-decrescita-felice","status":"publish","type":"post","link":"https:\/\/www.fondazionepirelli.org\/it\/cultura-dimpresa\/le-piazze-hi-tech-di-milano-e-gli-investimenti-esteri-un-esempio-contro-la-retorica-da-decrescita-felice\/","title":{"rendered":"Le piazze hi tech di Milano e gli investimenti esteri: un esempio contro la retorica da \u201cdecrescita felice\u201d"},"content":{"rendered":"<p>Una piazza, a <strong>Milano<\/strong>. Antica, nel ricordo dei milanesi pi\u00f9 anziani, la <strong>Piazzetta Liberty<\/strong> con i suoi palazzi eleganti e i bar d\u2019una volta. Ipercontemporanea, adesso, con la grande fontana in un prisma di vetro che si apre su una scalinata che porta al nuovo grande centro dell<strong>\u2019Apple<\/strong>. Una sintesi straordinaria tra la tradizione europea e l\u2019immagine che richiama New York. Milano si rinnova continuamente, citt\u00e0 rotonda, accogliente, inclusiva. E i protagonisti sono la buona amministrazione pubblica che qualifica i luoghi e stimola le imprese, le multinazionali in rete con l\u2019industria lombarda, i cittadini con un forte senso dell\u2019innovazione. \u201cIl mondo Apple nel negozio da archistar. Milano capitale della \u2018<strong>app economy<\/strong>\u2019\u201d, si entusiasma Il Sole24Ore (25 luglio) insistendo sul progetto dello studio di Norman Foster e ricordando che tutta la filiera dell\u2019economia delle app digitali d\u00e0 lavoro a 25mila persone. E il sindaco Beppe Sala: \u201cDa Apple alle periferie, cos\u00ec innoviamo Milano\u201d, notando che la Siemens ha appena aperto il suo <em>head quartier <\/em>ai margini del Quartiere Adriano, periferia degradata e ricordando le tante altre novit\u00e0 urbanistiche da Porta Nuova a CityLife, dalla Bicocca allo Human Technopole e aspettando adesso l\u2019inaugurazione del nuovo centro Starbucks in piazza Cordusio, uno dei maggiori investimenti del gruppo in Europa.<\/p>\n<p>Ci sono pi\u00f9 di <strong>4.200<\/strong> imprese estere, a Milano, con 208 miliardi di euro di fatturato, un terzo del totale italiano e lavoro per 431mila persone. E <strong>Assolombarda<\/strong> calcola che proprio grazie a queste presenze si possono fare confronti positivi tra Milano e le altre metropoli pi\u00f9 dinamiche, da Chicago a Barcellona, da Monaco a Francoforte alle grandi Londra e Parigi.<\/p>\n<p>Ecco il punto: Milano continua a crescere <strong>attirando capitali<\/strong> e intelligenze un po\u2019 da tutto il mondo, nelle sue universit\u00e0, nelle imprese manifatturiere e dei servizi, nella straordinaria filiera delle <em>life sciences <\/em>(oramai un\u2019eccellenza internazionale), nel settore immobiliare. E pu\u00f2 fare da riferimento per tutto il resto del Paese e da locomotiva per la sua crescita, con respiro europeo. Non pu\u00f2 chiudersi, dunque. Anzi, deve continuare a insistere sulla tradizione di citt\u00e0 aperta. Come sanno bene tutti i suoi attori sociali, che guardano con fastidio le politiche attuali di protezionismo, sovranismo, scelte polemiche con la Ue (da riformare, certo, ma non da cercare irresponsabilmente di mettere di crisi e abbattere). Europa \u00e8 parola cardine, del patrimonio culturale e ideale delle imprese. Su cui tenere ferma la barra del timone verso lo sviluppo.<\/p>\n<p>Si pone qui, dunque, la questione essenziale della crescita o della decrescita. Equilibrata e sostenibile, la prima, secondo le condivisibili raccomandazioni di<strong> Papa Francesco<\/strong> e di buona parte della migliore letteratura economica e in linea con le scelte di competitivit\u00e0 delle imprese pi\u00f9 innovative e pi\u00f9 attente alle questioni etiche e sociali dello sviluppo. Mai felice, invece, la seconda (con buona pace dei seguaci nostrani di Serge Latouche) e carica, semmai, di vincoli che portano verso un impoverimento complessivo. Una decrescita che &#8211; vale la pena aggiungere &#8211; si lega con l\u2019ideologia dei \u201cno\u201d (alla Tav, ai metanodotti, alla Pedemontana e al Terzo Valico che dovrebbe finalmente collegare il porto di Genova alle regioni padane pi\u00f9 produttive e all\u2019Europa, alle opere pubbliche, alle infrastrutture, alla modernizzazione del nostro Paese), ha il sapore del provincialismo egoistico che la pubblicistica anglosassone da tempo chiama \u201cnimby\u201d (<em>not in my backyard<\/em>, non nel retro del mio cortile, cio\u00e8) e, ostile alle culture del mercato e dell\u2019impresa, sembra sempre pi\u00f9 inclinare verso la passione per il posto pubblico (sondaggio Swg-Corriere della Sera, 18 luglio).<\/p>\n<p>Il problema \u00e8 che la ricchezza, per poterla redistribuire, va prima prodotta, proprio grazie all\u2019impegno di imprese e lavoratori. Ed \u00e8 da quella stessa ricchezza che, attraverso le tasse, derivano le risorse per pagare anche gli stipendi dei lavoratori pubblici. Nozioni ovvie, naturalmente. Ma che val la pena ripetere, in tempi di crescente ignoranza economica e scientifica, di illusioni che esista un ideologico \u201cpaese dei balocchi\u201d.<\/p>\n<p>Le <strong>imprese<\/strong>, creatrici di <strong>ricchezza<\/strong>, lavoro, benessere e anche <strong>welfare<\/strong> (lo documentano anche molti dei recenti contratti di lavoro, di categoria e integrativi aziendali, di cui abbiamo parlato nel blog della scorsa settimana) tornano cos\u00ec in primo piano. E hanno ragione quando in Veneto (terra di piccoli e medi imprenditori, non di grandi gruppi multinazionali) protestano in massa contro i nuovi vincoli sul lavoro del decreto cosiddetto \u201c<strong>dignit\u00e0<\/strong>\u201d, raccogliendo l\u2019ascolto attento del governatore della Regione Luca Zaia, leghista, inquieto per un elettorato che ha sempre considerato la Lega vicina al mondo produttivo e adesso assiste sgomento alle derive anti-industrialiste del M5S in ruoli chiave di governo.<\/p>\n<p>La proteste del Veneto non \u00e8 naturalmente un caso regionale isolato. In Lombardia c\u2019\u00e8 l\u2019allarme sul <strong>clima anti-imprese<\/strong> del presidente di Assolombarda <strong>Carlo Bonomi<\/strong> e del presidente di Confindustria Lombardia Marco Bonometti (metalmeccanico di Brescia, terra di piccole e medie imprese dinamiche e aperte al mondo). In Piemonte, emergono le preoccupazioni di Dario Gallina, presidente degli industriali di Torino: \u201cI primi provvedimenti del governo sono all\u2019insegna degli impulsi anti-industriali\u201d.<\/p>\n<p>Si fa sentire, insomma, la parte essenziale di quello che da qualche tempo viene definito \u201cil partito del Pil\u201d (la brillante definizione \u00e8 di Dario Di Vico, sul Corriere della Sera): Confindustrie, banche, commercianti, istituzioni finanziarie e, istituzioni di rappresentanza a parte, tutto il variegato e complesso mondo delle imprese che in questi anni difficili hanno saputo reagire alla Grande Crisi e hanno investito, innovato, conquistato spazio per l\u2019export e gli investimenti all\u2019estero, affrontato con un certo successo anche le difficilissime sfide della trasformazione digitale dell\u2019economia, la svolta di<strong> <em>Industry4.0 <\/em><\/strong>(ben sostenuto anche da intelligenti sostegni fiscali dei governi prima di centro destra e poi di centro sinistra).\u00a0\u00c8 un mondo denso di intelligenza, creativit\u00e0, spirito d\u2019intraprendenza ma anche solidi umori civili di comunit\u00e0 e di inclusione. Che ha tutto il diritto di essere ascoltato e tenuto in attenta considerazione. Un mondo che merita sia riconosciuta, apprezzata e sostenuta la sua \u201cdignit\u00e0\u201d<\/p>\n","protected":false},"excerpt":{"rendered":"<p>Una piazza, a Milano. Antica, nel ricordo dei milanesi pi\u00f9 anziani, la Piazzetta Liberty con i suoi palazzi eleganti e i bar d\u2019una volta. Ipercontemporanea, adesso, con la grande fontana in un prisma di vetro che si apre su una scalinata che porta al nuovo grande centro dell\u2019Apple. Una sintesi straordinaria tra la tradizione europea [&hellip;]<\/p>\n","protected":false},"author":1,"featured_media":69250,"comment_status":"open","ping_status":"open","sticky":false,"template":"","format":"standard","meta":{"footnotes":""},"categories":[53,52],"tags":[],"class_list":["post-52187","post","type-post","status-publish","format-standard","has-post-thumbnail","hentry","category-blog","category-cultura-dimpresa"],"acf":[],"yoast_head":"<!-- This site is optimized with the Yoast SEO plugin v25.0 - https:\/\/yoast.com\/wordpress\/plugins\/seo\/ -->\n<title>Le piazze hi tech di Milano e gli investimenti esteri: un esempio contro la retorica da \u201cdecrescita felice\u201d - Fondazione Pirelli<\/title>\n<meta name=\"robots\" content=\"index, follow, max-snippet:-1, max-image-preview:large, max-video-preview:-1\" \/>\n<link rel=\"canonical\" href=\"https:\/\/www.fondazionepirelli.org\/it\/cultura-dimpresa\/le-piazze-hi-tech-di-milano-e-gli-investimenti-esteri-un-esempio-contro-la-retorica-da-decrescita-felice\/\" \/>\n<meta property=\"og:locale\" content=\"it_IT\" \/>\n<meta property=\"og:type\" content=\"article\" \/>\n<meta property=\"og:title\" content=\"Le piazze hi tech di Milano e gli investimenti esteri: un esempio contro la retorica da \u201cdecrescita felice\u201d - Fondazione Pirelli\" \/>\n<meta property=\"og:description\" content=\"Una piazza, a Milano. Antica, nel ricordo dei milanesi pi\u00f9 anziani, la Piazzetta Liberty con i suoi palazzi eleganti e i bar d\u2019una volta. Ipercontemporanea, adesso, con la grande fontana in un prisma di vetro che si apre su una scalinata che porta al nuovo grande centro dell\u2019Apple. Una sintesi straordinaria tra la tradizione europea [&hellip;]\" \/>\n<meta property=\"og:url\" content=\"https:\/\/127.0.0.1\/it\/cultura-dimpresa\/le-piazze-hi-tech-di-milano-e-gli-investimenti-esteri-un-esempio-contro-la-retorica-da-decrescita-felice\/\" \/>\n<meta property=\"og:site_name\" content=\"Fondazione Pirelli\" \/>\n<meta property=\"article:published_time\" content=\"2018-07-31T00:00:00+00:00\" \/>\n<meta property=\"article:modified_time\" content=\"2019-09-24T14:07:14+00:00\" \/>\n<meta property=\"og:image\" content=\"https:\/\/wpsite-assets.fondazionepirelli.org\/wp-content\/uploads\/2018\/12\/24150705\/ap_TN_9624-Modifica1-660x440-e1569334023514.jpg\" \/>\n\t<meta property=\"og:image:width\" content=\"599\" \/>\n\t<meta property=\"og:image:height\" content=\"399\" \/>\n\t<meta property=\"og:image:type\" content=\"image\/jpeg\" \/>\n<meta name=\"author\" content=\"fondadmin\" \/>\n<meta name=\"twitter:card\" content=\"summary_large_image\" \/>\n<meta name=\"twitter:label1\" content=\"Scritto da\" \/>\n\t<meta name=\"twitter:data1\" content=\"fondadmin\" \/>\n\t<meta name=\"twitter:label2\" content=\"Tempo di lettura stimato\" \/>\n\t<meta name=\"twitter:data2\" content=\"5 minuti\" \/>\n<script type=\"application\/ld+json\" class=\"yoast-schema-graph\">{\"@context\":\"https:\/\/schema.org\",\"@graph\":[{\"@type\":\"WebPage\",\"@id\":\"https:\/\/127.0.0.1\/it\/cultura-dimpresa\/le-piazze-hi-tech-di-milano-e-gli-investimenti-esteri-un-esempio-contro-la-retorica-da-decrescita-felice\/\",\"url\":\"https:\/\/127.0.0.1\/it\/cultura-dimpresa\/le-piazze-hi-tech-di-milano-e-gli-investimenti-esteri-un-esempio-contro-la-retorica-da-decrescita-felice\/\",\"name\":\"Le piazze hi tech di Milano e gli investimenti esteri: un esempio contro la retorica da \u201cdecrescita felice\u201d - Fondazione Pirelli\",\"isPartOf\":{\"@id\":\"https:\/\/www.fondazionepirelli.org\/it\/#website\"},\"primaryImageOfPage\":{\"@id\":\"https:\/\/127.0.0.1\/it\/cultura-dimpresa\/le-piazze-hi-tech-di-milano-e-gli-investimenti-esteri-un-esempio-contro-la-retorica-da-decrescita-felice\/#primaryimage\"},\"image\":{\"@id\":\"https:\/\/127.0.0.1\/it\/cultura-dimpresa\/le-piazze-hi-tech-di-milano-e-gli-investimenti-esteri-un-esempio-contro-la-retorica-da-decrescita-felice\/#primaryimage\"},\"thumbnailUrl\":\"https:\/\/wpsite-assets.fondazionepirelli.org\/wp-content\/uploads\/2018\/12\/24150705\/ap_TN_9624-Modifica1-660x440-e1569334023514.jpg\",\"datePublished\":\"2018-07-31T00:00:00+00:00\",\"dateModified\":\"2019-09-24T14:07:14+00:00\",\"author\":{\"@id\":\"https:\/\/www.fondazionepirelli.org\/it\/#\/schema\/person\/f47d097000832c4a6e54538c791fdf25\"},\"breadcrumb\":{\"@id\":\"https:\/\/127.0.0.1\/it\/cultura-dimpresa\/le-piazze-hi-tech-di-milano-e-gli-investimenti-esteri-un-esempio-contro-la-retorica-da-decrescita-felice\/#breadcrumb\"},\"inLanguage\":\"it-IT\",\"potentialAction\":[{\"@type\":\"ReadAction\",\"target\":[\"https:\/\/127.0.0.1\/it\/cultura-dimpresa\/le-piazze-hi-tech-di-milano-e-gli-investimenti-esteri-un-esempio-contro-la-retorica-da-decrescita-felice\/\"]}]},{\"@type\":\"ImageObject\",\"inLanguage\":\"it-IT\",\"@id\":\"https:\/\/127.0.0.1\/it\/cultura-dimpresa\/le-piazze-hi-tech-di-milano-e-gli-investimenti-esteri-un-esempio-contro-la-retorica-da-decrescita-felice\/#primaryimage\",\"url\":\"https:\/\/wpsite-assets.fondazionepirelli.org\/wp-content\/uploads\/2018\/12\/24150705\/ap_TN_9624-Modifica1-660x440-e1569334023514.jpg\",\"contentUrl\":\"https:\/\/wpsite-assets.fondazionepirelli.org\/wp-content\/uploads\/2018\/12\/24150705\/ap_TN_9624-Modifica1-660x440-e1569334023514.jpg\",\"width\":599,\"height\":399},{\"@type\":\"BreadcrumbList\",\"@id\":\"https:\/\/127.0.0.1\/it\/cultura-dimpresa\/le-piazze-hi-tech-di-milano-e-gli-investimenti-esteri-un-esempio-contro-la-retorica-da-decrescita-felice\/#breadcrumb\",\"itemListElement\":[{\"@type\":\"ListItem\",\"position\":1,\"name\":\"Home\",\"item\":\"https:\/\/www.fondazionepirelli.org\/it\/\"},{\"@type\":\"ListItem\",\"position\":2,\"name\":\"Le piazze hi tech di Milano e gli investimenti esteri: un esempio contro la retorica da \u201cdecrescita felice\u201d\"}]},{\"@type\":\"WebSite\",\"@id\":\"https:\/\/www.fondazionepirelli.org\/it\/#website\",\"url\":\"https:\/\/www.fondazionepirelli.org\/it\/\",\"name\":\"Fondazione Pirelli\",\"description\":\"\",\"potentialAction\":[{\"@type\":\"SearchAction\",\"target\":{\"@type\":\"EntryPoint\",\"urlTemplate\":\"https:\/\/www.fondazionepirelli.org\/it\/?s={search_term_string}\"},\"query-input\":{\"@type\":\"PropertyValueSpecification\",\"valueRequired\":true,\"valueName\":\"search_term_string\"}}],\"inLanguage\":\"it-IT\"},{\"@type\":\"Person\",\"@id\":\"https:\/\/www.fondazionepirelli.org\/it\/#\/schema\/person\/f47d097000832c4a6e54538c791fdf25\",\"name\":\"fondadmin\",\"image\":{\"@type\":\"ImageObject\",\"inLanguage\":\"it-IT\",\"@id\":\"https:\/\/www.fondazionepirelli.org\/it\/#\/schema\/person\/image\/\",\"url\":\"https:\/\/secure.gravatar.com\/avatar\/e69498a9175ca244966e51e53c88712c024fcebe41f9a05f75657f1bb25e489b?s=96&d=mm&r=g\",\"contentUrl\":\"https:\/\/secure.gravatar.com\/avatar\/e69498a9175ca244966e51e53c88712c024fcebe41f9a05f75657f1bb25e489b?s=96&d=mm&r=g\",\"caption\":\"fondadmin\"},\"url\":\"https:\/\/www.fondazionepirelli.org\/it\/author\/fondadmin\/\"}]}<\/script>\n<!-- \/ Yoast SEO plugin. -->","yoast_head_json":{"title":"Le piazze hi tech di Milano e gli investimenti esteri: un esempio contro la retorica da \u201cdecrescita felice\u201d - Fondazione Pirelli","robots":{"index":"index","follow":"follow","max-snippet":"max-snippet:-1","max-image-preview":"max-image-preview:large","max-video-preview":"max-video-preview:-1"},"canonical":"https:\/\/www.fondazionepirelli.org\/it\/cultura-dimpresa\/le-piazze-hi-tech-di-milano-e-gli-investimenti-esteri-un-esempio-contro-la-retorica-da-decrescita-felice\/","og_locale":"it_IT","og_type":"article","og_title":"Le piazze hi tech di Milano e gli investimenti esteri: un esempio contro la retorica da \u201cdecrescita felice\u201d - Fondazione Pirelli","og_description":"Una piazza, a Milano. Antica, nel ricordo dei milanesi pi\u00f9 anziani, la Piazzetta Liberty con i suoi palazzi eleganti e i bar d\u2019una volta. Ipercontemporanea, adesso, con la grande fontana in un prisma di vetro che si apre su una scalinata che porta al nuovo grande centro dell\u2019Apple. Una sintesi straordinaria tra la tradizione europea [&hellip;]","og_url":"https:\/\/127.0.0.1\/it\/cultura-dimpresa\/le-piazze-hi-tech-di-milano-e-gli-investimenti-esteri-un-esempio-contro-la-retorica-da-decrescita-felice\/","og_site_name":"Fondazione Pirelli","article_published_time":"2018-07-31T00:00:00+00:00","article_modified_time":"2019-09-24T14:07:14+00:00","og_image":[{"width":599,"height":399,"url":"https:\/\/wpsite-assets.fondazionepirelli.org\/wp-content\/uploads\/2018\/12\/24150705\/ap_TN_9624-Modifica1-660x440-e1569334023514.jpg","type":"image\/jpeg"}],"author":"fondadmin","twitter_card":"summary_large_image","twitter_misc":{"Scritto da":"fondadmin","Tempo di lettura stimato":"5 minuti"},"schema":{"@context":"https:\/\/schema.org","@graph":[{"@type":"WebPage","@id":"https:\/\/127.0.0.1\/it\/cultura-dimpresa\/le-piazze-hi-tech-di-milano-e-gli-investimenti-esteri-un-esempio-contro-la-retorica-da-decrescita-felice\/","url":"https:\/\/127.0.0.1\/it\/cultura-dimpresa\/le-piazze-hi-tech-di-milano-e-gli-investimenti-esteri-un-esempio-contro-la-retorica-da-decrescita-felice\/","name":"Le piazze hi tech di Milano e gli investimenti esteri: un esempio contro la retorica da \u201cdecrescita felice\u201d - Fondazione Pirelli","isPartOf":{"@id":"https:\/\/www.fondazionepirelli.org\/it\/#website"},"primaryImageOfPage":{"@id":"https:\/\/127.0.0.1\/it\/cultura-dimpresa\/le-piazze-hi-tech-di-milano-e-gli-investimenti-esteri-un-esempio-contro-la-retorica-da-decrescita-felice\/#primaryimage"},"image":{"@id":"https:\/\/127.0.0.1\/it\/cultura-dimpresa\/le-piazze-hi-tech-di-milano-e-gli-investimenti-esteri-un-esempio-contro-la-retorica-da-decrescita-felice\/#primaryimage"},"thumbnailUrl":"https:\/\/wpsite-assets.fondazionepirelli.org\/wp-content\/uploads\/2018\/12\/24150705\/ap_TN_9624-Modifica1-660x440-e1569334023514.jpg","datePublished":"2018-07-31T00:00:00+00:00","dateModified":"2019-09-24T14:07:14+00:00","author":{"@id":"https:\/\/www.fondazionepirelli.org\/it\/#\/schema\/person\/f47d097000832c4a6e54538c791fdf25"},"breadcrumb":{"@id":"https:\/\/127.0.0.1\/it\/cultura-dimpresa\/le-piazze-hi-tech-di-milano-e-gli-investimenti-esteri-un-esempio-contro-la-retorica-da-decrescita-felice\/#breadcrumb"},"inLanguage":"it-IT","potentialAction":[{"@type":"ReadAction","target":["https:\/\/127.0.0.1\/it\/cultura-dimpresa\/le-piazze-hi-tech-di-milano-e-gli-investimenti-esteri-un-esempio-contro-la-retorica-da-decrescita-felice\/"]}]},{"@type":"ImageObject","inLanguage":"it-IT","@id":"https:\/\/127.0.0.1\/it\/cultura-dimpresa\/le-piazze-hi-tech-di-milano-e-gli-investimenti-esteri-un-esempio-contro-la-retorica-da-decrescita-felice\/#primaryimage","url":"https:\/\/wpsite-assets.fondazionepirelli.org\/wp-content\/uploads\/2018\/12\/24150705\/ap_TN_9624-Modifica1-660x440-e1569334023514.jpg","contentUrl":"https:\/\/wpsite-assets.fondazionepirelli.org\/wp-content\/uploads\/2018\/12\/24150705\/ap_TN_9624-Modifica1-660x440-e1569334023514.jpg","width":599,"height":399},{"@type":"BreadcrumbList","@id":"https:\/\/127.0.0.1\/it\/cultura-dimpresa\/le-piazze-hi-tech-di-milano-e-gli-investimenti-esteri-un-esempio-contro-la-retorica-da-decrescita-felice\/#breadcrumb","itemListElement":[{"@type":"ListItem","position":1,"name":"Home","item":"https:\/\/www.fondazionepirelli.org\/it\/"},{"@type":"ListItem","position":2,"name":"Le piazze hi tech di Milano e gli investimenti esteri: un esempio contro la retorica da \u201cdecrescita felice\u201d"}]},{"@type":"WebSite","@id":"https:\/\/www.fondazionepirelli.org\/it\/#website","url":"https:\/\/www.fondazionepirelli.org\/it\/","name":"Fondazione Pirelli","description":"","potentialAction":[{"@type":"SearchAction","target":{"@type":"EntryPoint","urlTemplate":"https:\/\/www.fondazionepirelli.org\/it\/?s={search_term_string}"},"query-input":{"@type":"PropertyValueSpecification","valueRequired":true,"valueName":"search_term_string"}}],"inLanguage":"it-IT"},{"@type":"Person","@id":"https:\/\/www.fondazionepirelli.org\/it\/#\/schema\/person\/f47d097000832c4a6e54538c791fdf25","name":"fondadmin","image":{"@type":"ImageObject","inLanguage":"it-IT","@id":"https:\/\/www.fondazionepirelli.org\/it\/#\/schema\/person\/image\/","url":"https:\/\/secure.gravatar.com\/avatar\/e69498a9175ca244966e51e53c88712c024fcebe41f9a05f75657f1bb25e489b?s=96&d=mm&r=g","contentUrl":"https:\/\/secure.gravatar.com\/avatar\/e69498a9175ca244966e51e53c88712c024fcebe41f9a05f75657f1bb25e489b?s=96&d=mm&r=g","caption":"fondadmin"},"url":"https:\/\/www.fondazionepirelli.org\/it\/author\/fondadmin\/"}]}},"_links":{"self":[{"href":"https:\/\/www.fondazionepirelli.org\/it\/wp-json\/wp\/v2\/posts\/52187\/"}],"collection":[{"href":"https:\/\/www.fondazionepirelli.org\/it\/wp-json\/wp\/v2\/posts\/"}],"about":[{"href":"https:\/\/www.fondazionepirelli.org\/it\/wp-json\/wp\/v2\/types\/post\/"}],"author":[{"embeddable":true,"href":"https:\/\/www.fondazionepirelli.org\/it\/wp-json\/wp\/v2\/users\/1\/"}],"replies":[{"embeddable":true,"href":"https:\/\/www.fondazionepirelli.org\/it\/wp-json\/wp\/v2\/comments\/?post=52187"}],"version-history":[{"count":4,"href":"https:\/\/www.fondazionepirelli.org\/it\/wp-json\/wp\/v2\/posts\/52187\/revisions\/"}],"predecessor-version":[{"id":69320,"href":"https:\/\/www.fondazionepirelli.org\/it\/wp-json\/wp\/v2\/posts\/52187\/revisions\/69320\/"}],"wp:featuredmedia":[{"embeddable":true,"href":"https:\/\/www.fondazionepirelli.org\/it\/wp-json\/wp\/v2\/media\/69250\/"}],"wp:attachment":[{"href":"https:\/\/www.fondazionepirelli.org\/it\/wp-json\/wp\/v2\/media\/?parent=52187"}],"wp:term":[{"taxonomy":"category","embeddable":true,"href":"https:\/\/www.fondazionepirelli.org\/it\/wp-json\/wp\/v2\/categories\/?post=52187"},{"taxonomy":"post_tag","embeddable":true,"href":"https:\/\/www.fondazionepirelli.org\/it\/wp-json\/wp\/v2\/tags\/?post=52187"}],"curies":[{"name":"wp","href":"https:\/\/api.w.org\/{rel}","templated":true}]}}