{"id":52189,"date":"2018-07-26T00:00:00","date_gmt":"2018-07-26T00:00:00","guid":{"rendered":"http:\/\/www.fondazionepirelli.org\/fondazione-pirelli\/fatti-e-notizie-tra-varieta-e-canzoni\/"},"modified":"2022-01-27T18:11:47","modified_gmt":"2022-01-27T17:11:47","slug":"fatti-e-notizie-tra-varieta-e-canzoni","status":"publish","type":"post","link":"https:\/\/www.fondazionepirelli.org\/it\/iniziative\/storie-dal-mondo-pirelli\/fatti-e-notizie-tra-varieta-e-canzoni\/","title":{"rendered":"\u201cFatti e Notizie\u201d tra Variet\u00e0 e Canzoni"},"content":{"rendered":"<p>Luglio <strong>1971<\/strong>: l\u2019house organ Pirelli \u201c<strong>Fatti e Notizie<\/strong>\u201d ha assunto da un paio di mesi il grande formato tipico dei periodici del tempo. E proprio nel mese di luglio esordisce la <strong>rubrica <em>Variet\u00e0<\/em><\/strong>: canzoni, tv, star system canoro, il <strong>Festival di Sanremo<\/strong> e \u201c<strong>Canzonissima<\/strong>\u201d. La prima \u201cintervista semi-seria\u201d della rubrica <em>Variet\u00e0<\/em> del luglio di 47 anni fa \u00e8 dedicata a <a href=\"https:\/\/www.fondazionepirelli.org\/archivio-storico\/fattienotiziepirellibookreader\/pubblicazioni-e-riviste\/FattieNotiziePirelli\/1971_05_FATTI_E_NOTIZIE.html?q=[#page\/20\/mode\/1up\" target=\"_blank\" rel=\"noopener noreferrer\"><strong>Virginia Ann Minoprio<\/strong><\/a>, <strong>in arte Minnie<\/strong>, una soubrette che i meno giovani non possono dimenticare, in coppia con <strong>Fred Bongusto<\/strong> nella sigla finale di <em>Speciale per noi <\/em>andato in onda in tv tra gennaio e febbraio di quell\u2019anno. Ballerina professionista nata il 4 luglio del 1942 a Ware, poco fuori Londra, Minnie Minoprio \u00e8 una scoperta di <strong>Walter Chiari<\/strong>, che in Inghilterra cercava talenti per il <strong>musical <em>Io e la margherita<\/em><\/strong>. A quasi trent\u2019anni, la Minoprio ha gi\u00e0 fatto carriera tra musical, film, pubblicit\u00e0, tv del sabato sera. Ma gli italiani la ricorderanno sempre per la sua performance con Fred Bongusto, sulle note di <em><strong>Quando mi dici cos\u00ec<\/strong>. <\/em><\/p>\n<p>Non possiamo poi non citare la protagonista della rubrica <em>Variet\u00e0<\/em> di settembre 1971: <strong>Nicoletta Strambelli in arte Patty Pravo<\/strong>. Dopo tanto tempo, non sappiamo se le interviste di <em>Variet\u00e0<\/em> fossero vere o costruite a tavolino: la <a href=\"https:\/\/www.fondazionepirelli.org\/archivio-storico\/fattienotiziepirellibookreader\/pubblicazioni-e-riviste\/FattieNotiziePirelli\/1971_06_FATTI_E_NOTIZIE.html?q=[#page\/19\/mode\/1up\" target=\"_blank\" rel=\"noopener noreferrer\">Patty Pravo<\/a> che parla di s\u00e9 a tutta pagina 19, per\u00f2, \u00e8 proprio come la immaginavamo. Dai giudizi sulle colleghe cantanti, alla scarsa stima nei confronti dei giornalisti, al rapporto ambivalente con il pubblico fino a rivelazioni sulla propria vita privata che nel 1971 non erano del tutto scontate. La pagina <em>Variet\u00e0 <\/em>di \u201cFatti e Notizie\u201d continua fino a luglio del 1972: dopo i ritratti di altre regine della canzone italiana come <strong>Mina<\/strong> e <strong><a href=\"https:\/\/www.fondazionepirelli.org\/archivio-storico\/bookreader\/pubblicazioni-e-riviste\/VadoeTorno\/1962_0.html?q=Ornella%20Vanoni&amp;start=20&amp;lang=it#page\/20\/mode\/2up\" target=\"_blank\" rel=\"noopener noreferrer\">Ornella Vanoni<\/a><\/strong>, la rubrica con il passare del tempo si orienta sempre pi\u00f9 verso gli attori. Ma la musica non lascia il periodico aziendale: a <em>Variet\u00e0<\/em> si affianca fin da subito la <a href=\"https:\/\/www.fondazionepirelli.org\/archivio-storico\/fattienotiziepirellibookreader\/pubblicazioni-e-riviste\/FattieNotiziePirelli\/1971_06_FATTI_E_NOTIZIE.html?q=[#page\/22\/mode\/1up\" target=\"_blank\" rel=\"noopener noreferrer\"><strong>rubrica <em>Canzoni<\/em><\/strong><\/a>: un panorama completo dell\u2019Italia che canta, ascolta i 45 giri, segue \u201c<strong>Cantagiro<\/strong>\u201d e \u201c<strong>Festivalbar<\/strong>\u201d e soprattutto non si perde una parola del gossip canoro. <strong>Rita Pavone<\/strong> sta vivendo problemi familiari? La popolarit\u00e0 di <strong>Nada<\/strong> \u00e8 in ribasso? <strong>Gianni Morandi<\/strong> diserter\u00e0 anche il Festival di Sanremo del \u201972?<\/p>\n<p>Come <em>Variet\u00e0<\/em>, anche <em>Canzoni<\/em> esordisce sul numero di luglio 1971 di \u201cFatti e Notizie\u201d. Il tema \u00e8 l\u2019insuccesso del \u201cCantagiro\u201d di quell\u2019anno, con <strong>Aretha Franklin<\/strong> e i <strong>Led Zeppelin<\/strong>, che hanno infiammato il pubblico del Vigorelli fino all\u2019intervento della Polizia. L\u2019ultimo <em>Canzoni<\/em> a ottobre 1972: \u00e8 l\u2019intervista a tal <strong>Cristiano Rossi<\/strong>, venticinquenne palermitano residente con la famiglia a Milano, ex giocatore del Palermo e del Mantova. Qualche anno prima, Mina l\u2019ha sentito cantare e l\u2019ha convinto non solo ad \u201cappendere le scarpe al chiodo\u201d, ma anche a partecipare a \u201c<strong>Settevoci<\/strong>\u201d <strong>di Pippo Baudo<\/strong> con il nome d\u2019arte di Christian. Nel 1972 canta la sigla del programma televisivo \u201cChiss\u00e0 chi lo sa\u201d. \u201cI tuoi progetti futuri?\u201d \u201cTante serate, poi il Festival di Sanremo e un viaggio in Giappone per una tourn\u00e9e. Non ho pi\u00f9 un giorno libero fino alla prossima estate\u201d.<\/p>\n","protected":false},"excerpt":{"rendered":"<p>Luglio 1971: l\u2019house organ Pirelli \u201cFatti e Notizie\u201d ha assunto da un paio di mesi il grande formato tipico dei periodici del tempo. E proprio nel mese di luglio esordisce la rubrica Variet\u00e0: canzoni, tv, star system canoro, il Festival di Sanremo e \u201cCanzonissima\u201d. La prima \u201cintervista semi-seria\u201d della rubrica Variet\u00e0 del luglio di 47 [&hellip;]<\/p>\n","protected":false},"author":1,"featured_media":63370,"comment_status":"open","ping_status":"open","sticky":false,"template":"","format":"standard","meta":{"footnotes":""},"categories":[62],"tags":[355,118],"class_list":["post-52189","post","type-post","status-publish","format-standard","has-post-thumbnail","hentry","category-storie-dal-mondo-pirelli","tag-rubrica","tag-storia-aziendale"],"acf":[],"yoast_head":"<!-- This site is optimized with the Yoast SEO plugin v25.0 - https:\/\/yoast.com\/wordpress\/plugins\/seo\/ -->\n<title>\u201cFatti e Notizie\u201d tra Variet\u00e0 e canzoni | Fondazione Pirelli<\/title>\n<meta name=\"description\" content=\"Luglio 1971: fa il suo esordio la rubrica Variet\u00e0 su &quot;Fatti e Notizie&quot;, l&#039;house organ di Pirelli. Scopri di pi\u00f9 su fondazionepirelli.org.\" \/>\n<meta name=\"robots\" content=\"index, follow, max-snippet:-1, max-image-preview:large, max-video-preview:-1\" \/>\n<link rel=\"canonical\" href=\"https:\/\/www.fondazionepirelli.org\/it\/iniziative\/storie-dal-mondo-pirelli\/fatti-e-notizie-tra-varieta-e-canzoni\/\" \/>\n<meta property=\"og:locale\" content=\"it_IT\" \/>\n<meta property=\"og:type\" content=\"article\" \/>\n<meta property=\"og:title\" content=\"\u201cFatti e Notizie\u201d tra Variet\u00e0 e canzoni | Fondazione Pirelli\" \/>\n<meta property=\"og:description\" content=\"Luglio 1971: fa il suo esordio la rubrica Variet\u00e0 su &quot;Fatti e Notizie&quot;, l&#039;house organ di Pirelli. Scopri di pi\u00f9 su fondazionepirelli.org.\" \/>\n<meta property=\"og:url\" content=\"https:\/\/www.fondazionepirelli.org\/it\/iniziative\/storie-dal-mondo-pirelli\/fatti-e-notizie-tra-varieta-e-canzoni\/\" \/>\n<meta property=\"og:site_name\" content=\"Fondazione Pirelli\" \/>\n<meta property=\"article:published_time\" content=\"2018-07-26T00:00:00+00:00\" \/>\n<meta property=\"article:modified_time\" content=\"2022-01-27T17:11:47+00:00\" \/>\n<meta property=\"og:image\" content=\"https:\/\/wpsite-assets.fondazionepirelli.org\/wp-content\/uploads\/2018\/07\/28094350\/Fatti_e_Notizie_HERO-e1571068759446.jpg\" \/>\n\t<meta property=\"og:image:width\" content=\"579\" \/>\n\t<meta property=\"og:image:height\" content=\"423\" \/>\n\t<meta property=\"og:image:type\" content=\"image\/jpeg\" \/>\n<meta name=\"author\" content=\"fondadmin\" \/>\n<meta name=\"twitter:card\" content=\"summary_large_image\" \/>\n<meta name=\"twitter:label1\" content=\"Scritto da\" \/>\n\t<meta name=\"twitter:data1\" content=\"fondadmin\" \/>\n\t<meta name=\"twitter:label2\" content=\"Tempo di lettura stimato\" \/>\n\t<meta name=\"twitter:data2\" content=\"2 minuti\" \/>\n<script type=\"application\/ld+json\" class=\"yoast-schema-graph\">{\"@context\":\"https:\/\/schema.org\",\"@graph\":[{\"@type\":\"WebPage\",\"@id\":\"https:\/\/www.fondazionepirelli.org\/it\/iniziative\/storie-dal-mondo-pirelli\/fatti-e-notizie-tra-varieta-e-canzoni\/\",\"url\":\"https:\/\/www.fondazionepirelli.org\/it\/iniziative\/storie-dal-mondo-pirelli\/fatti-e-notizie-tra-varieta-e-canzoni\/\",\"name\":\"\u201cFatti e Notizie\u201d tra Variet\u00e0 e canzoni | Fondazione Pirelli\",\"isPartOf\":{\"@id\":\"https:\/\/www.fondazionepirelli.org\/it\/#website\"},\"primaryImageOfPage\":{\"@id\":\"https:\/\/www.fondazionepirelli.org\/it\/iniziative\/storie-dal-mondo-pirelli\/fatti-e-notizie-tra-varieta-e-canzoni\/#primaryimage\"},\"image\":{\"@id\":\"https:\/\/www.fondazionepirelli.org\/it\/iniziative\/storie-dal-mondo-pirelli\/fatti-e-notizie-tra-varieta-e-canzoni\/#primaryimage\"},\"thumbnailUrl\":\"https:\/\/wpsite-assets.fondazionepirelli.org\/wp-content\/uploads\/2018\/07\/28094350\/Fatti_e_Notizie_HERO-e1571068759446.jpg\",\"datePublished\":\"2018-07-26T00:00:00+00:00\",\"dateModified\":\"2022-01-27T17:11:47+00:00\",\"author\":{\"@id\":\"https:\/\/www.fondazionepirelli.org\/it\/#\/schema\/person\/f47d097000832c4a6e54538c791fdf25\"},\"description\":\"Luglio 1971: fa il suo esordio la rubrica Variet\u00e0 su \\\"Fatti e Notizie\\\", l'house organ di Pirelli. Scopri di pi\u00f9 su fondazionepirelli.org.\",\"breadcrumb\":{\"@id\":\"https:\/\/www.fondazionepirelli.org\/it\/iniziative\/storie-dal-mondo-pirelli\/fatti-e-notizie-tra-varieta-e-canzoni\/#breadcrumb\"},\"inLanguage\":\"it-IT\",\"potentialAction\":[{\"@type\":\"ReadAction\",\"target\":[\"https:\/\/www.fondazionepirelli.org\/it\/iniziative\/storie-dal-mondo-pirelli\/fatti-e-notizie-tra-varieta-e-canzoni\/\"]}]},{\"@type\":\"ImageObject\",\"inLanguage\":\"it-IT\",\"@id\":\"https:\/\/www.fondazionepirelli.org\/it\/iniziative\/storie-dal-mondo-pirelli\/fatti-e-notizie-tra-varieta-e-canzoni\/#primaryimage\",\"url\":\"https:\/\/wpsite-assets.fondazionepirelli.org\/wp-content\/uploads\/2018\/07\/28094350\/Fatti_e_Notizie_HERO-e1571068759446.jpg\",\"contentUrl\":\"https:\/\/wpsite-assets.fondazionepirelli.org\/wp-content\/uploads\/2018\/07\/28094350\/Fatti_e_Notizie_HERO-e1571068759446.jpg\",\"width\":579,\"height\":423},{\"@type\":\"BreadcrumbList\",\"@id\":\"https:\/\/www.fondazionepirelli.org\/it\/iniziative\/storie-dal-mondo-pirelli\/fatti-e-notizie-tra-varieta-e-canzoni\/#breadcrumb\",\"itemListElement\":[{\"@type\":\"ListItem\",\"position\":1,\"name\":\"Home\",\"item\":\"https:\/\/www.fondazionepirelli.org\/it\/\"},{\"@type\":\"ListItem\",\"position\":2,\"name\":\"\u201cFatti e Notizie\u201d tra Variet\u00e0 e Canzoni\"}]},{\"@type\":\"WebSite\",\"@id\":\"https:\/\/www.fondazionepirelli.org\/it\/#website\",\"url\":\"https:\/\/www.fondazionepirelli.org\/it\/\",\"name\":\"Fondazione Pirelli\",\"description\":\"\",\"potentialAction\":[{\"@type\":\"SearchAction\",\"target\":{\"@type\":\"EntryPoint\",\"urlTemplate\":\"https:\/\/www.fondazionepirelli.org\/it\/?s={search_term_string}\"},\"query-input\":{\"@type\":\"PropertyValueSpecification\",\"valueRequired\":true,\"valueName\":\"search_term_string\"}}],\"inLanguage\":\"it-IT\"},{\"@type\":\"Person\",\"@id\":\"https:\/\/www.fondazionepirelli.org\/it\/#\/schema\/person\/f47d097000832c4a6e54538c791fdf25\",\"name\":\"fondadmin\",\"image\":{\"@type\":\"ImageObject\",\"inLanguage\":\"it-IT\",\"@id\":\"https:\/\/www.fondazionepirelli.org\/it\/#\/schema\/person\/image\/\",\"url\":\"https:\/\/secure.gravatar.com\/avatar\/e69498a9175ca244966e51e53c88712c024fcebe41f9a05f75657f1bb25e489b?s=96&d=mm&r=g\",\"contentUrl\":\"https:\/\/secure.gravatar.com\/avatar\/e69498a9175ca244966e51e53c88712c024fcebe41f9a05f75657f1bb25e489b?s=96&d=mm&r=g\",\"caption\":\"fondadmin\"},\"url\":\"https:\/\/www.fondazionepirelli.org\/it\/author\/fondadmin\/\"}]}<\/script>\n<!-- \/ Yoast SEO plugin. -->","yoast_head_json":{"title":"\u201cFatti e Notizie\u201d tra Variet\u00e0 e canzoni | Fondazione Pirelli","description":"Luglio 1971: fa il suo esordio la rubrica Variet\u00e0 su \"Fatti e Notizie\", l'house organ di Pirelli. Scopri di pi\u00f9 su fondazionepirelli.org.","robots":{"index":"index","follow":"follow","max-snippet":"max-snippet:-1","max-image-preview":"max-image-preview:large","max-video-preview":"max-video-preview:-1"},"canonical":"https:\/\/www.fondazionepirelli.org\/it\/iniziative\/storie-dal-mondo-pirelli\/fatti-e-notizie-tra-varieta-e-canzoni\/","og_locale":"it_IT","og_type":"article","og_title":"\u201cFatti e Notizie\u201d tra Variet\u00e0 e canzoni | Fondazione Pirelli","og_description":"Luglio 1971: fa il suo esordio la rubrica Variet\u00e0 su \"Fatti e Notizie\", l'house organ di Pirelli. Scopri di pi\u00f9 su fondazionepirelli.org.","og_url":"https:\/\/www.fondazionepirelli.org\/it\/iniziative\/storie-dal-mondo-pirelli\/fatti-e-notizie-tra-varieta-e-canzoni\/","og_site_name":"Fondazione Pirelli","article_published_time":"2018-07-26T00:00:00+00:00","article_modified_time":"2022-01-27T17:11:47+00:00","og_image":[{"width":579,"height":423,"url":"https:\/\/wpsite-assets.fondazionepirelli.org\/wp-content\/uploads\/2018\/07\/28094350\/Fatti_e_Notizie_HERO-e1571068759446.jpg","type":"image\/jpeg"}],"author":"fondadmin","twitter_card":"summary_large_image","twitter_misc":{"Scritto da":"fondadmin","Tempo di lettura stimato":"2 minuti"},"schema":{"@context":"https:\/\/schema.org","@graph":[{"@type":"WebPage","@id":"https:\/\/www.fondazionepirelli.org\/it\/iniziative\/storie-dal-mondo-pirelli\/fatti-e-notizie-tra-varieta-e-canzoni\/","url":"https:\/\/www.fondazionepirelli.org\/it\/iniziative\/storie-dal-mondo-pirelli\/fatti-e-notizie-tra-varieta-e-canzoni\/","name":"\u201cFatti e Notizie\u201d tra Variet\u00e0 e canzoni | Fondazione Pirelli","isPartOf":{"@id":"https:\/\/www.fondazionepirelli.org\/it\/#website"},"primaryImageOfPage":{"@id":"https:\/\/www.fondazionepirelli.org\/it\/iniziative\/storie-dal-mondo-pirelli\/fatti-e-notizie-tra-varieta-e-canzoni\/#primaryimage"},"image":{"@id":"https:\/\/www.fondazionepirelli.org\/it\/iniziative\/storie-dal-mondo-pirelli\/fatti-e-notizie-tra-varieta-e-canzoni\/#primaryimage"},"thumbnailUrl":"https:\/\/wpsite-assets.fondazionepirelli.org\/wp-content\/uploads\/2018\/07\/28094350\/Fatti_e_Notizie_HERO-e1571068759446.jpg","datePublished":"2018-07-26T00:00:00+00:00","dateModified":"2022-01-27T17:11:47+00:00","author":{"@id":"https:\/\/www.fondazionepirelli.org\/it\/#\/schema\/person\/f47d097000832c4a6e54538c791fdf25"},"description":"Luglio 1971: fa il suo esordio la rubrica Variet\u00e0 su \"Fatti e Notizie\", l'house organ di Pirelli. Scopri di pi\u00f9 su fondazionepirelli.org.","breadcrumb":{"@id":"https:\/\/www.fondazionepirelli.org\/it\/iniziative\/storie-dal-mondo-pirelli\/fatti-e-notizie-tra-varieta-e-canzoni\/#breadcrumb"},"inLanguage":"it-IT","potentialAction":[{"@type":"ReadAction","target":["https:\/\/www.fondazionepirelli.org\/it\/iniziative\/storie-dal-mondo-pirelli\/fatti-e-notizie-tra-varieta-e-canzoni\/"]}]},{"@type":"ImageObject","inLanguage":"it-IT","@id":"https:\/\/www.fondazionepirelli.org\/it\/iniziative\/storie-dal-mondo-pirelli\/fatti-e-notizie-tra-varieta-e-canzoni\/#primaryimage","url":"https:\/\/wpsite-assets.fondazionepirelli.org\/wp-content\/uploads\/2018\/07\/28094350\/Fatti_e_Notizie_HERO-e1571068759446.jpg","contentUrl":"https:\/\/wpsite-assets.fondazionepirelli.org\/wp-content\/uploads\/2018\/07\/28094350\/Fatti_e_Notizie_HERO-e1571068759446.jpg","width":579,"height":423},{"@type":"BreadcrumbList","@id":"https:\/\/www.fondazionepirelli.org\/it\/iniziative\/storie-dal-mondo-pirelli\/fatti-e-notizie-tra-varieta-e-canzoni\/#breadcrumb","itemListElement":[{"@type":"ListItem","position":1,"name":"Home","item":"https:\/\/www.fondazionepirelli.org\/it\/"},{"@type":"ListItem","position":2,"name":"\u201cFatti e Notizie\u201d tra Variet\u00e0 e Canzoni"}]},{"@type":"WebSite","@id":"https:\/\/www.fondazionepirelli.org\/it\/#website","url":"https:\/\/www.fondazionepirelli.org\/it\/","name":"Fondazione Pirelli","description":"","potentialAction":[{"@type":"SearchAction","target":{"@type":"EntryPoint","urlTemplate":"https:\/\/www.fondazionepirelli.org\/it\/?s={search_term_string}"},"query-input":{"@type":"PropertyValueSpecification","valueRequired":true,"valueName":"search_term_string"}}],"inLanguage":"it-IT"},{"@type":"Person","@id":"https:\/\/www.fondazionepirelli.org\/it\/#\/schema\/person\/f47d097000832c4a6e54538c791fdf25","name":"fondadmin","image":{"@type":"ImageObject","inLanguage":"it-IT","@id":"https:\/\/www.fondazionepirelli.org\/it\/#\/schema\/person\/image\/","url":"https:\/\/secure.gravatar.com\/avatar\/e69498a9175ca244966e51e53c88712c024fcebe41f9a05f75657f1bb25e489b?s=96&d=mm&r=g","contentUrl":"https:\/\/secure.gravatar.com\/avatar\/e69498a9175ca244966e51e53c88712c024fcebe41f9a05f75657f1bb25e489b?s=96&d=mm&r=g","caption":"fondadmin"},"url":"https:\/\/www.fondazionepirelli.org\/it\/author\/fondadmin\/"}]}},"_links":{"self":[{"href":"https:\/\/www.fondazionepirelli.org\/it\/wp-json\/wp\/v2\/posts\/52189\/"}],"collection":[{"href":"https:\/\/www.fondazionepirelli.org\/it\/wp-json\/wp\/v2\/posts\/"}],"about":[{"href":"https:\/\/www.fondazionepirelli.org\/it\/wp-json\/wp\/v2\/types\/post\/"}],"author":[{"embeddable":true,"href":"https:\/\/www.fondazionepirelli.org\/it\/wp-json\/wp\/v2\/users\/1\/"}],"replies":[{"embeddable":true,"href":"https:\/\/www.fondazionepirelli.org\/it\/wp-json\/wp\/v2\/comments\/?post=52189"}],"version-history":[{"count":11,"href":"https:\/\/www.fondazionepirelli.org\/it\/wp-json\/wp\/v2\/posts\/52189\/revisions\/"}],"predecessor-version":[{"id":72670,"href":"https:\/\/www.fondazionepirelli.org\/it\/wp-json\/wp\/v2\/posts\/52189\/revisions\/72670\/"}],"wp:featuredmedia":[{"embeddable":true,"href":"https:\/\/www.fondazionepirelli.org\/it\/wp-json\/wp\/v2\/media\/63370\/"}],"wp:attachment":[{"href":"https:\/\/www.fondazionepirelli.org\/it\/wp-json\/wp\/v2\/media\/?parent=52189"}],"wp:term":[{"taxonomy":"category","embeddable":true,"href":"https:\/\/www.fondazionepirelli.org\/it\/wp-json\/wp\/v2\/categories\/?post=52189"},{"taxonomy":"post_tag","embeddable":true,"href":"https:\/\/www.fondazionepirelli.org\/it\/wp-json\/wp\/v2\/tags\/?post=52189"}],"curies":[{"name":"wp","href":"https:\/\/api.w.org\/{rel}","templated":true}]}}