{"id":52217,"date":"2018-07-10T00:00:00","date_gmt":"2018-07-10T00:00:00","guid":{"rendered":"http:\/\/www.fondazionepirelli.org\/fondazione-pirelli\/tutti-i-rischi-duna-politica-ostile-per-imprese-e-investimenti-internazionali\/"},"modified":"2019-05-30T16:46:05","modified_gmt":"2019-05-30T16:46:05","slug":"tutti-i-rischi-duna-politica-ostile-per-imprese-e-investimenti-internazionali","status":"publish","type":"post","link":"https:\/\/www.fondazionepirelli.org\/it\/cultura-dimpresa\/tutti-i-rischi-duna-politica-ostile-per-imprese-e-investimenti-internazionali\/","title":{"rendered":"Tutti i rischi d\u2019una politica ostile per imprese e investimenti internazionali"},"content":{"rendered":"<p>Tira un\u2019aria sgradevole, per le imprese e per lo sviluppo economico fondato sulla cultura del buon mercato. Dirigismo, nazionalismo, <strong>protezionismo<\/strong> da tentazioni di frontiere chiuse, eccessi d\u2019amore per la spesa pubblica assistenziale, ostilit\u00e0 per un euro che, nonostante grandi limiti, ha contribuito in modo determinante alla stabilit\u00e0 dell\u2019Europa e delle nostre economie. I segnali che vengono dalle stanze di governo su lavoro, infrastrutture, risorse umane, commercio estero, Europa, sono guardati con grande preoccupazione dal mondo delle imprese, le multinazionali che volentieri hanno investito e continuerebbero a investire nel nostro Paese ma anche le imprese medie e piccole, i commercianti, gli artigiani. E sono in tanti a domandarsi se l\u2019Italia, uscita finalmente da una lunga e pesante recessione, non debba ricominciare a preoccuparsi.<\/p>\n<p>L\u2019<strong>economia rallenta<\/strong>: l\u2019autorevole agenzia di rating S&amp;P ha corretto al ribasso le stime di crescita dell\u2019Italia per il 2018 da 1,5% a 1,3% (analoghe le previsioni dell\u2019Istat) e ha confermato un debole 1,2% per il 2019, parlando, oltre che di tensioni internazionali, anche di incertezze legate al \u201cprocesso politico interno\u201d e ha sottolineato che l\u2019aumento dello spread si traduce in un maggior costo del denaro per l\u2019economia reale e in un ulteriore freno alla crescita: un elemento che dovrebbe far riflettere certi propagandisti in area di governo che mostrano di considerare quello spread non un termometro importante ma un dato irrilevante, il frutto d\u2019un maligno complotto&#8230;<\/p>\n<p>Servirebbero scelte economiche forti e chiare, capaci di legare stabilit\u00e0 dei conti pubblici e sviluppo, sostegni alla ricerca e all\u2019innovazione (confermando i provvedimenti positivi dei governi precedenti per \u201c<strong>Industria 4.0<\/strong>\u201d e il rinnovamento digitale degli impianti) e riforme per creare lavoro. Parecchie delle scelte recenti di governo vanno invece in tutt\u2019altra direzione. Il cosiddetto \u201cdecreto dignit\u00e0\u201d del ministro Di Maio ingessa il mercato del lavoro, aumenta i rischi di contenzioso e mette in crisi un\u2019economia in cerca non di precariet\u00e0 ma di flessibilit\u00e0. E l\u2019annuncio, gi\u00e0 il puro e semplice annuncio di un atteggiamento punitivo per le imprese che delocalizzano rischia di rallentare fortemente gli investimenti esteri in Italia, di cui la nostra economia avrebbe grandissimo bisogno.<\/p>\n<p>Le reazioni critiche di tutto il mondo economico confermano l\u2019impatto negativo dei provvedimenti annunciati. Critiche &#8211; vale la pena chiarire &#8211; che vengono dalle grandi ma soprattutto dalle piccole e medie imprese, dell\u2019industria, del commercio, dei servizi, dell\u2019artigianato. Nel Nord industriale, da Assolombarda alle Confindustrie territoriali del Veneto, le proteste hanno trovato orecchie attente negli ambienti della Lega, da gran tempo forza di governo locale quanto mai sensibile alle buone ragioni dell\u2019economia produttiva. Ed \u00e8 possibile che il decreto, in Parlamento, venga giustamente sottoposto a radicali modifiche.<\/p>\n<p>Resta comunque la sensazione del <strong>clima anti-imprese<\/strong>, di una cultura economica (soprattutto in ambienti dei Cinquestelle), che ignora la stretta relazione tra dinamiche di mercato, imprese come motore di sviluppo, creazione di lavoro fuori da logiche assistenziali, welfare legato sia a esigenze sociali che a ragioni di miglioramento della produttivit\u00e0 (una dimensione responsabile cui, peraltro, sono sensibili anche i sindacati, come si ricava dagli ultimi contratti di lavoro, a cominciare da quello dei metalmeccanici).<\/p>\n<p>Giocano negativamente, nel clima ostile allo sviluppo, anche le enunciazioni di chiusura protezionistica (in questo, Lega e Cinquestelle camminano in sintonia). Tutto il contrario di quello di cui avrebbe bisogno l\u2019Italia, paese esportatore, economia aperta che proprio sulla platea internazionale d\u00e0 il meglio di s\u00e9.<\/p>\n<p>Un dato, per riflettere su quanto pesano le multinazionali estere, sull\u2019economia italiana: sono 11.039, occupano 973.000 dipendenti e generano 519 miliardi di fatturato. Un terzo sono concentrate a Milano (citt\u00e0 metropolitana): sono per l\u2019esattezza 3.599 con 279.000 dipendenti e 168 miliardi di fatturato. La prospettiva di fondo: continuare ad attrarle in una citt\u00e0 leader per servizi, manifattura hi tech, formazione di qualit\u00e0 (le grandi universit\u00e0 oramai presenti nei ranking internazionali, dal Politecnico alla Bocconi), cultura, salute, qualit\u00e0 della vita. Milano, da locomotiva dello sviluppo italiano, ha bisogno di continuare a essere, come nella sua storia migliore, citt\u00e0 aperta, attrattiva, inclusiva. Tutto il contrario, appunto, del gretto protezionismo impaurito che connota purtroppo tanta retorica negli ambienti di governo.<\/p>\n<p><strong>Chiusure<\/strong>, rigidit\u00e0, incertezze, ostilit\u00e0 per la cultura del mercato e delle imprese. E tensioni sull\u2019Europa. Le preoccupazioni economiche hanno purtroppo un certo fondamento. E se temono conseguenze.<\/p>\n<p>In ambienti finanziari circola l\u2019idea di una clausola, da introdurre nei contratti di finanziamento e di acquisizione di aziende italiane da parte di investitori internazionali. Ne d\u00e0 conto, compiutamente, Il Sole24Ore (4 luglio). Si chiama \u201c<strong>Quitaly<\/strong>\u201d, sintesi allarmata tra \u201cquit\u201d (abbandono) e Italy e, se introdotta, servirebbe a proteggere gli investitori esteri quando finanziano imprese italiane o quando le acquisiscono dall\u2019eventualit\u00e0 che l\u2019Italia abbandoni la moneta unica, l\u2019euro. Il Sole24Ore chiarisce che non ci sono ancora contratti firmati con questa clausola. Ma gi\u00e0 il fatto che se ne parli, tra banche e grandi studi legali internazionali, \u00e8 termometro di incertezza, instabilit\u00e0, giudizio di scarsa fiducia sulla gestione del nostro Paese. Condizioni negative, per lo sviluppo. Che avrebbe bisogno di stabilit\u00e0, chiarezza sul buon governo, fiducia lungo la strada europea, competenza e senso di responsabilit\u00e0.<\/p>\n","protected":false},"excerpt":{"rendered":"<p>Tira un\u2019aria sgradevole, per le imprese e per lo sviluppo economico fondato sulla cultura del buon mercato. Dirigismo, nazionalismo, protezionismo da tentazioni di frontiere chiuse, eccessi d\u2019amore per la spesa pubblica assistenziale, ostilit\u00e0 per un euro che, nonostante grandi limiti, ha contribuito in modo determinante alla stabilit\u00e0 dell\u2019Europa e delle nostre economie. I segnali che [&hellip;]<\/p>\n","protected":false},"author":1,"featured_media":57084,"comment_status":"open","ping_status":"open","sticky":false,"template":"","format":"standard","meta":{"footnotes":""},"categories":[53,52],"tags":[],"class_list":["post-52217","post","type-post","status-publish","format-standard","has-post-thumbnail","hentry","category-blog","category-cultura-dimpresa"],"acf":[],"yoast_head":"<!-- This site is optimized with the Yoast SEO plugin v25.0 - https:\/\/yoast.com\/wordpress\/plugins\/seo\/ -->\n<title>Tutti i rischi d\u2019una politica ostile per imprese e investimenti internazionali - Fondazione Pirelli<\/title>\n<meta name=\"robots\" content=\"index, follow, max-snippet:-1, max-image-preview:large, max-video-preview:-1\" \/>\n<link rel=\"canonical\" href=\"https:\/\/www.fondazionepirelli.org\/it\/cultura-dimpresa\/tutti-i-rischi-duna-politica-ostile-per-imprese-e-investimenti-internazionali\/\" \/>\n<meta property=\"og:locale\" content=\"it_IT\" \/>\n<meta property=\"og:type\" content=\"article\" \/>\n<meta property=\"og:title\" content=\"Tutti i rischi d\u2019una politica ostile per imprese e investimenti internazionali - Fondazione Pirelli\" \/>\n<meta property=\"og:description\" content=\"Tira un\u2019aria sgradevole, per le imprese e per lo sviluppo economico fondato sulla cultura del buon mercato. Dirigismo, nazionalismo, protezionismo da tentazioni di frontiere chiuse, eccessi d\u2019amore per la spesa pubblica assistenziale, ostilit\u00e0 per un euro che, nonostante grandi limiti, ha contribuito in modo determinante alla stabilit\u00e0 dell\u2019Europa e delle nostre economie. I segnali che [&hellip;]\" \/>\n<meta property=\"og:url\" content=\"https:\/\/www.fondazionepirelli.org\/it\/cultura-dimpresa\/tutti-i-rischi-duna-politica-ostile-per-imprese-e-investimenti-internazionali\/\" \/>\n<meta property=\"og:site_name\" content=\"Fondazione Pirelli\" \/>\n<meta property=\"article:published_time\" content=\"2018-07-10T00:00:00+00:00\" \/>\n<meta property=\"article:modified_time\" content=\"2019-05-30T16:46:05+00:00\" \/>\n<meta property=\"og:image\" content=\"https:\/\/wpsite-assets.fondazionepirelli.org\/wp-content\/uploads\/2018\/07\/30164551\/cinturato_solo_pirelli_bandiere.jpg\" \/>\n\t<meta property=\"og:image:width\" content=\"374\" \/>\n\t<meta property=\"og:image:height\" content=\"503\" \/>\n\t<meta property=\"og:image:type\" content=\"image\/jpeg\" \/>\n<meta name=\"author\" content=\"fondadmin\" \/>\n<meta name=\"twitter:card\" content=\"summary_large_image\" \/>\n<meta name=\"twitter:label1\" content=\"Scritto da\" \/>\n\t<meta name=\"twitter:data1\" content=\"fondadmin\" \/>\n\t<meta name=\"twitter:label2\" content=\"Tempo di lettura stimato\" \/>\n\t<meta name=\"twitter:data2\" content=\"4 minuti\" \/>\n<script type=\"application\/ld+json\" class=\"yoast-schema-graph\">{\"@context\":\"https:\/\/schema.org\",\"@graph\":[{\"@type\":\"WebPage\",\"@id\":\"https:\/\/www.fondazionepirelli.org\/it\/cultura-dimpresa\/tutti-i-rischi-duna-politica-ostile-per-imprese-e-investimenti-internazionali\/\",\"url\":\"https:\/\/www.fondazionepirelli.org\/it\/cultura-dimpresa\/tutti-i-rischi-duna-politica-ostile-per-imprese-e-investimenti-internazionali\/\",\"name\":\"Tutti i rischi d\u2019una politica ostile per imprese e investimenti internazionali - Fondazione Pirelli\",\"isPartOf\":{\"@id\":\"https:\/\/www.fondazionepirelli.org\/it\/#website\"},\"primaryImageOfPage\":{\"@id\":\"https:\/\/www.fondazionepirelli.org\/it\/cultura-dimpresa\/tutti-i-rischi-duna-politica-ostile-per-imprese-e-investimenti-internazionali\/#primaryimage\"},\"image\":{\"@id\":\"https:\/\/www.fondazionepirelli.org\/it\/cultura-dimpresa\/tutti-i-rischi-duna-politica-ostile-per-imprese-e-investimenti-internazionali\/#primaryimage\"},\"thumbnailUrl\":\"https:\/\/wpsite-assets.fondazionepirelli.org\/wp-content\/uploads\/2018\/07\/30164551\/cinturato_solo_pirelli_bandiere.jpg\",\"datePublished\":\"2018-07-10T00:00:00+00:00\",\"dateModified\":\"2019-05-30T16:46:05+00:00\",\"author\":{\"@id\":\"https:\/\/www.fondazionepirelli.org\/it\/#\/schema\/person\/f47d097000832c4a6e54538c791fdf25\"},\"breadcrumb\":{\"@id\":\"https:\/\/www.fondazionepirelli.org\/it\/cultura-dimpresa\/tutti-i-rischi-duna-politica-ostile-per-imprese-e-investimenti-internazionali\/#breadcrumb\"},\"inLanguage\":\"it-IT\",\"potentialAction\":[{\"@type\":\"ReadAction\",\"target\":[\"https:\/\/www.fondazionepirelli.org\/it\/cultura-dimpresa\/tutti-i-rischi-duna-politica-ostile-per-imprese-e-investimenti-internazionali\/\"]}]},{\"@type\":\"ImageObject\",\"inLanguage\":\"it-IT\",\"@id\":\"https:\/\/www.fondazionepirelli.org\/it\/cultura-dimpresa\/tutti-i-rischi-duna-politica-ostile-per-imprese-e-investimenti-internazionali\/#primaryimage\",\"url\":\"https:\/\/wpsite-assets.fondazionepirelli.org\/wp-content\/uploads\/2018\/07\/30164551\/cinturato_solo_pirelli_bandiere.jpg\",\"contentUrl\":\"https:\/\/wpsite-assets.fondazionepirelli.org\/wp-content\/uploads\/2018\/07\/30164551\/cinturato_solo_pirelli_bandiere.jpg\",\"width\":374,\"height\":503},{\"@type\":\"BreadcrumbList\",\"@id\":\"https:\/\/www.fondazionepirelli.org\/it\/cultura-dimpresa\/tutti-i-rischi-duna-politica-ostile-per-imprese-e-investimenti-internazionali\/#breadcrumb\",\"itemListElement\":[{\"@type\":\"ListItem\",\"position\":1,\"name\":\"Home\",\"item\":\"https:\/\/www.fondazionepirelli.org\/it\/\"},{\"@type\":\"ListItem\",\"position\":2,\"name\":\"Tutti i rischi d\u2019una politica ostile per imprese e investimenti internazionali\"}]},{\"@type\":\"WebSite\",\"@id\":\"https:\/\/www.fondazionepirelli.org\/it\/#website\",\"url\":\"https:\/\/www.fondazionepirelli.org\/it\/\",\"name\":\"Fondazione Pirelli\",\"description\":\"\",\"potentialAction\":[{\"@type\":\"SearchAction\",\"target\":{\"@type\":\"EntryPoint\",\"urlTemplate\":\"https:\/\/www.fondazionepirelli.org\/it\/?s={search_term_string}\"},\"query-input\":{\"@type\":\"PropertyValueSpecification\",\"valueRequired\":true,\"valueName\":\"search_term_string\"}}],\"inLanguage\":\"it-IT\"},{\"@type\":\"Person\",\"@id\":\"https:\/\/www.fondazionepirelli.org\/it\/#\/schema\/person\/f47d097000832c4a6e54538c791fdf25\",\"name\":\"fondadmin\",\"image\":{\"@type\":\"ImageObject\",\"inLanguage\":\"it-IT\",\"@id\":\"https:\/\/www.fondazionepirelli.org\/it\/#\/schema\/person\/image\/\",\"url\":\"https:\/\/secure.gravatar.com\/avatar\/e69498a9175ca244966e51e53c88712c024fcebe41f9a05f75657f1bb25e489b?s=96&d=mm&r=g\",\"contentUrl\":\"https:\/\/secure.gravatar.com\/avatar\/e69498a9175ca244966e51e53c88712c024fcebe41f9a05f75657f1bb25e489b?s=96&d=mm&r=g\",\"caption\":\"fondadmin\"},\"url\":\"https:\/\/www.fondazionepirelli.org\/it\/author\/fondadmin\/\"}]}<\/script>\n<!-- \/ Yoast SEO plugin. -->","yoast_head_json":{"title":"Tutti i rischi d\u2019una politica ostile per imprese e investimenti internazionali - Fondazione Pirelli","robots":{"index":"index","follow":"follow","max-snippet":"max-snippet:-1","max-image-preview":"max-image-preview:large","max-video-preview":"max-video-preview:-1"},"canonical":"https:\/\/www.fondazionepirelli.org\/it\/cultura-dimpresa\/tutti-i-rischi-duna-politica-ostile-per-imprese-e-investimenti-internazionali\/","og_locale":"it_IT","og_type":"article","og_title":"Tutti i rischi d\u2019una politica ostile per imprese e investimenti internazionali - Fondazione Pirelli","og_description":"Tira un\u2019aria sgradevole, per le imprese e per lo sviluppo economico fondato sulla cultura del buon mercato. Dirigismo, nazionalismo, protezionismo da tentazioni di frontiere chiuse, eccessi d\u2019amore per la spesa pubblica assistenziale, ostilit\u00e0 per un euro che, nonostante grandi limiti, ha contribuito in modo determinante alla stabilit\u00e0 dell\u2019Europa e delle nostre economie. I segnali che [&hellip;]","og_url":"https:\/\/www.fondazionepirelli.org\/it\/cultura-dimpresa\/tutti-i-rischi-duna-politica-ostile-per-imprese-e-investimenti-internazionali\/","og_site_name":"Fondazione Pirelli","article_published_time":"2018-07-10T00:00:00+00:00","article_modified_time":"2019-05-30T16:46:05+00:00","og_image":[{"width":374,"height":503,"url":"https:\/\/wpsite-assets.fondazionepirelli.org\/wp-content\/uploads\/2018\/07\/30164551\/cinturato_solo_pirelli_bandiere.jpg","type":"image\/jpeg"}],"author":"fondadmin","twitter_card":"summary_large_image","twitter_misc":{"Scritto da":"fondadmin","Tempo di lettura stimato":"4 minuti"},"schema":{"@context":"https:\/\/schema.org","@graph":[{"@type":"WebPage","@id":"https:\/\/www.fondazionepirelli.org\/it\/cultura-dimpresa\/tutti-i-rischi-duna-politica-ostile-per-imprese-e-investimenti-internazionali\/","url":"https:\/\/www.fondazionepirelli.org\/it\/cultura-dimpresa\/tutti-i-rischi-duna-politica-ostile-per-imprese-e-investimenti-internazionali\/","name":"Tutti i rischi d\u2019una politica ostile per imprese e investimenti internazionali - Fondazione Pirelli","isPartOf":{"@id":"https:\/\/www.fondazionepirelli.org\/it\/#website"},"primaryImageOfPage":{"@id":"https:\/\/www.fondazionepirelli.org\/it\/cultura-dimpresa\/tutti-i-rischi-duna-politica-ostile-per-imprese-e-investimenti-internazionali\/#primaryimage"},"image":{"@id":"https:\/\/www.fondazionepirelli.org\/it\/cultura-dimpresa\/tutti-i-rischi-duna-politica-ostile-per-imprese-e-investimenti-internazionali\/#primaryimage"},"thumbnailUrl":"https:\/\/wpsite-assets.fondazionepirelli.org\/wp-content\/uploads\/2018\/07\/30164551\/cinturato_solo_pirelli_bandiere.jpg","datePublished":"2018-07-10T00:00:00+00:00","dateModified":"2019-05-30T16:46:05+00:00","author":{"@id":"https:\/\/www.fondazionepirelli.org\/it\/#\/schema\/person\/f47d097000832c4a6e54538c791fdf25"},"breadcrumb":{"@id":"https:\/\/www.fondazionepirelli.org\/it\/cultura-dimpresa\/tutti-i-rischi-duna-politica-ostile-per-imprese-e-investimenti-internazionali\/#breadcrumb"},"inLanguage":"it-IT","potentialAction":[{"@type":"ReadAction","target":["https:\/\/www.fondazionepirelli.org\/it\/cultura-dimpresa\/tutti-i-rischi-duna-politica-ostile-per-imprese-e-investimenti-internazionali\/"]}]},{"@type":"ImageObject","inLanguage":"it-IT","@id":"https:\/\/www.fondazionepirelli.org\/it\/cultura-dimpresa\/tutti-i-rischi-duna-politica-ostile-per-imprese-e-investimenti-internazionali\/#primaryimage","url":"https:\/\/wpsite-assets.fondazionepirelli.org\/wp-content\/uploads\/2018\/07\/30164551\/cinturato_solo_pirelli_bandiere.jpg","contentUrl":"https:\/\/wpsite-assets.fondazionepirelli.org\/wp-content\/uploads\/2018\/07\/30164551\/cinturato_solo_pirelli_bandiere.jpg","width":374,"height":503},{"@type":"BreadcrumbList","@id":"https:\/\/www.fondazionepirelli.org\/it\/cultura-dimpresa\/tutti-i-rischi-duna-politica-ostile-per-imprese-e-investimenti-internazionali\/#breadcrumb","itemListElement":[{"@type":"ListItem","position":1,"name":"Home","item":"https:\/\/www.fondazionepirelli.org\/it\/"},{"@type":"ListItem","position":2,"name":"Tutti i rischi d\u2019una politica ostile per imprese e investimenti internazionali"}]},{"@type":"WebSite","@id":"https:\/\/www.fondazionepirelli.org\/it\/#website","url":"https:\/\/www.fondazionepirelli.org\/it\/","name":"Fondazione Pirelli","description":"","potentialAction":[{"@type":"SearchAction","target":{"@type":"EntryPoint","urlTemplate":"https:\/\/www.fondazionepirelli.org\/it\/?s={search_term_string}"},"query-input":{"@type":"PropertyValueSpecification","valueRequired":true,"valueName":"search_term_string"}}],"inLanguage":"it-IT"},{"@type":"Person","@id":"https:\/\/www.fondazionepirelli.org\/it\/#\/schema\/person\/f47d097000832c4a6e54538c791fdf25","name":"fondadmin","image":{"@type":"ImageObject","inLanguage":"it-IT","@id":"https:\/\/www.fondazionepirelli.org\/it\/#\/schema\/person\/image\/","url":"https:\/\/secure.gravatar.com\/avatar\/e69498a9175ca244966e51e53c88712c024fcebe41f9a05f75657f1bb25e489b?s=96&d=mm&r=g","contentUrl":"https:\/\/secure.gravatar.com\/avatar\/e69498a9175ca244966e51e53c88712c024fcebe41f9a05f75657f1bb25e489b?s=96&d=mm&r=g","caption":"fondadmin"},"url":"https:\/\/www.fondazionepirelli.org\/it\/author\/fondadmin\/"}]}},"_links":{"self":[{"href":"https:\/\/www.fondazionepirelli.org\/it\/wp-json\/wp\/v2\/posts\/52217\/"}],"collection":[{"href":"https:\/\/www.fondazionepirelli.org\/it\/wp-json\/wp\/v2\/posts\/"}],"about":[{"href":"https:\/\/www.fondazionepirelli.org\/it\/wp-json\/wp\/v2\/types\/post\/"}],"author":[{"embeddable":true,"href":"https:\/\/www.fondazionepirelli.org\/it\/wp-json\/wp\/v2\/users\/1\/"}],"replies":[{"embeddable":true,"href":"https:\/\/www.fondazionepirelli.org\/it\/wp-json\/wp\/v2\/comments\/?post=52217"}],"version-history":[{"count":2,"href":"https:\/\/www.fondazionepirelli.org\/it\/wp-json\/wp\/v2\/posts\/52217\/revisions\/"}],"predecessor-version":[{"id":57086,"href":"https:\/\/www.fondazionepirelli.org\/it\/wp-json\/wp\/v2\/posts\/52217\/revisions\/57086\/"}],"wp:featuredmedia":[{"embeddable":true,"href":"https:\/\/www.fondazionepirelli.org\/it\/wp-json\/wp\/v2\/media\/57084\/"}],"wp:attachment":[{"href":"https:\/\/www.fondazionepirelli.org\/it\/wp-json\/wp\/v2\/media\/?parent=52217"}],"wp:term":[{"taxonomy":"category","embeddable":true,"href":"https:\/\/www.fondazionepirelli.org\/it\/wp-json\/wp\/v2\/categories\/?post=52217"},{"taxonomy":"post_tag","embeddable":true,"href":"https:\/\/www.fondazionepirelli.org\/it\/wp-json\/wp\/v2\/tags\/?post=52217"}],"curies":[{"name":"wp","href":"https:\/\/api.w.org\/{rel}","templated":true}]}}