{"id":52229,"date":"2018-06-26T00:00:00","date_gmt":"2018-06-26T00:00:00","guid":{"rendered":"http:\/\/www.fondazionepirelli.org\/fondazione-pirelli\/il-pendolo-economico-e-il-mito-di-sisifo\/"},"modified":"2019-09-20T10:04:52","modified_gmt":"2019-09-20T08:04:52","slug":"il-pendolo-economico-e-il-mito-di-sisifo","status":"publish","type":"post","link":"https:\/\/www.fondazionepirelli.org\/it\/cultura-dimpresa\/il-pendolo-economico-e-il-mito-di-sisifo\/","title":{"rendered":"Il pendolo economico e il mito di Sisifo"},"content":{"rendered":"<p><em>Appena pubblicato in Italia un libro che racconta gli ultimi duecento anni di storia come alternanza fra mercato e stato. E fornisce una terza soluzione<\/em><\/p>\n<p><strong>\u00a0<\/strong><\/p>\n<p>Essere consapevoli di dove si \u00e8. Prendere le misure del mondo che ci circonda. Sono condizioni che valgono anche per gli imprenditori e i loro <em>manager. <\/em>Condizioni essenziali per collocare in modo corretto la propria attivit\u00e0. Imprese non avulse dal mondo, quindi, ma immerse nei movimenti economici e sociali del tempo. Leggere buoni libri che aiutino a camminare in questa direzione, \u00e8 quindi essenziale. E un buon libro appena pubblicato in italiano \u00e8 quello scritto da Paul De Grauwe, professore alla London School of Economics oltre che, fra il 1991 e il 2003 parlamentare in Belgio.<\/p>\n<p>\u201cI limiti del mercato. Da che parte oscilla il pendolo dell\u2019economia?\u201d riesce in relativamente poche pagine a fornire il senso dell\u2019andamento generale dell\u2019economia lungo gli ultimi duecento anni. Una storia di alti e bassi, che ha oscillato fra mercato e Stato e che deve essere compresa a fondo per capire dove si sta andando.<\/p>\n<p>Scritto in un linguaggio piano, il libro di De Grauwe ragiona partendo dalla constatazione che se quel che conta \u00e8 la prosperit\u00e0 delle persone, il mercato e lo stato, eterni poli fra cui oscilla l\u2019economia, non sono altro che strumenti per raggiungere quell\u2019obiettivo e a nulla valgono le prese di posizione ideologiche. Ma non basta, perch\u00e9 secondo l\u2019autore oggi la contrapposizione stato-mercato appare essere superata: sar\u00e0 cio\u00e8 sempre necessario prevedere un insieme dei due. Ma in questa dialettica che difficilmente trova un equilibrio, spesso eventi dirompenti vengono a favorire pericolose estremizzazioni.<\/p>\n<p>Quindi occorre porsi delle domande. Quali sono per esempio i limiti del mercato? Dobbiamo poi prepararci al rovesciamento del sistema capitalistico e alla supremazia dello stato? Ci\u00f2 porter\u00e0 prosperit\u00e0? Il mercato deve preoccuparsi di creare <em>welfare<\/em> o \u00e8 responsabilit\u00e0 dello stato assicurarlo ai cittadini?<\/p>\n<p>Per rispondere a questi interrogativi il libro prende le mosse proprio dall\u2019immagine del pendolo e delle sue oscillazioni economiche per poi passare ad approfondire prima i limiti del capitalismo (del mercato quindi) e poi quelli dello stato. De Grauwe alla fine non fornisce previsioni univoche: lascia libero il lettore di scegliere fra due alternative. La prima conferma le \u201coscillazioni del pendolo\u201d e quindi il continuo alternarsi fra momenti in cui prevale il mercato e altri in cui prevale lo stato. La seconda \u00e8 una sorta di salto di livello che prevede una riforma dei rapporti e delle relazioni fondata sulla collaborazione piuttosto che sulla competitivit\u00e0. Una prospettive che De Grauwe vede per\u00f2 difficilmente realizzabile adesso.<\/p>\n<p>Ma per De Grauwe conta comunque provarci. Bella \u00e8 l\u2019immagine posta alla fine delle poco meno di duecento pagine del libro: il mito di Sisifo costretto a spingere ogni giorno un masso in cima alla montagna, dopo che ogni sera il masso rotolava nuovamente a valle. Mito per\u00f2 ricordato da Alfred Camus\u00a0 con una interpretazione particolare, che De Grauwe riprende convinto scrivendo: \u201cCamus vedeva la punizione inferta a Sisifo come una metafora dell\u2019assurdit\u00e0 della vita. \u00abDovremmo confrontarci con questa assurdit\u00e0?\u00bb \u2013 si chiedeva. Un\u2019opzione \u00e8 quella di suicidarsi. Camus respinge questa opzione. Egli suggerisce invece che dovremmo ribellarci contro l\u2019assurdit\u00e0 della vita gettandoci in essa, vivendo intensamente e con creativit\u00e0. L\u2019eroe rivoluzionario \u00e8 quello che nonostante l\u2019assurdit\u00e0 della cosa e sapendo che la sua ribellione potrebbe potenzialmente non portare a niente, continua comunque a spingere il masso restando felice\u201d.<\/p><p><strong>I limiti del mercato. <\/strong><strong>Da che parte oscilla il pendolo dell\u2019economia?<\/strong><\/p>\n<p>Paul De Grauwe<\/p>\n<p>il Mulino, 2018<\/p>","protected":false},"excerpt":{"rendered":"<p>Appena pubblicato in Italia un libro che racconta gli ultimi duecento anni di storia come alternanza fra mercato e stato. E fornisce una terza soluzione \u00a0 Essere consapevoli di dove si \u00e8. Prendere le misure del mondo che ci circonda. Sono condizioni che valgono anche per gli imprenditori e i loro manager. Condizioni essenziali per [&hellip;]<\/p>\n","protected":false},"author":1,"featured_media":68938,"comment_status":"open","ping_status":"open","sticky":false,"template":"","format":"standard","meta":{"footnotes":""},"categories":[52,58],"tags":[],"class_list":["post-52229","post","type-post","status-publish","format-standard","has-post-thumbnail","hentry","category-cultura-dimpresa","category-recensioni-libri"],"acf":[],"yoast_head":"<!-- This site is optimized with the Yoast SEO plugin v25.0 - https:\/\/yoast.com\/wordpress\/plugins\/seo\/ -->\n<title>Il pendolo economico e il mito di Sisifo - Fondazione Pirelli<\/title>\n<meta name=\"robots\" content=\"index, follow, max-snippet:-1, max-image-preview:large, max-video-preview:-1\" \/>\n<link rel=\"canonical\" href=\"https:\/\/www.fondazionepirelli.org\/it\/cultura-dimpresa\/il-pendolo-economico-e-il-mito-di-sisifo\/\" \/>\n<meta property=\"og:locale\" content=\"it_IT\" \/>\n<meta property=\"og:type\" content=\"article\" \/>\n<meta property=\"og:title\" content=\"Il pendolo economico e il mito di Sisifo - Fondazione Pirelli\" \/>\n<meta property=\"og:description\" content=\"Appena pubblicato in Italia un libro che racconta gli ultimi duecento anni di storia come alternanza fra mercato e stato. E fornisce una terza soluzione \u00a0 Essere consapevoli di dove si \u00e8. Prendere le misure del mondo che ci circonda. Sono condizioni che valgono anche per gli imprenditori e i loro manager. Condizioni essenziali per [&hellip;]\" \/>\n<meta property=\"og:url\" content=\"https:\/\/127.0.0.1\/it\/cultura-dimpresa\/il-pendolo-economico-e-il-mito-di-sisifo\/\" \/>\n<meta property=\"og:site_name\" content=\"Fondazione Pirelli\" \/>\n<meta property=\"article:published_time\" content=\"2018-06-26T00:00:00+00:00\" \/>\n<meta property=\"article:modified_time\" content=\"2019-09-20T08:04:52+00:00\" \/>\n<meta property=\"og:image\" content=\"https:\/\/wpsite-assets.fondazionepirelli.org\/wp-content\/uploads\/2018\/06\/20100439\/i-limiti-del-mercato.jpg\" \/>\n\t<meta property=\"og:image:width\" content=\"309\" \/>\n\t<meta property=\"og:image:height\" content=\"507\" \/>\n\t<meta property=\"og:image:type\" content=\"image\/jpeg\" \/>\n<meta name=\"author\" content=\"fondadmin\" \/>\n<meta name=\"twitter:card\" content=\"summary_large_image\" \/>\n<meta name=\"twitter:label1\" content=\"Scritto da\" \/>\n\t<meta name=\"twitter:data1\" content=\"fondadmin\" \/>\n\t<meta name=\"twitter:label2\" content=\"Tempo di lettura stimato\" \/>\n\t<meta name=\"twitter:data2\" content=\"3 minuti\" \/>\n<script type=\"application\/ld+json\" class=\"yoast-schema-graph\">{\"@context\":\"https:\/\/schema.org\",\"@graph\":[{\"@type\":\"WebPage\",\"@id\":\"https:\/\/127.0.0.1\/it\/cultura-dimpresa\/il-pendolo-economico-e-il-mito-di-sisifo\/\",\"url\":\"https:\/\/127.0.0.1\/it\/cultura-dimpresa\/il-pendolo-economico-e-il-mito-di-sisifo\/\",\"name\":\"Il pendolo economico e il mito di Sisifo - Fondazione Pirelli\",\"isPartOf\":{\"@id\":\"https:\/\/www.fondazionepirelli.org\/it\/#website\"},\"primaryImageOfPage\":{\"@id\":\"https:\/\/127.0.0.1\/it\/cultura-dimpresa\/il-pendolo-economico-e-il-mito-di-sisifo\/#primaryimage\"},\"image\":{\"@id\":\"https:\/\/127.0.0.1\/it\/cultura-dimpresa\/il-pendolo-economico-e-il-mito-di-sisifo\/#primaryimage\"},\"thumbnailUrl\":\"https:\/\/wpsite-assets.fondazionepirelli.org\/wp-content\/uploads\/2018\/06\/20100439\/i-limiti-del-mercato.jpg\",\"datePublished\":\"2018-06-26T00:00:00+00:00\",\"dateModified\":\"2019-09-20T08:04:52+00:00\",\"author\":{\"@id\":\"https:\/\/www.fondazionepirelli.org\/it\/#\/schema\/person\/f47d097000832c4a6e54538c791fdf25\"},\"breadcrumb\":{\"@id\":\"https:\/\/127.0.0.1\/it\/cultura-dimpresa\/il-pendolo-economico-e-il-mito-di-sisifo\/#breadcrumb\"},\"inLanguage\":\"it-IT\",\"potentialAction\":[{\"@type\":\"ReadAction\",\"target\":[\"https:\/\/127.0.0.1\/it\/cultura-dimpresa\/il-pendolo-economico-e-il-mito-di-sisifo\/\"]}]},{\"@type\":\"ImageObject\",\"inLanguage\":\"it-IT\",\"@id\":\"https:\/\/127.0.0.1\/it\/cultura-dimpresa\/il-pendolo-economico-e-il-mito-di-sisifo\/#primaryimage\",\"url\":\"https:\/\/wpsite-assets.fondazionepirelli.org\/wp-content\/uploads\/2018\/06\/20100439\/i-limiti-del-mercato.jpg\",\"contentUrl\":\"https:\/\/wpsite-assets.fondazionepirelli.org\/wp-content\/uploads\/2018\/06\/20100439\/i-limiti-del-mercato.jpg\",\"width\":309,\"height\":507},{\"@type\":\"BreadcrumbList\",\"@id\":\"https:\/\/127.0.0.1\/it\/cultura-dimpresa\/il-pendolo-economico-e-il-mito-di-sisifo\/#breadcrumb\",\"itemListElement\":[{\"@type\":\"ListItem\",\"position\":1,\"name\":\"Home\",\"item\":\"https:\/\/www.fondazionepirelli.org\/it\/\"},{\"@type\":\"ListItem\",\"position\":2,\"name\":\"Il pendolo economico e il mito di Sisifo\"}]},{\"@type\":\"WebSite\",\"@id\":\"https:\/\/www.fondazionepirelli.org\/it\/#website\",\"url\":\"https:\/\/www.fondazionepirelli.org\/it\/\",\"name\":\"Fondazione Pirelli\",\"description\":\"\",\"potentialAction\":[{\"@type\":\"SearchAction\",\"target\":{\"@type\":\"EntryPoint\",\"urlTemplate\":\"https:\/\/www.fondazionepirelli.org\/it\/?s={search_term_string}\"},\"query-input\":{\"@type\":\"PropertyValueSpecification\",\"valueRequired\":true,\"valueName\":\"search_term_string\"}}],\"inLanguage\":\"it-IT\"},{\"@type\":\"Person\",\"@id\":\"https:\/\/www.fondazionepirelli.org\/it\/#\/schema\/person\/f47d097000832c4a6e54538c791fdf25\",\"name\":\"fondadmin\",\"image\":{\"@type\":\"ImageObject\",\"inLanguage\":\"it-IT\",\"@id\":\"https:\/\/www.fondazionepirelli.org\/it\/#\/schema\/person\/image\/\",\"url\":\"https:\/\/secure.gravatar.com\/avatar\/e69498a9175ca244966e51e53c88712c024fcebe41f9a05f75657f1bb25e489b?s=96&d=mm&r=g\",\"contentUrl\":\"https:\/\/secure.gravatar.com\/avatar\/e69498a9175ca244966e51e53c88712c024fcebe41f9a05f75657f1bb25e489b?s=96&d=mm&r=g\",\"caption\":\"fondadmin\"},\"url\":\"https:\/\/www.fondazionepirelli.org\/it\/author\/fondadmin\/\"}]}<\/script>\n<!-- \/ Yoast SEO plugin. -->","yoast_head_json":{"title":"Il pendolo economico e il mito di Sisifo - Fondazione Pirelli","robots":{"index":"index","follow":"follow","max-snippet":"max-snippet:-1","max-image-preview":"max-image-preview:large","max-video-preview":"max-video-preview:-1"},"canonical":"https:\/\/www.fondazionepirelli.org\/it\/cultura-dimpresa\/il-pendolo-economico-e-il-mito-di-sisifo\/","og_locale":"it_IT","og_type":"article","og_title":"Il pendolo economico e il mito di Sisifo - Fondazione Pirelli","og_description":"Appena pubblicato in Italia un libro che racconta gli ultimi duecento anni di storia come alternanza fra mercato e stato. E fornisce una terza soluzione \u00a0 Essere consapevoli di dove si \u00e8. Prendere le misure del mondo che ci circonda. Sono condizioni che valgono anche per gli imprenditori e i loro manager. Condizioni essenziali per [&hellip;]","og_url":"https:\/\/127.0.0.1\/it\/cultura-dimpresa\/il-pendolo-economico-e-il-mito-di-sisifo\/","og_site_name":"Fondazione Pirelli","article_published_time":"2018-06-26T00:00:00+00:00","article_modified_time":"2019-09-20T08:04:52+00:00","og_image":[{"width":309,"height":507,"url":"https:\/\/wpsite-assets.fondazionepirelli.org\/wp-content\/uploads\/2018\/06\/20100439\/i-limiti-del-mercato.jpg","type":"image\/jpeg"}],"author":"fondadmin","twitter_card":"summary_large_image","twitter_misc":{"Scritto da":"fondadmin","Tempo di lettura stimato":"3 minuti"},"schema":{"@context":"https:\/\/schema.org","@graph":[{"@type":"WebPage","@id":"https:\/\/127.0.0.1\/it\/cultura-dimpresa\/il-pendolo-economico-e-il-mito-di-sisifo\/","url":"https:\/\/127.0.0.1\/it\/cultura-dimpresa\/il-pendolo-economico-e-il-mito-di-sisifo\/","name":"Il pendolo economico e il mito di Sisifo - Fondazione Pirelli","isPartOf":{"@id":"https:\/\/www.fondazionepirelli.org\/it\/#website"},"primaryImageOfPage":{"@id":"https:\/\/127.0.0.1\/it\/cultura-dimpresa\/il-pendolo-economico-e-il-mito-di-sisifo\/#primaryimage"},"image":{"@id":"https:\/\/127.0.0.1\/it\/cultura-dimpresa\/il-pendolo-economico-e-il-mito-di-sisifo\/#primaryimage"},"thumbnailUrl":"https:\/\/wpsite-assets.fondazionepirelli.org\/wp-content\/uploads\/2018\/06\/20100439\/i-limiti-del-mercato.jpg","datePublished":"2018-06-26T00:00:00+00:00","dateModified":"2019-09-20T08:04:52+00:00","author":{"@id":"https:\/\/www.fondazionepirelli.org\/it\/#\/schema\/person\/f47d097000832c4a6e54538c791fdf25"},"breadcrumb":{"@id":"https:\/\/127.0.0.1\/it\/cultura-dimpresa\/il-pendolo-economico-e-il-mito-di-sisifo\/#breadcrumb"},"inLanguage":"it-IT","potentialAction":[{"@type":"ReadAction","target":["https:\/\/127.0.0.1\/it\/cultura-dimpresa\/il-pendolo-economico-e-il-mito-di-sisifo\/"]}]},{"@type":"ImageObject","inLanguage":"it-IT","@id":"https:\/\/127.0.0.1\/it\/cultura-dimpresa\/il-pendolo-economico-e-il-mito-di-sisifo\/#primaryimage","url":"https:\/\/wpsite-assets.fondazionepirelli.org\/wp-content\/uploads\/2018\/06\/20100439\/i-limiti-del-mercato.jpg","contentUrl":"https:\/\/wpsite-assets.fondazionepirelli.org\/wp-content\/uploads\/2018\/06\/20100439\/i-limiti-del-mercato.jpg","width":309,"height":507},{"@type":"BreadcrumbList","@id":"https:\/\/127.0.0.1\/it\/cultura-dimpresa\/il-pendolo-economico-e-il-mito-di-sisifo\/#breadcrumb","itemListElement":[{"@type":"ListItem","position":1,"name":"Home","item":"https:\/\/www.fondazionepirelli.org\/it\/"},{"@type":"ListItem","position":2,"name":"Il pendolo economico e il mito di Sisifo"}]},{"@type":"WebSite","@id":"https:\/\/www.fondazionepirelli.org\/it\/#website","url":"https:\/\/www.fondazionepirelli.org\/it\/","name":"Fondazione Pirelli","description":"","potentialAction":[{"@type":"SearchAction","target":{"@type":"EntryPoint","urlTemplate":"https:\/\/www.fondazionepirelli.org\/it\/?s={search_term_string}"},"query-input":{"@type":"PropertyValueSpecification","valueRequired":true,"valueName":"search_term_string"}}],"inLanguage":"it-IT"},{"@type":"Person","@id":"https:\/\/www.fondazionepirelli.org\/it\/#\/schema\/person\/f47d097000832c4a6e54538c791fdf25","name":"fondadmin","image":{"@type":"ImageObject","inLanguage":"it-IT","@id":"https:\/\/www.fondazionepirelli.org\/it\/#\/schema\/person\/image\/","url":"https:\/\/secure.gravatar.com\/avatar\/e69498a9175ca244966e51e53c88712c024fcebe41f9a05f75657f1bb25e489b?s=96&d=mm&r=g","contentUrl":"https:\/\/secure.gravatar.com\/avatar\/e69498a9175ca244966e51e53c88712c024fcebe41f9a05f75657f1bb25e489b?s=96&d=mm&r=g","caption":"fondadmin"},"url":"https:\/\/www.fondazionepirelli.org\/it\/author\/fondadmin\/"}]}},"_links":{"self":[{"href":"https:\/\/www.fondazionepirelli.org\/it\/wp-json\/wp\/v2\/posts\/52229\/"}],"collection":[{"href":"https:\/\/www.fondazionepirelli.org\/it\/wp-json\/wp\/v2\/posts\/"}],"about":[{"href":"https:\/\/www.fondazionepirelli.org\/it\/wp-json\/wp\/v2\/types\/post\/"}],"author":[{"embeddable":true,"href":"https:\/\/www.fondazionepirelli.org\/it\/wp-json\/wp\/v2\/users\/1\/"}],"replies":[{"embeddable":true,"href":"https:\/\/www.fondazionepirelli.org\/it\/wp-json\/wp\/v2\/comments\/?post=52229"}],"version-history":[{"count":2,"href":"https:\/\/www.fondazionepirelli.org\/it\/wp-json\/wp\/v2\/posts\/52229\/revisions\/"}],"predecessor-version":[{"id":68940,"href":"https:\/\/www.fondazionepirelli.org\/it\/wp-json\/wp\/v2\/posts\/52229\/revisions\/68940\/"}],"wp:featuredmedia":[{"embeddable":true,"href":"https:\/\/www.fondazionepirelli.org\/it\/wp-json\/wp\/v2\/media\/68938\/"}],"wp:attachment":[{"href":"https:\/\/www.fondazionepirelli.org\/it\/wp-json\/wp\/v2\/media\/?parent=52229"}],"wp:term":[{"taxonomy":"category","embeddable":true,"href":"https:\/\/www.fondazionepirelli.org\/it\/wp-json\/wp\/v2\/categories\/?post=52229"},{"taxonomy":"post_tag","embeddable":true,"href":"https:\/\/www.fondazionepirelli.org\/it\/wp-json\/wp\/v2\/tags\/?post=52229"}],"curies":[{"name":"wp","href":"https:\/\/api.w.org\/{rel}","templated":true}]}}