{"id":52251,"date":"2018-06-12T00:00:00","date_gmt":"2018-06-12T00:00:00","guid":{"rendered":"http:\/\/www.fondazionepirelli.org\/fondazione-pirelli\/reti-per-crescere\/"},"modified":"2019-05-08T15:44:20","modified_gmt":"2019-05-08T15:44:20","slug":"reti-per-crescere","status":"publish","type":"post","link":"https:\/\/www.fondazionepirelli.org\/it\/cultura-dimpresa\/reti-per-crescere\/","title":{"rendered":"Reti per crescere"},"content":{"rendered":"<p><em>Una ricerca condotta da Inapp sistema e chiarisce le condizioni per la creazione di reti d\u2019impresa<\/em><\/p><p>Unire le forze per affrontare meglio l\u2019avventura. L\u2019indicazione non \u00e8 nuova, ma \u00e8 certamente sempre valida. Anche \u2013 e soprattutto -, quando si parla di economia e di produzione. Impresa comunque non facile, quella di \u201cmettersi insieme\u201d per fare di pi\u00f9 e meglio va certamente studiata, soprattutto dal punto di vista delle risorse umane che possono essere messe in campo. E\u2019 quello che ha fatto un gruppo di lavoro che fa capo ad Inapp e che ha svolto una analisi sui legami fra necessit\u00e0 di fare rete fra aziende, risorse umane presenti e esigenze formative. \u201cReti d\u2019imprese come sistemi dinamici. Uno studio sul modello organizzativo delle competenze\u201d \u00e8 il rapporto \u2013 redatto da Anna Vaiasicca -, scaturito da questo insieme di indagini.<\/p>\n<p>L\u2019indagine prende le mosse dalla costatazione della necessit\u00e0 di far fronte alla globalizzazione costituendo reti d\u2019impresa solide e competitive. Una necessit\u00e0 alla quale le aziende italiane pare abbiano risposto con buoni risultati, che tuttavia possono essere ancora migliorati. Partendo anche dalla formazione e dallo sviluppo di competenze adeguate.<\/p>\n<p>Il rapporto si sviluppa quindi in quattro passi successivi. Prima di tutto viene sintetizzato il tema generale delle \u201creti d\u2019impresa come integrazione di saperi\u201d, poi viene approfondita l\u2019esperienza italiana con una attenzione particolare ai contratti di rete. Successivamente viene analizzata pi\u00f9 da vicino la creazione e l\u2019attivit\u00e0 del \u201csistema rete d\u2019imprese\u201d, guardando alle dinamiche interne e al ruolo delle risorse umane. E\u2019 in questa parte che vengono messe a fuoco le indicazioni relative alle competenze da sviluppare. Chiude quindi l\u2019indagine un approfondimento su alcuni casi studio (resi per\u00f2 quasi sempre anonimi). Fra questi \u201cun primo gruppo di reti si compone di imprese manifatturiere, piccole e medie, che operano nel settore della meccanica e della meccatronica\u201d, \u00e8 poi la volta di \u201cuna rete costituita da imprese nella provincia di Varese e di una seconda composta da aziende che operano nel settore turistico\u201d.<\/p>\n<p>Esaustiva seppur complessa la descrizione di rete che viene quindi posta nella parte finale del testo: \u201cIl sistema di rete si basa quindi sull\u2019integrazione del sapere, anche specifico di settore, al quale ogni nodo contribuisce per la realizzazione degli obiettivi generali, svolgendo attivit\u00e0 che vengono continuamente ridefinite dalle interazioni di chi partecipa all\u2019esecuzione dei compiti che di volta in volta risultano necessari. La conoscenza circola in pi\u00f9 direzioni, in verticale, mettendo in contatto il management e la propriet\u00e0 con fornitori, clienti e ciclo di produzione, e in orizzontale, dalle singole imprese al team di lavoro trasversale e da questo, arricchito, nuovamente verso le unit\u00e0 produttive. Nella conoscenza condivisa prevale la regola dei sistemi complessi, nei quali non \u00e8 pi\u00f9 possibile distinguere l\u2019apporto degli individui e delle singole imprese, la qual cosa determina un equilibrio dinamico tra patrimonio comune e interno di ogni singola azienda\u201d.<\/p><p><strong>Reti d\u2019imprese come sistemi dinamici. Uno studio sul modello organizzativo delle competenze<\/strong><\/p>\n<p>Anna Vaiasicca (INAPP)<\/p>\n<p>INAPP, maggio 2018<\/p>","protected":false},"excerpt":{"rendered":"<p>Una ricerca condotta da Inapp sistema e chiarisce le condizioni per la creazione di reti d\u2019impresaUnire le forze per affrontare meglio l\u2019avventura. L\u2019indicazione non \u00e8 nuova, ma \u00e8 certamente sempre valida. Anche \u2013 e soprattutto -, quando si parla di economia e di produzione. Impresa comunque non facile, quella di \u201cmettersi insieme\u201d per fare di [&hellip;]<\/p>\n","protected":false},"author":1,"featured_media":0,"comment_status":"open","ping_status":"open","sticky":false,"template":"","format":"standard","meta":{"footnotes":""},"categories":[54,52],"tags":[],"class_list":["post-52251","post","type-post","status-publish","format-standard","hentry","category-approfondimenti","category-cultura-dimpresa"],"acf":[],"yoast_head":"<!-- This site is optimized with the Yoast SEO plugin v25.0 - https:\/\/yoast.com\/wordpress\/plugins\/seo\/ -->\n<title>Reti per crescere - Fondazione Pirelli<\/title>\n<meta name=\"robots\" content=\"index, follow, max-snippet:-1, max-image-preview:large, max-video-preview:-1\" \/>\n<link rel=\"canonical\" href=\"https:\/\/www.fondazionepirelli.org\/it\/cultura-dimpresa\/reti-per-crescere\/\" \/>\n<meta property=\"og:locale\" content=\"it_IT\" \/>\n<meta property=\"og:type\" content=\"article\" \/>\n<meta property=\"og:title\" content=\"Reti per crescere - Fondazione Pirelli\" \/>\n<meta property=\"og:description\" content=\"Una ricerca condotta da Inapp sistema e chiarisce le condizioni per la creazione di reti d\u2019impresaUnire le forze per affrontare meglio l\u2019avventura. L\u2019indicazione non \u00e8 nuova, ma \u00e8 certamente sempre valida. Anche \u2013 e soprattutto -, quando si parla di economia e di produzione. Impresa comunque non facile, quella di \u201cmettersi insieme\u201d per fare di [&hellip;]\" \/>\n<meta property=\"og:url\" content=\"https:\/\/www.fondazionepirelli.org\/it\/cultura-dimpresa\/reti-per-crescere\/\" \/>\n<meta property=\"og:site_name\" content=\"Fondazione Pirelli\" \/>\n<meta property=\"article:published_time\" content=\"2018-06-12T00:00:00+00:00\" \/>\n<meta property=\"article:modified_time\" content=\"2019-05-08T15:44:20+00:00\" \/>\n<meta name=\"author\" content=\"fondadmin\" \/>\n<meta name=\"twitter:card\" content=\"summary_large_image\" \/>\n<meta name=\"twitter:label1\" content=\"Scritto da\" \/>\n\t<meta name=\"twitter:data1\" content=\"fondadmin\" \/>\n\t<meta name=\"twitter:label2\" content=\"Tempo di lettura stimato\" \/>\n\t<meta name=\"twitter:data2\" content=\"3 minuti\" \/>\n<script type=\"application\/ld+json\" class=\"yoast-schema-graph\">{\"@context\":\"https:\/\/schema.org\",\"@graph\":[{\"@type\":\"WebPage\",\"@id\":\"https:\/\/www.fondazionepirelli.org\/it\/cultura-dimpresa\/reti-per-crescere\/\",\"url\":\"https:\/\/www.fondazionepirelli.org\/it\/cultura-dimpresa\/reti-per-crescere\/\",\"name\":\"Reti per crescere - Fondazione Pirelli\",\"isPartOf\":{\"@id\":\"https:\/\/www.fondazionepirelli.org\/it\/#website\"},\"datePublished\":\"2018-06-12T00:00:00+00:00\",\"dateModified\":\"2019-05-08T15:44:20+00:00\",\"author\":{\"@id\":\"https:\/\/www.fondazionepirelli.org\/it\/#\/schema\/person\/f47d097000832c4a6e54538c791fdf25\"},\"breadcrumb\":{\"@id\":\"https:\/\/www.fondazionepirelli.org\/it\/cultura-dimpresa\/reti-per-crescere\/#breadcrumb\"},\"inLanguage\":\"it-IT\",\"potentialAction\":[{\"@type\":\"ReadAction\",\"target\":[\"https:\/\/www.fondazionepirelli.org\/it\/cultura-dimpresa\/reti-per-crescere\/\"]}]},{\"@type\":\"BreadcrumbList\",\"@id\":\"https:\/\/www.fondazionepirelli.org\/it\/cultura-dimpresa\/reti-per-crescere\/#breadcrumb\",\"itemListElement\":[{\"@type\":\"ListItem\",\"position\":1,\"name\":\"Home\",\"item\":\"https:\/\/www.fondazionepirelli.org\/it\/\"},{\"@type\":\"ListItem\",\"position\":2,\"name\":\"Reti per crescere\"}]},{\"@type\":\"WebSite\",\"@id\":\"https:\/\/www.fondazionepirelli.org\/it\/#website\",\"url\":\"https:\/\/www.fondazionepirelli.org\/it\/\",\"name\":\"Fondazione Pirelli\",\"description\":\"\",\"potentialAction\":[{\"@type\":\"SearchAction\",\"target\":{\"@type\":\"EntryPoint\",\"urlTemplate\":\"https:\/\/www.fondazionepirelli.org\/it\/?s={search_term_string}\"},\"query-input\":{\"@type\":\"PropertyValueSpecification\",\"valueRequired\":true,\"valueName\":\"search_term_string\"}}],\"inLanguage\":\"it-IT\"},{\"@type\":\"Person\",\"@id\":\"https:\/\/www.fondazionepirelli.org\/it\/#\/schema\/person\/f47d097000832c4a6e54538c791fdf25\",\"name\":\"fondadmin\",\"image\":{\"@type\":\"ImageObject\",\"inLanguage\":\"it-IT\",\"@id\":\"https:\/\/www.fondazionepirelli.org\/it\/#\/schema\/person\/image\/\",\"url\":\"https:\/\/secure.gravatar.com\/avatar\/e69498a9175ca244966e51e53c88712c024fcebe41f9a05f75657f1bb25e489b?s=96&d=mm&r=g\",\"contentUrl\":\"https:\/\/secure.gravatar.com\/avatar\/e69498a9175ca244966e51e53c88712c024fcebe41f9a05f75657f1bb25e489b?s=96&d=mm&r=g\",\"caption\":\"fondadmin\"},\"url\":\"https:\/\/www.fondazionepirelli.org\/it\/author\/fondadmin\/\"}]}<\/script>\n<!-- \/ Yoast SEO plugin. -->","yoast_head_json":{"title":"Reti per crescere - Fondazione Pirelli","robots":{"index":"index","follow":"follow","max-snippet":"max-snippet:-1","max-image-preview":"max-image-preview:large","max-video-preview":"max-video-preview:-1"},"canonical":"https:\/\/www.fondazionepirelli.org\/it\/cultura-dimpresa\/reti-per-crescere\/","og_locale":"it_IT","og_type":"article","og_title":"Reti per crescere - Fondazione Pirelli","og_description":"Una ricerca condotta da Inapp sistema e chiarisce le condizioni per la creazione di reti d\u2019impresaUnire le forze per affrontare meglio l\u2019avventura. L\u2019indicazione non \u00e8 nuova, ma \u00e8 certamente sempre valida. Anche \u2013 e soprattutto -, quando si parla di economia e di produzione. Impresa comunque non facile, quella di \u201cmettersi insieme\u201d per fare di [&hellip;]","og_url":"https:\/\/www.fondazionepirelli.org\/it\/cultura-dimpresa\/reti-per-crescere\/","og_site_name":"Fondazione Pirelli","article_published_time":"2018-06-12T00:00:00+00:00","article_modified_time":"2019-05-08T15:44:20+00:00","author":"fondadmin","twitter_card":"summary_large_image","twitter_misc":{"Scritto da":"fondadmin","Tempo di lettura stimato":"3 minuti"},"schema":{"@context":"https:\/\/schema.org","@graph":[{"@type":"WebPage","@id":"https:\/\/www.fondazionepirelli.org\/it\/cultura-dimpresa\/reti-per-crescere\/","url":"https:\/\/www.fondazionepirelli.org\/it\/cultura-dimpresa\/reti-per-crescere\/","name":"Reti per crescere - Fondazione Pirelli","isPartOf":{"@id":"https:\/\/www.fondazionepirelli.org\/it\/#website"},"datePublished":"2018-06-12T00:00:00+00:00","dateModified":"2019-05-08T15:44:20+00:00","author":{"@id":"https:\/\/www.fondazionepirelli.org\/it\/#\/schema\/person\/f47d097000832c4a6e54538c791fdf25"},"breadcrumb":{"@id":"https:\/\/www.fondazionepirelli.org\/it\/cultura-dimpresa\/reti-per-crescere\/#breadcrumb"},"inLanguage":"it-IT","potentialAction":[{"@type":"ReadAction","target":["https:\/\/www.fondazionepirelli.org\/it\/cultura-dimpresa\/reti-per-crescere\/"]}]},{"@type":"BreadcrumbList","@id":"https:\/\/www.fondazionepirelli.org\/it\/cultura-dimpresa\/reti-per-crescere\/#breadcrumb","itemListElement":[{"@type":"ListItem","position":1,"name":"Home","item":"https:\/\/www.fondazionepirelli.org\/it\/"},{"@type":"ListItem","position":2,"name":"Reti per crescere"}]},{"@type":"WebSite","@id":"https:\/\/www.fondazionepirelli.org\/it\/#website","url":"https:\/\/www.fondazionepirelli.org\/it\/","name":"Fondazione Pirelli","description":"","potentialAction":[{"@type":"SearchAction","target":{"@type":"EntryPoint","urlTemplate":"https:\/\/www.fondazionepirelli.org\/it\/?s={search_term_string}"},"query-input":{"@type":"PropertyValueSpecification","valueRequired":true,"valueName":"search_term_string"}}],"inLanguage":"it-IT"},{"@type":"Person","@id":"https:\/\/www.fondazionepirelli.org\/it\/#\/schema\/person\/f47d097000832c4a6e54538c791fdf25","name":"fondadmin","image":{"@type":"ImageObject","inLanguage":"it-IT","@id":"https:\/\/www.fondazionepirelli.org\/it\/#\/schema\/person\/image\/","url":"https:\/\/secure.gravatar.com\/avatar\/e69498a9175ca244966e51e53c88712c024fcebe41f9a05f75657f1bb25e489b?s=96&d=mm&r=g","contentUrl":"https:\/\/secure.gravatar.com\/avatar\/e69498a9175ca244966e51e53c88712c024fcebe41f9a05f75657f1bb25e489b?s=96&d=mm&r=g","caption":"fondadmin"},"url":"https:\/\/www.fondazionepirelli.org\/it\/author\/fondadmin\/"}]}},"_links":{"self":[{"href":"https:\/\/www.fondazionepirelli.org\/it\/wp-json\/wp\/v2\/posts\/52251\/"}],"collection":[{"href":"https:\/\/www.fondazionepirelli.org\/it\/wp-json\/wp\/v2\/posts\/"}],"about":[{"href":"https:\/\/www.fondazionepirelli.org\/it\/wp-json\/wp\/v2\/types\/post\/"}],"author":[{"embeddable":true,"href":"https:\/\/www.fondazionepirelli.org\/it\/wp-json\/wp\/v2\/users\/1\/"}],"replies":[{"embeddable":true,"href":"https:\/\/www.fondazionepirelli.org\/it\/wp-json\/wp\/v2\/comments\/?post=52251"}],"version-history":[{"count":1,"href":"https:\/\/www.fondazionepirelli.org\/it\/wp-json\/wp\/v2\/posts\/52251\/revisions\/"}],"predecessor-version":[{"id":52379,"href":"https:\/\/www.fondazionepirelli.org\/it\/wp-json\/wp\/v2\/posts\/52251\/revisions\/52379\/"}],"wp:attachment":[{"href":"https:\/\/www.fondazionepirelli.org\/it\/wp-json\/wp\/v2\/media\/?parent=52251"}],"wp:term":[{"taxonomy":"category","embeddable":true,"href":"https:\/\/www.fondazionepirelli.org\/it\/wp-json\/wp\/v2\/categories\/?post=52251"},{"taxonomy":"post_tag","embeddable":true,"href":"https:\/\/www.fondazionepirelli.org\/it\/wp-json\/wp\/v2\/tags\/?post=52251"}],"curies":[{"name":"wp","href":"https:\/\/api.w.org\/{rel}","templated":true}]}}