{"id":52254,"date":"2018-06-12T00:00:00","date_gmt":"2018-06-12T00:00:00","guid":{"rendered":"http:\/\/www.fondazionepirelli.org\/fondazione-pirelli\/non-solo-industria-4-0\/"},"modified":"2019-09-20T10:08:48","modified_gmt":"2019-09-20T08:08:48","slug":"non-solo-industria-4-0","status":"publish","type":"post","link":"https:\/\/www.fondazionepirelli.org\/it\/cultura-dimpresa\/non-solo-industria-4-0\/","title":{"rendered":"Non solo Industria 4.0"},"content":{"rendered":"<p><em>Le nuove tecnologie non sono sufficienti per per il futuro della manifattura<\/em><\/p>\n<p>Si fa presto a dire \u201cIndustria 4.0\u201d. Poi per\u00f2 occorre attuarla e, soprattutto, riempirla di contenuti e di persone. Senza dimenticare il contesto, vicino e lontano, nel quale \u201cIndustria 4.0\u201d si applica. Insomma, il nuovo modello industriale \u00e8 certamente da prendere in serie considerazione e da seguire, ma occorre non fermarsi l\u00ec.<\/p>\n<p>\u00c8 di fatto da questa posizione che Sesto Viticoli si \u00e8 mosso per scrivere \u201cVerso un manifatturiero italiano 4.0. Ricerca tecnologia e non solo\u201d. Il senso del libro \u00e8 nel sottotitolo: \u201cRicerca tecnologia e non solo\u201d. Lo svolgimento del ragionamento conduce a riconoscere come il settore manifatturiero ricopra certamente un ruolo centrale sia nelle economie avanzate sia in quelle in via di sviluppo, e che un suo futuro sia concepibile ormai solo nell\u2019ottica del modello \u201cIndustria 4.0\u201d. Il problema, secondo Viticoli, nasce da qui in avanti.<br \/>\nIl dibattito oggi in corso \u2013 viene spiegato nelle prime pagine del libro \u2013, \u00e8 dominato dall\u2019importanza di introdurre le Tecnologie Digitali (IoT, Big Data, Intelligenza Artificiale, Cloud, Automazione avanzata e via discorrendo), all\u2019interno dei processi e delle organizzazioni aziendali, quasi come se una particolare dotazione tecnologica risolvesse da sola l\u2019insieme dei problemi e delle sfide, oltre che dei ritardi, che si sono accumulati nel sistema industriale nazionale oltre che nel corso della crisi.<\/p>\n<p>Per Viticoli ci vuole anche dell\u2019altro. E prima di tutto una visione pi\u00f9 ampia della situazione dei possibili sviluppi. Il libro quindi parte da una analisi di \u201ccosa succede nel mondo\u201d per poi passare alle linee per \u201ccostruire un futuro\u201d e quindi agli strumenti tecnologici a disposizione. Il salto di qualit\u00e0 avviene subito dopo. Viticoli esamina la necessit\u00e0 di adeguamento delle organizzazioni della produzione a \u201cIndustria 4.0\u201d, di formazione e di creazione di reti d\u2019impresa, di capacit\u00e0 di trasferimento tecnologico oltre che di trasformazione delle relazioni fra pubblico e privato.<\/p>\n<p>Per avvalorare il tutto, l\u2019autore ha raccolto una serie di testimonianze dirette raccolta in organizzazioni pubbliche e private come\u00a0Fca, Ericsson, Farmindustria, Fincantieri, LFoundry, Pirelli, Thales Alenia Space, Telecom, Cnr, Enea, Scuola Normale Pisa.<\/p>\n<p>Il libro di Viticoli \u00e8 importante perch\u00e9 racconta bene cosa sta accadendo e soprattutto perch\u00e9 guarda a \u201cIndustria 4.0\u201d non come ad una formula magica ma come \u201cun\u2019evoluzione di un tessuto di competenze e cultura gi\u00e0 esistenti da reimpostare e finalizzare in un arco temporale congruo\u201d.<\/p>\n<p>\u201cIndustria 4.0\u201d come un cammino, quindi, da compiere tutti e non solo con le tecnologie. Fatto culturale prima che tecnico.<\/p><p><strong>Verso un manifatturiero italiano 4.0. <\/strong><strong>Ricerca tecnologia e non solo<\/strong><\/p>\n<p>Sesto Viticoli<\/p>\n<p>Guerini, 2017<\/p>\n","protected":false},"excerpt":{"rendered":"<p>Le nuove tecnologie non sono sufficienti per per il futuro della manifattura Si fa presto a dire \u201cIndustria 4.0\u201d. Poi per\u00f2 occorre attuarla e, soprattutto, riempirla di contenuti e di persone. Senza dimenticare il contesto, vicino e lontano, nel quale \u201cIndustria 4.0\u201d si applica. Insomma, il nuovo modello industriale \u00e8 certamente da prendere in serie [&hellip;]<\/p>\n","protected":false},"author":1,"featured_media":68934,"comment_status":"open","ping_status":"open","sticky":false,"template":"","format":"standard","meta":{"footnotes":""},"categories":[52,58],"tags":[],"class_list":["post-52254","post","type-post","status-publish","format-standard","has-post-thumbnail","hentry","category-cultura-dimpresa","category-recensioni-libri"],"acf":[],"yoast_head":"<!-- This site is optimized with the Yoast SEO plugin v25.0 - https:\/\/yoast.com\/wordpress\/plugins\/seo\/ -->\n<title>Non solo Industria 4.0 - Fondazione Pirelli<\/title>\n<meta name=\"robots\" content=\"index, follow, max-snippet:-1, max-image-preview:large, max-video-preview:-1\" \/>\n<link rel=\"canonical\" href=\"https:\/\/www.fondazionepirelli.org\/it\/cultura-dimpresa\/non-solo-industria-4-0\/\" \/>\n<meta property=\"og:locale\" content=\"it_IT\" \/>\n<meta property=\"og:type\" content=\"article\" \/>\n<meta property=\"og:title\" content=\"Non solo Industria 4.0 - Fondazione Pirelli\" \/>\n<meta property=\"og:description\" content=\"Le nuove tecnologie non sono sufficienti per per il futuro della manifattura Si fa presto a dire \u201cIndustria 4.0\u201d. Poi per\u00f2 occorre attuarla e, soprattutto, riempirla di contenuti e di persone. Senza dimenticare il contesto, vicino e lontano, nel quale \u201cIndustria 4.0\u201d si applica. Insomma, il nuovo modello industriale \u00e8 certamente da prendere in serie [&hellip;]\" \/>\n<meta property=\"og:url\" content=\"https:\/\/127.0.0.1\/it\/cultura-dimpresa\/non-solo-industria-4-0\/\" \/>\n<meta property=\"og:site_name\" content=\"Fondazione Pirelli\" \/>\n<meta property=\"article:published_time\" content=\"2018-06-12T00:00:00+00:00\" \/>\n<meta property=\"article:modified_time\" content=\"2019-09-20T08:08:48+00:00\" \/>\n<meta property=\"og:image\" content=\"https:\/\/wpsite-assets.fondazionepirelli.org\/wp-content\/uploads\/2018\/06\/20100435\/verso_un_manifatturiero_italiano.jpg\" \/>\n\t<meta property=\"og:image:width\" content=\"232\" \/>\n\t<meta property=\"og:image:height\" content=\"353\" \/>\n\t<meta property=\"og:image:type\" content=\"image\/jpeg\" \/>\n<meta name=\"author\" content=\"fondadmin\" \/>\n<meta name=\"twitter:card\" content=\"summary_large_image\" \/>\n<meta name=\"twitter:label1\" content=\"Scritto da\" \/>\n\t<meta name=\"twitter:data1\" content=\"fondadmin\" \/>\n\t<meta name=\"twitter:label2\" content=\"Tempo di lettura stimato\" \/>\n\t<meta name=\"twitter:data2\" content=\"2 minuti\" \/>\n<script type=\"application\/ld+json\" class=\"yoast-schema-graph\">{\"@context\":\"https:\/\/schema.org\",\"@graph\":[{\"@type\":\"WebPage\",\"@id\":\"https:\/\/127.0.0.1\/it\/cultura-dimpresa\/non-solo-industria-4-0\/\",\"url\":\"https:\/\/127.0.0.1\/it\/cultura-dimpresa\/non-solo-industria-4-0\/\",\"name\":\"Non solo Industria 4.0 - Fondazione Pirelli\",\"isPartOf\":{\"@id\":\"https:\/\/www.fondazionepirelli.org\/it\/#website\"},\"primaryImageOfPage\":{\"@id\":\"https:\/\/127.0.0.1\/it\/cultura-dimpresa\/non-solo-industria-4-0\/#primaryimage\"},\"image\":{\"@id\":\"https:\/\/127.0.0.1\/it\/cultura-dimpresa\/non-solo-industria-4-0\/#primaryimage\"},\"thumbnailUrl\":\"https:\/\/wpsite-assets.fondazionepirelli.org\/wp-content\/uploads\/2018\/06\/20100435\/verso_un_manifatturiero_italiano.jpg\",\"datePublished\":\"2018-06-12T00:00:00+00:00\",\"dateModified\":\"2019-09-20T08:08:48+00:00\",\"author\":{\"@id\":\"https:\/\/www.fondazionepirelli.org\/it\/#\/schema\/person\/f47d097000832c4a6e54538c791fdf25\"},\"breadcrumb\":{\"@id\":\"https:\/\/127.0.0.1\/it\/cultura-dimpresa\/non-solo-industria-4-0\/#breadcrumb\"},\"inLanguage\":\"it-IT\",\"potentialAction\":[{\"@type\":\"ReadAction\",\"target\":[\"https:\/\/127.0.0.1\/it\/cultura-dimpresa\/non-solo-industria-4-0\/\"]}]},{\"@type\":\"ImageObject\",\"inLanguage\":\"it-IT\",\"@id\":\"https:\/\/127.0.0.1\/it\/cultura-dimpresa\/non-solo-industria-4-0\/#primaryimage\",\"url\":\"https:\/\/wpsite-assets.fondazionepirelli.org\/wp-content\/uploads\/2018\/06\/20100435\/verso_un_manifatturiero_italiano.jpg\",\"contentUrl\":\"https:\/\/wpsite-assets.fondazionepirelli.org\/wp-content\/uploads\/2018\/06\/20100435\/verso_un_manifatturiero_italiano.jpg\",\"width\":232,\"height\":353},{\"@type\":\"BreadcrumbList\",\"@id\":\"https:\/\/127.0.0.1\/it\/cultura-dimpresa\/non-solo-industria-4-0\/#breadcrumb\",\"itemListElement\":[{\"@type\":\"ListItem\",\"position\":1,\"name\":\"Home\",\"item\":\"https:\/\/www.fondazionepirelli.org\/it\/\"},{\"@type\":\"ListItem\",\"position\":2,\"name\":\"Non solo Industria 4.0\"}]},{\"@type\":\"WebSite\",\"@id\":\"https:\/\/www.fondazionepirelli.org\/it\/#website\",\"url\":\"https:\/\/www.fondazionepirelli.org\/it\/\",\"name\":\"Fondazione Pirelli\",\"description\":\"\",\"potentialAction\":[{\"@type\":\"SearchAction\",\"target\":{\"@type\":\"EntryPoint\",\"urlTemplate\":\"https:\/\/www.fondazionepirelli.org\/it\/?s={search_term_string}\"},\"query-input\":{\"@type\":\"PropertyValueSpecification\",\"valueRequired\":true,\"valueName\":\"search_term_string\"}}],\"inLanguage\":\"it-IT\"},{\"@type\":\"Person\",\"@id\":\"https:\/\/www.fondazionepirelli.org\/it\/#\/schema\/person\/f47d097000832c4a6e54538c791fdf25\",\"name\":\"fondadmin\",\"image\":{\"@type\":\"ImageObject\",\"inLanguage\":\"it-IT\",\"@id\":\"https:\/\/www.fondazionepirelli.org\/it\/#\/schema\/person\/image\/\",\"url\":\"https:\/\/secure.gravatar.com\/avatar\/e69498a9175ca244966e51e53c88712c024fcebe41f9a05f75657f1bb25e489b?s=96&d=mm&r=g\",\"contentUrl\":\"https:\/\/secure.gravatar.com\/avatar\/e69498a9175ca244966e51e53c88712c024fcebe41f9a05f75657f1bb25e489b?s=96&d=mm&r=g\",\"caption\":\"fondadmin\"},\"url\":\"https:\/\/www.fondazionepirelli.org\/it\/author\/fondadmin\/\"}]}<\/script>\n<!-- \/ Yoast SEO plugin. -->","yoast_head_json":{"title":"Non solo Industria 4.0 - Fondazione Pirelli","robots":{"index":"index","follow":"follow","max-snippet":"max-snippet:-1","max-image-preview":"max-image-preview:large","max-video-preview":"max-video-preview:-1"},"canonical":"https:\/\/www.fondazionepirelli.org\/it\/cultura-dimpresa\/non-solo-industria-4-0\/","og_locale":"it_IT","og_type":"article","og_title":"Non solo Industria 4.0 - Fondazione Pirelli","og_description":"Le nuove tecnologie non sono sufficienti per per il futuro della manifattura Si fa presto a dire \u201cIndustria 4.0\u201d. Poi per\u00f2 occorre attuarla e, soprattutto, riempirla di contenuti e di persone. Senza dimenticare il contesto, vicino e lontano, nel quale \u201cIndustria 4.0\u201d si applica. Insomma, il nuovo modello industriale \u00e8 certamente da prendere in serie [&hellip;]","og_url":"https:\/\/127.0.0.1\/it\/cultura-dimpresa\/non-solo-industria-4-0\/","og_site_name":"Fondazione Pirelli","article_published_time":"2018-06-12T00:00:00+00:00","article_modified_time":"2019-09-20T08:08:48+00:00","og_image":[{"width":232,"height":353,"url":"https:\/\/wpsite-assets.fondazionepirelli.org\/wp-content\/uploads\/2018\/06\/20100435\/verso_un_manifatturiero_italiano.jpg","type":"image\/jpeg"}],"author":"fondadmin","twitter_card":"summary_large_image","twitter_misc":{"Scritto da":"fondadmin","Tempo di lettura stimato":"2 minuti"},"schema":{"@context":"https:\/\/schema.org","@graph":[{"@type":"WebPage","@id":"https:\/\/127.0.0.1\/it\/cultura-dimpresa\/non-solo-industria-4-0\/","url":"https:\/\/127.0.0.1\/it\/cultura-dimpresa\/non-solo-industria-4-0\/","name":"Non solo Industria 4.0 - Fondazione Pirelli","isPartOf":{"@id":"https:\/\/www.fondazionepirelli.org\/it\/#website"},"primaryImageOfPage":{"@id":"https:\/\/127.0.0.1\/it\/cultura-dimpresa\/non-solo-industria-4-0\/#primaryimage"},"image":{"@id":"https:\/\/127.0.0.1\/it\/cultura-dimpresa\/non-solo-industria-4-0\/#primaryimage"},"thumbnailUrl":"https:\/\/wpsite-assets.fondazionepirelli.org\/wp-content\/uploads\/2018\/06\/20100435\/verso_un_manifatturiero_italiano.jpg","datePublished":"2018-06-12T00:00:00+00:00","dateModified":"2019-09-20T08:08:48+00:00","author":{"@id":"https:\/\/www.fondazionepirelli.org\/it\/#\/schema\/person\/f47d097000832c4a6e54538c791fdf25"},"breadcrumb":{"@id":"https:\/\/127.0.0.1\/it\/cultura-dimpresa\/non-solo-industria-4-0\/#breadcrumb"},"inLanguage":"it-IT","potentialAction":[{"@type":"ReadAction","target":["https:\/\/127.0.0.1\/it\/cultura-dimpresa\/non-solo-industria-4-0\/"]}]},{"@type":"ImageObject","inLanguage":"it-IT","@id":"https:\/\/127.0.0.1\/it\/cultura-dimpresa\/non-solo-industria-4-0\/#primaryimage","url":"https:\/\/wpsite-assets.fondazionepirelli.org\/wp-content\/uploads\/2018\/06\/20100435\/verso_un_manifatturiero_italiano.jpg","contentUrl":"https:\/\/wpsite-assets.fondazionepirelli.org\/wp-content\/uploads\/2018\/06\/20100435\/verso_un_manifatturiero_italiano.jpg","width":232,"height":353},{"@type":"BreadcrumbList","@id":"https:\/\/127.0.0.1\/it\/cultura-dimpresa\/non-solo-industria-4-0\/#breadcrumb","itemListElement":[{"@type":"ListItem","position":1,"name":"Home","item":"https:\/\/www.fondazionepirelli.org\/it\/"},{"@type":"ListItem","position":2,"name":"Non solo Industria 4.0"}]},{"@type":"WebSite","@id":"https:\/\/www.fondazionepirelli.org\/it\/#website","url":"https:\/\/www.fondazionepirelli.org\/it\/","name":"Fondazione Pirelli","description":"","potentialAction":[{"@type":"SearchAction","target":{"@type":"EntryPoint","urlTemplate":"https:\/\/www.fondazionepirelli.org\/it\/?s={search_term_string}"},"query-input":{"@type":"PropertyValueSpecification","valueRequired":true,"valueName":"search_term_string"}}],"inLanguage":"it-IT"},{"@type":"Person","@id":"https:\/\/www.fondazionepirelli.org\/it\/#\/schema\/person\/f47d097000832c4a6e54538c791fdf25","name":"fondadmin","image":{"@type":"ImageObject","inLanguage":"it-IT","@id":"https:\/\/www.fondazionepirelli.org\/it\/#\/schema\/person\/image\/","url":"https:\/\/secure.gravatar.com\/avatar\/e69498a9175ca244966e51e53c88712c024fcebe41f9a05f75657f1bb25e489b?s=96&d=mm&r=g","contentUrl":"https:\/\/secure.gravatar.com\/avatar\/e69498a9175ca244966e51e53c88712c024fcebe41f9a05f75657f1bb25e489b?s=96&d=mm&r=g","caption":"fondadmin"},"url":"https:\/\/www.fondazionepirelli.org\/it\/author\/fondadmin\/"}]}},"_links":{"self":[{"href":"https:\/\/www.fondazionepirelli.org\/it\/wp-json\/wp\/v2\/posts\/52254\/"}],"collection":[{"href":"https:\/\/www.fondazionepirelli.org\/it\/wp-json\/wp\/v2\/posts\/"}],"about":[{"href":"https:\/\/www.fondazionepirelli.org\/it\/wp-json\/wp\/v2\/types\/post\/"}],"author":[{"embeddable":true,"href":"https:\/\/www.fondazionepirelli.org\/it\/wp-json\/wp\/v2\/users\/1\/"}],"replies":[{"embeddable":true,"href":"https:\/\/www.fondazionepirelli.org\/it\/wp-json\/wp\/v2\/comments\/?post=52254"}],"version-history":[{"count":3,"href":"https:\/\/www.fondazionepirelli.org\/it\/wp-json\/wp\/v2\/posts\/52254\/revisions\/"}],"predecessor-version":[{"id":68945,"href":"https:\/\/www.fondazionepirelli.org\/it\/wp-json\/wp\/v2\/posts\/52254\/revisions\/68945\/"}],"wp:featuredmedia":[{"embeddable":true,"href":"https:\/\/www.fondazionepirelli.org\/it\/wp-json\/wp\/v2\/media\/68934\/"}],"wp:attachment":[{"href":"https:\/\/www.fondazionepirelli.org\/it\/wp-json\/wp\/v2\/media\/?parent=52254"}],"wp:term":[{"taxonomy":"category","embeddable":true,"href":"https:\/\/www.fondazionepirelli.org\/it\/wp-json\/wp\/v2\/categories\/?post=52254"},{"taxonomy":"post_tag","embeddable":true,"href":"https:\/\/www.fondazionepirelli.org\/it\/wp-json\/wp\/v2\/tags\/?post=52254"}],"curies":[{"name":"wp","href":"https:\/\/api.w.org\/{rel}","templated":true}]}}