{"id":52408,"date":"2018-06-05T00:00:00","date_gmt":"2018-06-05T00:00:00","guid":{"rendered":"http:\/\/www.fondazionepirelli.org\/fondazione-pirelli\/il-peso-delle-parole-cariche-di-senso-e-valori-anche-per-salvare-il-capitalismo-da-se-stesso\/"},"modified":"2019-05-30T16:44:33","modified_gmt":"2019-05-30T16:44:33","slug":"il-peso-delle-parole-cariche-di-senso-e-valori-anche-per-salvare-il-capitalismo-da-se-stesso","status":"publish","type":"post","link":"https:\/\/www.fondazionepirelli.org\/it\/cultura-dimpresa\/il-peso-delle-parole-cariche-di-senso-e-valori-anche-per-salvare-il-capitalismo-da-se-stesso\/","title":{"rendered":"Il peso delle parole cariche di senso e valori, anche per \u201csalvare il capitalismo da se stesso\u201d  \u00a0"},"content":{"rendered":"<p>Ci sono <strong>parole<\/strong> essenziali, per fare funzionare i mercati e dunque fare crescere un\u2019<strong>economia sostenibile<\/strong>. Parole come \u201c<strong>fiducia<\/strong>\u201d: la base dei legami che consentono scambi, vendite, acquisti, investimenti. Parole come \u201c<strong>regole<\/strong>\u201d: le norme e i comportamenti che traducono valori in grado di evitare che l\u2019interesse di pochi e pi\u00f9 forti vada a svantaggio degli altri attori pi\u00f9 deboli nel mondo del lavoro e dei commerci. Parole come \u201c<strong>conoscenza<\/strong>\u201d: sapere cosa e come fare, ma anche perch\u00e9 farlo, usare strumenti per capire, esprimere il proprio punto di vista, giudicare. Per poter stare sui mercati finanziari senza essere vittime di speculazioni e raggiri \u00e8 necessario abbattere al massimo \u201cl\u2019<strong>asimmetria informativa<\/strong>\u201d, il divario tra chi mette in piedi un\u2019operazione finanziaria e chi la subisce. L\u2019economia \u00e8 un processo di conoscenze, che si manifestano in competenze ma anche in posizioni critiche. Ecco un\u2019altra parola: \u201ccritica\u201d. Senza, non ci sono n\u00e9 progresso n\u00e9 libert\u00e0. Senza libert\u00e0, non c\u2019\u00e8 mercato. Il circuito virtuoso delle parole continua.<\/p>\n<p>Le parole, studiate e ben dette, rispettando senso, grammatica e sintassi, dicono e definiscono il mondo. Evitano d\u2019essere naviganti solitari in un oceano di chiacchiere\u201d, per riprendere un\u2019efficace sintesi di Massimo Cacciari, acuto filosofo della politica. E saldano antiche e nuove alleanze tra popolo, cui appartiene la sovranit\u00e0, ed \u00e9lites della rappresentanza, delle imprese, del governo della cosa pubblica e dell\u2019economia. Parole pesanti come pietre, ricordando la lezione democratica di Carlo Levi. Tutt\u2019altro che vane parole al vento.<\/p>\n<p>Insistere sulle parole, sulla necessit\u00e0 di essere parte attiva di una \u201copinione pubblica discorsiva\u201d, capace cio\u00e8 di fare e criticare \u201cun discorso pubblico\u201d (per usare le sempre valide categorie di Jurgen Habermas \u00e8 essenziale proprio in tempi in cui cresce lo spazio di quella che Alain Deneault chiama \u201cmediocrazia\u201d, il potere crescente concentrato, in politica e in economia, nelle mani di persone povere di conoscenze e competenze e forti invece nell\u2019attitudine alla propaganda, ai proclami, alla proposta di ricette facili e semplicistiche per problemi complessi, all\u2019utilizzo di paure e risentimenti, alla confusione tra comando (gli ordini, le imposizioni) e potere (che in democrazia \u00e8 sempre abbinato all\u2019equilibrio tra poteri diversi, alla critica e all\u2019informazione come \u201ccane da guardia\u201d contro gli abusi del potere stesso).<\/p>\n<p>In stagioni di crisi, provare ad andare alla radice delle parole e ricordarne senso e valore, \u00e8 dunque un. esercizio quanto mai utile, anzi indispensabile.<\/p>\n<p>Un esempio? Proviamo a ragionare sul lavoro, i diritti, la crisi, l\u2019industria, le responsabilit\u00e0 dello sviluppo. E, contro il rischio di subire idee vaghe e confuse, cerchiamo di insistere su conoscenze e competenze e affidarci a buoni libri, per capire un po\u2019 meglio e imparare a distinguere e decidere sui temi chiave dell\u2019economia e dunque delle nostre vite. Libri come \u201c<strong>Salviamo il capitalismo da se stesso<\/strong>\u201d di Colin Crouch, Il Mulino. Crouch, sociologo contemporaneo tra i pi\u00f9 autorevoli, ha insegnato alla London School of Economics e ha scritto saggi importanti, per il dibattito pubblico, da \u201cPostdemocrazia\u201d a \u201cQuanto capitalismo pu\u00f2 sopportare la societ\u00e0?\u201d. Tutt\u2019altro che apocalittico, analizza da tempo le ragioni della crisi di valori e competitivit\u00e0 dei Paesi pi\u00f9 industrializzati e benestanti, ha chiaro il percorso delle riforme per un\u2019economia pi\u00f9 sostenibile e giusta (dunque accettabile dall\u2019opinione pubblica) e adesso documenta, con fatti e dati, come ogni uomo di cultura deve saper fare, \u201ccome contrastare il potere delle grandi <em>corporations <\/em>e dei super ricchi\u201d. Dopo \u201cil duro capitalismo industriale\u201d tra Ottocento e inizio del Novecento e \u201cil capitalismo riformato del secondo dopoguerra\u201d, caratterizzato da sistemi di <strong><em>welfare<\/em> <\/strong>e redistribuzione della ricchezza, adesso siamo in tempi di \u201ccapitalismo neo-liberista\u201d che ha esasperato le conseguenze della globalizzazione e dell\u2019innovazione <strong><em>hi tech<\/em>:<\/strong> rapacit\u00e0 finanziaria, carenza di regole, ricchezza pi\u00f9 concentrata in poche mani, diseguaglianze crescenti. E crisi: \u201cUn neoliberismo incapace di far fronte alle esternalit\u00e0 che oggi minacciano la stessa vita umana e in particolare a quelle legate ai cambiamenti climatici\u201d, un sistema che \u201cignorando le questioni sociali e ambientali, distrugger\u00e0 le proprie risorse\u201d. A questi poteri egoisti e irresponsabili, argomenta Crouch, si contrappongono \u201cmovimenti populisti che, ripiegati ostinatamente e illusoriamente entro confini nazionali, non riusciranno mai a imporre una qualche regolazione a livello sovranazionale\u201d. Dunque, cosa fare? \u201cSolo organismi con competenze internazionali come la Ue o l\u2019Ocse, purch\u00e9 investiti d\u2019un forte mandato democratico, potranno portare tutti i protagonisti ad abbandonare le proprie spinte autolesioniste\u201d. Una sfida culturale e politica, di cittadinanza ben informata e responsabile.<\/p>\n<p>Un ragionamento analogo vale anche quando di parla di diseguaglianze, <strong>redistribuzione<\/strong>, lavoro. Di migliori equilibri economici e sociali parla un libro essenziale, \u201c<strong>Contro la povert\u00e0<\/strong>\u201d di Emanuele Ranci Ortigosa, Francesco Brioschi Editore, con una prefazione di Tito Boeri (di cui vale la pena ricordare il recente, lucido pamphlet \u201cPopulismo e Stato sociale\u201d, Laterza). Ranci Ortigosa, economista di grande prestigio e lunga esperienza, analizza le condizioni dei 17,5 milioni di persone che in Italia, secondo stime europee, sono a rischio povert\u00e0 (nessun paese della Ue ne ha cos\u00ec tante) e prende atto dell\u2019inadeguatezza delle attuali politiche di assistenza. Sa che il sostegno ai redditi pi\u00f9 bassi \u00e8 nei programmi di molte forze politiche ma anche che servono politiche non assistenzialiste ma tali da legare redditi bassi a nuovo lavoro e sviluppo economico generale, gestione dell\u2019immigrazione e formazione per affrontare i radicali cambiamenti dei mercati e delle imprese.<\/p>\n<p>Sono temi d\u2019attualit\u00e0, non solo nell\u2019Italia alla prese con progetti e programmi d\u2019un nuovo governo, ma anche in un\u2019Europa che deve ricostruire legami e rapporti fondati su grandi valori, per non subire troppo difficolt\u00e0 da egoismi e sovranismi. Un\u2019Europa in cui condividere parole democratiche e liberali, cariche di valori e di senso.<\/p>\n","protected":false},"excerpt":{"rendered":"<p>Ci sono parole essenziali, per fare funzionare i mercati e dunque fare crescere un\u2019economia sostenibile. Parole come \u201cfiducia\u201d: la base dei legami che consentono scambi, vendite, acquisti, investimenti. Parole come \u201cregole\u201d: le norme e i comportamenti che traducono valori in grado di evitare che l\u2019interesse di pochi e pi\u00f9 forti vada a svantaggio degli altri [&hellip;]<\/p>\n","protected":false},"author":1,"featured_media":57080,"comment_status":"open","ping_status":"open","sticky":false,"template":"","format":"standard","meta":{"footnotes":""},"categories":[53,52],"tags":[],"class_list":["post-52408","post","type-post","status-publish","format-standard","has-post-thumbnail","hentry","category-blog","category-cultura-dimpresa"],"acf":[],"yoast_head":"<!-- This site is optimized with the Yoast SEO plugin v25.0 - https:\/\/yoast.com\/wordpress\/plugins\/seo\/ -->\n<title>Il peso delle parole cariche di senso e valori, anche per \u201csalvare il capitalismo da se stesso\u201d \u00a0 - Fondazione Pirelli<\/title>\n<meta name=\"robots\" content=\"index, follow, max-snippet:-1, max-image-preview:large, max-video-preview:-1\" \/>\n<link rel=\"canonical\" href=\"https:\/\/www.fondazionepirelli.org\/it\/cultura-dimpresa\/il-peso-delle-parole-cariche-di-senso-e-valori-anche-per-salvare-il-capitalismo-da-se-stesso\/\" \/>\n<meta property=\"og:locale\" content=\"it_IT\" \/>\n<meta property=\"og:type\" content=\"article\" \/>\n<meta property=\"og:title\" content=\"Il peso delle parole cariche di senso e valori, anche per \u201csalvare il capitalismo da se stesso\u201d \u00a0 - Fondazione Pirelli\" \/>\n<meta property=\"og:description\" content=\"Ci sono parole essenziali, per fare funzionare i mercati e dunque fare crescere un\u2019economia sostenibile. Parole come \u201cfiducia\u201d: la base dei legami che consentono scambi, vendite, acquisti, investimenti. Parole come \u201cregole\u201d: le norme e i comportamenti che traducono valori in grado di evitare che l\u2019interesse di pochi e pi\u00f9 forti vada a svantaggio degli altri [&hellip;]\" \/>\n<meta property=\"og:url\" content=\"https:\/\/www.fondazionepirelli.org\/it\/cultura-dimpresa\/il-peso-delle-parole-cariche-di-senso-e-valori-anche-per-salvare-il-capitalismo-da-se-stesso\/\" \/>\n<meta property=\"og:site_name\" content=\"Fondazione Pirelli\" \/>\n<meta property=\"article:published_time\" content=\"2018-06-05T00:00:00+00:00\" \/>\n<meta property=\"article:modified_time\" content=\"2019-05-30T16:44:33+00:00\" \/>\n<meta property=\"og:image\" content=\"https:\/\/wpsite-assets.fondazionepirelli.org\/wp-content\/uploads\/2018\/06\/30164410\/rsz_lettere-e1559234660570.jpg\" \/>\n\t<meta property=\"og:image:width\" content=\"600\" \/>\n\t<meta property=\"og:image:height\" content=\"402\" \/>\n\t<meta property=\"og:image:type\" content=\"image\/jpeg\" \/>\n<meta name=\"author\" content=\"fondadmin\" \/>\n<meta name=\"twitter:card\" content=\"summary_large_image\" \/>\n<meta name=\"twitter:label1\" content=\"Scritto da\" \/>\n\t<meta name=\"twitter:data1\" content=\"fondadmin\" \/>\n\t<meta name=\"twitter:label2\" content=\"Tempo di lettura stimato\" \/>\n\t<meta name=\"twitter:data2\" content=\"5 minuti\" \/>\n<script type=\"application\/ld+json\" class=\"yoast-schema-graph\">{\"@context\":\"https:\/\/schema.org\",\"@graph\":[{\"@type\":\"WebPage\",\"@id\":\"https:\/\/www.fondazionepirelli.org\/it\/cultura-dimpresa\/il-peso-delle-parole-cariche-di-senso-e-valori-anche-per-salvare-il-capitalismo-da-se-stesso\/\",\"url\":\"https:\/\/www.fondazionepirelli.org\/it\/cultura-dimpresa\/il-peso-delle-parole-cariche-di-senso-e-valori-anche-per-salvare-il-capitalismo-da-se-stesso\/\",\"name\":\"Il peso delle parole cariche di senso e valori, anche per \u201csalvare il capitalismo da se stesso\u201d \u00a0 - Fondazione Pirelli\",\"isPartOf\":{\"@id\":\"https:\/\/www.fondazionepirelli.org\/it\/#website\"},\"primaryImageOfPage\":{\"@id\":\"https:\/\/www.fondazionepirelli.org\/it\/cultura-dimpresa\/il-peso-delle-parole-cariche-di-senso-e-valori-anche-per-salvare-il-capitalismo-da-se-stesso\/#primaryimage\"},\"image\":{\"@id\":\"https:\/\/www.fondazionepirelli.org\/it\/cultura-dimpresa\/il-peso-delle-parole-cariche-di-senso-e-valori-anche-per-salvare-il-capitalismo-da-se-stesso\/#primaryimage\"},\"thumbnailUrl\":\"https:\/\/wpsite-assets.fondazionepirelli.org\/wp-content\/uploads\/2018\/06\/30164410\/rsz_lettere-e1559234660570.jpg\",\"datePublished\":\"2018-06-05T00:00:00+00:00\",\"dateModified\":\"2019-05-30T16:44:33+00:00\",\"author\":{\"@id\":\"https:\/\/www.fondazionepirelli.org\/it\/#\/schema\/person\/f47d097000832c4a6e54538c791fdf25\"},\"breadcrumb\":{\"@id\":\"https:\/\/www.fondazionepirelli.org\/it\/cultura-dimpresa\/il-peso-delle-parole-cariche-di-senso-e-valori-anche-per-salvare-il-capitalismo-da-se-stesso\/#breadcrumb\"},\"inLanguage\":\"it-IT\",\"potentialAction\":[{\"@type\":\"ReadAction\",\"target\":[\"https:\/\/www.fondazionepirelli.org\/it\/cultura-dimpresa\/il-peso-delle-parole-cariche-di-senso-e-valori-anche-per-salvare-il-capitalismo-da-se-stesso\/\"]}]},{\"@type\":\"ImageObject\",\"inLanguage\":\"it-IT\",\"@id\":\"https:\/\/www.fondazionepirelli.org\/it\/cultura-dimpresa\/il-peso-delle-parole-cariche-di-senso-e-valori-anche-per-salvare-il-capitalismo-da-se-stesso\/#primaryimage\",\"url\":\"https:\/\/wpsite-assets.fondazionepirelli.org\/wp-content\/uploads\/2018\/06\/30164410\/rsz_lettere-e1559234660570.jpg\",\"contentUrl\":\"https:\/\/wpsite-assets.fondazionepirelli.org\/wp-content\/uploads\/2018\/06\/30164410\/rsz_lettere-e1559234660570.jpg\",\"width\":600,\"height\":402},{\"@type\":\"BreadcrumbList\",\"@id\":\"https:\/\/www.fondazionepirelli.org\/it\/cultura-dimpresa\/il-peso-delle-parole-cariche-di-senso-e-valori-anche-per-salvare-il-capitalismo-da-se-stesso\/#breadcrumb\",\"itemListElement\":[{\"@type\":\"ListItem\",\"position\":1,\"name\":\"Home\",\"item\":\"https:\/\/www.fondazionepirelli.org\/it\/\"},{\"@type\":\"ListItem\",\"position\":2,\"name\":\"Il peso delle parole cariche di senso e valori, anche per \u201csalvare il capitalismo da se stesso\u201d \u00a0\"}]},{\"@type\":\"WebSite\",\"@id\":\"https:\/\/www.fondazionepirelli.org\/it\/#website\",\"url\":\"https:\/\/www.fondazionepirelli.org\/it\/\",\"name\":\"Fondazione Pirelli\",\"description\":\"\",\"potentialAction\":[{\"@type\":\"SearchAction\",\"target\":{\"@type\":\"EntryPoint\",\"urlTemplate\":\"https:\/\/www.fondazionepirelli.org\/it\/?s={search_term_string}\"},\"query-input\":{\"@type\":\"PropertyValueSpecification\",\"valueRequired\":true,\"valueName\":\"search_term_string\"}}],\"inLanguage\":\"it-IT\"},{\"@type\":\"Person\",\"@id\":\"https:\/\/www.fondazionepirelli.org\/it\/#\/schema\/person\/f47d097000832c4a6e54538c791fdf25\",\"name\":\"fondadmin\",\"image\":{\"@type\":\"ImageObject\",\"inLanguage\":\"it-IT\",\"@id\":\"https:\/\/www.fondazionepirelli.org\/it\/#\/schema\/person\/image\/\",\"url\":\"https:\/\/secure.gravatar.com\/avatar\/e69498a9175ca244966e51e53c88712c024fcebe41f9a05f75657f1bb25e489b?s=96&d=mm&r=g\",\"contentUrl\":\"https:\/\/secure.gravatar.com\/avatar\/e69498a9175ca244966e51e53c88712c024fcebe41f9a05f75657f1bb25e489b?s=96&d=mm&r=g\",\"caption\":\"fondadmin\"},\"url\":\"https:\/\/www.fondazionepirelli.org\/it\/author\/fondadmin\/\"}]}<\/script>\n<!-- \/ Yoast SEO plugin. -->","yoast_head_json":{"title":"Il peso delle parole cariche di senso e valori, anche per \u201csalvare il capitalismo da se stesso\u201d \u00a0 - Fondazione Pirelli","robots":{"index":"index","follow":"follow","max-snippet":"max-snippet:-1","max-image-preview":"max-image-preview:large","max-video-preview":"max-video-preview:-1"},"canonical":"https:\/\/www.fondazionepirelli.org\/it\/cultura-dimpresa\/il-peso-delle-parole-cariche-di-senso-e-valori-anche-per-salvare-il-capitalismo-da-se-stesso\/","og_locale":"it_IT","og_type":"article","og_title":"Il peso delle parole cariche di senso e valori, anche per \u201csalvare il capitalismo da se stesso\u201d \u00a0 - Fondazione Pirelli","og_description":"Ci sono parole essenziali, per fare funzionare i mercati e dunque fare crescere un\u2019economia sostenibile. Parole come \u201cfiducia\u201d: la base dei legami che consentono scambi, vendite, acquisti, investimenti. Parole come \u201cregole\u201d: le norme e i comportamenti che traducono valori in grado di evitare che l\u2019interesse di pochi e pi\u00f9 forti vada a svantaggio degli altri [&hellip;]","og_url":"https:\/\/www.fondazionepirelli.org\/it\/cultura-dimpresa\/il-peso-delle-parole-cariche-di-senso-e-valori-anche-per-salvare-il-capitalismo-da-se-stesso\/","og_site_name":"Fondazione Pirelli","article_published_time":"2018-06-05T00:00:00+00:00","article_modified_time":"2019-05-30T16:44:33+00:00","og_image":[{"width":600,"height":402,"url":"https:\/\/wpsite-assets.fondazionepirelli.org\/wp-content\/uploads\/2018\/06\/30164410\/rsz_lettere-e1559234660570.jpg","type":"image\/jpeg"}],"author":"fondadmin","twitter_card":"summary_large_image","twitter_misc":{"Scritto da":"fondadmin","Tempo di lettura stimato":"5 minuti"},"schema":{"@context":"https:\/\/schema.org","@graph":[{"@type":"WebPage","@id":"https:\/\/www.fondazionepirelli.org\/it\/cultura-dimpresa\/il-peso-delle-parole-cariche-di-senso-e-valori-anche-per-salvare-il-capitalismo-da-se-stesso\/","url":"https:\/\/www.fondazionepirelli.org\/it\/cultura-dimpresa\/il-peso-delle-parole-cariche-di-senso-e-valori-anche-per-salvare-il-capitalismo-da-se-stesso\/","name":"Il peso delle parole cariche di senso e valori, anche per \u201csalvare il capitalismo da se stesso\u201d \u00a0 - Fondazione Pirelli","isPartOf":{"@id":"https:\/\/www.fondazionepirelli.org\/it\/#website"},"primaryImageOfPage":{"@id":"https:\/\/www.fondazionepirelli.org\/it\/cultura-dimpresa\/il-peso-delle-parole-cariche-di-senso-e-valori-anche-per-salvare-il-capitalismo-da-se-stesso\/#primaryimage"},"image":{"@id":"https:\/\/www.fondazionepirelli.org\/it\/cultura-dimpresa\/il-peso-delle-parole-cariche-di-senso-e-valori-anche-per-salvare-il-capitalismo-da-se-stesso\/#primaryimage"},"thumbnailUrl":"https:\/\/wpsite-assets.fondazionepirelli.org\/wp-content\/uploads\/2018\/06\/30164410\/rsz_lettere-e1559234660570.jpg","datePublished":"2018-06-05T00:00:00+00:00","dateModified":"2019-05-30T16:44:33+00:00","author":{"@id":"https:\/\/www.fondazionepirelli.org\/it\/#\/schema\/person\/f47d097000832c4a6e54538c791fdf25"},"breadcrumb":{"@id":"https:\/\/www.fondazionepirelli.org\/it\/cultura-dimpresa\/il-peso-delle-parole-cariche-di-senso-e-valori-anche-per-salvare-il-capitalismo-da-se-stesso\/#breadcrumb"},"inLanguage":"it-IT","potentialAction":[{"@type":"ReadAction","target":["https:\/\/www.fondazionepirelli.org\/it\/cultura-dimpresa\/il-peso-delle-parole-cariche-di-senso-e-valori-anche-per-salvare-il-capitalismo-da-se-stesso\/"]}]},{"@type":"ImageObject","inLanguage":"it-IT","@id":"https:\/\/www.fondazionepirelli.org\/it\/cultura-dimpresa\/il-peso-delle-parole-cariche-di-senso-e-valori-anche-per-salvare-il-capitalismo-da-se-stesso\/#primaryimage","url":"https:\/\/wpsite-assets.fondazionepirelli.org\/wp-content\/uploads\/2018\/06\/30164410\/rsz_lettere-e1559234660570.jpg","contentUrl":"https:\/\/wpsite-assets.fondazionepirelli.org\/wp-content\/uploads\/2018\/06\/30164410\/rsz_lettere-e1559234660570.jpg","width":600,"height":402},{"@type":"BreadcrumbList","@id":"https:\/\/www.fondazionepirelli.org\/it\/cultura-dimpresa\/il-peso-delle-parole-cariche-di-senso-e-valori-anche-per-salvare-il-capitalismo-da-se-stesso\/#breadcrumb","itemListElement":[{"@type":"ListItem","position":1,"name":"Home","item":"https:\/\/www.fondazionepirelli.org\/it\/"},{"@type":"ListItem","position":2,"name":"Il peso delle parole cariche di senso e valori, anche per \u201csalvare il capitalismo da se stesso\u201d \u00a0"}]},{"@type":"WebSite","@id":"https:\/\/www.fondazionepirelli.org\/it\/#website","url":"https:\/\/www.fondazionepirelli.org\/it\/","name":"Fondazione Pirelli","description":"","potentialAction":[{"@type":"SearchAction","target":{"@type":"EntryPoint","urlTemplate":"https:\/\/www.fondazionepirelli.org\/it\/?s={search_term_string}"},"query-input":{"@type":"PropertyValueSpecification","valueRequired":true,"valueName":"search_term_string"}}],"inLanguage":"it-IT"},{"@type":"Person","@id":"https:\/\/www.fondazionepirelli.org\/it\/#\/schema\/person\/f47d097000832c4a6e54538c791fdf25","name":"fondadmin","image":{"@type":"ImageObject","inLanguage":"it-IT","@id":"https:\/\/www.fondazionepirelli.org\/it\/#\/schema\/person\/image\/","url":"https:\/\/secure.gravatar.com\/avatar\/e69498a9175ca244966e51e53c88712c024fcebe41f9a05f75657f1bb25e489b?s=96&d=mm&r=g","contentUrl":"https:\/\/secure.gravatar.com\/avatar\/e69498a9175ca244966e51e53c88712c024fcebe41f9a05f75657f1bb25e489b?s=96&d=mm&r=g","caption":"fondadmin"},"url":"https:\/\/www.fondazionepirelli.org\/it\/author\/fondadmin\/"}]}},"_links":{"self":[{"href":"https:\/\/www.fondazionepirelli.org\/it\/wp-json\/wp\/v2\/posts\/52408\/"}],"collection":[{"href":"https:\/\/www.fondazionepirelli.org\/it\/wp-json\/wp\/v2\/posts\/"}],"about":[{"href":"https:\/\/www.fondazionepirelli.org\/it\/wp-json\/wp\/v2\/types\/post\/"}],"author":[{"embeddable":true,"href":"https:\/\/www.fondazionepirelli.org\/it\/wp-json\/wp\/v2\/users\/1\/"}],"replies":[{"embeddable":true,"href":"https:\/\/www.fondazionepirelli.org\/it\/wp-json\/wp\/v2\/comments\/?post=52408"}],"version-history":[{"count":3,"href":"https:\/\/www.fondazionepirelli.org\/it\/wp-json\/wp\/v2\/posts\/52408\/revisions\/"}],"predecessor-version":[{"id":57083,"href":"https:\/\/www.fondazionepirelli.org\/it\/wp-json\/wp\/v2\/posts\/52408\/revisions\/57083\/"}],"wp:featuredmedia":[{"embeddable":true,"href":"https:\/\/www.fondazionepirelli.org\/it\/wp-json\/wp\/v2\/media\/57080\/"}],"wp:attachment":[{"href":"https:\/\/www.fondazionepirelli.org\/it\/wp-json\/wp\/v2\/media\/?parent=52408"}],"wp:term":[{"taxonomy":"category","embeddable":true,"href":"https:\/\/www.fondazionepirelli.org\/it\/wp-json\/wp\/v2\/categories\/?post=52408"},{"taxonomy":"post_tag","embeddable":true,"href":"https:\/\/www.fondazionepirelli.org\/it\/wp-json\/wp\/v2\/tags\/?post=52408"}],"curies":[{"name":"wp","href":"https:\/\/api.w.org\/{rel}","templated":true}]}}