{"id":52439,"date":"2018-05-22T00:00:00","date_gmt":"2018-05-22T00:00:00","guid":{"rendered":"http:\/\/www.fondazionepirelli.org\/fondazione-pirelli\/economia-digitale-il-primato-del-lavoro-e-la-necessita-di-ripensare-contratti-e-tempi\/"},"modified":"2019-06-03T10:47:19","modified_gmt":"2019-06-03T10:47:19","slug":"economia-digitale-il-primato-del-lavoro-e-la-necessita-di-ripensare-contratti-e-tempi","status":"publish","type":"post","link":"https:\/\/www.fondazionepirelli.org\/it\/cultura-dimpresa\/economia-digitale-il-primato-del-lavoro-e-la-necessita-di-ripensare-contratti-e-tempi\/","title":{"rendered":"Economia digitale, il primato del lavoro e la necessit\u00e0 di ripensare contratti e tempi"},"content":{"rendered":"<p>Cambiano, le fabbriche, nella stagione dell\u2019<strong>economia digitale<\/strong>. Cambia naturalmente anche il lavoro, conservando la sua centralit\u00e0 per un\u2019economia bel equilibrata (oltre che per una societ\u00e0 giusta, come sostiene la nostra Costituzione, parlandone proprio all\u2019articolo 1: \u201cL\u2019Italia \u00e8 una Repubblica democratica, fondata sul lavoro\u201d). E cos\u00ec stanno cambiando le rappresentazioni, i <strong>racconti del lavoro<\/strong>. E dunque dovranno cambiare pure le relazioni industriali, i contratti, le regole, i salari. Come? Lo racconta un libro snello ma molto denso, ben impaginato, con un\u2019elegante copertina in carattere Payfair stampato in rosso e in blu su fondo bianco e con un titolo essenziale: \u201c<strong>Il futuro del lavoro<\/strong>\u201d.<\/p>\n<p>E\u2019 un \u201clibro bianco\u201d di <strong>Assolombarda<\/strong>, primo d\u2019una serie (il prossimo, in settembre, riguarder\u00e0 il fisco), curato dal Centro Studi Adapt sotto la supervisione scientifica di <strong>Michele Tiraboschi<\/strong>, uno dei migliori giuslavoristi italiani (insegna all\u2019Universit\u00e0 di Modena ed \u00e8 stato tra i pi\u00f9 stretti collaboratori di Marco Biagi, assassinato nel marzo 2002 dalle Brigate Rosse proprio per le sue coraggiose posizioni riformatrici del diritto del lavoro). Ed \u00e8 stato presentato a Milano la scorsa settimana da <strong>Carlo Bonomi<\/strong>, presidente di Assolombarda e da <strong>Mauro Chiassarin<\/strong>i, vicepresidente (con delega alle politiche del lavoro, alla sicurezza e al welfare).<\/p>\n<p>Ecco il punto: il <strong>lavoro<\/strong> in primo piano, come grande tema economico e sociale, strumento di dignit\u00e0 della persona, elemento cardine di cittadinanza in una relazione forte tra diritti e doveri. Un lavoro da difendere, seguendo e perch\u00e9 no? anticipando l\u2019evoluzione delle dinamiche produttive (con tutta la formazione necessaria, dall\u2019alternanza scuola-lavoro al<strong> <em>training on the job <\/em><\/strong>e al <em>long life learning<\/em> ovvero, per dirla in italiano, all\u2019obbligo di studiare sempre, anche per lavorare meglio e capire il senso di ci\u00f2 che si fa lavorando). Ma anche un lavoro da creare, innovando e facendo impresa, seguendo la strada delle <strong><em>start up <\/em><\/strong>e soprattutto facendole crescere: <strong>Milano<\/strong> pu\u00f2 raccontare storie esemplari. Certo, non un lavoro da sostituire con bizzarre idee assistenzialiste: il reddito di cittadinanza caro al Movimento 5 Stelle non piace affatto ad Assolombarda.<\/p>\n<p>Come muoversi, allora? \u201c<strong>Flessibilit\u00e0<\/strong> e saperi incrociati: cos\u00ec cambia il lavoro del futuro\u201d, titola \u201cIlSole24Ore\u201d (18 maggio) riassumendo il contenuto delle 78 pagine del libro di Assolombarda e avvertendo che quella flessibilit\u00e0 non significa affatto n\u00e9 precariet\u00e0 n\u00e9 insicurezza ma un modo di lavorare che fa fronte alle evoluzioni della tecnologia e deve trovare nei contratti appunto un insieme di responsabilit\u00e0 e tutele adatte a un mondo che cambia, senza rigidit\u00e0 anti-storiche intollerabili per aziende flessibili n\u00e9 precariet\u00e0 che generano diseguaglianze, disagi, distacco dal lavoro, scarsa identit\u00e0, improduttivit\u00e0.<\/p>\n<p>Se il lavoro \u00e8 \u201cspazio di espressione dell\u2019individuo\u201d, i contratti di lavoro non potranno non tenerne conto in modo innovativo. Traducendo in regole e organizzazione le \u201ctecnologie di nuova generazione\u201d e la \u201cdigitalizzazione crescente\u201d dei processi professionali.<\/p>\n<p>Serve un nuovo circuito virtuoso del lavoro, insomma, nell\u2019epoca della cosiddetta \u201c<strong>economia della conoscenza<\/strong>\u201d. Se ne discuter\u00e0 a lungo, naturalmente, anche con i sindacati, soprattutto a livello territoriale e aziendale. Ben sapendo che la competitivit\u00e0 delle imprese \u00e8 strettamente connessa alla competitivit\u00e0 dei territori e che proprio i territori riescono a essere attrattivi per capitali e intelligenze e connotati da buona qualit\u00e0 della vita se sono animati da imprese attive. Un altro buon esempio di circuito virtuoso, di cui proprio la Milano contemporanea \u00e8 testimone.<\/p>\n<p>\u201cUn nuovo ecosistema di relazioni\u201d, si augura giustamente Stefano Micelli, economista attentissimo alle tematiche di \u201cIndustria 4.0\u201d e <strong><em>digital economy<\/em><\/strong> diffusa soprattutto nelle aree della cosiddetta \u201cRegione A4\u201d, la zona economicamente pi\u00f9 dinamica del Paese, lungo l\u2019autostrada dal Piemonte al Friuli e l\u2019asse tra Lombardia ed Emilia delle medie imprese e delle filiere produttive pi\u00f9 attive per meccatronica e <em>automotive <\/em>(ne abbiamo parlato nel blog dell\u20198 maggio).<\/p>\n<p>Il libro di Assolombarda invita a ripensare parecchi concetti tradizionali: quello di orario di lavoro, per esempio, buono per la fabbrica fordista da catena di montaggio e mansioni parcellizzate ma da riconsiderare in tempi di <strong><em>smart working<\/em><\/strong>, lavoro a distanza, creativit\u00e0: si deve valutare non il tempo passato in azienda, ma lo svolgimento di compiti e il risultato dell\u2019impegno professionale. Cos\u00ec come nei contratti va dato spazio alle questioni delle competenze, pi\u00f9 che alle tradizionali mansioni.<\/p>\n<p>C\u2019\u00e8 inoltre, nel libro, un\u2019insistenza evidente sul rapporto tra lavoro, formazione e welfare. Tracce importanti se ne possono trovare in un contratto di lavoro recente, quello dei metalmeccanici (elaborato e firmato con il contributo essenziale delle imprese di Assolombarda e dell\u2019Emilia). E su questa strada bisogna andare avanti, con una formazione, scolastica e universitaria, sempre legata a innovazione e cambiamento, che sono peraltro funzioni essenziali della competitivit\u00e0 delle imprese (rilevante l\u2019insistenza sugli Its, gli istituti superiori di formazione tecnica, in Italia ancora troppo poco diffusi, diversamente che in Germania e in Francia).<\/p>\n<p>Politiche attive del lavoro, dunque. In una visione europea. E dinamismo, passo passo con i cambiamenti delle tecnologie, ma anche della demografia (siamo un paese in cui cresce l\u2019et\u00e0 media e le generazioni pi\u00f9 giovani faticano a trovare buone opportunit\u00e0 di lavoro e di vita).<\/p>\n<p>C\u2019\u00e8 una parola chiave, sottesa a tutti questi ragionamenti. Ed \u00e8 \u201c<strong>sostenibilit\u00e0<\/strong>\u201d. Carattere essenziale di un\u2019impresa, dal punto di vista sia sociale che ambientale. Orizzonte di senso per tutti coloro che, dagli investitori ai manager, dai tecnici agli operai specializzati, fanno vivere e crescere un\u2019impresa. E ambito culturale e morale di responsabilit\u00e0, nell\u2019incrocio positivo tra \u201cvalore\u201d (i profitti per gli azionisti) e \u201cvalori\u201d, tutto quel che ci tiene insieme in un\u2019orizzonte etico di responsabilit\u00e0.<\/p>\n<p>Vengono in mente, in questo contesto, le parole di <strong>Leopoldo Pirelli<\/strong>, sulle regole del buon imprenditore, nel discorso pronunciato al Collegio degli ingegneri di Milano, nell\u2019ottobre 1986: \u201cLa nostra credibilit\u00e0, la nostra autorevolezza, direi la nostra legittimazione nella coscienza pubblica sono in diretto rapporto con il ruolo che svolgiamo nel concorrere al superamento degli squilibri sociali ed economici dei paesi in cui si opera: sempre pi\u00f9 l\u2019impresa si presenta come luogo di sintesi tra le tendenze orientate al massimo progresso tecnico-economico e le tendenze umane di migliori condizioni di lavoro e di vita\u201d. Regole di piena attualit\u00e0<\/p>\n","protected":false},"excerpt":{"rendered":"<p>Cambiano, le fabbriche, nella stagione dell\u2019economia digitale. Cambia naturalmente anche il lavoro, conservando la sua centralit\u00e0 per un\u2019economia bel equilibrata (oltre che per una societ\u00e0 giusta, come sostiene la nostra Costituzione, parlandone proprio all\u2019articolo 1: \u201cL\u2019Italia \u00e8 una Repubblica democratica, fondata sul lavoro\u201d). E cos\u00ec stanno cambiando le rappresentazioni, i racconti del lavoro. E dunque [&hellip;]<\/p>\n","protected":false},"author":1,"featured_media":57201,"comment_status":"open","ping_status":"open","sticky":false,"template":"","format":"standard","meta":{"footnotes":""},"categories":[53,52],"tags":[],"class_list":["post-52439","post","type-post","status-publish","format-standard","has-post-thumbnail","hentry","category-blog","category-cultura-dimpresa"],"acf":[],"yoast_head":"<!-- This site is optimized with the Yoast SEO plugin v25.0 - https:\/\/yoast.com\/wordpress\/plugins\/seo\/ -->\n<title>Economia digitale, il primato del lavoro e la necessit\u00e0 di ripensare contratti e tempi - Fondazione Pirelli<\/title>\n<meta name=\"robots\" content=\"index, follow, max-snippet:-1, max-image-preview:large, max-video-preview:-1\" \/>\n<link rel=\"canonical\" href=\"https:\/\/www.fondazionepirelli.org\/it\/cultura-dimpresa\/economia-digitale-il-primato-del-lavoro-e-la-necessita-di-ripensare-contratti-e-tempi\/\" \/>\n<meta property=\"og:locale\" content=\"it_IT\" \/>\n<meta property=\"og:type\" content=\"article\" \/>\n<meta property=\"og:title\" content=\"Economia digitale, il primato del lavoro e la necessit\u00e0 di ripensare contratti e tempi - Fondazione Pirelli\" \/>\n<meta property=\"og:description\" content=\"Cambiano, le fabbriche, nella stagione dell\u2019economia digitale. Cambia naturalmente anche il lavoro, conservando la sua centralit\u00e0 per un\u2019economia bel equilibrata (oltre che per una societ\u00e0 giusta, come sostiene la nostra Costituzione, parlandone proprio all\u2019articolo 1: \u201cL\u2019Italia \u00e8 una Repubblica democratica, fondata sul lavoro\u201d). E cos\u00ec stanno cambiando le rappresentazioni, i racconti del lavoro. E dunque [&hellip;]\" \/>\n<meta property=\"og:url\" content=\"https:\/\/127.0.0.1\/it\/cultura-dimpresa\/economia-digitale-il-primato-del-lavoro-e-la-necessita-di-ripensare-contratti-e-tempi\/\" \/>\n<meta property=\"og:site_name\" content=\"Fondazione Pirelli\" \/>\n<meta property=\"article:published_time\" content=\"2018-05-22T00:00:00+00:00\" \/>\n<meta property=\"article:modified_time\" content=\"2019-06-03T10:47:19+00:00\" \/>\n<meta property=\"og:image\" content=\"https:\/\/wpsite-assets.fondazionepirelli.org\/wp-content\/uploads\/2018\/05\/03104649\/economia_digitale-e1559558827151.jpg\" \/>\n\t<meta property=\"og:image:width\" content=\"600\" \/>\n\t<meta property=\"og:image:height\" content=\"338\" \/>\n\t<meta property=\"og:image:type\" content=\"image\/jpeg\" \/>\n<meta name=\"author\" content=\"fondadmin\" \/>\n<meta name=\"twitter:card\" content=\"summary_large_image\" \/>\n<meta name=\"twitter:label1\" content=\"Scritto da\" \/>\n\t<meta name=\"twitter:data1\" content=\"fondadmin\" \/>\n\t<meta name=\"twitter:label2\" content=\"Tempo di lettura stimato\" \/>\n\t<meta name=\"twitter:data2\" content=\"5 minuti\" \/>\n<script type=\"application\/ld+json\" class=\"yoast-schema-graph\">{\"@context\":\"https:\/\/schema.org\",\"@graph\":[{\"@type\":\"WebPage\",\"@id\":\"https:\/\/127.0.0.1\/it\/cultura-dimpresa\/economia-digitale-il-primato-del-lavoro-e-la-necessita-di-ripensare-contratti-e-tempi\/\",\"url\":\"https:\/\/127.0.0.1\/it\/cultura-dimpresa\/economia-digitale-il-primato-del-lavoro-e-la-necessita-di-ripensare-contratti-e-tempi\/\",\"name\":\"Economia digitale, il primato del lavoro e la necessit\u00e0 di ripensare contratti e tempi - Fondazione Pirelli\",\"isPartOf\":{\"@id\":\"https:\/\/www.fondazionepirelli.org\/it\/#website\"},\"primaryImageOfPage\":{\"@id\":\"https:\/\/127.0.0.1\/it\/cultura-dimpresa\/economia-digitale-il-primato-del-lavoro-e-la-necessita-di-ripensare-contratti-e-tempi\/#primaryimage\"},\"image\":{\"@id\":\"https:\/\/127.0.0.1\/it\/cultura-dimpresa\/economia-digitale-il-primato-del-lavoro-e-la-necessita-di-ripensare-contratti-e-tempi\/#primaryimage\"},\"thumbnailUrl\":\"https:\/\/wpsite-assets.fondazionepirelli.org\/wp-content\/uploads\/2018\/05\/03104649\/economia_digitale-e1559558827151.jpg\",\"datePublished\":\"2018-05-22T00:00:00+00:00\",\"dateModified\":\"2019-06-03T10:47:19+00:00\",\"author\":{\"@id\":\"https:\/\/www.fondazionepirelli.org\/it\/#\/schema\/person\/f47d097000832c4a6e54538c791fdf25\"},\"breadcrumb\":{\"@id\":\"https:\/\/127.0.0.1\/it\/cultura-dimpresa\/economia-digitale-il-primato-del-lavoro-e-la-necessita-di-ripensare-contratti-e-tempi\/#breadcrumb\"},\"inLanguage\":\"it-IT\",\"potentialAction\":[{\"@type\":\"ReadAction\",\"target\":[\"https:\/\/127.0.0.1\/it\/cultura-dimpresa\/economia-digitale-il-primato-del-lavoro-e-la-necessita-di-ripensare-contratti-e-tempi\/\"]}]},{\"@type\":\"ImageObject\",\"inLanguage\":\"it-IT\",\"@id\":\"https:\/\/127.0.0.1\/it\/cultura-dimpresa\/economia-digitale-il-primato-del-lavoro-e-la-necessita-di-ripensare-contratti-e-tempi\/#primaryimage\",\"url\":\"https:\/\/wpsite-assets.fondazionepirelli.org\/wp-content\/uploads\/2018\/05\/03104649\/economia_digitale-e1559558827151.jpg\",\"contentUrl\":\"https:\/\/wpsite-assets.fondazionepirelli.org\/wp-content\/uploads\/2018\/05\/03104649\/economia_digitale-e1559558827151.jpg\",\"width\":600,\"height\":338},{\"@type\":\"BreadcrumbList\",\"@id\":\"https:\/\/127.0.0.1\/it\/cultura-dimpresa\/economia-digitale-il-primato-del-lavoro-e-la-necessita-di-ripensare-contratti-e-tempi\/#breadcrumb\",\"itemListElement\":[{\"@type\":\"ListItem\",\"position\":1,\"name\":\"Home\",\"item\":\"https:\/\/www.fondazionepirelli.org\/it\/\"},{\"@type\":\"ListItem\",\"position\":2,\"name\":\"Economia digitale, il primato del lavoro e la necessit\u00e0 di ripensare contratti e tempi\"}]},{\"@type\":\"WebSite\",\"@id\":\"https:\/\/www.fondazionepirelli.org\/it\/#website\",\"url\":\"https:\/\/www.fondazionepirelli.org\/it\/\",\"name\":\"Fondazione Pirelli\",\"description\":\"\",\"potentialAction\":[{\"@type\":\"SearchAction\",\"target\":{\"@type\":\"EntryPoint\",\"urlTemplate\":\"https:\/\/www.fondazionepirelli.org\/it\/?s={search_term_string}\"},\"query-input\":{\"@type\":\"PropertyValueSpecification\",\"valueRequired\":true,\"valueName\":\"search_term_string\"}}],\"inLanguage\":\"it-IT\"},{\"@type\":\"Person\",\"@id\":\"https:\/\/www.fondazionepirelli.org\/it\/#\/schema\/person\/f47d097000832c4a6e54538c791fdf25\",\"name\":\"fondadmin\",\"image\":{\"@type\":\"ImageObject\",\"inLanguage\":\"it-IT\",\"@id\":\"https:\/\/www.fondazionepirelli.org\/it\/#\/schema\/person\/image\/\",\"url\":\"https:\/\/secure.gravatar.com\/avatar\/e69498a9175ca244966e51e53c88712c024fcebe41f9a05f75657f1bb25e489b?s=96&d=mm&r=g\",\"contentUrl\":\"https:\/\/secure.gravatar.com\/avatar\/e69498a9175ca244966e51e53c88712c024fcebe41f9a05f75657f1bb25e489b?s=96&d=mm&r=g\",\"caption\":\"fondadmin\"},\"url\":\"https:\/\/www.fondazionepirelli.org\/it\/author\/fondadmin\/\"}]}<\/script>\n<!-- \/ Yoast SEO plugin. -->","yoast_head_json":{"title":"Economia digitale, il primato del lavoro e la necessit\u00e0 di ripensare contratti e tempi - Fondazione Pirelli","robots":{"index":"index","follow":"follow","max-snippet":"max-snippet:-1","max-image-preview":"max-image-preview:large","max-video-preview":"max-video-preview:-1"},"canonical":"https:\/\/www.fondazionepirelli.org\/it\/cultura-dimpresa\/economia-digitale-il-primato-del-lavoro-e-la-necessita-di-ripensare-contratti-e-tempi\/","og_locale":"it_IT","og_type":"article","og_title":"Economia digitale, il primato del lavoro e la necessit\u00e0 di ripensare contratti e tempi - Fondazione Pirelli","og_description":"Cambiano, le fabbriche, nella stagione dell\u2019economia digitale. Cambia naturalmente anche il lavoro, conservando la sua centralit\u00e0 per un\u2019economia bel equilibrata (oltre che per una societ\u00e0 giusta, come sostiene la nostra Costituzione, parlandone proprio all\u2019articolo 1: \u201cL\u2019Italia \u00e8 una Repubblica democratica, fondata sul lavoro\u201d). E cos\u00ec stanno cambiando le rappresentazioni, i racconti del lavoro. E dunque [&hellip;]","og_url":"https:\/\/127.0.0.1\/it\/cultura-dimpresa\/economia-digitale-il-primato-del-lavoro-e-la-necessita-di-ripensare-contratti-e-tempi\/","og_site_name":"Fondazione Pirelli","article_published_time":"2018-05-22T00:00:00+00:00","article_modified_time":"2019-06-03T10:47:19+00:00","og_image":[{"width":600,"height":338,"url":"https:\/\/wpsite-assets.fondazionepirelli.org\/wp-content\/uploads\/2018\/05\/03104649\/economia_digitale-e1559558827151.jpg","type":"image\/jpeg"}],"author":"fondadmin","twitter_card":"summary_large_image","twitter_misc":{"Scritto da":"fondadmin","Tempo di lettura stimato":"5 minuti"},"schema":{"@context":"https:\/\/schema.org","@graph":[{"@type":"WebPage","@id":"https:\/\/127.0.0.1\/it\/cultura-dimpresa\/economia-digitale-il-primato-del-lavoro-e-la-necessita-di-ripensare-contratti-e-tempi\/","url":"https:\/\/127.0.0.1\/it\/cultura-dimpresa\/economia-digitale-il-primato-del-lavoro-e-la-necessita-di-ripensare-contratti-e-tempi\/","name":"Economia digitale, il primato del lavoro e la necessit\u00e0 di ripensare contratti e tempi - Fondazione Pirelli","isPartOf":{"@id":"https:\/\/www.fondazionepirelli.org\/it\/#website"},"primaryImageOfPage":{"@id":"https:\/\/127.0.0.1\/it\/cultura-dimpresa\/economia-digitale-il-primato-del-lavoro-e-la-necessita-di-ripensare-contratti-e-tempi\/#primaryimage"},"image":{"@id":"https:\/\/127.0.0.1\/it\/cultura-dimpresa\/economia-digitale-il-primato-del-lavoro-e-la-necessita-di-ripensare-contratti-e-tempi\/#primaryimage"},"thumbnailUrl":"https:\/\/wpsite-assets.fondazionepirelli.org\/wp-content\/uploads\/2018\/05\/03104649\/economia_digitale-e1559558827151.jpg","datePublished":"2018-05-22T00:00:00+00:00","dateModified":"2019-06-03T10:47:19+00:00","author":{"@id":"https:\/\/www.fondazionepirelli.org\/it\/#\/schema\/person\/f47d097000832c4a6e54538c791fdf25"},"breadcrumb":{"@id":"https:\/\/127.0.0.1\/it\/cultura-dimpresa\/economia-digitale-il-primato-del-lavoro-e-la-necessita-di-ripensare-contratti-e-tempi\/#breadcrumb"},"inLanguage":"it-IT","potentialAction":[{"@type":"ReadAction","target":["https:\/\/127.0.0.1\/it\/cultura-dimpresa\/economia-digitale-il-primato-del-lavoro-e-la-necessita-di-ripensare-contratti-e-tempi\/"]}]},{"@type":"ImageObject","inLanguage":"it-IT","@id":"https:\/\/127.0.0.1\/it\/cultura-dimpresa\/economia-digitale-il-primato-del-lavoro-e-la-necessita-di-ripensare-contratti-e-tempi\/#primaryimage","url":"https:\/\/wpsite-assets.fondazionepirelli.org\/wp-content\/uploads\/2018\/05\/03104649\/economia_digitale-e1559558827151.jpg","contentUrl":"https:\/\/wpsite-assets.fondazionepirelli.org\/wp-content\/uploads\/2018\/05\/03104649\/economia_digitale-e1559558827151.jpg","width":600,"height":338},{"@type":"BreadcrumbList","@id":"https:\/\/127.0.0.1\/it\/cultura-dimpresa\/economia-digitale-il-primato-del-lavoro-e-la-necessita-di-ripensare-contratti-e-tempi\/#breadcrumb","itemListElement":[{"@type":"ListItem","position":1,"name":"Home","item":"https:\/\/www.fondazionepirelli.org\/it\/"},{"@type":"ListItem","position":2,"name":"Economia digitale, il primato del lavoro e la necessit\u00e0 di ripensare contratti e tempi"}]},{"@type":"WebSite","@id":"https:\/\/www.fondazionepirelli.org\/it\/#website","url":"https:\/\/www.fondazionepirelli.org\/it\/","name":"Fondazione Pirelli","description":"","potentialAction":[{"@type":"SearchAction","target":{"@type":"EntryPoint","urlTemplate":"https:\/\/www.fondazionepirelli.org\/it\/?s={search_term_string}"},"query-input":{"@type":"PropertyValueSpecification","valueRequired":true,"valueName":"search_term_string"}}],"inLanguage":"it-IT"},{"@type":"Person","@id":"https:\/\/www.fondazionepirelli.org\/it\/#\/schema\/person\/f47d097000832c4a6e54538c791fdf25","name":"fondadmin","image":{"@type":"ImageObject","inLanguage":"it-IT","@id":"https:\/\/www.fondazionepirelli.org\/it\/#\/schema\/person\/image\/","url":"https:\/\/secure.gravatar.com\/avatar\/e69498a9175ca244966e51e53c88712c024fcebe41f9a05f75657f1bb25e489b?s=96&d=mm&r=g","contentUrl":"https:\/\/secure.gravatar.com\/avatar\/e69498a9175ca244966e51e53c88712c024fcebe41f9a05f75657f1bb25e489b?s=96&d=mm&r=g","caption":"fondadmin"},"url":"https:\/\/www.fondazionepirelli.org\/it\/author\/fondadmin\/"}]}},"_links":{"self":[{"href":"https:\/\/www.fondazionepirelli.org\/it\/wp-json\/wp\/v2\/posts\/52439\/"}],"collection":[{"href":"https:\/\/www.fondazionepirelli.org\/it\/wp-json\/wp\/v2\/posts\/"}],"about":[{"href":"https:\/\/www.fondazionepirelli.org\/it\/wp-json\/wp\/v2\/types\/post\/"}],"author":[{"embeddable":true,"href":"https:\/\/www.fondazionepirelli.org\/it\/wp-json\/wp\/v2\/users\/1\/"}],"replies":[{"embeddable":true,"href":"https:\/\/www.fondazionepirelli.org\/it\/wp-json\/wp\/v2\/comments\/?post=52439"}],"version-history":[{"count":3,"href":"https:\/\/www.fondazionepirelli.org\/it\/wp-json\/wp\/v2\/posts\/52439\/revisions\/"}],"predecessor-version":[{"id":57203,"href":"https:\/\/www.fondazionepirelli.org\/it\/wp-json\/wp\/v2\/posts\/52439\/revisions\/57203\/"}],"wp:featuredmedia":[{"embeddable":true,"href":"https:\/\/www.fondazionepirelli.org\/it\/wp-json\/wp\/v2\/media\/57201\/"}],"wp:attachment":[{"href":"https:\/\/www.fondazionepirelli.org\/it\/wp-json\/wp\/v2\/media\/?parent=52439"}],"wp:term":[{"taxonomy":"category","embeddable":true,"href":"https:\/\/www.fondazionepirelli.org\/it\/wp-json\/wp\/v2\/categories\/?post=52439"},{"taxonomy":"post_tag","embeddable":true,"href":"https:\/\/www.fondazionepirelli.org\/it\/wp-json\/wp\/v2\/tags\/?post=52439"}],"curies":[{"name":"wp","href":"https:\/\/api.w.org\/{rel}","templated":true}]}}