{"id":52467,"date":"2018-05-03T00:00:00","date_gmt":"2018-05-03T00:00:00","guid":{"rendered":"http:\/\/www.fondazionepirelli.org\/fondazione-pirelli\/stelle-in-copertina-grandi-attrici-per-la-rivista-vado-e-torno\/"},"modified":"2022-04-21T15:21:27","modified_gmt":"2022-04-21T14:21:27","slug":"stelle-in-copertina-grandi-attrici-per-la-rivista-vado-e-torno","status":"publish","type":"post","link":"https:\/\/www.fondazionepirelli.org\/it\/iniziative\/storie-dal-mondo-pirelli\/stelle-in-copertina-grandi-attrici-per-la-rivista-vado-e-torno\/","title":{"rendered":"Stelle in copertina. Grandi attrici per la rivista \u201cVado e Torno\u201d"},"content":{"rendered":"<p>Nel <strong>1962<\/strong>, da un\u2019intuizione di <strong>Arrigo Castellani\u00a0<\/strong>-direttore Stampa e Pubblicit\u00e0 Pirelli- nasce \u201c<strong><a href=\"https:\/\/www.fondazionepirelli.org\/archivio-storico\/pubblicazioni-e-riviste\/IT-PIRELLI-BIB0001-0023395?lang=it\" target=\"_blank\" rel=\"noopener noreferrer\">Vado e Torno<\/a><\/strong>\u201d, periodico rivolto al mondo degli autotrasportatori: oltre a temi legati al settore specifico, il giornale propone articoli di varia attualit\u00e0, costume, spettacolo. E le copertine sono dedicate alle <strong>dive del cinema<\/strong> del momento.<\/p>\n<p>E\u2019 una ventiquattrenne <strong>Claudia Cardinale<\/strong> ad apparire sul numero di <a href=\"https:\/\/www.fondazionepirelli.org\/archivio-storico\/pubblicazioni-e-riviste\/search\/result.html?query=&amp;jsonVal=%7B%22jsonVal%22%3A%7B%22query%22%3A%22La+gattoparda%22%2C%22startDate%22%3A1962%2C%22endDate%22%3A1962%2C%22fieldDate%22%3A%22dataNormal%22%2C%22_perPage%22%3A20%7D%7D&amp;riviste_facet=%22spettacolo%22&amp;lang=it\" target=\"_blank\" rel=\"noopener noreferrer\">dicembre 1962<\/a>: reduce da \u201cLa ragazza con la valigia\u201d, film che l\u2019ha confermata una volta di pi\u00f9 come stella del cinema italiano dopo \u201cI soliti ignoti\u201d, \u201cIl bell\u2019Antonio\u201d, \u201cRocco e i suoi fratelli\u201d, la Cardinale <strong>veste per \u201cVado e Torno\u201d i panni di Angelica, splendida protagonista del \u201cGattopardo\u201d di Luchino Visconti<\/strong>. Copertina di aprile 1963: <a href=\"https:\/\/www.fondazionepirelli.org\/archivio-storico\/pubblicazioni-e-riviste\/search\/result.html?query=&amp;jsonVal=%7B%22jsonVal%22%3A%7B%22startDate%22%3A1963%2C%22endDate%22%3A1963%2C%22fieldDate%22%3A%22dataNormal%22%2C%22_perPage%22%3A20%2C%22numeroRivista%22%3A4%7D%7D&amp;titolo_father_string=%22Vado+e+Torno%22&amp;lang=it\" target=\"_blank\" rel=\"noopener noreferrer\"><strong>Monica Vitti<\/strong><\/a> \u00e8 ormai l\u2019icona femminile del <strong>cinema di Michelangelo Antonioni<\/strong>. Dopo \u201cL\u2019avventura\u201d, \u201cLa notte\u201d e \u201cL\u2019eclisse\u201d sta per arrivare nelle sale il capolavoro \u201cDeserto rosso&#8221;. Ottobre dello stesso anno 1963: ha solo diciassette anni <strong>Stefania Sandrelli<\/strong>, ma il pubblico gi\u00e0 ben conosce il fascino dirompente con cui l\u2019attrice di Viareggio ha saputo interpretare il personaggio di Angela in \u201cDivorzio all\u2019italiana\u201d. L\u2019abito, i capelli raccolti, il trucco nero degli occhi per la copertina di \u201cVado e Torno\u201d ci portano invece ad Agnese, donna \u201c<a href=\"https:\/\/www.fondazionepirelli.org\/archivio-storico\/pubblicazioni-e-riviste\/search\/result.html?query=&amp;jsonVal=%7B%22jsonVal%22%3A%7B%22query%22%3A%22Sedotta+e+abbandonata%22%2C%22startDate%22%3A1963%2C%22endDate%22%3A1963%2C%22fieldDate%22%3A%22dataNormal%22%2C%22_perPage%22%3A20%2C%22numeroRivista%22%3A10%7D%7D&amp;riviste_facet=%22spettacolo%22&amp;lang=it\" target=\"_blank\" rel=\"noopener noreferrer\">sedotta e abbandonata<\/a>\u201d dal giovane <strong>Peppino Califano<\/strong> che la Sandrelli interpreta nel celebre film di <strong>Pietro Germi<\/strong>. E poi arriva <strong>Sofia Loren<\/strong>, anzi Sophia come si legge sulla cover di \u201cVado e Torno\u201d del mese di <a href=\"https:\/\/www.fondazionepirelli.org\/archivio-storico\/pubblicazioni-e-riviste\/search\/result.html?query=&amp;jsonVal=%7B%22jsonVal%22%3A%7B%22query%22%3A%22Sophia%22%2C%22startDate%22%3A1963%2C%22endDate%22%3A1963%2C%22fieldDate%22%3A%22dataNormal%22%2C%22_perPage%22%3A20%7D%7D&amp;riviste_facet=%22spettacolo%22&amp;lang=it\" target=\"_blank\" rel=\"noopener noreferrer\">dicembre 1966<\/a>. Esce in quei giorni nelle sale cinematografiche \u201cIeri, oggi, domani\u201d di <strong>Vittorio De Sica<\/strong>. Tre episodi, tre Loren diverse, tre diversi Mastroianni.<\/p>\n<p>Hollywood sbarca sulla \u201cRivista per gli autotrasportatori\u201d nell\u2019aprile del 1964, e si affida al fascino inimitabile di<a href=\"https:\/\/www.fondazionepirelli.org\/archivio-storico\/pubblicazioni-e-riviste\/search\/result.html?query=&amp;jsonVal=%7B%22jsonVal%22%3A%7B%22query%22%3A%22Il+girotondo+di+Jane%22%2C%22startDate%22%3A1964%2C%22endDate%22%3A1964%2C%22fieldDate%22%3A%22dataNormal%22%2C%22_perPage%22%3A20%7D%7D&amp;riviste_facet=%22spettacolo%22&amp;lang=it\" target=\"_blank\" rel=\"noopener noreferrer\"><strong> Jane Fonda<\/strong><\/a>. Newyorkese di ventisette anni, la figlia del grande Henry forse non \u00e8 ancora una diva del cinema, ma gi\u00e0 conosce il regista <strong>Roger Vadim<\/strong>, che sposer\u00e0 l\u2019anno successivo: quando nel 1968 lui la trasformer\u00e0 in Barbarella, per Jane Fonda sar\u00e0 la consacrazione internazionale. La copertina di maggio 1964 \u00e8 dedicata a <a href=\"https:\/\/www.fondazionepirelli.org\/archivio-storico\/pubblicazioni-e-riviste\/search\/result.html?query=&amp;jsonVal=%7B%22jsonVal%22%3A%7B%22query%22%3A%22Brigitte%22%2C%22startDate%22%3A1964%2C%22endDate%22%3A1964%2C%22fieldDate%22%3A%22dataNormal%22%2C%22_perPage%22%3A20%2C%22numeroRivista%22%3A5%7D%7D&amp;riviste_facet=%22spettacolo%22&amp;lang=it\" target=\"_blank\" rel=\"noopener noreferrer\"><strong>Brigitte Bardot<\/strong><\/a>, la \u201cpremi\u00e8re dame\u201d di Francia, ruolo per\u00f2 da dividere presto con la diva di \u201cVado e Torno\u201d di luglio 1964: <a href=\"https:\/\/www.fondazionepirelli.org\/archivio-storico\/bookreader\/pubblicazioni-e-riviste\/VadoeTorno\/1964_7.html?q=&amp;start=20&amp;lang=it#page\/20\/mode\/2up\" target=\"_blank\" rel=\"noopener noreferrer\"><strong>Catherine Deneuve<\/strong><\/a>. Ha appena vinto il Grand Prix di Cannes per \u201cLes parapluies de Cherbourg\u201d e pochi anni dopo, nel 1967, diventer\u00e0 per Bu\u00f1uel l\u2019inconfessabile S\u00e9verine di \u201cBella di giorno\u201d. Tra settembre 1965 e aprile 1966 i lettori italiani possono apprezzare <strong><a href=\"https:\/\/www.fondazionepirelli.org\/archivio-storico\/bookreader\/pubblicazioni-e-riviste\/VadoeTorno\/1965_9.html?q=Ursula&amp;start=20&amp;lang=it#page\/20\/mode\/2up\" target=\"_blank\" rel=\"noopener noreferrer\">Ursula Andress<\/a><\/strong>, gi\u00e0 famosa per il suo outfit in \u201c007 Licenza di uccidere&#8221;: la scena in cui la splendida attrice svizzera emerge dalle acque giamaicane di Crab Key \u00e8 gi\u00e0 nella storia del cinema. L\u2019ultima diva a terminare la serie delle attrici in copertina di \u201cVado e Torno\u201d, gennaio 1972- \u00e8 <a href=\"https:\/\/www.fondazionepirelli.org\/archivio-storico\/pubblicazioni-e-riviste\/search\/IT-PIRELLI-BIB0001-0023395\/result.html?query=&amp;titoloRivista=&amp;autoreRivista=&amp;startDate=1972&amp;endDate=1972&amp;categoriaRivista=&amp;testoRivista=&amp;numeroRivista=1\" target=\"_blank\" rel=\"noopener noreferrer\"><strong>Pamela Tiffin<\/strong><\/a>, da Oklahoma City, nota -non notissima- in Italia per \u201cStraziami ma di baci saziami\u201d di <strong>Dino Risi<\/strong>, accanto a <strong>Nino Manfredi<\/strong>.<\/p>\n<p>Chiudiamo questa antologia con un\u2019attrice dalla biografia misteriosa: si chiama <strong>Liz Allsop<\/strong> e appare sulla copertina di <a href=\"https:\/\/www.fondazionepirelli.org\/archivio-storico\/pubblicazioni-e-riviste\/search\/result.html?query=&amp;jsonVal=%7B%22jsonVal%22%3A%7B%22query%22%3A%5B%22Vado+e+Torno%22%2C1966%2C%22La+lepre+e+la+tartaruga%22%5D%2C%22startDate%22%3A%22%22%2C%22endDate%22%3A%22%22%2C%22fieldDate%22%3A%22dataNormal%22%2C%22_perPage%22%3A20%7D%7D&amp;riviste_facet=%22spettacolo%22\" target=\"_blank\" rel=\"noopener noreferrer\">luglio 1966<\/a> con un vestito bianco su cui \u00e8 disegnato il tracciato dell\u2019Autostrada del Sole, da Milano a Napoli. Lei \u00e8 la bionda al volante della <strong>Jaguar<\/strong> protagonista del film \u201c<a href=\"https:\/\/www.fondazionepirelli.org\/archivio-storico\/audiovisivi\/detail\/IT-PIRELLI-AV0001-000080\/la-lepre-e-tartaruga.html?jsonVal={%22jsonVal%22:{%22query%22:%22lepre%22,%22startDate%22:%22%22,%22endDate%22:%22%22,%22fieldDate%22:%22dataNormal%22,%22_perPage%22:20}}&amp;attachmentMisc=undefined&amp;lang=it\" target=\"_blank\" rel=\"noopener noreferrer\">La lepre e la tartaruga<\/a>\u201d, road movie del regista di \u201cMomenti di gloria\u201d <strong>Hugh Hudson<\/strong>, prodotto dalla Pirelli inglese per celebrare il<strong> pneumatico Cinturato.<\/strong> Un\u2019altra storia, un altro piccolo capolavoro.<\/p>\n","protected":false},"excerpt":{"rendered":"<p>Nel 1962, da un\u2019intuizione di Arrigo Castellani\u00a0-direttore Stampa e Pubblicit\u00e0 Pirelli- nasce \u201cVado e Torno\u201d, periodico rivolto al mondo degli autotrasportatori: oltre a temi legati al settore specifico, il giornale propone articoli di varia attualit\u00e0, costume, spettacolo. E le copertine sono dedicate alle dive del cinema del momento. E\u2019 una ventiquattrenne Claudia Cardinale ad apparire [&hellip;]<\/p>\n","protected":false},"author":1,"featured_media":54737,"comment_status":"open","ping_status":"open","sticky":false,"template":"","format":"standard","meta":{"footnotes":""},"categories":[62],"tags":[355,118],"class_list":["post-52467","post","type-post","status-publish","format-standard","has-post-thumbnail","hentry","category-storie-dal-mondo-pirelli","tag-rubrica","tag-storia-aziendale"],"acf":[],"yoast_head":"<!-- This site is optimized with the Yoast SEO plugin v25.0 - https:\/\/yoast.com\/wordpress\/plugins\/seo\/ -->\n<title>Grandi attrici per la rivista \u201cVado e Torno\u201d | Fondazione Pirelli<\/title>\n<meta name=\"description\" content=\"Nel 1962 nasce il periodico Pirelli \u201cVado e Torno\u201d. Scopri le grandi attrici protagoniste delle copertine. Visita fondazionepirelli.org.\" \/>\n<meta name=\"robots\" content=\"index, follow, max-snippet:-1, max-image-preview:large, max-video-preview:-1\" \/>\n<link rel=\"canonical\" href=\"https:\/\/www.fondazionepirelli.org\/it\/iniziative\/storie-dal-mondo-pirelli\/stelle-in-copertina-grandi-attrici-per-la-rivista-vado-e-torno\/\" \/>\n<meta property=\"og:locale\" content=\"it_IT\" \/>\n<meta property=\"og:type\" content=\"article\" \/>\n<meta property=\"og:title\" content=\"Grandi attrici per la rivista \u201cVado e Torno\u201d | Fondazione Pirelli\" \/>\n<meta property=\"og:description\" content=\"Nel 1962 nasce il periodico Pirelli \u201cVado e Torno\u201d. Scopri le grandi attrici protagoniste delle copertine. Visita fondazionepirelli.org.\" \/>\n<meta property=\"og:url\" content=\"https:\/\/127.0.0.1\/it\/iniziative\/storie-dal-mondo-pirelli\/stelle-in-copertina-grandi-attrici-per-la-rivista-vado-e-torno\/\" \/>\n<meta property=\"og:site_name\" content=\"Fondazione Pirelli\" \/>\n<meta property=\"article:published_time\" content=\"2018-05-03T00:00:00+00:00\" \/>\n<meta property=\"article:modified_time\" content=\"2022-04-21T14:21:27+00:00\" \/>\n<meta property=\"og:image\" content=\"https:\/\/wpsite-assets.fondazionepirelli.org\/wp-content\/uploads\/2018\/05\/27104052\/vado_e_torno_HERO.jpg\" \/>\n\t<meta property=\"og:image:width\" content=\"586\" \/>\n\t<meta property=\"og:image:height\" content=\"433\" \/>\n\t<meta property=\"og:image:type\" content=\"image\/jpeg\" \/>\n<meta name=\"author\" content=\"fondadmin\" \/>\n<meta name=\"twitter:card\" content=\"summary_large_image\" \/>\n<meta name=\"twitter:label1\" content=\"Scritto da\" \/>\n\t<meta name=\"twitter:data1\" content=\"fondadmin\" \/>\n\t<meta name=\"twitter:label2\" content=\"Tempo di lettura stimato\" \/>\n\t<meta name=\"twitter:data2\" content=\"3 minuti\" \/>\n<script type=\"application\/ld+json\" class=\"yoast-schema-graph\">{\"@context\":\"https:\/\/schema.org\",\"@graph\":[{\"@type\":\"WebPage\",\"@id\":\"https:\/\/127.0.0.1\/it\/iniziative\/storie-dal-mondo-pirelli\/stelle-in-copertina-grandi-attrici-per-la-rivista-vado-e-torno\/\",\"url\":\"https:\/\/127.0.0.1\/it\/iniziative\/storie-dal-mondo-pirelli\/stelle-in-copertina-grandi-attrici-per-la-rivista-vado-e-torno\/\",\"name\":\"Grandi attrici per la rivista \u201cVado e Torno\u201d | Fondazione Pirelli\",\"isPartOf\":{\"@id\":\"https:\/\/www.fondazionepirelli.org\/it\/#website\"},\"primaryImageOfPage\":{\"@id\":\"https:\/\/127.0.0.1\/it\/iniziative\/storie-dal-mondo-pirelli\/stelle-in-copertina-grandi-attrici-per-la-rivista-vado-e-torno\/#primaryimage\"},\"image\":{\"@id\":\"https:\/\/127.0.0.1\/it\/iniziative\/storie-dal-mondo-pirelli\/stelle-in-copertina-grandi-attrici-per-la-rivista-vado-e-torno\/#primaryimage\"},\"thumbnailUrl\":\"https:\/\/wpsite-assets.fondazionepirelli.org\/wp-content\/uploads\/2018\/05\/27104052\/vado_e_torno_HERO.jpg\",\"datePublished\":\"2018-05-03T00:00:00+00:00\",\"dateModified\":\"2022-04-21T14:21:27+00:00\",\"author\":{\"@id\":\"https:\/\/www.fondazionepirelli.org\/it\/#\/schema\/person\/f47d097000832c4a6e54538c791fdf25\"},\"description\":\"Nel 1962 nasce il periodico Pirelli \u201cVado e Torno\u201d. Scopri le grandi attrici protagoniste delle copertine. Visita fondazionepirelli.org.\",\"breadcrumb\":{\"@id\":\"https:\/\/127.0.0.1\/it\/iniziative\/storie-dal-mondo-pirelli\/stelle-in-copertina-grandi-attrici-per-la-rivista-vado-e-torno\/#breadcrumb\"},\"inLanguage\":\"it-IT\",\"potentialAction\":[{\"@type\":\"ReadAction\",\"target\":[\"https:\/\/127.0.0.1\/it\/iniziative\/storie-dal-mondo-pirelli\/stelle-in-copertina-grandi-attrici-per-la-rivista-vado-e-torno\/\"]}]},{\"@type\":\"ImageObject\",\"inLanguage\":\"it-IT\",\"@id\":\"https:\/\/127.0.0.1\/it\/iniziative\/storie-dal-mondo-pirelli\/stelle-in-copertina-grandi-attrici-per-la-rivista-vado-e-torno\/#primaryimage\",\"url\":\"https:\/\/wpsite-assets.fondazionepirelli.org\/wp-content\/uploads\/2018\/05\/27104052\/vado_e_torno_HERO.jpg\",\"contentUrl\":\"https:\/\/wpsite-assets.fondazionepirelli.org\/wp-content\/uploads\/2018\/05\/27104052\/vado_e_torno_HERO.jpg\",\"width\":586,\"height\":433},{\"@type\":\"BreadcrumbList\",\"@id\":\"https:\/\/127.0.0.1\/it\/iniziative\/storie-dal-mondo-pirelli\/stelle-in-copertina-grandi-attrici-per-la-rivista-vado-e-torno\/#breadcrumb\",\"itemListElement\":[{\"@type\":\"ListItem\",\"position\":1,\"name\":\"Home\",\"item\":\"https:\/\/www.fondazionepirelli.org\/it\/\"},{\"@type\":\"ListItem\",\"position\":2,\"name\":\"Stelle in copertina. Grandi attrici per la rivista \u201cVado e Torno\u201d\"}]},{\"@type\":\"WebSite\",\"@id\":\"https:\/\/www.fondazionepirelli.org\/it\/#website\",\"url\":\"https:\/\/www.fondazionepirelli.org\/it\/\",\"name\":\"Fondazione Pirelli\",\"description\":\"\",\"potentialAction\":[{\"@type\":\"SearchAction\",\"target\":{\"@type\":\"EntryPoint\",\"urlTemplate\":\"https:\/\/www.fondazionepirelli.org\/it\/?s={search_term_string}\"},\"query-input\":{\"@type\":\"PropertyValueSpecification\",\"valueRequired\":true,\"valueName\":\"search_term_string\"}}],\"inLanguage\":\"it-IT\"},{\"@type\":\"Person\",\"@id\":\"https:\/\/www.fondazionepirelli.org\/it\/#\/schema\/person\/f47d097000832c4a6e54538c791fdf25\",\"name\":\"fondadmin\",\"image\":{\"@type\":\"ImageObject\",\"inLanguage\":\"it-IT\",\"@id\":\"https:\/\/www.fondazionepirelli.org\/it\/#\/schema\/person\/image\/\",\"url\":\"https:\/\/secure.gravatar.com\/avatar\/e69498a9175ca244966e51e53c88712c024fcebe41f9a05f75657f1bb25e489b?s=96&d=mm&r=g\",\"contentUrl\":\"https:\/\/secure.gravatar.com\/avatar\/e69498a9175ca244966e51e53c88712c024fcebe41f9a05f75657f1bb25e489b?s=96&d=mm&r=g\",\"caption\":\"fondadmin\"},\"url\":\"https:\/\/www.fondazionepirelli.org\/it\/author\/fondadmin\/\"}]}<\/script>\n<!-- \/ Yoast SEO plugin. -->","yoast_head_json":{"title":"Grandi attrici per la rivista \u201cVado e Torno\u201d | Fondazione Pirelli","description":"Nel 1962 nasce il periodico Pirelli \u201cVado e Torno\u201d. Scopri le grandi attrici protagoniste delle copertine. Visita fondazionepirelli.org.","robots":{"index":"index","follow":"follow","max-snippet":"max-snippet:-1","max-image-preview":"max-image-preview:large","max-video-preview":"max-video-preview:-1"},"canonical":"https:\/\/www.fondazionepirelli.org\/it\/iniziative\/storie-dal-mondo-pirelli\/stelle-in-copertina-grandi-attrici-per-la-rivista-vado-e-torno\/","og_locale":"it_IT","og_type":"article","og_title":"Grandi attrici per la rivista \u201cVado e Torno\u201d | Fondazione Pirelli","og_description":"Nel 1962 nasce il periodico Pirelli \u201cVado e Torno\u201d. Scopri le grandi attrici protagoniste delle copertine. Visita fondazionepirelli.org.","og_url":"https:\/\/127.0.0.1\/it\/iniziative\/storie-dal-mondo-pirelli\/stelle-in-copertina-grandi-attrici-per-la-rivista-vado-e-torno\/","og_site_name":"Fondazione Pirelli","article_published_time":"2018-05-03T00:00:00+00:00","article_modified_time":"2022-04-21T14:21:27+00:00","og_image":[{"width":586,"height":433,"url":"https:\/\/wpsite-assets.fondazionepirelli.org\/wp-content\/uploads\/2018\/05\/27104052\/vado_e_torno_HERO.jpg","type":"image\/jpeg"}],"author":"fondadmin","twitter_card":"summary_large_image","twitter_misc":{"Scritto da":"fondadmin","Tempo di lettura stimato":"3 minuti"},"schema":{"@context":"https:\/\/schema.org","@graph":[{"@type":"WebPage","@id":"https:\/\/127.0.0.1\/it\/iniziative\/storie-dal-mondo-pirelli\/stelle-in-copertina-grandi-attrici-per-la-rivista-vado-e-torno\/","url":"https:\/\/127.0.0.1\/it\/iniziative\/storie-dal-mondo-pirelli\/stelle-in-copertina-grandi-attrici-per-la-rivista-vado-e-torno\/","name":"Grandi attrici per la rivista \u201cVado e Torno\u201d | Fondazione Pirelli","isPartOf":{"@id":"https:\/\/www.fondazionepirelli.org\/it\/#website"},"primaryImageOfPage":{"@id":"https:\/\/127.0.0.1\/it\/iniziative\/storie-dal-mondo-pirelli\/stelle-in-copertina-grandi-attrici-per-la-rivista-vado-e-torno\/#primaryimage"},"image":{"@id":"https:\/\/127.0.0.1\/it\/iniziative\/storie-dal-mondo-pirelli\/stelle-in-copertina-grandi-attrici-per-la-rivista-vado-e-torno\/#primaryimage"},"thumbnailUrl":"https:\/\/wpsite-assets.fondazionepirelli.org\/wp-content\/uploads\/2018\/05\/27104052\/vado_e_torno_HERO.jpg","datePublished":"2018-05-03T00:00:00+00:00","dateModified":"2022-04-21T14:21:27+00:00","author":{"@id":"https:\/\/www.fondazionepirelli.org\/it\/#\/schema\/person\/f47d097000832c4a6e54538c791fdf25"},"description":"Nel 1962 nasce il periodico Pirelli \u201cVado e Torno\u201d. Scopri le grandi attrici protagoniste delle copertine. Visita fondazionepirelli.org.","breadcrumb":{"@id":"https:\/\/127.0.0.1\/it\/iniziative\/storie-dal-mondo-pirelli\/stelle-in-copertina-grandi-attrici-per-la-rivista-vado-e-torno\/#breadcrumb"},"inLanguage":"it-IT","potentialAction":[{"@type":"ReadAction","target":["https:\/\/127.0.0.1\/it\/iniziative\/storie-dal-mondo-pirelli\/stelle-in-copertina-grandi-attrici-per-la-rivista-vado-e-torno\/"]}]},{"@type":"ImageObject","inLanguage":"it-IT","@id":"https:\/\/127.0.0.1\/it\/iniziative\/storie-dal-mondo-pirelli\/stelle-in-copertina-grandi-attrici-per-la-rivista-vado-e-torno\/#primaryimage","url":"https:\/\/wpsite-assets.fondazionepirelli.org\/wp-content\/uploads\/2018\/05\/27104052\/vado_e_torno_HERO.jpg","contentUrl":"https:\/\/wpsite-assets.fondazionepirelli.org\/wp-content\/uploads\/2018\/05\/27104052\/vado_e_torno_HERO.jpg","width":586,"height":433},{"@type":"BreadcrumbList","@id":"https:\/\/127.0.0.1\/it\/iniziative\/storie-dal-mondo-pirelli\/stelle-in-copertina-grandi-attrici-per-la-rivista-vado-e-torno\/#breadcrumb","itemListElement":[{"@type":"ListItem","position":1,"name":"Home","item":"https:\/\/www.fondazionepirelli.org\/it\/"},{"@type":"ListItem","position":2,"name":"Stelle in copertina. Grandi attrici per la rivista \u201cVado e Torno\u201d"}]},{"@type":"WebSite","@id":"https:\/\/www.fondazionepirelli.org\/it\/#website","url":"https:\/\/www.fondazionepirelli.org\/it\/","name":"Fondazione Pirelli","description":"","potentialAction":[{"@type":"SearchAction","target":{"@type":"EntryPoint","urlTemplate":"https:\/\/www.fondazionepirelli.org\/it\/?s={search_term_string}"},"query-input":{"@type":"PropertyValueSpecification","valueRequired":true,"valueName":"search_term_string"}}],"inLanguage":"it-IT"},{"@type":"Person","@id":"https:\/\/www.fondazionepirelli.org\/it\/#\/schema\/person\/f47d097000832c4a6e54538c791fdf25","name":"fondadmin","image":{"@type":"ImageObject","inLanguage":"it-IT","@id":"https:\/\/www.fondazionepirelli.org\/it\/#\/schema\/person\/image\/","url":"https:\/\/secure.gravatar.com\/avatar\/e69498a9175ca244966e51e53c88712c024fcebe41f9a05f75657f1bb25e489b?s=96&d=mm&r=g","contentUrl":"https:\/\/secure.gravatar.com\/avatar\/e69498a9175ca244966e51e53c88712c024fcebe41f9a05f75657f1bb25e489b?s=96&d=mm&r=g","caption":"fondadmin"},"url":"https:\/\/www.fondazionepirelli.org\/it\/author\/fondadmin\/"}]}},"_links":{"self":[{"href":"https:\/\/www.fondazionepirelli.org\/it\/wp-json\/wp\/v2\/posts\/52467\/"}],"collection":[{"href":"https:\/\/www.fondazionepirelli.org\/it\/wp-json\/wp\/v2\/posts\/"}],"about":[{"href":"https:\/\/www.fondazionepirelli.org\/it\/wp-json\/wp\/v2\/types\/post\/"}],"author":[{"embeddable":true,"href":"https:\/\/www.fondazionepirelli.org\/it\/wp-json\/wp\/v2\/users\/1\/"}],"replies":[{"embeddable":true,"href":"https:\/\/www.fondazionepirelli.org\/it\/wp-json\/wp\/v2\/comments\/?post=52467"}],"version-history":[{"count":12,"href":"https:\/\/www.fondazionepirelli.org\/it\/wp-json\/wp\/v2\/posts\/52467\/revisions\/"}],"predecessor-version":[{"id":72826,"href":"https:\/\/www.fondazionepirelli.org\/it\/wp-json\/wp\/v2\/posts\/52467\/revisions\/72826\/"}],"wp:featuredmedia":[{"embeddable":true,"href":"https:\/\/www.fondazionepirelli.org\/it\/wp-json\/wp\/v2\/media\/54737\/"}],"wp:attachment":[{"href":"https:\/\/www.fondazionepirelli.org\/it\/wp-json\/wp\/v2\/media\/?parent=52467"}],"wp:term":[{"taxonomy":"category","embeddable":true,"href":"https:\/\/www.fondazionepirelli.org\/it\/wp-json\/wp\/v2\/categories\/?post=52467"},{"taxonomy":"post_tag","embeddable":true,"href":"https:\/\/www.fondazionepirelli.org\/it\/wp-json\/wp\/v2\/tags\/?post=52467"}],"curies":[{"name":"wp","href":"https:\/\/api.w.org\/{rel}","templated":true}]}}