{"id":52483,"date":"2018-04-24T00:00:00","date_gmt":"2018-04-24T00:00:00","guid":{"rendered":"http:\/\/www.fondazionepirelli.org\/fondazione-pirelli\/milano-non-e-unisola-anche-se-ben-arredata-le-sfide-dopo-i-successi-della-design-week\/"},"modified":"2019-06-03T10:39:42","modified_gmt":"2019-06-03T10:39:42","slug":"milano-non-e-unisola-anche-se-ben-arredata-le-sfide-dopo-i-successi-della-design-week","status":"publish","type":"post","link":"https:\/\/www.fondazionepirelli.org\/it\/cultura-dimpresa\/milano-non-e-unisola-anche-se-ben-arredata-le-sfide-dopo-i-successi-della-design-week\/","title":{"rendered":"Milano non \u00e8 un\u2019isola, anche se ben arredata. Le sfide dopo i successi della \u201cDesign Week\u201d"},"content":{"rendered":"<p><strong>Milano<\/strong> capitale, Milano locomotiva, Milano da far volare per \u201c<strong>far volare l\u2019Italia<\/strong>\u201d, Milano <em>smart city <\/em>ma anche <em>start up town<\/em>, Milano internazionale e Milano come Chicago, Milano sempre pi\u00f9 Europa e sempre meno, per\u00f2, Milano-Italia. Negli anni d\u2019oro di Milano le definizioni si sprecano e risuonano comunque, frequenti e soddisfatti, proprio all\u2019indomani del grande successo della <em>Design Week<\/em> legata al Salone del Mobile, 434mila visitatori, il 26% in pi\u00f9 dell\u2019anno precedente, record d\u2019affari per gli espositori, con picchi d\u2019aumento degli ordini del 30%. Grande, Milano?<\/p>\n<p>La concretezza abituale della cultura e della \u201ceducazione milanese\u201d impedisce l\u2019aria tronfia del vanto. E nei giorni successivi a un grande evento internazionale che migliora ancora una volta la competitivit\u00e0 del <em>made in Italy,<\/em> si sta con i piedi per terra e ci si ripete che Milano tutto pu\u00f2 essere tranne che un fenomeno, un\u2019eccezione, un posto da solitari primati. Milano non \u00e8 un\u2019isola.<\/p>\n<p>\u201cNessun uomo \u00e8 un\u2019isola\u201d, aveva scritto <strong>John Donne<\/strong>, poeta inglese del Seicento (un verso esemplare, per bellezza evocativa e forza morale, ripreso proprio in questi mesi con intelligenza comunicativa da una catena di supermercati, Conad). Figuriamoci se pu\u00f2 ridursi a isola una citt\u00e0 che fa proprio del suo nome, Mediolanum, terra di mezzo, un tratto distintivo di luogo aperto di scambi e relazioni, mercato, incrocio di conversazioni, circuito virtuoso di commerci e lavoro. Milano, dunque, inclusiva e solidale, accogliente e cordiale. Dai tempi di Ambrogio ai giorni d\u2019oggi, continuando a prefigurare un futuro di \u201ccentralit\u00e0\u201d europea, di metropoli rotonda, attenta cio\u00e8 ad evitare spigoli taglienti che feriscono ed escludono.<\/p>\n<p>La<em> Design Week <\/em>che si \u00e8 snodata tra Salone del Mobile e \u201cFuorisalone\u201d diffuso su tutta la citt\u00e0 con oltre 1360 eventi diversi, ne \u00e8 stata evidente testimonianza. Il design rappresentato, raccontato, immaginato, progettato in milioni di conversazioni va oltre gli spazi tradizionali dell\u2019arredamento e coinvolge altri mondi industriali, dalla bicicletta all\u2019automobile, dai servizi ai sistemi luminosi e sonori che coinvolgono nuove condizioni del vivere, mobilit\u00e0 sostenibile compresa. Il segno forte \u00e8 l\u2019innovazione. Le sfide si muovono tra Milano e il mondo.<\/p>\n<p>Questo<strong> design<\/strong>, innovativo e, per usare una parola oramai obbligata, \u201csostenibile\u201d (sensibile cio\u00e8 alla condizione umana d\u2019una vita migliore) si carica anche di valori ambientali ed etici, ponendosi per esempio il problema di cosa fare della plastica, uno straordinario prodotto industriale (di solide radici italiane, se pensiamo al Moplen nato dalle ricerca di <strong>Giulio Natta<\/strong>, premio Nobel per la chimica nel 1963 e dalle esperienze nei laboratori Pirelli e Montecatini) con cui proprio il design innovativo e la <em>pop art<\/em> sono andate a nozze, dagli anni Sessanta a oggi.<\/p>\n<p>La <strong>plastica<\/strong> ha rappresentato la modernit\u00e0 e la comodit\u00e0 di consumi e costumi (in molti casi anche con una certa attenzione per la bellezza) ma oggi, con i 300 milioni di tonnellate prodotte in tutto il mondo e di difficilissimo smaltimento, rappresenta un problema ambientale che sfiora la drammaticit\u00e0 (\u201cRobinson\u201d, il settimanale culturale de \u201cla Repubblica\u201d, ha dedicato al problema quasi tutto il suo numero di domenica scorsa e Antonio Gnoli ne ha sviluppato questioni essenziali in una bella intervista con Renato De Fusco, teorico della progettazione e del design).<\/p>\n<p>Quel design che ha amato la plastica, pu\u00f2 oggi suggerire tecnologie, forme, materiali che ci consentano di superare la frontiera dell\u2019\u201dusa e getta\u201d? C\u2019\u00e8 un design responsabile, da economia civile e circolare? Tema aperto. Proprio a Milano, citt\u00e0 di cultura industriale e alta qualit\u00e0 chimica, se ne pu\u00f2 discutere. Il Politecnico, con le sue specializzazioni proprio sui temi del design, potrebbe essere un luogo ideale.<\/p>\n<p>Perch\u00e9 anche questo, \u00e8 Milano. Luogo ibrido di conoscenze e competenze tecniche, di \u201ccultura politecnica\u201d, di dialogo costante tra umanesimo e scienza, tra tecnologia e filosofia. Storia e attualit\u00e0 ne offrono testimonianze continue.<\/p>\n<p>Milano, nella dimensione metropolitana, \u00e8 citt\u00e0 industriale, per esperienza lunga un secolo e mezzo e per vocazione contemporanea. Ma non \u00e8 mai stata <em>company town<\/em> come Torino, monocultura industrialista e fordista. Sempre, nel corso del Novecento, i suoi imprenditori hanno invece lavorato su parecchi tavoli comunicanti, dell\u2019industria e della finanza, della manifattura e dei servizi, dei commerci e dell\u2019universit\u00e0, senza mai dimenticare cultura, editoria, comunicazione (la storia stessa del \u201cCorriere della Sera\u201d e degli editori, grandi e popolari ma anche piccoli e raffinatissimi, ne \u00e8 conferma). Oggi, l\u2019attrattivit\u00e0 internazionale di Milano si fonda su questi caratteri. E ne pu\u00f2 fare leva per uno sviluppo che coinvolga il resto del paese.<\/p>\n<p>Tutta la vicenda del Salone del Mobile ne mostra la validit\u00e0. I progetti dei designer, che guardano a Milano da tutto il mondo. E la forza e la qualit\u00e0 delle fabbriche, dalla Brianza al Veneto, in un mix assolutamente originale, un paradigma culturale e produttivo che continua ad avere una forte competitivit\u00e0 e che traina anche un altro settore d\u2019eccellenza italiana, la meccanica e la meccatronica degli impianti per produrre sistemi d\u2019arredamento. Un circuito virtuoso. Cultura del progetto e cultura del prodotto. Milano esemplare.<\/p>\n<p>Il design, anche da questo punto di vista, si declina come <strong>sapere<\/strong>, conoscenza. Non effimera improvvisazione o chiacchiera. Ma competenze profonde, sia nel dettaglio (perch\u00e9 \u00e8 proprio l\u00ec che si annida l\u2019origine della perfezione) sia nello sguardo generale, sistemico. Nell\u2019attuale condizione di rischio di decadenza delle gerarchie culturali e di privilegio mediatico di chi contrappone credenza a scienza, proprio la forza delle riflessioni sulla \u201ccultura sostenibile\u201d che leghi industria ad ambiente, lavoro e tecnologie al miglioramento degli equilibri sociali, design a urbanistica e architettura (\u00e8 tra i progetti pi\u00f9 impegnativi della nuove Triennale guidata da Stefano Boeri) pu\u00f2 essere cardine di una sorta di nuovo \u201cumanesimo industriale\u201d (definizione abituale, da anni, nelle elaborazioni della Fondazione Pirelli) in cui l\u2019Italia e proprio Milano hanno molto da dire e da fare. E\u2019 la cultura delle fabbriche, anche <em>digital <\/em>e <em>hi tech<\/em> arricchite dalla tradizionale sapienza manifatturiera di radici artigiane, con forti valenze funzionali ma anche sociali. E\u2019 \u201cla morale del tornio\u201d. Il bello e ben fatto<\/p>\n","protected":false},"excerpt":{"rendered":"<p>Milano capitale, Milano locomotiva, Milano da far volare per \u201cfar volare l\u2019Italia\u201d, Milano smart city ma anche start up town, Milano internazionale e Milano come Chicago, Milano sempre pi\u00f9 Europa e sempre meno, per\u00f2, Milano-Italia. Negli anni d\u2019oro di Milano le definizioni si sprecano e risuonano comunque, frequenti e soddisfatti, proprio all\u2019indomani del grande successo [&hellip;]<\/p>\n","protected":false},"author":1,"featured_media":57190,"comment_status":"open","ping_status":"open","sticky":false,"template":"","format":"standard","meta":{"footnotes":""},"categories":[53,52],"tags":[],"class_list":["post-52483","post","type-post","status-publish","format-standard","has-post-thumbnail","hentry","category-blog","category-cultura-dimpresa"],"acf":[],"yoast_head":"<!-- This site is optimized with the Yoast SEO plugin v25.0 - https:\/\/yoast.com\/wordpress\/plugins\/seo\/ -->\n<title>Milano non \u00e8 un\u2019isola, anche se ben arredata. Le sfide dopo i successi della \u201cDesign Week\u201d - Fondazione Pirelli<\/title>\n<meta name=\"robots\" content=\"index, follow, max-snippet:-1, max-image-preview:large, max-video-preview:-1\" \/>\n<link rel=\"canonical\" href=\"https:\/\/www.fondazionepirelli.org\/it\/cultura-dimpresa\/milano-non-e-unisola-anche-se-ben-arredata-le-sfide-dopo-i-successi-della-design-week\/\" \/>\n<meta property=\"og:locale\" content=\"it_IT\" \/>\n<meta property=\"og:type\" content=\"article\" \/>\n<meta property=\"og:title\" content=\"Milano non \u00e8 un\u2019isola, anche se ben arredata. Le sfide dopo i successi della \u201cDesign Week\u201d - Fondazione Pirelli\" \/>\n<meta property=\"og:description\" content=\"Milano capitale, Milano locomotiva, Milano da far volare per \u201cfar volare l\u2019Italia\u201d, Milano smart city ma anche start up town, Milano internazionale e Milano come Chicago, Milano sempre pi\u00f9 Europa e sempre meno, per\u00f2, Milano-Italia. Negli anni d\u2019oro di Milano le definizioni si sprecano e risuonano comunque, frequenti e soddisfatti, proprio all\u2019indomani del grande successo [&hellip;]\" \/>\n<meta property=\"og:url\" content=\"https:\/\/www.fondazionepirelli.org\/it\/cultura-dimpresa\/milano-non-e-unisola-anche-se-ben-arredata-le-sfide-dopo-i-successi-della-design-week\/\" \/>\n<meta property=\"og:site_name\" content=\"Fondazione Pirelli\" \/>\n<meta property=\"article:published_time\" content=\"2018-04-24T00:00:00+00:00\" \/>\n<meta property=\"article:modified_time\" content=\"2019-06-03T10:39:42+00:00\" \/>\n<meta property=\"og:image\" content=\"https:\/\/wpsite-assets.fondazionepirelli.org\/wp-content\/uploads\/2018\/04\/03103845\/milano_non_e%CC%80_un_isola-e1559558334269.jpg\" \/>\n\t<meta property=\"og:image:width\" content=\"600\" \/>\n\t<meta property=\"og:image:height\" content=\"456\" \/>\n\t<meta property=\"og:image:type\" content=\"image\/jpeg\" \/>\n<meta name=\"author\" content=\"fondadmin\" \/>\n<meta name=\"twitter:card\" content=\"summary_large_image\" \/>\n<meta name=\"twitter:label1\" content=\"Scritto da\" \/>\n\t<meta name=\"twitter:data1\" content=\"fondadmin\" \/>\n\t<meta name=\"twitter:label2\" content=\"Tempo di lettura stimato\" \/>\n\t<meta name=\"twitter:data2\" content=\"5 minuti\" \/>\n<script type=\"application\/ld+json\" class=\"yoast-schema-graph\">{\"@context\":\"https:\/\/schema.org\",\"@graph\":[{\"@type\":\"WebPage\",\"@id\":\"https:\/\/www.fondazionepirelli.org\/it\/cultura-dimpresa\/milano-non-e-unisola-anche-se-ben-arredata-le-sfide-dopo-i-successi-della-design-week\/\",\"url\":\"https:\/\/www.fondazionepirelli.org\/it\/cultura-dimpresa\/milano-non-e-unisola-anche-se-ben-arredata-le-sfide-dopo-i-successi-della-design-week\/\",\"name\":\"Milano non \u00e8 un\u2019isola, anche se ben arredata. Le sfide dopo i successi della \u201cDesign Week\u201d - Fondazione Pirelli\",\"isPartOf\":{\"@id\":\"https:\/\/www.fondazionepirelli.org\/it\/#website\"},\"primaryImageOfPage\":{\"@id\":\"https:\/\/www.fondazionepirelli.org\/it\/cultura-dimpresa\/milano-non-e-unisola-anche-se-ben-arredata-le-sfide-dopo-i-successi-della-design-week\/#primaryimage\"},\"image\":{\"@id\":\"https:\/\/www.fondazionepirelli.org\/it\/cultura-dimpresa\/milano-non-e-unisola-anche-se-ben-arredata-le-sfide-dopo-i-successi-della-design-week\/#primaryimage\"},\"thumbnailUrl\":\"https:\/\/wpsite-assets.fondazionepirelli.org\/wp-content\/uploads\/2018\/04\/03103845\/milano_non_e%CC%80_un_isola-e1559558334269.jpg\",\"datePublished\":\"2018-04-24T00:00:00+00:00\",\"dateModified\":\"2019-06-03T10:39:42+00:00\",\"author\":{\"@id\":\"https:\/\/www.fondazionepirelli.org\/it\/#\/schema\/person\/f47d097000832c4a6e54538c791fdf25\"},\"breadcrumb\":{\"@id\":\"https:\/\/www.fondazionepirelli.org\/it\/cultura-dimpresa\/milano-non-e-unisola-anche-se-ben-arredata-le-sfide-dopo-i-successi-della-design-week\/#breadcrumb\"},\"inLanguage\":\"it-IT\",\"potentialAction\":[{\"@type\":\"ReadAction\",\"target\":[\"https:\/\/www.fondazionepirelli.org\/it\/cultura-dimpresa\/milano-non-e-unisola-anche-se-ben-arredata-le-sfide-dopo-i-successi-della-design-week\/\"]}]},{\"@type\":\"ImageObject\",\"inLanguage\":\"it-IT\",\"@id\":\"https:\/\/www.fondazionepirelli.org\/it\/cultura-dimpresa\/milano-non-e-unisola-anche-se-ben-arredata-le-sfide-dopo-i-successi-della-design-week\/#primaryimage\",\"url\":\"https:\/\/wpsite-assets.fondazionepirelli.org\/wp-content\/uploads\/2018\/04\/03103845\/milano_non_e%CC%80_un_isola-e1559558334269.jpg\",\"contentUrl\":\"https:\/\/wpsite-assets.fondazionepirelli.org\/wp-content\/uploads\/2018\/04\/03103845\/milano_non_e%CC%80_un_isola-e1559558334269.jpg\",\"width\":600,\"height\":456},{\"@type\":\"BreadcrumbList\",\"@id\":\"https:\/\/www.fondazionepirelli.org\/it\/cultura-dimpresa\/milano-non-e-unisola-anche-se-ben-arredata-le-sfide-dopo-i-successi-della-design-week\/#breadcrumb\",\"itemListElement\":[{\"@type\":\"ListItem\",\"position\":1,\"name\":\"Home\",\"item\":\"https:\/\/www.fondazionepirelli.org\/it\/\"},{\"@type\":\"ListItem\",\"position\":2,\"name\":\"Milano non \u00e8 un\u2019isola, anche se ben arredata. Le sfide dopo i successi della \u201cDesign Week\u201d\"}]},{\"@type\":\"WebSite\",\"@id\":\"https:\/\/www.fondazionepirelli.org\/it\/#website\",\"url\":\"https:\/\/www.fondazionepirelli.org\/it\/\",\"name\":\"Fondazione Pirelli\",\"description\":\"\",\"potentialAction\":[{\"@type\":\"SearchAction\",\"target\":{\"@type\":\"EntryPoint\",\"urlTemplate\":\"https:\/\/www.fondazionepirelli.org\/it\/?s={search_term_string}\"},\"query-input\":{\"@type\":\"PropertyValueSpecification\",\"valueRequired\":true,\"valueName\":\"search_term_string\"}}],\"inLanguage\":\"it-IT\"},{\"@type\":\"Person\",\"@id\":\"https:\/\/www.fondazionepirelli.org\/it\/#\/schema\/person\/f47d097000832c4a6e54538c791fdf25\",\"name\":\"fondadmin\",\"image\":{\"@type\":\"ImageObject\",\"inLanguage\":\"it-IT\",\"@id\":\"https:\/\/www.fondazionepirelli.org\/it\/#\/schema\/person\/image\/\",\"url\":\"https:\/\/secure.gravatar.com\/avatar\/e69498a9175ca244966e51e53c88712c024fcebe41f9a05f75657f1bb25e489b?s=96&d=mm&r=g\",\"contentUrl\":\"https:\/\/secure.gravatar.com\/avatar\/e69498a9175ca244966e51e53c88712c024fcebe41f9a05f75657f1bb25e489b?s=96&d=mm&r=g\",\"caption\":\"fondadmin\"},\"url\":\"https:\/\/www.fondazionepirelli.org\/it\/author\/fondadmin\/\"}]}<\/script>\n<!-- \/ Yoast SEO plugin. -->","yoast_head_json":{"title":"Milano non \u00e8 un\u2019isola, anche se ben arredata. Le sfide dopo i successi della \u201cDesign Week\u201d - Fondazione Pirelli","robots":{"index":"index","follow":"follow","max-snippet":"max-snippet:-1","max-image-preview":"max-image-preview:large","max-video-preview":"max-video-preview:-1"},"canonical":"https:\/\/www.fondazionepirelli.org\/it\/cultura-dimpresa\/milano-non-e-unisola-anche-se-ben-arredata-le-sfide-dopo-i-successi-della-design-week\/","og_locale":"it_IT","og_type":"article","og_title":"Milano non \u00e8 un\u2019isola, anche se ben arredata. Le sfide dopo i successi della \u201cDesign Week\u201d - Fondazione Pirelli","og_description":"Milano capitale, Milano locomotiva, Milano da far volare per \u201cfar volare l\u2019Italia\u201d, Milano smart city ma anche start up town, Milano internazionale e Milano come Chicago, Milano sempre pi\u00f9 Europa e sempre meno, per\u00f2, Milano-Italia. Negli anni d\u2019oro di Milano le definizioni si sprecano e risuonano comunque, frequenti e soddisfatti, proprio all\u2019indomani del grande successo [&hellip;]","og_url":"https:\/\/www.fondazionepirelli.org\/it\/cultura-dimpresa\/milano-non-e-unisola-anche-se-ben-arredata-le-sfide-dopo-i-successi-della-design-week\/","og_site_name":"Fondazione Pirelli","article_published_time":"2018-04-24T00:00:00+00:00","article_modified_time":"2019-06-03T10:39:42+00:00","og_image":[{"width":600,"height":456,"url":"https:\/\/wpsite-assets.fondazionepirelli.org\/wp-content\/uploads\/2018\/04\/03103845\/milano_non_e%CC%80_un_isola-e1559558334269.jpg","type":"image\/jpeg"}],"author":"fondadmin","twitter_card":"summary_large_image","twitter_misc":{"Scritto da":"fondadmin","Tempo di lettura stimato":"5 minuti"},"schema":{"@context":"https:\/\/schema.org","@graph":[{"@type":"WebPage","@id":"https:\/\/www.fondazionepirelli.org\/it\/cultura-dimpresa\/milano-non-e-unisola-anche-se-ben-arredata-le-sfide-dopo-i-successi-della-design-week\/","url":"https:\/\/www.fondazionepirelli.org\/it\/cultura-dimpresa\/milano-non-e-unisola-anche-se-ben-arredata-le-sfide-dopo-i-successi-della-design-week\/","name":"Milano non \u00e8 un\u2019isola, anche se ben arredata. Le sfide dopo i successi della \u201cDesign Week\u201d - Fondazione Pirelli","isPartOf":{"@id":"https:\/\/www.fondazionepirelli.org\/it\/#website"},"primaryImageOfPage":{"@id":"https:\/\/www.fondazionepirelli.org\/it\/cultura-dimpresa\/milano-non-e-unisola-anche-se-ben-arredata-le-sfide-dopo-i-successi-della-design-week\/#primaryimage"},"image":{"@id":"https:\/\/www.fondazionepirelli.org\/it\/cultura-dimpresa\/milano-non-e-unisola-anche-se-ben-arredata-le-sfide-dopo-i-successi-della-design-week\/#primaryimage"},"thumbnailUrl":"https:\/\/wpsite-assets.fondazionepirelli.org\/wp-content\/uploads\/2018\/04\/03103845\/milano_non_e%CC%80_un_isola-e1559558334269.jpg","datePublished":"2018-04-24T00:00:00+00:00","dateModified":"2019-06-03T10:39:42+00:00","author":{"@id":"https:\/\/www.fondazionepirelli.org\/it\/#\/schema\/person\/f47d097000832c4a6e54538c791fdf25"},"breadcrumb":{"@id":"https:\/\/www.fondazionepirelli.org\/it\/cultura-dimpresa\/milano-non-e-unisola-anche-se-ben-arredata-le-sfide-dopo-i-successi-della-design-week\/#breadcrumb"},"inLanguage":"it-IT","potentialAction":[{"@type":"ReadAction","target":["https:\/\/www.fondazionepirelli.org\/it\/cultura-dimpresa\/milano-non-e-unisola-anche-se-ben-arredata-le-sfide-dopo-i-successi-della-design-week\/"]}]},{"@type":"ImageObject","inLanguage":"it-IT","@id":"https:\/\/www.fondazionepirelli.org\/it\/cultura-dimpresa\/milano-non-e-unisola-anche-se-ben-arredata-le-sfide-dopo-i-successi-della-design-week\/#primaryimage","url":"https:\/\/wpsite-assets.fondazionepirelli.org\/wp-content\/uploads\/2018\/04\/03103845\/milano_non_e%CC%80_un_isola-e1559558334269.jpg","contentUrl":"https:\/\/wpsite-assets.fondazionepirelli.org\/wp-content\/uploads\/2018\/04\/03103845\/milano_non_e%CC%80_un_isola-e1559558334269.jpg","width":600,"height":456},{"@type":"BreadcrumbList","@id":"https:\/\/www.fondazionepirelli.org\/it\/cultura-dimpresa\/milano-non-e-unisola-anche-se-ben-arredata-le-sfide-dopo-i-successi-della-design-week\/#breadcrumb","itemListElement":[{"@type":"ListItem","position":1,"name":"Home","item":"https:\/\/www.fondazionepirelli.org\/it\/"},{"@type":"ListItem","position":2,"name":"Milano non \u00e8 un\u2019isola, anche se ben arredata. Le sfide dopo i successi della \u201cDesign Week\u201d"}]},{"@type":"WebSite","@id":"https:\/\/www.fondazionepirelli.org\/it\/#website","url":"https:\/\/www.fondazionepirelli.org\/it\/","name":"Fondazione Pirelli","description":"","potentialAction":[{"@type":"SearchAction","target":{"@type":"EntryPoint","urlTemplate":"https:\/\/www.fondazionepirelli.org\/it\/?s={search_term_string}"},"query-input":{"@type":"PropertyValueSpecification","valueRequired":true,"valueName":"search_term_string"}}],"inLanguage":"it-IT"},{"@type":"Person","@id":"https:\/\/www.fondazionepirelli.org\/it\/#\/schema\/person\/f47d097000832c4a6e54538c791fdf25","name":"fondadmin","image":{"@type":"ImageObject","inLanguage":"it-IT","@id":"https:\/\/www.fondazionepirelli.org\/it\/#\/schema\/person\/image\/","url":"https:\/\/secure.gravatar.com\/avatar\/e69498a9175ca244966e51e53c88712c024fcebe41f9a05f75657f1bb25e489b?s=96&d=mm&r=g","contentUrl":"https:\/\/secure.gravatar.com\/avatar\/e69498a9175ca244966e51e53c88712c024fcebe41f9a05f75657f1bb25e489b?s=96&d=mm&r=g","caption":"fondadmin"},"url":"https:\/\/www.fondazionepirelli.org\/it\/author\/fondadmin\/"}]}},"_links":{"self":[{"href":"https:\/\/www.fondazionepirelli.org\/it\/wp-json\/wp\/v2\/posts\/52483\/"}],"collection":[{"href":"https:\/\/www.fondazionepirelli.org\/it\/wp-json\/wp\/v2\/posts\/"}],"about":[{"href":"https:\/\/www.fondazionepirelli.org\/it\/wp-json\/wp\/v2\/types\/post\/"}],"author":[{"embeddable":true,"href":"https:\/\/www.fondazionepirelli.org\/it\/wp-json\/wp\/v2\/users\/1\/"}],"replies":[{"embeddable":true,"href":"https:\/\/www.fondazionepirelli.org\/it\/wp-json\/wp\/v2\/comments\/?post=52483"}],"version-history":[{"count":2,"href":"https:\/\/www.fondazionepirelli.org\/it\/wp-json\/wp\/v2\/posts\/52483\/revisions\/"}],"predecessor-version":[{"id":57192,"href":"https:\/\/www.fondazionepirelli.org\/it\/wp-json\/wp\/v2\/posts\/52483\/revisions\/57192\/"}],"wp:featuredmedia":[{"embeddable":true,"href":"https:\/\/www.fondazionepirelli.org\/it\/wp-json\/wp\/v2\/media\/57190\/"}],"wp:attachment":[{"href":"https:\/\/www.fondazionepirelli.org\/it\/wp-json\/wp\/v2\/media\/?parent=52483"}],"wp:term":[{"taxonomy":"category","embeddable":true,"href":"https:\/\/www.fondazionepirelli.org\/it\/wp-json\/wp\/v2\/categories\/?post=52483"},{"taxonomy":"post_tag","embeddable":true,"href":"https:\/\/www.fondazionepirelli.org\/it\/wp-json\/wp\/v2\/tags\/?post=52483"}],"curies":[{"name":"wp","href":"https:\/\/api.w.org\/{rel}","templated":true}]}}