{"id":52486,"date":"2018-04-17T00:00:00","date_gmt":"2018-04-17T00:00:00","guid":{"rendered":"http:\/\/www.fondazionepirelli.org\/fondazione-pirelli\/relazioni-obbligate\/"},"modified":"2019-09-23T10:23:34","modified_gmt":"2019-09-23T08:23:34","slug":"relazioni-obbligate","status":"publish","type":"post","link":"https:\/\/www.fondazionepirelli.org\/it\/cultura-dimpresa\/relazioni-obbligate\/","title":{"rendered":"Relazioni obbligate"},"content":{"rendered":"<p><em>Il libro di Lippmann sulla costruzione dell\u2019opinione pubblica serve anche per la crescita di una cultura d\u2019impresa pi\u00f9 consapevole e completa<\/em><\/p>\n<p>La consapevolezza di dove si \u00e8, fa pi\u00f9 accorta l\u2019impresa. Cos\u00ec come la pi\u00f9 precisa possibile coscienza del sistema di relazioni in cui l\u2019agire imprenditoriale viene collocato. Conoscere, quindi, ed informarsi correttamente come basi essenziali per la crescita di ogni organizzazione della produzione. Avendo anche cognizione dei meccanismi con i quali la stessa macchina dell\u2019informazione si costruisce e si muove. Di pi\u00f9: \u00e8 quasi una relazione obbligata quella fra crescita dell\u2019impresa e crescita della conoscenza dei meccanismi della comunicazione e dell\u2019informazione.<\/p>\n<p>A questo serve \u2013 e molto \u2013 leggere \u201cL\u2019opinione pubblica\u201d di Walter Lippmann appena ripubblicato in una bella edizione. Lippmann ragiona sui meccanismi della comunicazione e dell\u2019informazione partendo da una considerazione: \u201cLa creazione del consenso non \u00e8 un\u2019arte nuova. \u00c8 un\u2019arte vecchissima, che era stata data per morta quando apparve la democrazia, ma non \u00e8 morta. La persuasione \u00e8 diventata un\u2019arte deliberata e un organo regolare del governo popolare. Nessuno di noi \u00e8 in grado di vederne tutte le conseguenze, ma non \u00e8 azzardato pensare che la conoscenza dei modi per creare il consenso alterer\u00e0 tutti i calcoli politici e modificher\u00e0 tutte le premesse politiche\u201d. Politica dunque, ma anche informazione e impresa, e mercati e (come il titolo del libro) opinione pubblica.<\/p>\n<p>Il libro \u00e8 stato scritto negli anni \u201920 dello scorso secolo, ma ha una straordinaria attualit\u00e0. In un mondo dominato dal <em>web<\/em>, dalla bulimia comunicativa e dalle cosiddette <em>fake<\/em> <em>news<\/em>, pu\u00f2 accadere di pensare che le ambiguit\u00e0 e le manipolazioni che presiedono alla formazione di un\u2019opinione collettiva nelle nostre societ\u00e0 democratiche si siano determinate solo di recente, e solo in funzione delle ultime innovazioni tecnologiche. Invece no. Non \u00e8 affatto cos\u00ec. E anzi, quanto accade oggi pu\u00f2 con buona ragione essere fatto risalire a decenni indietro.<\/p>\n<p>\u00c8 un classico quindi il libro scritto da Lippmann (giornalista e diplomatico), che prende in considerazione tutto l\u2019apparato di concetti e strumenti propri della comunicazione. Scorrono nel testo l\u2019analisi degli stereotipi, il meccanismo degli interessi, quello di formazione di una volont\u00e0 comune, l\u2019analisi dei giornali e quella dell\u2019informazione organizzata. Lippmann descrive in che modo l\u2019opinione pubblica costruisce i propri miti, i propri eroi, i propri nemici, strappandoli alla storia e catapultandoli in una sorta di leggenda potentissima, e al tempo stesso effimera. E ancora l\u2019autore indaga e descrive i meccanismi attraverso cui le immagini \u201cinterne\u201d elaborate nelle nostre teste ci condizionano nei rapporti con il mondo esterno, gli ostacoli che limitano le nostre capacit\u00e0 di accesso ai fatti, le distorsioni provocate dalla necessit\u00e0 di comprimerle; infine, la paura stessa dei fatti che potrebbero minacciare la vita consueta. A partire da questi limiti, l\u2019analisi ricostruisce come i messaggi provenienti dall\u2019esterno siano influenzati dagli scenari mentali di ciascuno, da preconcetti e pregiudizi.<\/p>\n<p>La lettura del libro di Lippmann non \u00e8 sempre facilissima, ma \u00e8 certamente da fare per ampliare gli orizzonti di una cultura d\u2019impresa avveduta, consapevole, cosciente, critica e sensata. Ci\u00f2 che serve anche oggi, come quasi cento anni fa.<\/p><p><strong>L\u2019opinione pubblica<\/strong><\/p>\n<p>Walter Lippmann<\/p>\n<p>Donzelli, 2018<\/p>\n","protected":false},"excerpt":{"rendered":"<p>Il libro di Lippmann sulla costruzione dell\u2019opinione pubblica serve anche per la crescita di una cultura d\u2019impresa pi\u00f9 consapevole e completa La consapevolezza di dove si \u00e8, fa pi\u00f9 accorta l\u2019impresa. Cos\u00ec come la pi\u00f9 precisa possibile coscienza del sistema di relazioni in cui l\u2019agire imprenditoriale viene collocato. Conoscere, quindi, ed informarsi correttamente come basi [&hellip;]<\/p>\n","protected":false},"author":1,"featured_media":69121,"comment_status":"open","ping_status":"open","sticky":false,"template":"","format":"standard","meta":{"footnotes":""},"categories":[52,58],"tags":[],"class_list":["post-52486","post","type-post","status-publish","format-standard","has-post-thumbnail","hentry","category-cultura-dimpresa","category-recensioni-libri"],"acf":[],"yoast_head":"<!-- This site is optimized with the Yoast SEO plugin v25.0 - https:\/\/yoast.com\/wordpress\/plugins\/seo\/ -->\n<title>Relazioni obbligate - Fondazione Pirelli<\/title>\n<meta name=\"robots\" content=\"index, follow, max-snippet:-1, max-image-preview:large, max-video-preview:-1\" \/>\n<link rel=\"canonical\" href=\"https:\/\/www.fondazionepirelli.org\/it\/cultura-dimpresa\/relazioni-obbligate\/\" \/>\n<meta property=\"og:locale\" content=\"it_IT\" \/>\n<meta property=\"og:type\" content=\"article\" \/>\n<meta property=\"og:title\" content=\"Relazioni obbligate - Fondazione Pirelli\" \/>\n<meta property=\"og:description\" content=\"Il libro di Lippmann sulla costruzione dell\u2019opinione pubblica serve anche per la crescita di una cultura d\u2019impresa pi\u00f9 consapevole e completa La consapevolezza di dove si \u00e8, fa pi\u00f9 accorta l\u2019impresa. Cos\u00ec come la pi\u00f9 precisa possibile coscienza del sistema di relazioni in cui l\u2019agire imprenditoriale viene collocato. Conoscere, quindi, ed informarsi correttamente come basi [&hellip;]\" \/>\n<meta property=\"og:url\" content=\"https:\/\/127.0.0.1\/it\/cultura-dimpresa\/relazioni-obbligate\/\" \/>\n<meta property=\"og:site_name\" content=\"Fondazione Pirelli\" \/>\n<meta property=\"article:published_time\" content=\"2018-04-17T00:00:00+00:00\" \/>\n<meta property=\"article:modified_time\" content=\"2019-09-23T08:23:34+00:00\" \/>\n<meta property=\"og:image\" content=\"https:\/\/wpsite-assets.fondazionepirelli.org\/wp-content\/uploads\/2018\/04\/23102305\/lopinione-pubblica.jpg\" \/>\n\t<meta property=\"og:image:width\" content=\"600\" \/>\n\t<meta property=\"og:image:height\" content=\"856\" \/>\n\t<meta property=\"og:image:type\" content=\"image\/jpeg\" \/>\n<meta name=\"author\" content=\"fondadmin\" \/>\n<meta name=\"twitter:card\" content=\"summary_large_image\" \/>\n<meta name=\"twitter:label1\" content=\"Scritto da\" \/>\n\t<meta name=\"twitter:data1\" content=\"fondadmin\" \/>\n\t<meta name=\"twitter:label2\" content=\"Tempo di lettura stimato\" \/>\n\t<meta name=\"twitter:data2\" content=\"3 minuti\" \/>\n<script type=\"application\/ld+json\" class=\"yoast-schema-graph\">{\"@context\":\"https:\/\/schema.org\",\"@graph\":[{\"@type\":\"WebPage\",\"@id\":\"https:\/\/127.0.0.1\/it\/cultura-dimpresa\/relazioni-obbligate\/\",\"url\":\"https:\/\/127.0.0.1\/it\/cultura-dimpresa\/relazioni-obbligate\/\",\"name\":\"Relazioni obbligate - Fondazione Pirelli\",\"isPartOf\":{\"@id\":\"https:\/\/www.fondazionepirelli.org\/it\/#website\"},\"primaryImageOfPage\":{\"@id\":\"https:\/\/127.0.0.1\/it\/cultura-dimpresa\/relazioni-obbligate\/#primaryimage\"},\"image\":{\"@id\":\"https:\/\/127.0.0.1\/it\/cultura-dimpresa\/relazioni-obbligate\/#primaryimage\"},\"thumbnailUrl\":\"https:\/\/wpsite-assets.fondazionepirelli.org\/wp-content\/uploads\/2018\/04\/23102305\/lopinione-pubblica.jpg\",\"datePublished\":\"2018-04-17T00:00:00+00:00\",\"dateModified\":\"2019-09-23T08:23:34+00:00\",\"author\":{\"@id\":\"https:\/\/www.fondazionepirelli.org\/it\/#\/schema\/person\/f47d097000832c4a6e54538c791fdf25\"},\"breadcrumb\":{\"@id\":\"https:\/\/127.0.0.1\/it\/cultura-dimpresa\/relazioni-obbligate\/#breadcrumb\"},\"inLanguage\":\"it-IT\",\"potentialAction\":[{\"@type\":\"ReadAction\",\"target\":[\"https:\/\/127.0.0.1\/it\/cultura-dimpresa\/relazioni-obbligate\/\"]}]},{\"@type\":\"ImageObject\",\"inLanguage\":\"it-IT\",\"@id\":\"https:\/\/127.0.0.1\/it\/cultura-dimpresa\/relazioni-obbligate\/#primaryimage\",\"url\":\"https:\/\/wpsite-assets.fondazionepirelli.org\/wp-content\/uploads\/2018\/04\/23102305\/lopinione-pubblica.jpg\",\"contentUrl\":\"https:\/\/wpsite-assets.fondazionepirelli.org\/wp-content\/uploads\/2018\/04\/23102305\/lopinione-pubblica.jpg\",\"width\":600,\"height\":856},{\"@type\":\"BreadcrumbList\",\"@id\":\"https:\/\/127.0.0.1\/it\/cultura-dimpresa\/relazioni-obbligate\/#breadcrumb\",\"itemListElement\":[{\"@type\":\"ListItem\",\"position\":1,\"name\":\"Home\",\"item\":\"https:\/\/www.fondazionepirelli.org\/it\/\"},{\"@type\":\"ListItem\",\"position\":2,\"name\":\"Relazioni obbligate\"}]},{\"@type\":\"WebSite\",\"@id\":\"https:\/\/www.fondazionepirelli.org\/it\/#website\",\"url\":\"https:\/\/www.fondazionepirelli.org\/it\/\",\"name\":\"Fondazione Pirelli\",\"description\":\"\",\"potentialAction\":[{\"@type\":\"SearchAction\",\"target\":{\"@type\":\"EntryPoint\",\"urlTemplate\":\"https:\/\/www.fondazionepirelli.org\/it\/?s={search_term_string}\"},\"query-input\":{\"@type\":\"PropertyValueSpecification\",\"valueRequired\":true,\"valueName\":\"search_term_string\"}}],\"inLanguage\":\"it-IT\"},{\"@type\":\"Person\",\"@id\":\"https:\/\/www.fondazionepirelli.org\/it\/#\/schema\/person\/f47d097000832c4a6e54538c791fdf25\",\"name\":\"fondadmin\",\"image\":{\"@type\":\"ImageObject\",\"inLanguage\":\"it-IT\",\"@id\":\"https:\/\/www.fondazionepirelli.org\/it\/#\/schema\/person\/image\/\",\"url\":\"https:\/\/secure.gravatar.com\/avatar\/e69498a9175ca244966e51e53c88712c024fcebe41f9a05f75657f1bb25e489b?s=96&d=mm&r=g\",\"contentUrl\":\"https:\/\/secure.gravatar.com\/avatar\/e69498a9175ca244966e51e53c88712c024fcebe41f9a05f75657f1bb25e489b?s=96&d=mm&r=g\",\"caption\":\"fondadmin\"},\"url\":\"https:\/\/www.fondazionepirelli.org\/it\/author\/fondadmin\/\"}]}<\/script>\n<!-- \/ Yoast SEO plugin. -->","yoast_head_json":{"title":"Relazioni obbligate - Fondazione Pirelli","robots":{"index":"index","follow":"follow","max-snippet":"max-snippet:-1","max-image-preview":"max-image-preview:large","max-video-preview":"max-video-preview:-1"},"canonical":"https:\/\/www.fondazionepirelli.org\/it\/cultura-dimpresa\/relazioni-obbligate\/","og_locale":"it_IT","og_type":"article","og_title":"Relazioni obbligate - Fondazione Pirelli","og_description":"Il libro di Lippmann sulla costruzione dell\u2019opinione pubblica serve anche per la crescita di una cultura d\u2019impresa pi\u00f9 consapevole e completa La consapevolezza di dove si \u00e8, fa pi\u00f9 accorta l\u2019impresa. Cos\u00ec come la pi\u00f9 precisa possibile coscienza del sistema di relazioni in cui l\u2019agire imprenditoriale viene collocato. Conoscere, quindi, ed informarsi correttamente come basi [&hellip;]","og_url":"https:\/\/127.0.0.1\/it\/cultura-dimpresa\/relazioni-obbligate\/","og_site_name":"Fondazione Pirelli","article_published_time":"2018-04-17T00:00:00+00:00","article_modified_time":"2019-09-23T08:23:34+00:00","og_image":[{"width":600,"height":856,"url":"https:\/\/wpsite-assets.fondazionepirelli.org\/wp-content\/uploads\/2018\/04\/23102305\/lopinione-pubblica.jpg","type":"image\/jpeg"}],"author":"fondadmin","twitter_card":"summary_large_image","twitter_misc":{"Scritto da":"fondadmin","Tempo di lettura stimato":"3 minuti"},"schema":{"@context":"https:\/\/schema.org","@graph":[{"@type":"WebPage","@id":"https:\/\/127.0.0.1\/it\/cultura-dimpresa\/relazioni-obbligate\/","url":"https:\/\/127.0.0.1\/it\/cultura-dimpresa\/relazioni-obbligate\/","name":"Relazioni obbligate - Fondazione Pirelli","isPartOf":{"@id":"https:\/\/www.fondazionepirelli.org\/it\/#website"},"primaryImageOfPage":{"@id":"https:\/\/127.0.0.1\/it\/cultura-dimpresa\/relazioni-obbligate\/#primaryimage"},"image":{"@id":"https:\/\/127.0.0.1\/it\/cultura-dimpresa\/relazioni-obbligate\/#primaryimage"},"thumbnailUrl":"https:\/\/wpsite-assets.fondazionepirelli.org\/wp-content\/uploads\/2018\/04\/23102305\/lopinione-pubblica.jpg","datePublished":"2018-04-17T00:00:00+00:00","dateModified":"2019-09-23T08:23:34+00:00","author":{"@id":"https:\/\/www.fondazionepirelli.org\/it\/#\/schema\/person\/f47d097000832c4a6e54538c791fdf25"},"breadcrumb":{"@id":"https:\/\/127.0.0.1\/it\/cultura-dimpresa\/relazioni-obbligate\/#breadcrumb"},"inLanguage":"it-IT","potentialAction":[{"@type":"ReadAction","target":["https:\/\/127.0.0.1\/it\/cultura-dimpresa\/relazioni-obbligate\/"]}]},{"@type":"ImageObject","inLanguage":"it-IT","@id":"https:\/\/127.0.0.1\/it\/cultura-dimpresa\/relazioni-obbligate\/#primaryimage","url":"https:\/\/wpsite-assets.fondazionepirelli.org\/wp-content\/uploads\/2018\/04\/23102305\/lopinione-pubblica.jpg","contentUrl":"https:\/\/wpsite-assets.fondazionepirelli.org\/wp-content\/uploads\/2018\/04\/23102305\/lopinione-pubblica.jpg","width":600,"height":856},{"@type":"BreadcrumbList","@id":"https:\/\/127.0.0.1\/it\/cultura-dimpresa\/relazioni-obbligate\/#breadcrumb","itemListElement":[{"@type":"ListItem","position":1,"name":"Home","item":"https:\/\/www.fondazionepirelli.org\/it\/"},{"@type":"ListItem","position":2,"name":"Relazioni obbligate"}]},{"@type":"WebSite","@id":"https:\/\/www.fondazionepirelli.org\/it\/#website","url":"https:\/\/www.fondazionepirelli.org\/it\/","name":"Fondazione Pirelli","description":"","potentialAction":[{"@type":"SearchAction","target":{"@type":"EntryPoint","urlTemplate":"https:\/\/www.fondazionepirelli.org\/it\/?s={search_term_string}"},"query-input":{"@type":"PropertyValueSpecification","valueRequired":true,"valueName":"search_term_string"}}],"inLanguage":"it-IT"},{"@type":"Person","@id":"https:\/\/www.fondazionepirelli.org\/it\/#\/schema\/person\/f47d097000832c4a6e54538c791fdf25","name":"fondadmin","image":{"@type":"ImageObject","inLanguage":"it-IT","@id":"https:\/\/www.fondazionepirelli.org\/it\/#\/schema\/person\/image\/","url":"https:\/\/secure.gravatar.com\/avatar\/e69498a9175ca244966e51e53c88712c024fcebe41f9a05f75657f1bb25e489b?s=96&d=mm&r=g","contentUrl":"https:\/\/secure.gravatar.com\/avatar\/e69498a9175ca244966e51e53c88712c024fcebe41f9a05f75657f1bb25e489b?s=96&d=mm&r=g","caption":"fondadmin"},"url":"https:\/\/www.fondazionepirelli.org\/it\/author\/fondadmin\/"}]}},"_links":{"self":[{"href":"https:\/\/www.fondazionepirelli.org\/it\/wp-json\/wp\/v2\/posts\/52486\/"}],"collection":[{"href":"https:\/\/www.fondazionepirelli.org\/it\/wp-json\/wp\/v2\/posts\/"}],"about":[{"href":"https:\/\/www.fondazionepirelli.org\/it\/wp-json\/wp\/v2\/types\/post\/"}],"author":[{"embeddable":true,"href":"https:\/\/www.fondazionepirelli.org\/it\/wp-json\/wp\/v2\/users\/1\/"}],"replies":[{"embeddable":true,"href":"https:\/\/www.fondazionepirelli.org\/it\/wp-json\/wp\/v2\/comments\/?post=52486"}],"version-history":[{"count":3,"href":"https:\/\/www.fondazionepirelli.org\/it\/wp-json\/wp\/v2\/posts\/52486\/revisions\/"}],"predecessor-version":[{"id":69126,"href":"https:\/\/www.fondazionepirelli.org\/it\/wp-json\/wp\/v2\/posts\/52486\/revisions\/69126\/"}],"wp:featuredmedia":[{"embeddable":true,"href":"https:\/\/www.fondazionepirelli.org\/it\/wp-json\/wp\/v2\/media\/69121\/"}],"wp:attachment":[{"href":"https:\/\/www.fondazionepirelli.org\/it\/wp-json\/wp\/v2\/media\/?parent=52486"}],"wp:term":[{"taxonomy":"category","embeddable":true,"href":"https:\/\/www.fondazionepirelli.org\/it\/wp-json\/wp\/v2\/categories\/?post=52486"},{"taxonomy":"post_tag","embeddable":true,"href":"https:\/\/www.fondazionepirelli.org\/it\/wp-json\/wp\/v2\/tags\/?post=52486"}],"curies":[{"name":"wp","href":"https:\/\/api.w.org\/{rel}","templated":true}]}}