{"id":52488,"date":"2018-04-17T00:00:00","date_gmt":"2018-04-17T00:00:00","guid":{"rendered":"http:\/\/www.fondazionepirelli.org\/fondazione-pirelli\/la-fabbrica-bella-lindustria-dei-grandi-marchi-e-il-manifesto-dellumanesimo-metalmeccanico\/"},"modified":"2019-06-03T10:36:27","modified_gmt":"2019-06-03T10:36:27","slug":"la-fabbrica-bella-lindustria-dei-grandi-marchi-e-il-manifesto-dellumanesimo-metalmeccanico","status":"publish","type":"post","link":"https:\/\/www.fondazionepirelli.org\/it\/cultura-dimpresa\/la-fabbrica-bella-lindustria-dei-grandi-marchi-e-il-manifesto-dellumanesimo-metalmeccanico\/","title":{"rendered":"La \u201cfabbrica bella\u201d, l\u2019industria dei grandi marchi  e il \u201cManifesto dell\u2019umanesimo metalmeccanico\u201d"},"content":{"rendered":"<p>La \u201c<strong>fabbrica bella<\/strong>\u201d e cio\u00e8 ben progettata, luminosa, accogliente e inclusiva, sicura, sostenibile dal punto di vista ambientale e sociale. E \u201cintelligente\u201d, secondo i paradigmi <em>digital <\/em>di \u201c<strong>Industria 4.0<\/strong>\u201d. E\u2019 la fabbrica in cui produrre il miglior <em>made in Italy <\/em>della meccanica e della gomma, della chimica e della farmaceutica, dell\u2019arredamento, dell\u2019alimentare e dell\u2019abbigliamento, quelle \u201ccose belle che piacciono al mondo\u201d individuate, come caratteristica originale dell\u2019industria italiana, da un grande storico dell\u2019economia, Carlo Maria Cipolla. La definizione di \u201cfabbrica bella\u201d incontra il consenso di Aldo Sutter, una solida storia di impresa di famiglia alle spalle, un gruppo leader in Europa nei prodotti sostenibili e biodegradabili per la casa e la pulizia: \u201cSui mercati globali \u00e8 la nostra identit\u00e0 e il nostro futuro\u201d.<\/p>\n<p>Sutter \u00e8 il presidente di IBC, l\u2019Associazione delle industrie dei beni di consumo, 30mila imprese iscritte, tra cui tutti <strong>i grandi march<\/strong>i che abitano la nostra quotidianit\u00e0 di consumatori. Ha riunito nei giorni scorsi a Milano l\u2019assemblea annuale dell\u2019organizzazione. E ha molto insistito sui criteri di sostenibilit\u00e0 e sulla responsabilit\u00e0 delle imprese per migliorare la qualit\u00e0 della crescita economica, per contribuire a definire nuovi paradigmi di sviluppo.<\/p>\n<p><strong>Sostenibilit\u00e0<\/strong> \u00e8 dunque la parola chiave. Un\u2019idea forte da \u201ceconomia civile\u201d (ne abbiamo parlato molte volte, in questi blog) che recupera l\u2019elaborazione politica e tecnica degli economisti dell\u2019Illuminismo napoletano e milanese (Antonio Genovesi, le cui \u201cLezioni d\u2019economia civile\u201d sono state ripubblicate nel 2013 da Vita e Pensiero, con prefazione di Luigino Bruni e Stefano Zamagni, ma anche Ferdinando Galiani e i fratelli Verri), del \u201cPolitecnico\u201d ottocentesco di Carlo Cattaneo e delle migliori esperienze del Novecento industriale (Pirelli, Olivetti). E ne fa oggi il cardine del contributo originale dell\u2019industria italiana per uno sviluppo fondato su qualit\u00e0, inclusione sociale, abbattimento delle disuguaglianze.<\/p>\n<p>Industria come motore di migliori equilibri, tra innovazione, competitivit\u00e0 e solidariet\u00e0.<\/p>\n<p>Industria, ancora, come luogo in cui si sperimenta e si cerca di costruire una nuova \u201c<strong>civilt\u00e0 delle macchine<\/strong>\u201d in una stagione in cui la rivoluzione digitale, i robot, i processi produttivi e commerciali guidati dagli algoritmi sconvolgono vecchi equilibri di produzione e consumo, ampliano le opportunit\u00e0 competitive ma creano anche nuovi squilibri su molti piani: il lavoro (scompaiono mestieri e professioni tradizionali che non si sa ancora bene quanto e come saranno compensati da nuovi lavori), i redditi, le conoscenze diffuse, la salute, la partecipazione e forse gli stesse criteri di fondo della democrazia rappresentativa (per cercare di saperne di pi\u00f9 \u00e8 utile leggere \u201cHomo premium &#8211; Come la tecnologia ci divide\u201d di Massimo Gaggi, editorialista del Corriere della Sera, Laterza).<\/p>\n<p>Sostenibilit\u00e0 e <strong>responsabilit\u00e0<\/strong>. Termini ricorrenti, sempre nei giorni scorsi, pure in un altro appuntamento di grande rilievo: il primo \u201cSustainable Economic Forum\u201d promosso gioved\u00ec e venerd\u00ec scorsi dalla Fondazione San Patrignano (per celebrare i quarant\u2019anni della Comunit\u00e0) e da Confindustria. I temi ricorrenti: <em>Green bond <\/em>(obbligazioni legate a progetti con impatto positivo sull\u2019ambiente), partenariato e cio\u00e8 collaborazione pubblico-privato e profit-non profit per progetti di utilit\u00e0 sociale e <em>welfare<\/em> sia aziendale che di territorio. Con alcune idee di fondo molto chiare: sviluppo sostenibile e responsabilit\u00e0 delle imprese nel recuperare \u201cil senso della comunit\u00e0\u201d.<\/p>\n<p>\u201cDobbiamo pensare a un futuro diverso, da costruire bene sui concetti di sostenibilit\u00e0 e responsabilit\u00e0. Serve perci\u00f2 un nuovo modello di sviluppo economico e sociale: a partire dalla crisi del 2007 sono apparsi evidenti i limiti della nostra architettura di crescita e occorre un sistema basato sulla sussidiariet\u00e0, che premia chi investe in responsabilit\u00e0 sociale\u201d, ha detto Letizia Moratti, co-fondatrice di San Patrignano, facendo del \u201cForum\u201d un laboratorio di idee e proposte e un richiamo all\u2019azione\u201d (\u201cCorriere della Sera\u201d e \u201cIlSole24Ore\u201d, 13 aprile). E Vincenzo Boccia, presidente di Confindustria: \u201cL\u2019inclusivit\u00e0 fa parte del nostro pensiero. Ed \u00e8 nostro compito recuperare il senso della comunit\u00e0 che si \u00e8 perso. Serve pi\u00f9 crescita inclusiva, per ridurre i divari\u201d. Proprio quei divari sociali, di reddito, geografici e tra generazioni che anche l\u2019Ocse ha messo di recente in rilievo per l\u2019Italia, considerando le crescenti diseguaglianze un freno per lo sviluppo.<\/p>\n<p><strong>Cambiament<\/strong>o, dunque. In campo anche un altro soggetto di grande peso, nel mondo dell\u2019impresa, <strong>Federmeccanica<\/strong>, l\u2019associazione delle industrie metalmeccaniche di Confindustria. Gi\u00e0 protagonista, insieme ai sindacati di categoria di Cgil, CISL e Uil di un innovativo contratto di lavoro fondato su formazione, <strong><em>welfare<\/em> aziendale<\/strong>, aumenti salariali legati alla produttivit\u00e0, Federmeccanica adesso parla di un \u201cnuovo umanesimo metalmeccanico\u201d, cio\u00e8 di una nuova cultura d\u2019impresa che, proprio nel cuore della \u201crivoluzione digitale\u201d che cambia fabbriche e lavori, insiste su un vero e proprio \u201cdecalogo\u201d di impegni e responsabilit\u00e0. Priorit\u00e0: le persone.<\/p>\n<p>Di \u201c<strong>umanesimo industriale<\/strong>\u201d e \u201c<strong>nuovo rinascimento industriale<\/strong>\u201d si parla da tempo, anche nella migliore letteratura economica, cercando leve culturali per uscire dalla Grande Crisi e ridare centralit\u00e0 all\u2019economia industriale, alla fabbrica, contro gli eccessi della speculazione finanziaria. Adesso, con l\u2019elaborazione di Federmeccanica, si fa un importante passo in avanti.<\/p>\n<p>Ecco i temi del \u201cManifesto dell\u2019<strong>umanesimo metalmeccanico<\/strong>\u201d: \u201cMigliorare la competitivit\u00e0; investire sulle persone con istruzione e formazione; tutelare la salute e il benessere; promuovere la sicurezza e la protezione dell\u2019ambiente; collegare i salari alla produttivit\u00e0 aziendale; coinvolgere i lavoratori nella vita dell\u2019impresa; motivare i giovani; riconoscere e affermare il ruolo delle donne; difendere attivamente l\u2019occupazione; essere europei\u201d. Titoli impegnativi, per un decalogo con una forte ambizione strategica. Ma anche indicazioni concrete, di metodo e merito.<\/p>\n<p>Eccone un esempio: \u201cLa <strong>fabbrica intelligente<\/strong> si fonda sul contributo di uomini e donne che grazie al lavoro possono sviluppare la propria professionalit\u00e0 e la propria personalit\u00e0, contribuendo con le proprie competenze, attitudini e valori al successo dell\u2019impresa\u201d. Persone e valori. \u201cUmanesimo\u201d \u00e8 un nome appropriato.<\/p>\n","protected":false},"excerpt":{"rendered":"<p>La \u201cfabbrica bella\u201d e cio\u00e8 ben progettata, luminosa, accogliente e inclusiva, sicura, sostenibile dal punto di vista ambientale e sociale. E \u201cintelligente\u201d, secondo i paradigmi digital di \u201cIndustria 4.0\u201d. E\u2019 la fabbrica in cui produrre il miglior made in Italy della meccanica e della gomma, della chimica e della farmaceutica, dell\u2019arredamento, dell\u2019alimentare e dell\u2019abbigliamento, quelle [&hellip;]<\/p>\n","protected":false},"author":1,"featured_media":57185,"comment_status":"open","ping_status":"open","sticky":false,"template":"","format":"standard","meta":{"footnotes":""},"categories":[53,52],"tags":[],"class_list":["post-52488","post","type-post","status-publish","format-standard","has-post-thumbnail","hentry","category-blog","category-cultura-dimpresa"],"acf":[],"yoast_head":"<!-- This site is optimized with the Yoast SEO plugin v25.0 - https:\/\/yoast.com\/wordpress\/plugins\/seo\/ -->\n<title>La \u201cfabbrica bella\u201d, l\u2019industria dei grandi marchi e il \u201cManifesto dell\u2019umanesimo metalmeccanico\u201d - Fondazione Pirelli<\/title>\n<meta name=\"robots\" content=\"index, follow, max-snippet:-1, max-image-preview:large, max-video-preview:-1\" \/>\n<link rel=\"canonical\" href=\"https:\/\/www.fondazionepirelli.org\/it\/cultura-dimpresa\/la-fabbrica-bella-lindustria-dei-grandi-marchi-e-il-manifesto-dellumanesimo-metalmeccanico\/\" \/>\n<meta property=\"og:locale\" content=\"it_IT\" \/>\n<meta property=\"og:type\" content=\"article\" \/>\n<meta property=\"og:title\" content=\"La \u201cfabbrica bella\u201d, l\u2019industria dei grandi marchi e il \u201cManifesto dell\u2019umanesimo metalmeccanico\u201d - Fondazione Pirelli\" \/>\n<meta property=\"og:description\" content=\"La \u201cfabbrica bella\u201d e cio\u00e8 ben progettata, luminosa, accogliente e inclusiva, sicura, sostenibile dal punto di vista ambientale e sociale. E \u201cintelligente\u201d, secondo i paradigmi digital di \u201cIndustria 4.0\u201d. E\u2019 la fabbrica in cui produrre il miglior made in Italy della meccanica e della gomma, della chimica e della farmaceutica, dell\u2019arredamento, dell\u2019alimentare e dell\u2019abbigliamento, quelle [&hellip;]\" \/>\n<meta property=\"og:url\" content=\"https:\/\/www.fondazionepirelli.org\/it\/cultura-dimpresa\/la-fabbrica-bella-lindustria-dei-grandi-marchi-e-il-manifesto-dellumanesimo-metalmeccanico\/\" \/>\n<meta property=\"og:site_name\" content=\"Fondazione Pirelli\" \/>\n<meta property=\"article:published_time\" content=\"2018-04-17T00:00:00+00:00\" \/>\n<meta property=\"article:modified_time\" content=\"2019-06-03T10:36:27+00:00\" \/>\n<meta property=\"og:image\" content=\"https:\/\/wpsite-assets.fondazionepirelli.org\/wp-content\/uploads\/2018\/04\/03103547\/fabbrica_bella-e1559558157462.jpg\" \/>\n\t<meta property=\"og:image:width\" content=\"600\" \/>\n\t<meta property=\"og:image:height\" content=\"429\" \/>\n\t<meta property=\"og:image:type\" content=\"image\/jpeg\" \/>\n<meta name=\"author\" content=\"fondadmin\" \/>\n<meta name=\"twitter:card\" content=\"summary_large_image\" \/>\n<meta name=\"twitter:label1\" content=\"Scritto da\" \/>\n\t<meta name=\"twitter:data1\" content=\"fondadmin\" \/>\n\t<meta name=\"twitter:label2\" content=\"Tempo di lettura stimato\" \/>\n\t<meta name=\"twitter:data2\" content=\"5 minuti\" \/>\n<script type=\"application\/ld+json\" class=\"yoast-schema-graph\">{\"@context\":\"https:\/\/schema.org\",\"@graph\":[{\"@type\":\"WebPage\",\"@id\":\"https:\/\/www.fondazionepirelli.org\/it\/cultura-dimpresa\/la-fabbrica-bella-lindustria-dei-grandi-marchi-e-il-manifesto-dellumanesimo-metalmeccanico\/\",\"url\":\"https:\/\/www.fondazionepirelli.org\/it\/cultura-dimpresa\/la-fabbrica-bella-lindustria-dei-grandi-marchi-e-il-manifesto-dellumanesimo-metalmeccanico\/\",\"name\":\"La \u201cfabbrica bella\u201d, l\u2019industria dei grandi marchi e il \u201cManifesto dell\u2019umanesimo metalmeccanico\u201d - Fondazione Pirelli\",\"isPartOf\":{\"@id\":\"https:\/\/www.fondazionepirelli.org\/it\/#website\"},\"primaryImageOfPage\":{\"@id\":\"https:\/\/www.fondazionepirelli.org\/it\/cultura-dimpresa\/la-fabbrica-bella-lindustria-dei-grandi-marchi-e-il-manifesto-dellumanesimo-metalmeccanico\/#primaryimage\"},\"image\":{\"@id\":\"https:\/\/www.fondazionepirelli.org\/it\/cultura-dimpresa\/la-fabbrica-bella-lindustria-dei-grandi-marchi-e-il-manifesto-dellumanesimo-metalmeccanico\/#primaryimage\"},\"thumbnailUrl\":\"https:\/\/wpsite-assets.fondazionepirelli.org\/wp-content\/uploads\/2018\/04\/03103547\/fabbrica_bella-e1559558157462.jpg\",\"datePublished\":\"2018-04-17T00:00:00+00:00\",\"dateModified\":\"2019-06-03T10:36:27+00:00\",\"author\":{\"@id\":\"https:\/\/www.fondazionepirelli.org\/it\/#\/schema\/person\/f47d097000832c4a6e54538c791fdf25\"},\"breadcrumb\":{\"@id\":\"https:\/\/www.fondazionepirelli.org\/it\/cultura-dimpresa\/la-fabbrica-bella-lindustria-dei-grandi-marchi-e-il-manifesto-dellumanesimo-metalmeccanico\/#breadcrumb\"},\"inLanguage\":\"it-IT\",\"potentialAction\":[{\"@type\":\"ReadAction\",\"target\":[\"https:\/\/www.fondazionepirelli.org\/it\/cultura-dimpresa\/la-fabbrica-bella-lindustria-dei-grandi-marchi-e-il-manifesto-dellumanesimo-metalmeccanico\/\"]}]},{\"@type\":\"ImageObject\",\"inLanguage\":\"it-IT\",\"@id\":\"https:\/\/www.fondazionepirelli.org\/it\/cultura-dimpresa\/la-fabbrica-bella-lindustria-dei-grandi-marchi-e-il-manifesto-dellumanesimo-metalmeccanico\/#primaryimage\",\"url\":\"https:\/\/wpsite-assets.fondazionepirelli.org\/wp-content\/uploads\/2018\/04\/03103547\/fabbrica_bella-e1559558157462.jpg\",\"contentUrl\":\"https:\/\/wpsite-assets.fondazionepirelli.org\/wp-content\/uploads\/2018\/04\/03103547\/fabbrica_bella-e1559558157462.jpg\",\"width\":600,\"height\":429},{\"@type\":\"BreadcrumbList\",\"@id\":\"https:\/\/www.fondazionepirelli.org\/it\/cultura-dimpresa\/la-fabbrica-bella-lindustria-dei-grandi-marchi-e-il-manifesto-dellumanesimo-metalmeccanico\/#breadcrumb\",\"itemListElement\":[{\"@type\":\"ListItem\",\"position\":1,\"name\":\"Home\",\"item\":\"https:\/\/www.fondazionepirelli.org\/it\/\"},{\"@type\":\"ListItem\",\"position\":2,\"name\":\"La \u201cfabbrica bella\u201d, l\u2019industria dei grandi marchi e il \u201cManifesto dell\u2019umanesimo metalmeccanico\u201d\"}]},{\"@type\":\"WebSite\",\"@id\":\"https:\/\/www.fondazionepirelli.org\/it\/#website\",\"url\":\"https:\/\/www.fondazionepirelli.org\/it\/\",\"name\":\"Fondazione Pirelli\",\"description\":\"\",\"potentialAction\":[{\"@type\":\"SearchAction\",\"target\":{\"@type\":\"EntryPoint\",\"urlTemplate\":\"https:\/\/www.fondazionepirelli.org\/it\/?s={search_term_string}\"},\"query-input\":{\"@type\":\"PropertyValueSpecification\",\"valueRequired\":true,\"valueName\":\"search_term_string\"}}],\"inLanguage\":\"it-IT\"},{\"@type\":\"Person\",\"@id\":\"https:\/\/www.fondazionepirelli.org\/it\/#\/schema\/person\/f47d097000832c4a6e54538c791fdf25\",\"name\":\"fondadmin\",\"image\":{\"@type\":\"ImageObject\",\"inLanguage\":\"it-IT\",\"@id\":\"https:\/\/www.fondazionepirelli.org\/it\/#\/schema\/person\/image\/\",\"url\":\"https:\/\/secure.gravatar.com\/avatar\/e69498a9175ca244966e51e53c88712c024fcebe41f9a05f75657f1bb25e489b?s=96&d=mm&r=g\",\"contentUrl\":\"https:\/\/secure.gravatar.com\/avatar\/e69498a9175ca244966e51e53c88712c024fcebe41f9a05f75657f1bb25e489b?s=96&d=mm&r=g\",\"caption\":\"fondadmin\"},\"url\":\"https:\/\/www.fondazionepirelli.org\/it\/author\/fondadmin\/\"}]}<\/script>\n<!-- \/ Yoast SEO plugin. -->","yoast_head_json":{"title":"La \u201cfabbrica bella\u201d, l\u2019industria dei grandi marchi e il \u201cManifesto dell\u2019umanesimo metalmeccanico\u201d - Fondazione Pirelli","robots":{"index":"index","follow":"follow","max-snippet":"max-snippet:-1","max-image-preview":"max-image-preview:large","max-video-preview":"max-video-preview:-1"},"canonical":"https:\/\/www.fondazionepirelli.org\/it\/cultura-dimpresa\/la-fabbrica-bella-lindustria-dei-grandi-marchi-e-il-manifesto-dellumanesimo-metalmeccanico\/","og_locale":"it_IT","og_type":"article","og_title":"La \u201cfabbrica bella\u201d, l\u2019industria dei grandi marchi e il \u201cManifesto dell\u2019umanesimo metalmeccanico\u201d - Fondazione Pirelli","og_description":"La \u201cfabbrica bella\u201d e cio\u00e8 ben progettata, luminosa, accogliente e inclusiva, sicura, sostenibile dal punto di vista ambientale e sociale. E \u201cintelligente\u201d, secondo i paradigmi digital di \u201cIndustria 4.0\u201d. E\u2019 la fabbrica in cui produrre il miglior made in Italy della meccanica e della gomma, della chimica e della farmaceutica, dell\u2019arredamento, dell\u2019alimentare e dell\u2019abbigliamento, quelle [&hellip;]","og_url":"https:\/\/www.fondazionepirelli.org\/it\/cultura-dimpresa\/la-fabbrica-bella-lindustria-dei-grandi-marchi-e-il-manifesto-dellumanesimo-metalmeccanico\/","og_site_name":"Fondazione Pirelli","article_published_time":"2018-04-17T00:00:00+00:00","article_modified_time":"2019-06-03T10:36:27+00:00","og_image":[{"width":600,"height":429,"url":"https:\/\/wpsite-assets.fondazionepirelli.org\/wp-content\/uploads\/2018\/04\/03103547\/fabbrica_bella-e1559558157462.jpg","type":"image\/jpeg"}],"author":"fondadmin","twitter_card":"summary_large_image","twitter_misc":{"Scritto da":"fondadmin","Tempo di lettura stimato":"5 minuti"},"schema":{"@context":"https:\/\/schema.org","@graph":[{"@type":"WebPage","@id":"https:\/\/www.fondazionepirelli.org\/it\/cultura-dimpresa\/la-fabbrica-bella-lindustria-dei-grandi-marchi-e-il-manifesto-dellumanesimo-metalmeccanico\/","url":"https:\/\/www.fondazionepirelli.org\/it\/cultura-dimpresa\/la-fabbrica-bella-lindustria-dei-grandi-marchi-e-il-manifesto-dellumanesimo-metalmeccanico\/","name":"La \u201cfabbrica bella\u201d, l\u2019industria dei grandi marchi e il \u201cManifesto dell\u2019umanesimo metalmeccanico\u201d - Fondazione Pirelli","isPartOf":{"@id":"https:\/\/www.fondazionepirelli.org\/it\/#website"},"primaryImageOfPage":{"@id":"https:\/\/www.fondazionepirelli.org\/it\/cultura-dimpresa\/la-fabbrica-bella-lindustria-dei-grandi-marchi-e-il-manifesto-dellumanesimo-metalmeccanico\/#primaryimage"},"image":{"@id":"https:\/\/www.fondazionepirelli.org\/it\/cultura-dimpresa\/la-fabbrica-bella-lindustria-dei-grandi-marchi-e-il-manifesto-dellumanesimo-metalmeccanico\/#primaryimage"},"thumbnailUrl":"https:\/\/wpsite-assets.fondazionepirelli.org\/wp-content\/uploads\/2018\/04\/03103547\/fabbrica_bella-e1559558157462.jpg","datePublished":"2018-04-17T00:00:00+00:00","dateModified":"2019-06-03T10:36:27+00:00","author":{"@id":"https:\/\/www.fondazionepirelli.org\/it\/#\/schema\/person\/f47d097000832c4a6e54538c791fdf25"},"breadcrumb":{"@id":"https:\/\/www.fondazionepirelli.org\/it\/cultura-dimpresa\/la-fabbrica-bella-lindustria-dei-grandi-marchi-e-il-manifesto-dellumanesimo-metalmeccanico\/#breadcrumb"},"inLanguage":"it-IT","potentialAction":[{"@type":"ReadAction","target":["https:\/\/www.fondazionepirelli.org\/it\/cultura-dimpresa\/la-fabbrica-bella-lindustria-dei-grandi-marchi-e-il-manifesto-dellumanesimo-metalmeccanico\/"]}]},{"@type":"ImageObject","inLanguage":"it-IT","@id":"https:\/\/www.fondazionepirelli.org\/it\/cultura-dimpresa\/la-fabbrica-bella-lindustria-dei-grandi-marchi-e-il-manifesto-dellumanesimo-metalmeccanico\/#primaryimage","url":"https:\/\/wpsite-assets.fondazionepirelli.org\/wp-content\/uploads\/2018\/04\/03103547\/fabbrica_bella-e1559558157462.jpg","contentUrl":"https:\/\/wpsite-assets.fondazionepirelli.org\/wp-content\/uploads\/2018\/04\/03103547\/fabbrica_bella-e1559558157462.jpg","width":600,"height":429},{"@type":"BreadcrumbList","@id":"https:\/\/www.fondazionepirelli.org\/it\/cultura-dimpresa\/la-fabbrica-bella-lindustria-dei-grandi-marchi-e-il-manifesto-dellumanesimo-metalmeccanico\/#breadcrumb","itemListElement":[{"@type":"ListItem","position":1,"name":"Home","item":"https:\/\/www.fondazionepirelli.org\/it\/"},{"@type":"ListItem","position":2,"name":"La \u201cfabbrica bella\u201d, l\u2019industria dei grandi marchi e il \u201cManifesto dell\u2019umanesimo metalmeccanico\u201d"}]},{"@type":"WebSite","@id":"https:\/\/www.fondazionepirelli.org\/it\/#website","url":"https:\/\/www.fondazionepirelli.org\/it\/","name":"Fondazione Pirelli","description":"","potentialAction":[{"@type":"SearchAction","target":{"@type":"EntryPoint","urlTemplate":"https:\/\/www.fondazionepirelli.org\/it\/?s={search_term_string}"},"query-input":{"@type":"PropertyValueSpecification","valueRequired":true,"valueName":"search_term_string"}}],"inLanguage":"it-IT"},{"@type":"Person","@id":"https:\/\/www.fondazionepirelli.org\/it\/#\/schema\/person\/f47d097000832c4a6e54538c791fdf25","name":"fondadmin","image":{"@type":"ImageObject","inLanguage":"it-IT","@id":"https:\/\/www.fondazionepirelli.org\/it\/#\/schema\/person\/image\/","url":"https:\/\/secure.gravatar.com\/avatar\/e69498a9175ca244966e51e53c88712c024fcebe41f9a05f75657f1bb25e489b?s=96&d=mm&r=g","contentUrl":"https:\/\/secure.gravatar.com\/avatar\/e69498a9175ca244966e51e53c88712c024fcebe41f9a05f75657f1bb25e489b?s=96&d=mm&r=g","caption":"fondadmin"},"url":"https:\/\/www.fondazionepirelli.org\/it\/author\/fondadmin\/"}]}},"_links":{"self":[{"href":"https:\/\/www.fondazionepirelli.org\/it\/wp-json\/wp\/v2\/posts\/52488\/"}],"collection":[{"href":"https:\/\/www.fondazionepirelli.org\/it\/wp-json\/wp\/v2\/posts\/"}],"about":[{"href":"https:\/\/www.fondazionepirelli.org\/it\/wp-json\/wp\/v2\/types\/post\/"}],"author":[{"embeddable":true,"href":"https:\/\/www.fondazionepirelli.org\/it\/wp-json\/wp\/v2\/users\/1\/"}],"replies":[{"embeddable":true,"href":"https:\/\/www.fondazionepirelli.org\/it\/wp-json\/wp\/v2\/comments\/?post=52488"}],"version-history":[{"count":3,"href":"https:\/\/www.fondazionepirelli.org\/it\/wp-json\/wp\/v2\/posts\/52488\/revisions\/"}],"predecessor-version":[{"id":57187,"href":"https:\/\/www.fondazionepirelli.org\/it\/wp-json\/wp\/v2\/posts\/52488\/revisions\/57187\/"}],"wp:featuredmedia":[{"embeddable":true,"href":"https:\/\/www.fondazionepirelli.org\/it\/wp-json\/wp\/v2\/media\/57185\/"}],"wp:attachment":[{"href":"https:\/\/www.fondazionepirelli.org\/it\/wp-json\/wp\/v2\/media\/?parent=52488"}],"wp:term":[{"taxonomy":"category","embeddable":true,"href":"https:\/\/www.fondazionepirelli.org\/it\/wp-json\/wp\/v2\/categories\/?post=52488"},{"taxonomy":"post_tag","embeddable":true,"href":"https:\/\/www.fondazionepirelli.org\/it\/wp-json\/wp\/v2\/tags\/?post=52488"}],"curies":[{"name":"wp","href":"https:\/\/api.w.org\/{rel}","templated":true}]}}