{"id":52503,"date":"2018-04-03T00:00:00","date_gmt":"2018-04-03T00:00:00","guid":{"rendered":"http:\/\/www.fondazionepirelli.org\/fondazione-pirelli\/a-milano-nasce-mind-distretto-dellinnovazione-universita-life-sciences-e-memoria-di-leonardo\/"},"modified":"2019-09-23T12:36:37","modified_gmt":"2019-09-23T10:36:37","slug":"a-milano-nasce-mind-distretto-dellinnovazione-universita-life-sciences-e-memoria-di-leonardo","status":"publish","type":"post","link":"https:\/\/www.fondazionepirelli.org\/it\/cultura-dimpresa\/a-milano-nasce-mind-distretto-dellinnovazione-universita-life-sciences-e-memoria-di-leonardo\/","title":{"rendered":"A Milano nasce Mind, distretto dell\u2019innovazione: universit\u00e0, life sciences e memoria di Leonardo"},"content":{"rendered":"<p>Si chiamer\u00e0 <strong>Mind<\/strong>. La mente, il cervello pulsante della nuova <strong>Milano<\/strong> metropoli di scienza e conoscenza. O, traducendo l\u2019acronimo, Milano Innovation District. \u00c8 il nome deciso per la grande area ex Expo, il Parco della Scienza che ospiter\u00e0<strong> Human Technopole,<\/strong> il campus scientifico dell\u2019Universit\u00e0 Statale, un grande centro ospedaliero come il Galeazzi e gli uffici e i laboratori di una lunga serie di imprese private attive nei settori della ricerca scientifica, medica e farmaceutica, delle<strong> <em>life sciences<\/em><\/strong> di cui proprio Milano \u00e8 avanguardia europea. Area grande, un milione di metri quadri. E gi\u00e0 attrattiva: arrivati 1,8 miliardi di investimenti privati, una prima robusta quota di altri fondi in previsione di crescita di valore internazionale.<\/p>\n<p>Bel nome, Mind. Coerente con funzioni e progetti di un luogo e di una citt\u00e0 che si sta rilanciando come <em>smart<\/em>, tecnologica ma anche socialmente <strong>aperta e inclusiva<\/strong>. <em>Rem tene, verba sequentur <\/em>o anche <em>nomina sunt consequentia rerum<\/em>, avrebbero detto i romani, con quell\u2019esattezza dei termini e dei concetti che caratterizzava una lingua, il latino, di cui, per fortuna, si torna ad apprezzare qualit\u00e0 e attualit\u00e0: \u00e8 la sostanza delle cose, la funzione delle attivit\u00e0 a determinare il loro nome.<\/p>\n<p>Il presente e il futuro di Milano, nella stagione della cosiddetta \u201c<strong>economia della conoscenza<\/strong>\u201d, sta nella capacit\u00e0 di legare competenza scientifica e saperi umanistici nell\u2019orizzonte originale della \u201ccultura politecnica\u201d. E di quel Mind bisogner\u00e0 trovare declinazioni d\u2019immagine e comunicazione, rappresentazione di valori e racconto. Se ne occuperanno il Politecnico, l\u2019Universit\u00e0 Iulm e l\u2019Accademia di Brera, cui Arexpo (la societ\u00e0 proprietaria dell\u2019area, guidata da Giuseppe Bonomi), ha gi\u00e0 affidato l\u2019incarico di definirne l\u2019identit\u00e0, la divulgazione del Masterplan e le strategie di comunicazione e promozione.<\/p>\n<p>Milano, d\u2019altronde, di \u201ccultura politecnica\u201d \u00e8 da lungo tempo centro vitale. Le radici possono essere rintracciate nel lavoro quattrocentesco d\u2019un grande architetto, <strong>Bramante<\/strong>, abile matematico e raffinato pittore (ce ne sono rilevanti impronte in Sant\u2019Ambrogio e soprattutto in Santa Maria delle Grazie). E nelle opere d\u2019ingegno di Leonardo, la cui intelligenza progettuale e realizzativa \u00e8 ancora netta, attuale, dal funzionamento dei Navigli allo splendore de \u201cL\u2019Ultima Cena\u201d. E il suo \u201cCodice Atlantico\u201d, ben custodito alla Biblioteca Ambrosiana, \u00e8 sempre meta di studiosi di scienza e turisti in cerca dei fondamenti della bellezza. Scienza e umanesimo di Leonardo sono riferimenti utili, anche nella preparazione non rituale n\u00e9 retorica delle tante iniziative in vista dell\u2019anniversario dei cinquecento anni dalla sua morte, in calendario per il 2019. E potranno ben ispirare pure le attivit\u00e0 di definizione identitaria e di rappresentazione di Mind.<\/p>\n<p>Ragione e scienza hanno segnato anche le discussioni de \u201cIl Caff\u00e8\u201d illuminista e riformista dei Verri e di Beccaria. Scienza ed economia moderna hanno ispirato le pagine de \u201cIl Politecnico\u201d di Carlo Cattaneo a met\u00e0 Ottocento. E proprio cos\u00ec, \u201cIl Politecnico\u201d, Elio Vittorini volle chiamare la sua rivista, impegnata, proprio all\u2019indomani della Liberazione, nel tentativo di rifondare la cultura italiana, oltre l\u2019idealismo crociano. E privilegiando ci\u00f2 che \u00e8 essenziale a scienza e ricerca, la libert\u00e0: \u201cGli intellettuali non devono suonare il piffero per la rivoluzione\u201d.<\/p>\n<p>Sono anni frenetici, quei Cinquanta e Sessanta milanesi di cui Vittorini \u00e8 tra i protagonisti. Animati da pittori e scrittori, pubblicitari e imprenditori, grafici e architetti. Sino al <strong>design<\/strong>, una dimensione della creativit\u00e0 molto milanese che investe l\u2019industria e la rende pi\u00f9 competitiva:<strong> <em>t\u00e9<\/em><em>chne<\/em><\/strong>, funzionalit\u00e0 e bellezza camminano insieme, le grandi imprese (Pirelli, Eni) sostengono sofisticare riviste culturali, ha successo una figura speciale, Leonardo Sinisgalli, ingegnere e poeta, che lavora per Pirelli, Olivetti e Finmeccanica: fabbriche, lavoro, \u201cCivilt\u00e0 delle macchine\u201d. Cultura alta e cultura popolare, se popolare \u00e8 l\u2019industria.\u00a0La Triennale \u00e8 ancora oggi testimone del tempo e motore d\u2019innovazione, dall\u2019arte pop all\u2019urbanistica e al migliore design.<\/p>\n<p>La cultura, a Milano, \u00e8 laboratorio. Una parola che evoca l\u2019industria. La bottega d\u2019artista. E il centro di ricerca. Un paradigma di riferimento pu\u00f2 essere <strong>Giulio Natta<\/strong>, premio Nobel per la chimica nel 1963, l\u2019anno culmine del boom economico: laurea al Politecnico di Milano, studi nei laboratori Pirelli e Montecatini. Sino al Nobel. Con forti ricadute industriali: il polipropilene,\u00a0la produzione del \u201cmoplen\u201d, la plastica che cambia anche consumi e costumi. Vale ancora oggi, il \u201cparadigma Natta\u201d. Nel passaggio dalle manifatture alle imprese digitali, e all\u2019economia della conoscenza, la sintesi politecnica regge bene.\u00a0Dalle fabbriche e nelle fabbriche si organizzano musica e teatro, la scienza si rappresenta sulla scena, i prodotti industriali e di design vengono messi in mostra come fossero oggetti d\u2019arte. E proprio in un\u2019ex fabbrica \u00e8 cresciuto l\u2019HangarBicocca, il pi\u00f9 grande centro europeo d\u2019arte contemporanea. La cultura, a Milano, \u00e8 una buona impresa.<\/p>\n<p>Anche lungo questa strada, si torna a Mind. Luogo di ricerca, innovazione, conoscenza. Di industria. E di costruzione, proprio attraverso le imprese, di ricchezza diffusa, opportunit\u00e0 di lavoro e migliore qualit\u00e0 della vita. Una partita futuribile di grande interesse. Non solo per Milano. Ma per tutto il sistema Paese. Milano capitale politecnica in movimento \u00e8 infatti locomotiva d\u2019una crescita economica e sociale che coinvolge tutta la grande regione del Nord integrata con l\u2019Europa (a partire dall\u2019asse con Torino e da quello con Bologna e l\u2019Emilia industriale) ma fa pure da riferimento strategico per la declinazione mediterranea dell\u2019Europa stessa, con ruolo essenziale del\u00a0<span lang=\"IT\">nostro Mezzogiorno. Il segno: cambiamento e innovazione. Una bella impresa.<\/span><\/p>\n","protected":false},"excerpt":{"rendered":"<p>Si chiamer\u00e0 Mind. La mente, il cervello pulsante della nuova Milano metropoli di scienza e conoscenza. O, traducendo l\u2019acronimo, Milano Innovation District. \u00c8 il nome deciso per la grande area ex Expo, il Parco della Scienza che ospiter\u00e0 Human Technopole, il campus scientifico dell\u2019Universit\u00e0 Statale, un grande centro ospedaliero come il Galeazzi e gli uffici [&hellip;]<\/p>\n","protected":false},"author":1,"featured_media":57175,"comment_status":"open","ping_status":"open","sticky":false,"template":"","format":"standard","meta":{"footnotes":""},"categories":[53,52],"tags":[],"class_list":["post-52503","post","type-post","status-publish","format-standard","has-post-thumbnail","hentry","category-blog","category-cultura-dimpresa"],"acf":[],"yoast_head":"<!-- This site is optimized with the Yoast SEO plugin v25.0 - https:\/\/yoast.com\/wordpress\/plugins\/seo\/ -->\n<title>A Milano nasce Mind, distretto dell\u2019innovazione: universit\u00e0, life sciences e memoria di Leonardo - Fondazione Pirelli<\/title>\n<meta name=\"robots\" content=\"index, follow, max-snippet:-1, max-image-preview:large, max-video-preview:-1\" \/>\n<link rel=\"canonical\" href=\"https:\/\/www.fondazionepirelli.org\/it\/cultura-dimpresa\/a-milano-nasce-mind-distretto-dellinnovazione-universita-life-sciences-e-memoria-di-leonardo\/\" \/>\n<meta property=\"og:locale\" content=\"it_IT\" \/>\n<meta property=\"og:type\" content=\"article\" \/>\n<meta property=\"og:title\" content=\"A Milano nasce Mind, distretto dell\u2019innovazione: universit\u00e0, life sciences e memoria di Leonardo - Fondazione Pirelli\" \/>\n<meta property=\"og:description\" content=\"Si chiamer\u00e0 Mind. La mente, il cervello pulsante della nuova Milano metropoli di scienza e conoscenza. O, traducendo l\u2019acronimo, Milano Innovation District. \u00c8 il nome deciso per la grande area ex Expo, il Parco della Scienza che ospiter\u00e0 Human Technopole, il campus scientifico dell\u2019Universit\u00e0 Statale, un grande centro ospedaliero come il Galeazzi e gli uffici [&hellip;]\" \/>\n<meta property=\"og:url\" content=\"https:\/\/www.fondazionepirelli.org\/it\/cultura-dimpresa\/a-milano-nasce-mind-distretto-dellinnovazione-universita-life-sciences-e-memoria-di-leonardo\/\" \/>\n<meta property=\"og:site_name\" content=\"Fondazione Pirelli\" \/>\n<meta property=\"article:published_time\" content=\"2018-04-03T00:00:00+00:00\" \/>\n<meta property=\"article:modified_time\" content=\"2019-09-23T10:36:37+00:00\" \/>\n<meta property=\"og:image\" content=\"https:\/\/wpsite-assets.fondazionepirelli.org\/wp-content\/uploads\/2018\/04\/03102523\/La-citta%CC%80-del-futuro-a-Expo-5-e1559557531579.jpg\" \/>\n\t<meta property=\"og:image:width\" content=\"600\" \/>\n\t<meta property=\"og:image:height\" content=\"338\" \/>\n\t<meta property=\"og:image:type\" content=\"image\/jpeg\" \/>\n<meta name=\"author\" content=\"fondadmin\" \/>\n<meta name=\"twitter:card\" content=\"summary_large_image\" \/>\n<meta name=\"twitter:label1\" content=\"Scritto da\" \/>\n\t<meta name=\"twitter:data1\" content=\"fondadmin\" \/>\n\t<meta name=\"twitter:label2\" content=\"Tempo di lettura stimato\" \/>\n\t<meta name=\"twitter:data2\" content=\"4 minuti\" \/>\n<script type=\"application\/ld+json\" class=\"yoast-schema-graph\">{\"@context\":\"https:\/\/schema.org\",\"@graph\":[{\"@type\":\"WebPage\",\"@id\":\"https:\/\/www.fondazionepirelli.org\/it\/cultura-dimpresa\/a-milano-nasce-mind-distretto-dellinnovazione-universita-life-sciences-e-memoria-di-leonardo\/\",\"url\":\"https:\/\/www.fondazionepirelli.org\/it\/cultura-dimpresa\/a-milano-nasce-mind-distretto-dellinnovazione-universita-life-sciences-e-memoria-di-leonardo\/\",\"name\":\"A Milano nasce Mind, distretto dell\u2019innovazione: universit\u00e0, life sciences e memoria di Leonardo - Fondazione Pirelli\",\"isPartOf\":{\"@id\":\"https:\/\/www.fondazionepirelli.org\/it\/#website\"},\"primaryImageOfPage\":{\"@id\":\"https:\/\/www.fondazionepirelli.org\/it\/cultura-dimpresa\/a-milano-nasce-mind-distretto-dellinnovazione-universita-life-sciences-e-memoria-di-leonardo\/#primaryimage\"},\"image\":{\"@id\":\"https:\/\/www.fondazionepirelli.org\/it\/cultura-dimpresa\/a-milano-nasce-mind-distretto-dellinnovazione-universita-life-sciences-e-memoria-di-leonardo\/#primaryimage\"},\"thumbnailUrl\":\"https:\/\/wpsite-assets.fondazionepirelli.org\/wp-content\/uploads\/2018\/04\/03102523\/La-citta%CC%80-del-futuro-a-Expo-5-e1559557531579.jpg\",\"datePublished\":\"2018-04-03T00:00:00+00:00\",\"dateModified\":\"2019-09-23T10:36:37+00:00\",\"author\":{\"@id\":\"https:\/\/www.fondazionepirelli.org\/it\/#\/schema\/person\/f47d097000832c4a6e54538c791fdf25\"},\"breadcrumb\":{\"@id\":\"https:\/\/www.fondazionepirelli.org\/it\/cultura-dimpresa\/a-milano-nasce-mind-distretto-dellinnovazione-universita-life-sciences-e-memoria-di-leonardo\/#breadcrumb\"},\"inLanguage\":\"it-IT\",\"potentialAction\":[{\"@type\":\"ReadAction\",\"target\":[\"https:\/\/www.fondazionepirelli.org\/it\/cultura-dimpresa\/a-milano-nasce-mind-distretto-dellinnovazione-universita-life-sciences-e-memoria-di-leonardo\/\"]}]},{\"@type\":\"ImageObject\",\"inLanguage\":\"it-IT\",\"@id\":\"https:\/\/www.fondazionepirelli.org\/it\/cultura-dimpresa\/a-milano-nasce-mind-distretto-dellinnovazione-universita-life-sciences-e-memoria-di-leonardo\/#primaryimage\",\"url\":\"https:\/\/wpsite-assets.fondazionepirelli.org\/wp-content\/uploads\/2018\/04\/03102523\/La-citta%CC%80-del-futuro-a-Expo-5-e1559557531579.jpg\",\"contentUrl\":\"https:\/\/wpsite-assets.fondazionepirelli.org\/wp-content\/uploads\/2018\/04\/03102523\/La-citta%CC%80-del-futuro-a-Expo-5-e1559557531579.jpg\",\"width\":600,\"height\":338},{\"@type\":\"BreadcrumbList\",\"@id\":\"https:\/\/www.fondazionepirelli.org\/it\/cultura-dimpresa\/a-milano-nasce-mind-distretto-dellinnovazione-universita-life-sciences-e-memoria-di-leonardo\/#breadcrumb\",\"itemListElement\":[{\"@type\":\"ListItem\",\"position\":1,\"name\":\"Home\",\"item\":\"https:\/\/www.fondazionepirelli.org\/it\/\"},{\"@type\":\"ListItem\",\"position\":2,\"name\":\"A Milano nasce Mind, distretto dell\u2019innovazione: universit\u00e0, life sciences e memoria di Leonardo\"}]},{\"@type\":\"WebSite\",\"@id\":\"https:\/\/www.fondazionepirelli.org\/it\/#website\",\"url\":\"https:\/\/www.fondazionepirelli.org\/it\/\",\"name\":\"Fondazione Pirelli\",\"description\":\"\",\"potentialAction\":[{\"@type\":\"SearchAction\",\"target\":{\"@type\":\"EntryPoint\",\"urlTemplate\":\"https:\/\/www.fondazionepirelli.org\/it\/?s={search_term_string}\"},\"query-input\":{\"@type\":\"PropertyValueSpecification\",\"valueRequired\":true,\"valueName\":\"search_term_string\"}}],\"inLanguage\":\"it-IT\"},{\"@type\":\"Person\",\"@id\":\"https:\/\/www.fondazionepirelli.org\/it\/#\/schema\/person\/f47d097000832c4a6e54538c791fdf25\",\"name\":\"fondadmin\",\"image\":{\"@type\":\"ImageObject\",\"inLanguage\":\"it-IT\",\"@id\":\"https:\/\/www.fondazionepirelli.org\/it\/#\/schema\/person\/image\/\",\"url\":\"https:\/\/secure.gravatar.com\/avatar\/e69498a9175ca244966e51e53c88712c024fcebe41f9a05f75657f1bb25e489b?s=96&d=mm&r=g\",\"contentUrl\":\"https:\/\/secure.gravatar.com\/avatar\/e69498a9175ca244966e51e53c88712c024fcebe41f9a05f75657f1bb25e489b?s=96&d=mm&r=g\",\"caption\":\"fondadmin\"},\"url\":\"https:\/\/www.fondazionepirelli.org\/it\/author\/fondadmin\/\"}]}<\/script>\n<!-- \/ Yoast SEO plugin. -->","yoast_head_json":{"title":"A Milano nasce Mind, distretto dell\u2019innovazione: universit\u00e0, life sciences e memoria di Leonardo - Fondazione Pirelli","robots":{"index":"index","follow":"follow","max-snippet":"max-snippet:-1","max-image-preview":"max-image-preview:large","max-video-preview":"max-video-preview:-1"},"canonical":"https:\/\/www.fondazionepirelli.org\/it\/cultura-dimpresa\/a-milano-nasce-mind-distretto-dellinnovazione-universita-life-sciences-e-memoria-di-leonardo\/","og_locale":"it_IT","og_type":"article","og_title":"A Milano nasce Mind, distretto dell\u2019innovazione: universit\u00e0, life sciences e memoria di Leonardo - Fondazione Pirelli","og_description":"Si chiamer\u00e0 Mind. La mente, il cervello pulsante della nuova Milano metropoli di scienza e conoscenza. O, traducendo l\u2019acronimo, Milano Innovation District. \u00c8 il nome deciso per la grande area ex Expo, il Parco della Scienza che ospiter\u00e0 Human Technopole, il campus scientifico dell\u2019Universit\u00e0 Statale, un grande centro ospedaliero come il Galeazzi e gli uffici [&hellip;]","og_url":"https:\/\/www.fondazionepirelli.org\/it\/cultura-dimpresa\/a-milano-nasce-mind-distretto-dellinnovazione-universita-life-sciences-e-memoria-di-leonardo\/","og_site_name":"Fondazione Pirelli","article_published_time":"2018-04-03T00:00:00+00:00","article_modified_time":"2019-09-23T10:36:37+00:00","og_image":[{"width":600,"height":338,"url":"https:\/\/wpsite-assets.fondazionepirelli.org\/wp-content\/uploads\/2018\/04\/03102523\/La-citta%CC%80-del-futuro-a-Expo-5-e1559557531579.jpg","type":"image\/jpeg"}],"author":"fondadmin","twitter_card":"summary_large_image","twitter_misc":{"Scritto da":"fondadmin","Tempo di lettura stimato":"4 minuti"},"schema":{"@context":"https:\/\/schema.org","@graph":[{"@type":"WebPage","@id":"https:\/\/www.fondazionepirelli.org\/it\/cultura-dimpresa\/a-milano-nasce-mind-distretto-dellinnovazione-universita-life-sciences-e-memoria-di-leonardo\/","url":"https:\/\/www.fondazionepirelli.org\/it\/cultura-dimpresa\/a-milano-nasce-mind-distretto-dellinnovazione-universita-life-sciences-e-memoria-di-leonardo\/","name":"A Milano nasce Mind, distretto dell\u2019innovazione: universit\u00e0, life sciences e memoria di Leonardo - Fondazione Pirelli","isPartOf":{"@id":"https:\/\/www.fondazionepirelli.org\/it\/#website"},"primaryImageOfPage":{"@id":"https:\/\/www.fondazionepirelli.org\/it\/cultura-dimpresa\/a-milano-nasce-mind-distretto-dellinnovazione-universita-life-sciences-e-memoria-di-leonardo\/#primaryimage"},"image":{"@id":"https:\/\/www.fondazionepirelli.org\/it\/cultura-dimpresa\/a-milano-nasce-mind-distretto-dellinnovazione-universita-life-sciences-e-memoria-di-leonardo\/#primaryimage"},"thumbnailUrl":"https:\/\/wpsite-assets.fondazionepirelli.org\/wp-content\/uploads\/2018\/04\/03102523\/La-citta%CC%80-del-futuro-a-Expo-5-e1559557531579.jpg","datePublished":"2018-04-03T00:00:00+00:00","dateModified":"2019-09-23T10:36:37+00:00","author":{"@id":"https:\/\/www.fondazionepirelli.org\/it\/#\/schema\/person\/f47d097000832c4a6e54538c791fdf25"},"breadcrumb":{"@id":"https:\/\/www.fondazionepirelli.org\/it\/cultura-dimpresa\/a-milano-nasce-mind-distretto-dellinnovazione-universita-life-sciences-e-memoria-di-leonardo\/#breadcrumb"},"inLanguage":"it-IT","potentialAction":[{"@type":"ReadAction","target":["https:\/\/www.fondazionepirelli.org\/it\/cultura-dimpresa\/a-milano-nasce-mind-distretto-dellinnovazione-universita-life-sciences-e-memoria-di-leonardo\/"]}]},{"@type":"ImageObject","inLanguage":"it-IT","@id":"https:\/\/www.fondazionepirelli.org\/it\/cultura-dimpresa\/a-milano-nasce-mind-distretto-dellinnovazione-universita-life-sciences-e-memoria-di-leonardo\/#primaryimage","url":"https:\/\/wpsite-assets.fondazionepirelli.org\/wp-content\/uploads\/2018\/04\/03102523\/La-citta%CC%80-del-futuro-a-Expo-5-e1559557531579.jpg","contentUrl":"https:\/\/wpsite-assets.fondazionepirelli.org\/wp-content\/uploads\/2018\/04\/03102523\/La-citta%CC%80-del-futuro-a-Expo-5-e1559557531579.jpg","width":600,"height":338},{"@type":"BreadcrumbList","@id":"https:\/\/www.fondazionepirelli.org\/it\/cultura-dimpresa\/a-milano-nasce-mind-distretto-dellinnovazione-universita-life-sciences-e-memoria-di-leonardo\/#breadcrumb","itemListElement":[{"@type":"ListItem","position":1,"name":"Home","item":"https:\/\/www.fondazionepirelli.org\/it\/"},{"@type":"ListItem","position":2,"name":"A Milano nasce Mind, distretto dell\u2019innovazione: universit\u00e0, life sciences e memoria di Leonardo"}]},{"@type":"WebSite","@id":"https:\/\/www.fondazionepirelli.org\/it\/#website","url":"https:\/\/www.fondazionepirelli.org\/it\/","name":"Fondazione Pirelli","description":"","potentialAction":[{"@type":"SearchAction","target":{"@type":"EntryPoint","urlTemplate":"https:\/\/www.fondazionepirelli.org\/it\/?s={search_term_string}"},"query-input":{"@type":"PropertyValueSpecification","valueRequired":true,"valueName":"search_term_string"}}],"inLanguage":"it-IT"},{"@type":"Person","@id":"https:\/\/www.fondazionepirelli.org\/it\/#\/schema\/person\/f47d097000832c4a6e54538c791fdf25","name":"fondadmin","image":{"@type":"ImageObject","inLanguage":"it-IT","@id":"https:\/\/www.fondazionepirelli.org\/it\/#\/schema\/person\/image\/","url":"https:\/\/secure.gravatar.com\/avatar\/e69498a9175ca244966e51e53c88712c024fcebe41f9a05f75657f1bb25e489b?s=96&d=mm&r=g","contentUrl":"https:\/\/secure.gravatar.com\/avatar\/e69498a9175ca244966e51e53c88712c024fcebe41f9a05f75657f1bb25e489b?s=96&d=mm&r=g","caption":"fondadmin"},"url":"https:\/\/www.fondazionepirelli.org\/it\/author\/fondadmin\/"}]}},"_links":{"self":[{"href":"https:\/\/www.fondazionepirelli.org\/it\/wp-json\/wp\/v2\/posts\/52503\/"}],"collection":[{"href":"https:\/\/www.fondazionepirelli.org\/it\/wp-json\/wp\/v2\/posts\/"}],"about":[{"href":"https:\/\/www.fondazionepirelli.org\/it\/wp-json\/wp\/v2\/types\/post\/"}],"author":[{"embeddable":true,"href":"https:\/\/www.fondazionepirelli.org\/it\/wp-json\/wp\/v2\/users\/1\/"}],"replies":[{"embeddable":true,"href":"https:\/\/www.fondazionepirelli.org\/it\/wp-json\/wp\/v2\/comments\/?post=52503"}],"version-history":[{"count":3,"href":"https:\/\/www.fondazionepirelli.org\/it\/wp-json\/wp\/v2\/posts\/52503\/revisions\/"}],"predecessor-version":[{"id":69203,"href":"https:\/\/www.fondazionepirelli.org\/it\/wp-json\/wp\/v2\/posts\/52503\/revisions\/69203\/"}],"wp:featuredmedia":[{"embeddable":true,"href":"https:\/\/www.fondazionepirelli.org\/it\/wp-json\/wp\/v2\/media\/57175\/"}],"wp:attachment":[{"href":"https:\/\/www.fondazionepirelli.org\/it\/wp-json\/wp\/v2\/media\/?parent=52503"}],"wp:term":[{"taxonomy":"category","embeddable":true,"href":"https:\/\/www.fondazionepirelli.org\/it\/wp-json\/wp\/v2\/categories\/?post=52503"},{"taxonomy":"post_tag","embeddable":true,"href":"https:\/\/www.fondazionepirelli.org\/it\/wp-json\/wp\/v2\/tags\/?post=52503"}],"curies":[{"name":"wp","href":"https:\/\/api.w.org\/{rel}","templated":true}]}}