{"id":52510,"date":"2018-03-27T00:00:00","date_gmt":"2018-03-27T00:00:00","guid":{"rendered":"http:\/\/www.fondazionepirelli.org\/fondazione-pirelli\/il-rinascimento-meccatronico-e-lindustria-in-cerca-dingegneri-e-tecnici-un-po-umanisti\/"},"modified":"2019-06-03T10:03:18","modified_gmt":"2019-06-03T10:03:18","slug":"il-rinascimento-meccatronico-e-lindustria-in-cerca-dingegneri-e-tecnici-un-po-umanisti","status":"publish","type":"post","link":"https:\/\/www.fondazionepirelli.org\/it\/cultura-dimpresa\/il-rinascimento-meccatronico-e-lindustria-in-cerca-dingegneri-e-tecnici-un-po-umanisti\/","title":{"rendered":"Il \u201cRinascimento meccatronico\u201d e l\u2019industria  in cerca d\u2019ingegneri e tecnici un po\u2019 umanisti"},"content":{"rendered":"<p>\u201c<strong>Rinascimento meccatronico<\/strong>\u201d, scrive Franco Mosconi, professore di Economia e Politica Industriale all\u2019Universit\u00e0 di Parma, commentando la classifica delle piccole e medie imprese \u201c<strong>Top Performing 2018<\/strong>\u201d (\u201cL\u2019Economia- Corriere della Sera\u201d, 5 marzo). E in due parole coglie uno dei nodi che determinano il lento <strong>sviluppo italiano<\/strong>: la relazione ancora incompiuta tra cultura e crescita economica, tra formazione e produttivit\u00e0.<\/p>\n<p>Rinascimento, dunque. Il richiamo \u00e8 alla stagione d\u2019oro della storia italiana ed europea, a quel Quattrocento dell\u2019Umanesimo e al Cinquecento degli artisti straordinari (Leonardo e Michelangelo, innanzitutto) in cui filosofia e scienza, creativit\u00e0 delle arti visive e scrittura, politica ed economia conoscevano un\u2019incredibile capacit\u00e0 di pensare, progettare, costruire e raccontare un mondo in intenso cambiamento, sull\u2019idea forte del connubio virtuoso ragione-fantasia, immaginazione e manifattura. Tutto fondato sulla centralit\u00e0 dell\u2019uomo: una centralit\u00e0 non arrogante, ma pensosa, critica, forte della relazione tra creativit\u00e0 e limite. Una grande impresa.<\/p>\n<p>Ed ecco la meccatronica: sintesi tra la manifattura metalmeccanica in cui proprio noi italiani continuiamo ad avere eccellenti posizioni competitive internazionali e i processi produttivi legati all\u2019elettronica, all\u2019informatica, al mondo <em>digital. \u201c<\/em>Rinascimento meccatronico\u201d dopo la stagione recente del \u201cRinascimento manifatturiero\u201d definito dagli studiosi di Harvard, nel cuore della Grande Crisi esplosa nel 2007, per rilanciare la centralit\u00e0 dell\u2019economia reale, dell\u2019industria, contro la devastante rapacit\u00e0 della speculazione finanziaria. Una svolta culturale ed economica. Per capire meglio, vale la pena leggere le pagine di Ian Goldin e Chris Kutarna, economisti a Oxford, in \u201cNuova et\u00e0 dell\u2019oro. Guida a un secondo Rinascimento economico e culturale\u201d, per Il Saggiatore.<\/p>\n<p>Che cultura serve, dunque, perch\u00e9 l\u2019Italia e le sue imprese migliori rafforzino la propria capacit\u00e0 competitiva, in tempi di crescente concorrenza per <strong><em>Industry 4.0<\/em><\/strong>? \u201cScuole tecniche. Bisogna rinnovare radicalmente il sistema formativo. E investire sugli Its, gli Istituti tecnici superiori, secondo il modello tedesco: ogni anno la Germania fa uscire dai suoi Its 740mila diplomati, contro i circa 8mila degli Its italiani\u201d, sostiene Alberto Bombassei, presidente della Brembo (freni e prodotti<strong> <em>automotive<\/em> <\/strong>d\u2019eccellenza), lanciando a Bergamo un nuovo polo di formazione tra Confindustria, Manpower e Kilometro Rosso, uno dei migliori centri di ricerca e sviluppo del Nord industriale, per cercare di ovviare alle pesanti carenze di persone qualificare per fare crescere i nuovi processi produttivi.<\/p>\n<p>Bombassei ha naturalmente ragione. Riprende un tema caro agli esperti di Confindustria e agli imprenditori (Attilio Oliva e soprattutto Gianfelice Rocca) che da anni individuano proprio nella scarsa diffusione della cultura e della formazione tecnica e scientifica una delle ragioni di fondo della asfittica crescita dell\u2019Italia. E rilancia una delle scommesse pi\u00f9 importanti nella storia della scuola italiana, fin dai tempi dell\u2019Unit\u00e0 nazionale a met\u00e0 Ottocento: costruire percorsi formativi popolari che facilitassero non solo la costruzione di una nuova Italia unificata, ma anche la sfida italiana nell\u2019era dell\u2019industrializzazione di massa. Vinse il primato della \u201cscuola classica\u201d e d\u2019\u00e9lite d\u2019impronta storicistico-idealista, sostenuta da Benedetto Croce e messa in atto da Giovanni Gentile. E s\u2019allarg\u00f2 il divario tra le cosiddette \u201cdue culture\u201d, l\u2019umanistica e la scientifica, a tutto danno della seconda e con conseguenze negative sulle dinamiche positive dell\u2019economia e della societ\u00e0 italiana (lo documentano anche due studiosi di grande qualit\u00e0, Paolo Di Martino e Michelangelo Vasta, nelle pagine di \u201cRicchi per caso\u201d, sulla \u201cparabola dello sviluppo economico italiano\u201d, per le edizioni de Il Mulino).<\/p>\n<p>Ecco il punto: il falso dilemma tra le \u201c<strong>due culture<\/strong>\u201d. Servono tecnici. E intelligenze capaci di capire e guidare il cambiamento.<\/p>\n<p>Da qualche tempo, infatti, proprio di fronte alle questioni poste dall\u2019incredibile sviluppo delle tecnologie, cresce la consapevolezza del bisogno di un pensiero critico che sappia decifrare la complessit\u00e0 <em>hi tech<\/em> e indirizzare e governare i processi legati all\u2019intelligenza artificiale, alle <em>biotech<\/em>, alle radicali modifiche determinate da robot, <em><strong>big data<\/strong> <\/em>e processi produttivi<strong> <em>digital<\/em> <\/strong>all\u2019organizzazione del lavoro. Affrontare le questioni di <em>cyber security <\/em>(le recenti vicende legate alle <em>fake news <\/em>e ai dati di Facebook ne sono solo un esempio). E cercare di comprendere e determinare le conseguenze economiche e sociali dei nuovi cicli di industrie, servizi, scambi globali.<\/p>\n<p>Per dirla in sintesi: abbiamo un grande bisogno di tecnici, ben formati per lavorare con le nuove macchine e tenere alta la <strong>competitivit\u00e0 italiana<\/strong>. Ma anche di filosofi, sociologi, economisti, psicologi, in grado di capire e camminare attraverso le nuove frontiere <em>hi tech. <\/em>E di artisti in grado di percepire, rappresentare, e raccontare il cambiamento. Lungo l\u2019orizzonte di una nuova \u201ccivilt\u00e0 delle macchine\u201d.<\/p>\n<p>Una svolta formativa, dunque. Non secondo dicotomie <em>aut aut<\/em>, o tecnici o umanisti. Ma costruendo sintesi <em>et et<\/em>, ingegneri e tecnici che siano anche un po\u2019 filosofi e, perch\u00e9 no?, un po\u2019 poeti. Gli ingegneri dei Politecnici di Milano e di Torino, ma anche quelli dell\u2019Ecole Central di Parigi studiano seriamente filosofia e altre materie umanistiche, proprio per poter fare fronte alle sempre nuove dimensioni di tecnologie in continuo mutamento. E c\u2019\u00e8 un esempio di riferimento, cui guardare: Leonardo Sinisgalli, ingegnere alla <strong>Pirelli<\/strong>, poi all\u2019<strong>Olivetti<\/strong> e alla Finmeccanica, negli anni Cinquanta, poeta di straordinaria efficacia: \u201cIo entro in una fabbrica a capo scoperto, come si entra in una basilica, e guardo i movimenti degli uomini e dei congegni come si guarda un rito&#8230;\u201d, scriveva nel 1949, raccontando i processi produttivi alla Pirelli Bicocca, che aveva contribuito a impostare e far funzionare.<\/p>\n<p>Ecco il secondo punto chiave di questo ragionamento: se industria e laboratori di ricerca devono recuperare \u201clo spirito del Rinascimento\u201d (<em>hi tech <\/em>e umanesimo), le donne e gli uomini impegnati nel mondo della letteratura, del cinema, del teatro, dell\u2019arte devono tornare in fabbrica, per capire e raccontare, dare voce \u201call\u2019orgoglio industriale\u201d e fare della loro cultura umanistica un cardine d\u2019un migliore sviluppo economico.<\/p>\n<p>Proprio gli anni Cinquanta e Sessanta italiani ne hanno dato ottima testimonianza (lo documentano le pagine di \u201c<strong>Fabbrica di carta<\/strong>\u201d, un\u2019antologia curata da <strong>Giorgio Bigatti<\/strong> e <strong>Giuseppe Lupo<\/strong> su \u201ci libri che raccontano l\u2019Italia industriale\u201d, Laterza 2013). E in quella stagione di ripresa e impegno, verso il \u201cboom economico\u201d, tecnologia e racconto, industria e letteratura sono andate d\u2019accordo. Un esempio per tutti: il testo di Dino Buzzati, grande giornalista e scrittore, \u201cfirma\u201d di punta del \u201cCorriere della Sera\u201d, per \u201cIl pianeta acciaio\u201d, un film del 1962 per l\u2019Italsider: esempio di capacit\u00e0 di misurarsi con il lavoro, i cantieri, le fabbriche e definire un linguaggio esatto, n\u00e9 retorico n\u00e9 apocalittico, per costruire un coinvolgente racconto (il film \u00e8 stato proiettato di recente, il 19 marzo, a un pubblico di studenti nella rassegna \u201cFabbriche come cattedrali: il cinema industriale racconta l\u2019estetica della produzione\u201d, su iniziativa di Assolombarda, Universit\u00e0 Statale di Milano e Universit\u00e0 Cattaneo di Castellanza).<\/p>\n<p>Le frontiere della formazione si delineano cos\u00ec pi\u00f9 compiutamente. Maggiori investimenti sugli Istituti tecnici superiori. E contemporaneamente sui licei. Con<strong> intelligenza critica<\/strong>. Come suggeriscono Claudio Giunta, professore di Letteratura all\u2019Universit\u00e0 di Trento (\u201cE se non fosse la buona battaglia? Sul futuro dell\u2019istruzione umanistica\u201d, Il Mulino, fuori da ogni retorica sul primato del \u201cclassico\u201d) e Lucio Russo, storico della scienza (\u201cPerch\u00e9 la cultura classica. La risposta di un non classicista\u201d, Mondadori). Studi non \u201cclassici\u201d, ma \u201ccritici\u201d. Come proprio i nostri tempi cos\u00ec controversi ci chiedono.<\/p>\n","protected":false},"excerpt":{"rendered":"<p>\u201cRinascimento meccatronico\u201d, scrive Franco Mosconi, professore di Economia e Politica Industriale all\u2019Universit\u00e0 di Parma, commentando la classifica delle piccole e medie imprese \u201cTop Performing 2018\u201d (\u201cL\u2019Economia- Corriere della Sera\u201d, 5 marzo). E in due parole coglie uno dei nodi che determinano il lento sviluppo italiano: la relazione ancora incompiuta tra cultura e crescita economica, tra [&hellip;]<\/p>\n","protected":false},"author":1,"featured_media":57170,"comment_status":"open","ping_status":"open","sticky":false,"template":"","format":"standard","meta":{"footnotes":""},"categories":[53,52],"tags":[],"class_list":["post-52510","post","type-post","status-publish","format-standard","has-post-thumbnail","hentry","category-blog","category-cultura-dimpresa"],"acf":[],"yoast_head":"<!-- This site is optimized with the Yoast SEO plugin v25.0 - https:\/\/yoast.com\/wordpress\/plugins\/seo\/ -->\n<title>Il \u201cRinascimento meccatronico\u201d e l\u2019industria in cerca d\u2019ingegneri e tecnici un po\u2019 umanisti - Fondazione Pirelli<\/title>\n<meta name=\"robots\" content=\"index, follow, max-snippet:-1, max-image-preview:large, max-video-preview:-1\" \/>\n<link rel=\"canonical\" href=\"https:\/\/www.fondazionepirelli.org\/it\/cultura-dimpresa\/il-rinascimento-meccatronico-e-lindustria-in-cerca-dingegneri-e-tecnici-un-po-umanisti\/\" \/>\n<meta property=\"og:locale\" content=\"it_IT\" \/>\n<meta property=\"og:type\" content=\"article\" \/>\n<meta property=\"og:title\" content=\"Il \u201cRinascimento meccatronico\u201d e l\u2019industria in cerca d\u2019ingegneri e tecnici un po\u2019 umanisti - Fondazione Pirelli\" \/>\n<meta property=\"og:description\" content=\"\u201cRinascimento meccatronico\u201d, scrive Franco Mosconi, professore di Economia e Politica Industriale all\u2019Universit\u00e0 di Parma, commentando la classifica delle piccole e medie imprese \u201cTop Performing 2018\u201d (\u201cL\u2019Economia- Corriere della Sera\u201d, 5 marzo). E in due parole coglie uno dei nodi che determinano il lento sviluppo italiano: la relazione ancora incompiuta tra cultura e crescita economica, tra [&hellip;]\" \/>\n<meta property=\"og:url\" content=\"https:\/\/127.0.0.1\/it\/cultura-dimpresa\/il-rinascimento-meccatronico-e-lindustria-in-cerca-dingegneri-e-tecnici-un-po-umanisti\/\" \/>\n<meta property=\"og:site_name\" content=\"Fondazione Pirelli\" \/>\n<meta property=\"article:published_time\" content=\"2018-03-27T00:00:00+00:00\" \/>\n<meta property=\"article:modified_time\" content=\"2019-06-03T10:03:18+00:00\" \/>\n<meta property=\"og:image\" content=\"https:\/\/wpsite-assets.fondazionepirelli.org\/wp-content\/uploads\/2018\/03\/03100252\/materie-meccanica-e1559556188281.jpg\" \/>\n\t<meta property=\"og:image:width\" content=\"600\" \/>\n\t<meta property=\"og:image:height\" content=\"344\" \/>\n\t<meta property=\"og:image:type\" content=\"image\/jpeg\" \/>\n<meta name=\"author\" content=\"fondadmin\" \/>\n<meta name=\"twitter:card\" content=\"summary_large_image\" \/>\n<meta name=\"twitter:label1\" content=\"Scritto da\" \/>\n\t<meta name=\"twitter:data1\" content=\"fondadmin\" \/>\n\t<meta name=\"twitter:label2\" content=\"Tempo di lettura stimato\" \/>\n\t<meta name=\"twitter:data2\" content=\"6 minuti\" \/>\n<script type=\"application\/ld+json\" class=\"yoast-schema-graph\">{\"@context\":\"https:\/\/schema.org\",\"@graph\":[{\"@type\":\"WebPage\",\"@id\":\"https:\/\/127.0.0.1\/it\/cultura-dimpresa\/il-rinascimento-meccatronico-e-lindustria-in-cerca-dingegneri-e-tecnici-un-po-umanisti\/\",\"url\":\"https:\/\/127.0.0.1\/it\/cultura-dimpresa\/il-rinascimento-meccatronico-e-lindustria-in-cerca-dingegneri-e-tecnici-un-po-umanisti\/\",\"name\":\"Il \u201cRinascimento meccatronico\u201d e l\u2019industria in cerca d\u2019ingegneri e tecnici un po\u2019 umanisti - Fondazione Pirelli\",\"isPartOf\":{\"@id\":\"https:\/\/www.fondazionepirelli.org\/it\/#website\"},\"primaryImageOfPage\":{\"@id\":\"https:\/\/127.0.0.1\/it\/cultura-dimpresa\/il-rinascimento-meccatronico-e-lindustria-in-cerca-dingegneri-e-tecnici-un-po-umanisti\/#primaryimage\"},\"image\":{\"@id\":\"https:\/\/127.0.0.1\/it\/cultura-dimpresa\/il-rinascimento-meccatronico-e-lindustria-in-cerca-dingegneri-e-tecnici-un-po-umanisti\/#primaryimage\"},\"thumbnailUrl\":\"https:\/\/wpsite-assets.fondazionepirelli.org\/wp-content\/uploads\/2018\/03\/03100252\/materie-meccanica-e1559556188281.jpg\",\"datePublished\":\"2018-03-27T00:00:00+00:00\",\"dateModified\":\"2019-06-03T10:03:18+00:00\",\"author\":{\"@id\":\"https:\/\/www.fondazionepirelli.org\/it\/#\/schema\/person\/f47d097000832c4a6e54538c791fdf25\"},\"breadcrumb\":{\"@id\":\"https:\/\/127.0.0.1\/it\/cultura-dimpresa\/il-rinascimento-meccatronico-e-lindustria-in-cerca-dingegneri-e-tecnici-un-po-umanisti\/#breadcrumb\"},\"inLanguage\":\"it-IT\",\"potentialAction\":[{\"@type\":\"ReadAction\",\"target\":[\"https:\/\/127.0.0.1\/it\/cultura-dimpresa\/il-rinascimento-meccatronico-e-lindustria-in-cerca-dingegneri-e-tecnici-un-po-umanisti\/\"]}]},{\"@type\":\"ImageObject\",\"inLanguage\":\"it-IT\",\"@id\":\"https:\/\/127.0.0.1\/it\/cultura-dimpresa\/il-rinascimento-meccatronico-e-lindustria-in-cerca-dingegneri-e-tecnici-un-po-umanisti\/#primaryimage\",\"url\":\"https:\/\/wpsite-assets.fondazionepirelli.org\/wp-content\/uploads\/2018\/03\/03100252\/materie-meccanica-e1559556188281.jpg\",\"contentUrl\":\"https:\/\/wpsite-assets.fondazionepirelli.org\/wp-content\/uploads\/2018\/03\/03100252\/materie-meccanica-e1559556188281.jpg\",\"width\":600,\"height\":344},{\"@type\":\"BreadcrumbList\",\"@id\":\"https:\/\/127.0.0.1\/it\/cultura-dimpresa\/il-rinascimento-meccatronico-e-lindustria-in-cerca-dingegneri-e-tecnici-un-po-umanisti\/#breadcrumb\",\"itemListElement\":[{\"@type\":\"ListItem\",\"position\":1,\"name\":\"Home\",\"item\":\"https:\/\/www.fondazionepirelli.org\/it\/\"},{\"@type\":\"ListItem\",\"position\":2,\"name\":\"Il \u201cRinascimento meccatronico\u201d e l\u2019industria in cerca d\u2019ingegneri e tecnici un po\u2019 umanisti\"}]},{\"@type\":\"WebSite\",\"@id\":\"https:\/\/www.fondazionepirelli.org\/it\/#website\",\"url\":\"https:\/\/www.fondazionepirelli.org\/it\/\",\"name\":\"Fondazione Pirelli\",\"description\":\"\",\"potentialAction\":[{\"@type\":\"SearchAction\",\"target\":{\"@type\":\"EntryPoint\",\"urlTemplate\":\"https:\/\/www.fondazionepirelli.org\/it\/?s={search_term_string}\"},\"query-input\":{\"@type\":\"PropertyValueSpecification\",\"valueRequired\":true,\"valueName\":\"search_term_string\"}}],\"inLanguage\":\"it-IT\"},{\"@type\":\"Person\",\"@id\":\"https:\/\/www.fondazionepirelli.org\/it\/#\/schema\/person\/f47d097000832c4a6e54538c791fdf25\",\"name\":\"fondadmin\",\"image\":{\"@type\":\"ImageObject\",\"inLanguage\":\"it-IT\",\"@id\":\"https:\/\/www.fondazionepirelli.org\/it\/#\/schema\/person\/image\/\",\"url\":\"https:\/\/secure.gravatar.com\/avatar\/e69498a9175ca244966e51e53c88712c024fcebe41f9a05f75657f1bb25e489b?s=96&d=mm&r=g\",\"contentUrl\":\"https:\/\/secure.gravatar.com\/avatar\/e69498a9175ca244966e51e53c88712c024fcebe41f9a05f75657f1bb25e489b?s=96&d=mm&r=g\",\"caption\":\"fondadmin\"},\"url\":\"https:\/\/www.fondazionepirelli.org\/it\/author\/fondadmin\/\"}]}<\/script>\n<!-- \/ Yoast SEO plugin. -->","yoast_head_json":{"title":"Il \u201cRinascimento meccatronico\u201d e l\u2019industria in cerca d\u2019ingegneri e tecnici un po\u2019 umanisti - Fondazione Pirelli","robots":{"index":"index","follow":"follow","max-snippet":"max-snippet:-1","max-image-preview":"max-image-preview:large","max-video-preview":"max-video-preview:-1"},"canonical":"https:\/\/www.fondazionepirelli.org\/it\/cultura-dimpresa\/il-rinascimento-meccatronico-e-lindustria-in-cerca-dingegneri-e-tecnici-un-po-umanisti\/","og_locale":"it_IT","og_type":"article","og_title":"Il \u201cRinascimento meccatronico\u201d e l\u2019industria in cerca d\u2019ingegneri e tecnici un po\u2019 umanisti - Fondazione Pirelli","og_description":"\u201cRinascimento meccatronico\u201d, scrive Franco Mosconi, professore di Economia e Politica Industriale all\u2019Universit\u00e0 di Parma, commentando la classifica delle piccole e medie imprese \u201cTop Performing 2018\u201d (\u201cL\u2019Economia- Corriere della Sera\u201d, 5 marzo). E in due parole coglie uno dei nodi che determinano il lento sviluppo italiano: la relazione ancora incompiuta tra cultura e crescita economica, tra [&hellip;]","og_url":"https:\/\/127.0.0.1\/it\/cultura-dimpresa\/il-rinascimento-meccatronico-e-lindustria-in-cerca-dingegneri-e-tecnici-un-po-umanisti\/","og_site_name":"Fondazione Pirelli","article_published_time":"2018-03-27T00:00:00+00:00","article_modified_time":"2019-06-03T10:03:18+00:00","og_image":[{"width":600,"height":344,"url":"https:\/\/wpsite-assets.fondazionepirelli.org\/wp-content\/uploads\/2018\/03\/03100252\/materie-meccanica-e1559556188281.jpg","type":"image\/jpeg"}],"author":"fondadmin","twitter_card":"summary_large_image","twitter_misc":{"Scritto da":"fondadmin","Tempo di lettura stimato":"6 minuti"},"schema":{"@context":"https:\/\/schema.org","@graph":[{"@type":"WebPage","@id":"https:\/\/127.0.0.1\/it\/cultura-dimpresa\/il-rinascimento-meccatronico-e-lindustria-in-cerca-dingegneri-e-tecnici-un-po-umanisti\/","url":"https:\/\/127.0.0.1\/it\/cultura-dimpresa\/il-rinascimento-meccatronico-e-lindustria-in-cerca-dingegneri-e-tecnici-un-po-umanisti\/","name":"Il \u201cRinascimento meccatronico\u201d e l\u2019industria in cerca d\u2019ingegneri e tecnici un po\u2019 umanisti - Fondazione Pirelli","isPartOf":{"@id":"https:\/\/www.fondazionepirelli.org\/it\/#website"},"primaryImageOfPage":{"@id":"https:\/\/127.0.0.1\/it\/cultura-dimpresa\/il-rinascimento-meccatronico-e-lindustria-in-cerca-dingegneri-e-tecnici-un-po-umanisti\/#primaryimage"},"image":{"@id":"https:\/\/127.0.0.1\/it\/cultura-dimpresa\/il-rinascimento-meccatronico-e-lindustria-in-cerca-dingegneri-e-tecnici-un-po-umanisti\/#primaryimage"},"thumbnailUrl":"https:\/\/wpsite-assets.fondazionepirelli.org\/wp-content\/uploads\/2018\/03\/03100252\/materie-meccanica-e1559556188281.jpg","datePublished":"2018-03-27T00:00:00+00:00","dateModified":"2019-06-03T10:03:18+00:00","author":{"@id":"https:\/\/www.fondazionepirelli.org\/it\/#\/schema\/person\/f47d097000832c4a6e54538c791fdf25"},"breadcrumb":{"@id":"https:\/\/127.0.0.1\/it\/cultura-dimpresa\/il-rinascimento-meccatronico-e-lindustria-in-cerca-dingegneri-e-tecnici-un-po-umanisti\/#breadcrumb"},"inLanguage":"it-IT","potentialAction":[{"@type":"ReadAction","target":["https:\/\/127.0.0.1\/it\/cultura-dimpresa\/il-rinascimento-meccatronico-e-lindustria-in-cerca-dingegneri-e-tecnici-un-po-umanisti\/"]}]},{"@type":"ImageObject","inLanguage":"it-IT","@id":"https:\/\/127.0.0.1\/it\/cultura-dimpresa\/il-rinascimento-meccatronico-e-lindustria-in-cerca-dingegneri-e-tecnici-un-po-umanisti\/#primaryimage","url":"https:\/\/wpsite-assets.fondazionepirelli.org\/wp-content\/uploads\/2018\/03\/03100252\/materie-meccanica-e1559556188281.jpg","contentUrl":"https:\/\/wpsite-assets.fondazionepirelli.org\/wp-content\/uploads\/2018\/03\/03100252\/materie-meccanica-e1559556188281.jpg","width":600,"height":344},{"@type":"BreadcrumbList","@id":"https:\/\/127.0.0.1\/it\/cultura-dimpresa\/il-rinascimento-meccatronico-e-lindustria-in-cerca-dingegneri-e-tecnici-un-po-umanisti\/#breadcrumb","itemListElement":[{"@type":"ListItem","position":1,"name":"Home","item":"https:\/\/www.fondazionepirelli.org\/it\/"},{"@type":"ListItem","position":2,"name":"Il \u201cRinascimento meccatronico\u201d e l\u2019industria in cerca d\u2019ingegneri e tecnici un po\u2019 umanisti"}]},{"@type":"WebSite","@id":"https:\/\/www.fondazionepirelli.org\/it\/#website","url":"https:\/\/www.fondazionepirelli.org\/it\/","name":"Fondazione Pirelli","description":"","potentialAction":[{"@type":"SearchAction","target":{"@type":"EntryPoint","urlTemplate":"https:\/\/www.fondazionepirelli.org\/it\/?s={search_term_string}"},"query-input":{"@type":"PropertyValueSpecification","valueRequired":true,"valueName":"search_term_string"}}],"inLanguage":"it-IT"},{"@type":"Person","@id":"https:\/\/www.fondazionepirelli.org\/it\/#\/schema\/person\/f47d097000832c4a6e54538c791fdf25","name":"fondadmin","image":{"@type":"ImageObject","inLanguage":"it-IT","@id":"https:\/\/www.fondazionepirelli.org\/it\/#\/schema\/person\/image\/","url":"https:\/\/secure.gravatar.com\/avatar\/e69498a9175ca244966e51e53c88712c024fcebe41f9a05f75657f1bb25e489b?s=96&d=mm&r=g","contentUrl":"https:\/\/secure.gravatar.com\/avatar\/e69498a9175ca244966e51e53c88712c024fcebe41f9a05f75657f1bb25e489b?s=96&d=mm&r=g","caption":"fondadmin"},"url":"https:\/\/www.fondazionepirelli.org\/it\/author\/fondadmin\/"}]}},"_links":{"self":[{"href":"https:\/\/www.fondazionepirelli.org\/it\/wp-json\/wp\/v2\/posts\/52510\/"}],"collection":[{"href":"https:\/\/www.fondazionepirelli.org\/it\/wp-json\/wp\/v2\/posts\/"}],"about":[{"href":"https:\/\/www.fondazionepirelli.org\/it\/wp-json\/wp\/v2\/types\/post\/"}],"author":[{"embeddable":true,"href":"https:\/\/www.fondazionepirelli.org\/it\/wp-json\/wp\/v2\/users\/1\/"}],"replies":[{"embeddable":true,"href":"https:\/\/www.fondazionepirelli.org\/it\/wp-json\/wp\/v2\/comments\/?post=52510"}],"version-history":[{"count":3,"href":"https:\/\/www.fondazionepirelli.org\/it\/wp-json\/wp\/v2\/posts\/52510\/revisions\/"}],"predecessor-version":[{"id":57172,"href":"https:\/\/www.fondazionepirelli.org\/it\/wp-json\/wp\/v2\/posts\/52510\/revisions\/57172\/"}],"wp:featuredmedia":[{"embeddable":true,"href":"https:\/\/www.fondazionepirelli.org\/it\/wp-json\/wp\/v2\/media\/57170\/"}],"wp:attachment":[{"href":"https:\/\/www.fondazionepirelli.org\/it\/wp-json\/wp\/v2\/media\/?parent=52510"}],"wp:term":[{"taxonomy":"category","embeddable":true,"href":"https:\/\/www.fondazionepirelli.org\/it\/wp-json\/wp\/v2\/categories\/?post=52510"},{"taxonomy":"post_tag","embeddable":true,"href":"https:\/\/www.fondazionepirelli.org\/it\/wp-json\/wp\/v2\/tags\/?post=52510"}],"curies":[{"name":"wp","href":"https:\/\/api.w.org\/{rel}","templated":true}]}}