{"id":52528,"date":"2018-03-13T00:00:00","date_gmt":"2018-03-13T00:00:00","guid":{"rendered":"http:\/\/www.fondazionepirelli.org\/fondazione-pirelli\/lindustria-italiana-avanguardia-nei-brevetti-e-le-politiche-industriali-ricordando-ulisse\/"},"modified":"2019-06-03T09:42:47","modified_gmt":"2019-06-03T09:42:47","slug":"lindustria-italiana-avanguardia-nei-brevetti-e-le-politiche-industriali-ricordando-ulisse","status":"publish","type":"post","link":"https:\/\/www.fondazionepirelli.org\/it\/cultura-dimpresa\/lindustria-italiana-avanguardia-nei-brevetti-e-le-politiche-industriali-ricordando-ulisse\/","title":{"rendered":"L\u2019industria italiana avanguardia nei brevetti e le politiche industriali ricordando Ulisse"},"content":{"rendered":"<p class=\"Corpo\"><span lang=\"IT\">Alla rincorsa del tempo perduto. Dopo una lunga stagione di crisi, in cui le imprese non investivano in ricerca e innovazione, l\u2019Italia s\u2019\u00e8 rimessa velocemente in cammino. E anche nel 2017, per il terzo anno consecutivo, le richieste di <strong>brevetti<\/strong> delle nostre aziende sono cresciute abbastanza di pi\u00f9 della media europea: del 4,3% sul 2016, rispetto a una media Ue del 2,6% (nel 2015 erano cresciute del 9%, il doppio della media europea: il momento della svolta innovativa). Pi\u00f9 brevetti, pi\u00f9 <strong>competitivit\u00e0<\/strong> di industria e servizi hi tech, pi\u00f9 crescita economica e sociale.<\/span><\/p>\n<p class=\"Corpo\"><span lang=\"IT\">I dati dell\u2019<strong>Epo<\/strong> (European Patent Office) di Monaco dicono che le imprese italiane hanno presentato 4.352 richieste di brevetto. In prima fila c\u2019\u00e8 l\u2019Ansaldo Energia, con 60 domande. Subito dopo, Gd (Gruppo Seragnoli di Bologna, meccanica per il settore medico e il confezionamento, 54 domande), la Fca (automobili, 42 domande) e la <strong>Pirelli<\/strong> (40 domande). Poi, ancora, Chiesi Farmaceutica, Telecom Italia, Leonardo (meccanica d\u2019avanguardia), Campagnolo (meccanica), Prysmian (cavi) e Saipem (energia e infrastrutture). Parecchie anche le piccole e medie imprese (dovranno fare di pi\u00f9).<\/span><\/p>\n<p class=\"Corpo\"><span lang=\"IT\">I dati sui brevetti indicano una tendenza oramai crescente per la migliore industria italiana: investire massicciamente sull\u2019<strong>innovazione<\/strong>, utilizzare intelligenze e competenze di un capitale umano di qualit\u00e0, acquisire posizioni nelle nicchie a maggior valore aggiunto sui mercati internazionali. Sono stagioni difficili, per la competizione economica globale: regge e cresce chi investe sull\u2019\u201deconomia della conoscenza\u201d, su quella <strong><span class=\"Nessuno\"><i>Industry4.0<\/i><\/span><\/strong> che mescola processi industriali,<strong> <span class=\"Nessuno\"><i>digital<\/i><\/span>, <span class=\"Nessuno\"><i>Internet of things<\/i><\/span>, <\/strong><span class=\"Nessuno\"><i><strong>big data<\/strong>, <\/i><\/span>su una profonda metamorfosi delle nostre strutture produttive con originali sintesi tra industria e servizi, laboratori di ricerca e linee di produzione, fabbriche e universit\u00e0. Con una caratteristica molto italiana: saper fare bene prodotti e servizi \u201csu misura\u201d, da straordinari \u201csarti meccanici\u201d quali siano (meglio sarebbe dire, oggi, \u201csarti meccatronici\u201d). Un esempio del <span class=\"Nessuno\"><i>digital<\/i><\/span> industriale: i pneumatici per sistema\u00a0<span class=\"Nessuno\"><i><strong>cyber tyre<\/strong> <\/i><\/span>di Pirelli, con sensori digitali nelle mescole dei pneumatici, per un \u201cdialogo\u201d tra strada e autovettura con conseguenze positive su tenuta di strada, sicurezza, consumi, ambiente (un successo, al recente Salone dell\u2019Auto a Ginevra).<\/span><\/p>\n<p class=\"Corpo\"><span lang=\"IT\">Che altro dicono i dati dell\u2019Epo (\u201cIl Sole24Ore\u201d, 8 marzo)? Che l\u2019Italia resta saldamente tra i primi dieci paesi al mondo per domande di brevetti (con Usa, Germania, Giappone, Francia, Svizzera, Paesi Bassi, Regno Unito, Corea del Sud e, in grande crescita, la Cina).<\/span><\/p>\n<p class=\"Corpo\"><span lang=\"IT\">Seconda considerazione: la propensione all\u2019innovazione \u00e8 concentrata in tre regioni: <strong>Lombardia<\/strong> (il 33%, tra le prime \u201cregioni innovative\u201d della Ue), Emilia Romagna (16%) e Veneto (13,4%). Due terzi del brevetti italiani, insomma, nel grande cuore industriale del Nord (ai margini il Piemonte, che anche da questo punto di vista conferma un\u2019allarmante condizione di crisi industriale). E poco nel Mezzogiorno. La graduatoria delle citt\u00e0 vede in testa Milano, con il 20,4%: la Milano delle grandi universit\u00e0, Politecnico e Bocconi in testa, di \u201cHuman Technopole\u201d e delle multinazionali, dei primati delle <span class=\"Nessuno\"><i>life sciences<\/i><\/span> e della inclinazione <span class=\"Nessuno\"><i>Steam <\/i><\/span>cara ad Assolombarda: l\u2019acronimo che mette insieme le iniziali di <span class=\"Nessuno\"><i>science<\/i><\/span>, <span class=\"Nessuno\"><i>technology, environment<\/i><\/span> ma anche <span class=\"Nessuno\"><i>energy <\/i><\/span>dei processi di produzione e consumo <span class=\"Nessuno\"><i>green<\/i><\/span>, <span class=\"Nessuno\"><i>arts<\/i><\/span> e cio\u00e8 le conoscenze e la creativit\u00e0 umanistica e <span class=\"Nessuno\"><i>manifacturing<\/i><\/span>, la buona industria manifatturiera d\u2019avanguardia, tra meccatronica, gomma, plastica, chimica, farmaceutica e le icone del <span class=\"Nessuno\"><i>Made in Italy<\/i><\/span> di arredamento, abbigliamento e agro-alimentare: cultura politecnica per lo sviluppo. <\/span><\/p>\n<p class=\"Corpo\"><span lang=\"IT\">Un\u2019altra considerazione, abbastanza ovvia peraltro, riguarda la relazione tra innovazione e ripresa economica. \u201cLa <strong>ripresa accelera<\/strong>: il triangolo della crescita \u00e8 tra Emilia Romagna, Lombardia e Veneto\u201d, ha documentato Dario Di Vico sul \u201cCorriere della Sera\u201d (10 marzo), leggendo gli ultimi dati sulla crescita della produzione industriale. Proprio le tre regioni a maggior intensit\u00e0 di brevetti (nel blog della scorsa settimana avevamo ricordato che Milano \u00e8 l\u2019economia pi\u00f9 dinamica: tra il 2014 e il 2017 \u00e8 cresciuta del 6,2%, molto di pi\u00f9 3,6% della media italiana e dello stesso 5,1% della Lombardia. E rispetto alla stagione precedente alla crisi del 2008, ha recuperato tutto lo spazio perduto ed \u00e8 sopra del 3,2%, mentre l\u2019Italia \u00e8 ancora indietro del 4,4% e la Lombardia dell\u20191,1%).<\/span><\/p>\n<p class=\"Corpo\"><span lang=\"IT\">La terza considerazione \u00e8 pi\u00f9 politica. Questo dinamismo innovativo \u00e8 stato innanzitutto endemico: troppo a lungo le imprese non avevano investito e hanno dunque \u201criacceso i motori\u201d (per usare un\u2019efficace immagine tratta dal titolo di un recente libro di Gianfelice Rocca, ex presidente di Assolombarda e leader di Techint e Humanitas). Ma ha ricevuto robusti stimoli di politica economica e fiscale da parte degli ultimi governi, con le agevolazioni per il \u201cpatent box\u201d e i super-ammortamenti e gli iper-ammortamenti per chi investiva in innovazione e nuovi impianti. Le imprese, insomma, si sono mosse, per reggere finalmente la competizione e il governo ha fatto buona politica industriale. Un circuito virtuoso, in cui vanno considerati anche gli accordi contrattuali Confindustria-sindacati che sostengono formazione e produttivit\u00e0, legandole salari e welfare aziendale.<\/span><\/p>\n<p class=\"Corpo\"><span lang=\"IT\">C\u2019\u00e8 un\u2019<strong>Italia industriale<\/strong> in movimento. Cui continuare a guardare con attenzione. Un\u2019Italia innovativa, che fa il suo dovere di intraprendente attore industriale e che chiede non tanto <span class=\"Nessuno\"><i>flat tax<\/i><\/span> o dazi protettivi, ma sostegno alla creativit\u00e0, all\u2019innovazione, agli investimenti produttivi, riconoscimenti per la cultura del lavoro e dell\u2019impresa (e non assistenzialismo), stimoli per la qualit\u00e0 e l\u2019intelligenza flessibile e adattabile. Per usare il gioco delle citazioni classiche, l\u2019industria italiana non \u00e8 Polifemo dotato d\u2019un solo occhio nel chiuso di un\u2019isola o la maga Circe dei sotterfugi furbi e delle illusioni, ma Odisseo che sfida mari difficili e vecchi miti e segue \u201cvirtute e canoscenza\u201d. La nostra migliore contemporaneit\u00e0.<\/span><\/p>\n","protected":false},"excerpt":{"rendered":"<p>Alla rincorsa del tempo perduto. Dopo una lunga stagione di crisi, in cui le imprese non investivano in ricerca e innovazione, l\u2019Italia s\u2019\u00e8 rimessa velocemente in cammino. E anche nel 2017, per il terzo anno consecutivo, le richieste di brevetti delle nostre aziende sono cresciute abbastanza di pi\u00f9 della media europea: del 4,3% sul 2016, [&hellip;]<\/p>\n","protected":false},"author":1,"featured_media":57159,"comment_status":"open","ping_status":"open","sticky":false,"template":"","format":"standard","meta":{"footnotes":""},"categories":[53,52],"tags":[],"class_list":["post-52528","post","type-post","status-publish","format-standard","has-post-thumbnail","hentry","category-blog","category-cultura-dimpresa"],"acf":[],"yoast_head":"<!-- This site is optimized with the Yoast SEO plugin v25.0 - https:\/\/yoast.com\/wordpress\/plugins\/seo\/ -->\n<title>L\u2019industria italiana avanguardia nei brevetti e le politiche industriali ricordando Ulisse - Fondazione Pirelli<\/title>\n<meta name=\"robots\" content=\"index, follow, max-snippet:-1, max-image-preview:large, max-video-preview:-1\" \/>\n<link rel=\"canonical\" href=\"https:\/\/www.fondazionepirelli.org\/it\/cultura-dimpresa\/lindustria-italiana-avanguardia-nei-brevetti-e-le-politiche-industriali-ricordando-ulisse\/\" \/>\n<meta property=\"og:locale\" content=\"it_IT\" \/>\n<meta property=\"og:type\" content=\"article\" \/>\n<meta property=\"og:title\" content=\"L\u2019industria italiana avanguardia nei brevetti e le politiche industriali ricordando Ulisse - Fondazione Pirelli\" \/>\n<meta property=\"og:description\" content=\"Alla rincorsa del tempo perduto. Dopo una lunga stagione di crisi, in cui le imprese non investivano in ricerca e innovazione, l\u2019Italia s\u2019\u00e8 rimessa velocemente in cammino. E anche nel 2017, per il terzo anno consecutivo, le richieste di brevetti delle nostre aziende sono cresciute abbastanza di pi\u00f9 della media europea: del 4,3% sul 2016, [&hellip;]\" \/>\n<meta property=\"og:url\" content=\"https:\/\/127.0.0.1\/it\/cultura-dimpresa\/lindustria-italiana-avanguardia-nei-brevetti-e-le-politiche-industriali-ricordando-ulisse\/\" \/>\n<meta property=\"og:site_name\" content=\"Fondazione Pirelli\" \/>\n<meta property=\"article:published_time\" content=\"2018-03-13T00:00:00+00:00\" \/>\n<meta property=\"article:modified_time\" content=\"2019-06-03T09:42:47+00:00\" \/>\n<meta property=\"og:image\" content=\"https:\/\/wpsite-assets.fondazionepirelli.org\/wp-content\/uploads\/2018\/03\/03094224\/brevetti_ulisse-e1559554954959.jpg\" \/>\n\t<meta property=\"og:image:width\" content=\"600\" \/>\n\t<meta property=\"og:image:height\" content=\"313\" \/>\n\t<meta property=\"og:image:type\" content=\"image\/jpeg\" \/>\n<meta name=\"author\" content=\"fondadmin\" \/>\n<meta name=\"twitter:card\" content=\"summary_large_image\" \/>\n<meta name=\"twitter:label1\" content=\"Scritto da\" \/>\n\t<meta name=\"twitter:data1\" content=\"fondadmin\" \/>\n\t<meta name=\"twitter:label2\" content=\"Tempo di lettura stimato\" \/>\n\t<meta name=\"twitter:data2\" content=\"4 minuti\" \/>\n<script type=\"application\/ld+json\" class=\"yoast-schema-graph\">{\"@context\":\"https:\/\/schema.org\",\"@graph\":[{\"@type\":\"WebPage\",\"@id\":\"https:\/\/127.0.0.1\/it\/cultura-dimpresa\/lindustria-italiana-avanguardia-nei-brevetti-e-le-politiche-industriali-ricordando-ulisse\/\",\"url\":\"https:\/\/127.0.0.1\/it\/cultura-dimpresa\/lindustria-italiana-avanguardia-nei-brevetti-e-le-politiche-industriali-ricordando-ulisse\/\",\"name\":\"L\u2019industria italiana avanguardia nei brevetti e le politiche industriali ricordando Ulisse - Fondazione Pirelli\",\"isPartOf\":{\"@id\":\"https:\/\/www.fondazionepirelli.org\/it\/#website\"},\"primaryImageOfPage\":{\"@id\":\"https:\/\/127.0.0.1\/it\/cultura-dimpresa\/lindustria-italiana-avanguardia-nei-brevetti-e-le-politiche-industriali-ricordando-ulisse\/#primaryimage\"},\"image\":{\"@id\":\"https:\/\/127.0.0.1\/it\/cultura-dimpresa\/lindustria-italiana-avanguardia-nei-brevetti-e-le-politiche-industriali-ricordando-ulisse\/#primaryimage\"},\"thumbnailUrl\":\"https:\/\/wpsite-assets.fondazionepirelli.org\/wp-content\/uploads\/2018\/03\/03094224\/brevetti_ulisse-e1559554954959.jpg\",\"datePublished\":\"2018-03-13T00:00:00+00:00\",\"dateModified\":\"2019-06-03T09:42:47+00:00\",\"author\":{\"@id\":\"https:\/\/www.fondazionepirelli.org\/it\/#\/schema\/person\/f47d097000832c4a6e54538c791fdf25\"},\"breadcrumb\":{\"@id\":\"https:\/\/127.0.0.1\/it\/cultura-dimpresa\/lindustria-italiana-avanguardia-nei-brevetti-e-le-politiche-industriali-ricordando-ulisse\/#breadcrumb\"},\"inLanguage\":\"it-IT\",\"potentialAction\":[{\"@type\":\"ReadAction\",\"target\":[\"https:\/\/127.0.0.1\/it\/cultura-dimpresa\/lindustria-italiana-avanguardia-nei-brevetti-e-le-politiche-industriali-ricordando-ulisse\/\"]}]},{\"@type\":\"ImageObject\",\"inLanguage\":\"it-IT\",\"@id\":\"https:\/\/127.0.0.1\/it\/cultura-dimpresa\/lindustria-italiana-avanguardia-nei-brevetti-e-le-politiche-industriali-ricordando-ulisse\/#primaryimage\",\"url\":\"https:\/\/wpsite-assets.fondazionepirelli.org\/wp-content\/uploads\/2018\/03\/03094224\/brevetti_ulisse-e1559554954959.jpg\",\"contentUrl\":\"https:\/\/wpsite-assets.fondazionepirelli.org\/wp-content\/uploads\/2018\/03\/03094224\/brevetti_ulisse-e1559554954959.jpg\",\"width\":600,\"height\":313},{\"@type\":\"BreadcrumbList\",\"@id\":\"https:\/\/127.0.0.1\/it\/cultura-dimpresa\/lindustria-italiana-avanguardia-nei-brevetti-e-le-politiche-industriali-ricordando-ulisse\/#breadcrumb\",\"itemListElement\":[{\"@type\":\"ListItem\",\"position\":1,\"name\":\"Home\",\"item\":\"https:\/\/www.fondazionepirelli.org\/it\/\"},{\"@type\":\"ListItem\",\"position\":2,\"name\":\"L\u2019industria italiana avanguardia nei brevetti e le politiche industriali ricordando Ulisse\"}]},{\"@type\":\"WebSite\",\"@id\":\"https:\/\/www.fondazionepirelli.org\/it\/#website\",\"url\":\"https:\/\/www.fondazionepirelli.org\/it\/\",\"name\":\"Fondazione Pirelli\",\"description\":\"\",\"potentialAction\":[{\"@type\":\"SearchAction\",\"target\":{\"@type\":\"EntryPoint\",\"urlTemplate\":\"https:\/\/www.fondazionepirelli.org\/it\/?s={search_term_string}\"},\"query-input\":{\"@type\":\"PropertyValueSpecification\",\"valueRequired\":true,\"valueName\":\"search_term_string\"}}],\"inLanguage\":\"it-IT\"},{\"@type\":\"Person\",\"@id\":\"https:\/\/www.fondazionepirelli.org\/it\/#\/schema\/person\/f47d097000832c4a6e54538c791fdf25\",\"name\":\"fondadmin\",\"image\":{\"@type\":\"ImageObject\",\"inLanguage\":\"it-IT\",\"@id\":\"https:\/\/www.fondazionepirelli.org\/it\/#\/schema\/person\/image\/\",\"url\":\"https:\/\/secure.gravatar.com\/avatar\/e69498a9175ca244966e51e53c88712c024fcebe41f9a05f75657f1bb25e489b?s=96&d=mm&r=g\",\"contentUrl\":\"https:\/\/secure.gravatar.com\/avatar\/e69498a9175ca244966e51e53c88712c024fcebe41f9a05f75657f1bb25e489b?s=96&d=mm&r=g\",\"caption\":\"fondadmin\"},\"url\":\"https:\/\/www.fondazionepirelli.org\/it\/author\/fondadmin\/\"}]}<\/script>\n<!-- \/ Yoast SEO plugin. -->","yoast_head_json":{"title":"L\u2019industria italiana avanguardia nei brevetti e le politiche industriali ricordando Ulisse - Fondazione Pirelli","robots":{"index":"index","follow":"follow","max-snippet":"max-snippet:-1","max-image-preview":"max-image-preview:large","max-video-preview":"max-video-preview:-1"},"canonical":"https:\/\/www.fondazionepirelli.org\/it\/cultura-dimpresa\/lindustria-italiana-avanguardia-nei-brevetti-e-le-politiche-industriali-ricordando-ulisse\/","og_locale":"it_IT","og_type":"article","og_title":"L\u2019industria italiana avanguardia nei brevetti e le politiche industriali ricordando Ulisse - Fondazione Pirelli","og_description":"Alla rincorsa del tempo perduto. Dopo una lunga stagione di crisi, in cui le imprese non investivano in ricerca e innovazione, l\u2019Italia s\u2019\u00e8 rimessa velocemente in cammino. E anche nel 2017, per il terzo anno consecutivo, le richieste di brevetti delle nostre aziende sono cresciute abbastanza di pi\u00f9 della media europea: del 4,3% sul 2016, [&hellip;]","og_url":"https:\/\/127.0.0.1\/it\/cultura-dimpresa\/lindustria-italiana-avanguardia-nei-brevetti-e-le-politiche-industriali-ricordando-ulisse\/","og_site_name":"Fondazione Pirelli","article_published_time":"2018-03-13T00:00:00+00:00","article_modified_time":"2019-06-03T09:42:47+00:00","og_image":[{"width":600,"height":313,"url":"https:\/\/wpsite-assets.fondazionepirelli.org\/wp-content\/uploads\/2018\/03\/03094224\/brevetti_ulisse-e1559554954959.jpg","type":"image\/jpeg"}],"author":"fondadmin","twitter_card":"summary_large_image","twitter_misc":{"Scritto da":"fondadmin","Tempo di lettura stimato":"4 minuti"},"schema":{"@context":"https:\/\/schema.org","@graph":[{"@type":"WebPage","@id":"https:\/\/127.0.0.1\/it\/cultura-dimpresa\/lindustria-italiana-avanguardia-nei-brevetti-e-le-politiche-industriali-ricordando-ulisse\/","url":"https:\/\/127.0.0.1\/it\/cultura-dimpresa\/lindustria-italiana-avanguardia-nei-brevetti-e-le-politiche-industriali-ricordando-ulisse\/","name":"L\u2019industria italiana avanguardia nei brevetti e le politiche industriali ricordando Ulisse - Fondazione Pirelli","isPartOf":{"@id":"https:\/\/www.fondazionepirelli.org\/it\/#website"},"primaryImageOfPage":{"@id":"https:\/\/127.0.0.1\/it\/cultura-dimpresa\/lindustria-italiana-avanguardia-nei-brevetti-e-le-politiche-industriali-ricordando-ulisse\/#primaryimage"},"image":{"@id":"https:\/\/127.0.0.1\/it\/cultura-dimpresa\/lindustria-italiana-avanguardia-nei-brevetti-e-le-politiche-industriali-ricordando-ulisse\/#primaryimage"},"thumbnailUrl":"https:\/\/wpsite-assets.fondazionepirelli.org\/wp-content\/uploads\/2018\/03\/03094224\/brevetti_ulisse-e1559554954959.jpg","datePublished":"2018-03-13T00:00:00+00:00","dateModified":"2019-06-03T09:42:47+00:00","author":{"@id":"https:\/\/www.fondazionepirelli.org\/it\/#\/schema\/person\/f47d097000832c4a6e54538c791fdf25"},"breadcrumb":{"@id":"https:\/\/127.0.0.1\/it\/cultura-dimpresa\/lindustria-italiana-avanguardia-nei-brevetti-e-le-politiche-industriali-ricordando-ulisse\/#breadcrumb"},"inLanguage":"it-IT","potentialAction":[{"@type":"ReadAction","target":["https:\/\/127.0.0.1\/it\/cultura-dimpresa\/lindustria-italiana-avanguardia-nei-brevetti-e-le-politiche-industriali-ricordando-ulisse\/"]}]},{"@type":"ImageObject","inLanguage":"it-IT","@id":"https:\/\/127.0.0.1\/it\/cultura-dimpresa\/lindustria-italiana-avanguardia-nei-brevetti-e-le-politiche-industriali-ricordando-ulisse\/#primaryimage","url":"https:\/\/wpsite-assets.fondazionepirelli.org\/wp-content\/uploads\/2018\/03\/03094224\/brevetti_ulisse-e1559554954959.jpg","contentUrl":"https:\/\/wpsite-assets.fondazionepirelli.org\/wp-content\/uploads\/2018\/03\/03094224\/brevetti_ulisse-e1559554954959.jpg","width":600,"height":313},{"@type":"BreadcrumbList","@id":"https:\/\/127.0.0.1\/it\/cultura-dimpresa\/lindustria-italiana-avanguardia-nei-brevetti-e-le-politiche-industriali-ricordando-ulisse\/#breadcrumb","itemListElement":[{"@type":"ListItem","position":1,"name":"Home","item":"https:\/\/www.fondazionepirelli.org\/it\/"},{"@type":"ListItem","position":2,"name":"L\u2019industria italiana avanguardia nei brevetti e le politiche industriali ricordando Ulisse"}]},{"@type":"WebSite","@id":"https:\/\/www.fondazionepirelli.org\/it\/#website","url":"https:\/\/www.fondazionepirelli.org\/it\/","name":"Fondazione Pirelli","description":"","potentialAction":[{"@type":"SearchAction","target":{"@type":"EntryPoint","urlTemplate":"https:\/\/www.fondazionepirelli.org\/it\/?s={search_term_string}"},"query-input":{"@type":"PropertyValueSpecification","valueRequired":true,"valueName":"search_term_string"}}],"inLanguage":"it-IT"},{"@type":"Person","@id":"https:\/\/www.fondazionepirelli.org\/it\/#\/schema\/person\/f47d097000832c4a6e54538c791fdf25","name":"fondadmin","image":{"@type":"ImageObject","inLanguage":"it-IT","@id":"https:\/\/www.fondazionepirelli.org\/it\/#\/schema\/person\/image\/","url":"https:\/\/secure.gravatar.com\/avatar\/e69498a9175ca244966e51e53c88712c024fcebe41f9a05f75657f1bb25e489b?s=96&d=mm&r=g","contentUrl":"https:\/\/secure.gravatar.com\/avatar\/e69498a9175ca244966e51e53c88712c024fcebe41f9a05f75657f1bb25e489b?s=96&d=mm&r=g","caption":"fondadmin"},"url":"https:\/\/www.fondazionepirelli.org\/it\/author\/fondadmin\/"}]}},"_links":{"self":[{"href":"https:\/\/www.fondazionepirelli.org\/it\/wp-json\/wp\/v2\/posts\/52528\/"}],"collection":[{"href":"https:\/\/www.fondazionepirelli.org\/it\/wp-json\/wp\/v2\/posts\/"}],"about":[{"href":"https:\/\/www.fondazionepirelli.org\/it\/wp-json\/wp\/v2\/types\/post\/"}],"author":[{"embeddable":true,"href":"https:\/\/www.fondazionepirelli.org\/it\/wp-json\/wp\/v2\/users\/1\/"}],"replies":[{"embeddable":true,"href":"https:\/\/www.fondazionepirelli.org\/it\/wp-json\/wp\/v2\/comments\/?post=52528"}],"version-history":[{"count":2,"href":"https:\/\/www.fondazionepirelli.org\/it\/wp-json\/wp\/v2\/posts\/52528\/revisions\/"}],"predecessor-version":[{"id":57161,"href":"https:\/\/www.fondazionepirelli.org\/it\/wp-json\/wp\/v2\/posts\/52528\/revisions\/57161\/"}],"wp:featuredmedia":[{"embeddable":true,"href":"https:\/\/www.fondazionepirelli.org\/it\/wp-json\/wp\/v2\/media\/57159\/"}],"wp:attachment":[{"href":"https:\/\/www.fondazionepirelli.org\/it\/wp-json\/wp\/v2\/media\/?parent=52528"}],"wp:term":[{"taxonomy":"category","embeddable":true,"href":"https:\/\/www.fondazionepirelli.org\/it\/wp-json\/wp\/v2\/categories\/?post=52528"},{"taxonomy":"post_tag","embeddable":true,"href":"https:\/\/www.fondazionepirelli.org\/it\/wp-json\/wp\/v2\/tags\/?post=52528"}],"curies":[{"name":"wp","href":"https:\/\/api.w.org\/{rel}","templated":true}]}}