{"id":52530,"date":"2018-03-13T00:00:00","date_gmt":"2018-03-13T00:00:00","guid":{"rendered":"http:\/\/www.fondazionepirelli.org\/fondazione-pirelli\/organizzazioni-culturali-dimpresa\/"},"modified":"2019-05-08T14:39:22","modified_gmt":"2019-05-08T14:39:22","slug":"organizzazioni-culturali-dimpresa","status":"publish","type":"post","link":"https:\/\/www.fondazionepirelli.org\/it\/cultura-dimpresa\/organizzazioni-culturali-dimpresa\/","title":{"rendered":"Organizzazioni culturali d\u2019impresa"},"content":{"rendered":"<p><em>Un breve intervento al Revello Lab, delinea e chiarisce le relazioni fra aziende, cultura e territorio<\/em><\/p>\n<p><strong>\u00a0<\/strong><\/p>\n<p>La produzione come atto culturale. L\u2019impresa come entit\u00e0 sociale. L\u2019organizzazione della produzione come struttura oggettiva ma anche soggettiva e quindi viva, composta da donne e uomini che vivono e lavorano in una comunit\u00e0. Il moderno declinare della cultura d\u2019impresa \u00e8 tutto questo e altro ancora. Un campo vasto, ancora non del tutto esplorato, che si fa di giorno in giorno. E che deve essere razionalizzato e sistemato passo dopo passo, con attenzione non solo al conto economico ma anche a quello sociale.<\/p>\n<p>Da questo punto di vista, fa bene leggere la sintesi dell\u2019intervento che\u00a0 Alessandro Beda (componente del Gruppo Tecnico Cultura e Sviluppo di Confindustria oltre che osservatore dei fenomeni e delle tendenze di responsabilit\u00e0 sociale d\u2019impresa), ha effettuato nell\u2019ambito dell\u2019edizione 2017 del Ravello Lab.<\/p>\n<p>\u201cIl valore sociale ed economico dell\u2019impresa per il territorio\u201d \u00e8 un\u2019efficace sintesi delle relazioni che passano fra cultura e impresa culturale oltre che fra impresa a tutto tondo e territorio.<\/p>\n<p>Il ragionamento effettuato \u00e8 tutto sommato semplice: l\u2019impresa costituisce un fatto culturale che ha impatti forti sul territorio e sulle persone che vi vivono e lavorano. Ma non solo, perch\u00e9 secondo Beda oggi \u00e8 possibile pensare agli investimenti culturali delle imprese come ad una delle manifestazioni pi\u00f9 importanti della responsabilit\u00e0 sociale d\u2019impresa. \u201cSi tratta \u2013 spiega Beda -, di promuovere l\u2019investimento in cultura come parte integrante dello sviluppo sociale del territorio. (\u2026). Questo fenomeno \u00e8 gi\u00e0 in corso: ad esempio, un terzo delle risorse della Scala \u00e8 garantito dalle imprese; molti musei, come le Gallerie d\u2019Italia di Milano, sono frutto del sostegno e del contributo di una impresa (\u2026). Spesso quindi non si tratta solo di risorse finanziarie ma anche di un vero supporto tecnico organizzativo, come per esempio le tecnologie di illuminazione\u201d.<\/p>\n<p>Organizzazioni della produzione, quindi, ma anche organizzazioni che producono occasioni di coesione sociale. Cultura d\u2019impresa a vasto raggio. Adesso, secondo Beda, resa ancora pi\u00f9 agevole nel suo divenire dopo le ultime provvidenze di legge.\u00a0 Viene scritto quasi alla conclusione dell\u2019intervento: \u201cPenso che esistano tre condizioni che permetteranno di sfruttare a pieno questo congiuntura: aprire un forte dialogo e confronto tra il mondo dell\u2019impresa e le imprese culturali; promuovere la cultura come investimento sociale per la comunit\u00e0 e il territorio; dimostrare l\u2019utilit\u00e0 e il valore economico dell\u2019investire in cultura\u201d.<\/p>\n<p>L\u2019intervento di Alessandro Beda riesce in uno spazio limitatissimo a delineare con chiarezza la situazione delle relazioni fra imprese e cultura e ad indicare la strada giusta per accrescere i collegamenti positivi che sono stati accesi negli ultimi tempi.<\/p><p><strong>Il valore sociale ed economico dell\u2019impresa per il territorio<\/strong><\/p>\n<p>Alessandro Beda<\/p>\n<p>Atti XII edizione Ravello Lab \u201cSviluppo a base culturale. <em>Governance<\/em> partecipata per l\u2019impresa culturale\u201d, Territori della Cultura, n. 30, 2017, pagg. 152-153<\/p>\n","protected":false},"excerpt":{"rendered":"<p>Un breve intervento al Revello Lab, delinea e chiarisce le relazioni fra aziende, cultura e territorio \u00a0 La produzione come atto culturale. L\u2019impresa come entit\u00e0 sociale. L\u2019organizzazione della produzione come struttura oggettiva ma anche soggettiva e quindi viva, composta da donne e uomini che vivono e lavorano in una comunit\u00e0. Il moderno declinare della cultura [&hellip;]<\/p>\n","protected":false},"author":1,"featured_media":0,"comment_status":"open","ping_status":"open","sticky":false,"template":"","format":"standard","meta":{"footnotes":""},"categories":[54,52],"tags":[],"class_list":["post-52530","post","type-post","status-publish","format-standard","hentry","category-approfondimenti","category-cultura-dimpresa"],"acf":[],"yoast_head":"<!-- This site is optimized with the Yoast SEO plugin v25.0 - https:\/\/yoast.com\/wordpress\/plugins\/seo\/ -->\n<title>Organizzazioni culturali d\u2019impresa - Fondazione Pirelli<\/title>\n<meta name=\"robots\" content=\"index, follow, max-snippet:-1, max-image-preview:large, max-video-preview:-1\" \/>\n<link rel=\"canonical\" href=\"https:\/\/www.fondazionepirelli.org\/it\/cultura-dimpresa\/organizzazioni-culturali-dimpresa\/\" \/>\n<meta property=\"og:locale\" content=\"it_IT\" \/>\n<meta property=\"og:type\" content=\"article\" \/>\n<meta property=\"og:title\" content=\"Organizzazioni culturali d\u2019impresa - Fondazione Pirelli\" \/>\n<meta property=\"og:description\" content=\"Un breve intervento al Revello Lab, delinea e chiarisce le relazioni fra aziende, cultura e territorio \u00a0 La produzione come atto culturale. L\u2019impresa come entit\u00e0 sociale. L\u2019organizzazione della produzione come struttura oggettiva ma anche soggettiva e quindi viva, composta da donne e uomini che vivono e lavorano in una comunit\u00e0. Il moderno declinare della cultura [&hellip;]\" \/>\n<meta property=\"og:url\" content=\"https:\/\/www.fondazionepirelli.org\/it\/cultura-dimpresa\/organizzazioni-culturali-dimpresa\/\" \/>\n<meta property=\"og:site_name\" content=\"Fondazione Pirelli\" \/>\n<meta property=\"article:published_time\" content=\"2018-03-13T00:00:00+00:00\" \/>\n<meta property=\"article:modified_time\" content=\"2019-05-08T14:39:22+00:00\" \/>\n<meta name=\"author\" content=\"fondadmin\" \/>\n<meta name=\"twitter:card\" content=\"summary_large_image\" \/>\n<meta name=\"twitter:label1\" content=\"Scritto da\" \/>\n\t<meta name=\"twitter:data1\" content=\"fondadmin\" \/>\n\t<meta name=\"twitter:label2\" content=\"Tempo di lettura stimato\" \/>\n\t<meta name=\"twitter:data2\" content=\"2 minuti\" \/>\n<script type=\"application\/ld+json\" class=\"yoast-schema-graph\">{\"@context\":\"https:\/\/schema.org\",\"@graph\":[{\"@type\":\"WebPage\",\"@id\":\"https:\/\/www.fondazionepirelli.org\/it\/cultura-dimpresa\/organizzazioni-culturali-dimpresa\/\",\"url\":\"https:\/\/www.fondazionepirelli.org\/it\/cultura-dimpresa\/organizzazioni-culturali-dimpresa\/\",\"name\":\"Organizzazioni culturali d\u2019impresa - Fondazione Pirelli\",\"isPartOf\":{\"@id\":\"https:\/\/www.fondazionepirelli.org\/it\/#website\"},\"datePublished\":\"2018-03-13T00:00:00+00:00\",\"dateModified\":\"2019-05-08T14:39:22+00:00\",\"author\":{\"@id\":\"https:\/\/www.fondazionepirelli.org\/it\/#\/schema\/person\/f47d097000832c4a6e54538c791fdf25\"},\"breadcrumb\":{\"@id\":\"https:\/\/www.fondazionepirelli.org\/it\/cultura-dimpresa\/organizzazioni-culturali-dimpresa\/#breadcrumb\"},\"inLanguage\":\"it-IT\",\"potentialAction\":[{\"@type\":\"ReadAction\",\"target\":[\"https:\/\/www.fondazionepirelli.org\/it\/cultura-dimpresa\/organizzazioni-culturali-dimpresa\/\"]}]},{\"@type\":\"BreadcrumbList\",\"@id\":\"https:\/\/www.fondazionepirelli.org\/it\/cultura-dimpresa\/organizzazioni-culturali-dimpresa\/#breadcrumb\",\"itemListElement\":[{\"@type\":\"ListItem\",\"position\":1,\"name\":\"Home\",\"item\":\"https:\/\/www.fondazionepirelli.org\/it\/\"},{\"@type\":\"ListItem\",\"position\":2,\"name\":\"Organizzazioni culturali d\u2019impresa\"}]},{\"@type\":\"WebSite\",\"@id\":\"https:\/\/www.fondazionepirelli.org\/it\/#website\",\"url\":\"https:\/\/www.fondazionepirelli.org\/it\/\",\"name\":\"Fondazione Pirelli\",\"description\":\"\",\"potentialAction\":[{\"@type\":\"SearchAction\",\"target\":{\"@type\":\"EntryPoint\",\"urlTemplate\":\"https:\/\/www.fondazionepirelli.org\/it\/?s={search_term_string}\"},\"query-input\":{\"@type\":\"PropertyValueSpecification\",\"valueRequired\":true,\"valueName\":\"search_term_string\"}}],\"inLanguage\":\"it-IT\"},{\"@type\":\"Person\",\"@id\":\"https:\/\/www.fondazionepirelli.org\/it\/#\/schema\/person\/f47d097000832c4a6e54538c791fdf25\",\"name\":\"fondadmin\",\"image\":{\"@type\":\"ImageObject\",\"inLanguage\":\"it-IT\",\"@id\":\"https:\/\/www.fondazionepirelli.org\/it\/#\/schema\/person\/image\/\",\"url\":\"https:\/\/secure.gravatar.com\/avatar\/e69498a9175ca244966e51e53c88712c024fcebe41f9a05f75657f1bb25e489b?s=96&d=mm&r=g\",\"contentUrl\":\"https:\/\/secure.gravatar.com\/avatar\/e69498a9175ca244966e51e53c88712c024fcebe41f9a05f75657f1bb25e489b?s=96&d=mm&r=g\",\"caption\":\"fondadmin\"},\"url\":\"https:\/\/www.fondazionepirelli.org\/it\/author\/fondadmin\/\"}]}<\/script>\n<!-- \/ Yoast SEO plugin. -->","yoast_head_json":{"title":"Organizzazioni culturali d\u2019impresa - Fondazione Pirelli","robots":{"index":"index","follow":"follow","max-snippet":"max-snippet:-1","max-image-preview":"max-image-preview:large","max-video-preview":"max-video-preview:-1"},"canonical":"https:\/\/www.fondazionepirelli.org\/it\/cultura-dimpresa\/organizzazioni-culturali-dimpresa\/","og_locale":"it_IT","og_type":"article","og_title":"Organizzazioni culturali d\u2019impresa - Fondazione Pirelli","og_description":"Un breve intervento al Revello Lab, delinea e chiarisce le relazioni fra aziende, cultura e territorio \u00a0 La produzione come atto culturale. L\u2019impresa come entit\u00e0 sociale. L\u2019organizzazione della produzione come struttura oggettiva ma anche soggettiva e quindi viva, composta da donne e uomini che vivono e lavorano in una comunit\u00e0. Il moderno declinare della cultura [&hellip;]","og_url":"https:\/\/www.fondazionepirelli.org\/it\/cultura-dimpresa\/organizzazioni-culturali-dimpresa\/","og_site_name":"Fondazione Pirelli","article_published_time":"2018-03-13T00:00:00+00:00","article_modified_time":"2019-05-08T14:39:22+00:00","author":"fondadmin","twitter_card":"summary_large_image","twitter_misc":{"Scritto da":"fondadmin","Tempo di lettura stimato":"2 minuti"},"schema":{"@context":"https:\/\/schema.org","@graph":[{"@type":"WebPage","@id":"https:\/\/www.fondazionepirelli.org\/it\/cultura-dimpresa\/organizzazioni-culturali-dimpresa\/","url":"https:\/\/www.fondazionepirelli.org\/it\/cultura-dimpresa\/organizzazioni-culturali-dimpresa\/","name":"Organizzazioni culturali d\u2019impresa - Fondazione Pirelli","isPartOf":{"@id":"https:\/\/www.fondazionepirelli.org\/it\/#website"},"datePublished":"2018-03-13T00:00:00+00:00","dateModified":"2019-05-08T14:39:22+00:00","author":{"@id":"https:\/\/www.fondazionepirelli.org\/it\/#\/schema\/person\/f47d097000832c4a6e54538c791fdf25"},"breadcrumb":{"@id":"https:\/\/www.fondazionepirelli.org\/it\/cultura-dimpresa\/organizzazioni-culturali-dimpresa\/#breadcrumb"},"inLanguage":"it-IT","potentialAction":[{"@type":"ReadAction","target":["https:\/\/www.fondazionepirelli.org\/it\/cultura-dimpresa\/organizzazioni-culturali-dimpresa\/"]}]},{"@type":"BreadcrumbList","@id":"https:\/\/www.fondazionepirelli.org\/it\/cultura-dimpresa\/organizzazioni-culturali-dimpresa\/#breadcrumb","itemListElement":[{"@type":"ListItem","position":1,"name":"Home","item":"https:\/\/www.fondazionepirelli.org\/it\/"},{"@type":"ListItem","position":2,"name":"Organizzazioni culturali d\u2019impresa"}]},{"@type":"WebSite","@id":"https:\/\/www.fondazionepirelli.org\/it\/#website","url":"https:\/\/www.fondazionepirelli.org\/it\/","name":"Fondazione Pirelli","description":"","potentialAction":[{"@type":"SearchAction","target":{"@type":"EntryPoint","urlTemplate":"https:\/\/www.fondazionepirelli.org\/it\/?s={search_term_string}"},"query-input":{"@type":"PropertyValueSpecification","valueRequired":true,"valueName":"search_term_string"}}],"inLanguage":"it-IT"},{"@type":"Person","@id":"https:\/\/www.fondazionepirelli.org\/it\/#\/schema\/person\/f47d097000832c4a6e54538c791fdf25","name":"fondadmin","image":{"@type":"ImageObject","inLanguage":"it-IT","@id":"https:\/\/www.fondazionepirelli.org\/it\/#\/schema\/person\/image\/","url":"https:\/\/secure.gravatar.com\/avatar\/e69498a9175ca244966e51e53c88712c024fcebe41f9a05f75657f1bb25e489b?s=96&d=mm&r=g","contentUrl":"https:\/\/secure.gravatar.com\/avatar\/e69498a9175ca244966e51e53c88712c024fcebe41f9a05f75657f1bb25e489b?s=96&d=mm&r=g","caption":"fondadmin"},"url":"https:\/\/www.fondazionepirelli.org\/it\/author\/fondadmin\/"}]}},"_links":{"self":[{"href":"https:\/\/www.fondazionepirelli.org\/it\/wp-json\/wp\/v2\/posts\/52530\/"}],"collection":[{"href":"https:\/\/www.fondazionepirelli.org\/it\/wp-json\/wp\/v2\/posts\/"}],"about":[{"href":"https:\/\/www.fondazionepirelli.org\/it\/wp-json\/wp\/v2\/types\/post\/"}],"author":[{"embeddable":true,"href":"https:\/\/www.fondazionepirelli.org\/it\/wp-json\/wp\/v2\/users\/1\/"}],"replies":[{"embeddable":true,"href":"https:\/\/www.fondazionepirelli.org\/it\/wp-json\/wp\/v2\/comments\/?post=52530"}],"version-history":[{"count":1,"href":"https:\/\/www.fondazionepirelli.org\/it\/wp-json\/wp\/v2\/posts\/52530\/revisions\/"}],"predecessor-version":[{"id":53240,"href":"https:\/\/www.fondazionepirelli.org\/it\/wp-json\/wp\/v2\/posts\/52530\/revisions\/53240\/"}],"wp:attachment":[{"href":"https:\/\/www.fondazionepirelli.org\/it\/wp-json\/wp\/v2\/media\/?parent=52530"}],"wp:term":[{"taxonomy":"category","embeddable":true,"href":"https:\/\/www.fondazionepirelli.org\/it\/wp-json\/wp\/v2\/categories\/?post=52530"},{"taxonomy":"post_tag","embeddable":true,"href":"https:\/\/www.fondazionepirelli.org\/it\/wp-json\/wp\/v2\/tags\/?post=52530"}],"curies":[{"name":"wp","href":"https:\/\/api.w.org\/{rel}","templated":true}]}}