{"id":52533,"date":"2018-03-08T00:00:00","date_gmt":"2018-03-08T00:00:00","guid":{"rendered":"http:\/\/www.fondazionepirelli.org\/fondazione-pirelli\/penne-rosa-le-scrittrici-della-rivista-pirelli\/"},"modified":"2021-12-17T17:19:26","modified_gmt":"2021-12-17T16:19:26","slug":"penne-rosa-le-scrittrici-della-rivista-pirelli","status":"publish","type":"post","link":"https:\/\/www.fondazionepirelli.org\/it\/iniziative\/penne-rosa-le-scrittrici-della-rivista-pirelli\/","title":{"rendered":"Penne rosa. Le scrittrici della rivista \u201cPirelli\u201d"},"content":{"rendered":"<p>Donne e scrittura, allora: firme al femminile che negli anni sono apparse sulle pagine della rivista \u201cPirelli\u201d, fenomeno editoriale che ha lasciato profondamente il segno nella cultura degli anni Cinquanta e Sessanta del Novecento. La prima firma \u00e8 quella di <strong>Milena Milani<\/strong>, scrittrice savonese che, ben prima di diventare famosa per \u201cLa ragazza di nome Giulio\u201d, romanzo del 1964 messo all\u2019indice per offesa al \u201ccomune senso del pudore\u201d, gi\u00e0 parla dei turbamenti adolescenziali provocati da un costume da bagno in Lastex: l\u2019articolo n. 2 della rivista \u201cPirelli\u201d del 1950 \u00e8 \u201c<a href=\"http:\/\/search.fondazionepirelli.org\/bookreader\/riviste\/RivistaPirelli\/1950_2.html?q=&amp;start=43&amp;lang=it#page\/42\/mode\/2up\">Ernesto, un uomo. Hevea, una pianta<\/a>\u201d. Lo stesso costume sarebbe stato indossato poco dopo da <strong>Marilyn Monroe<\/strong>, dea americana della femminilit\u00e0. E in America ci porta <strong>Fernanda Pivano<\/strong> nel n. 6 del <a href=\"http:\/\/search.fondazionepirelli.org\/bookreader\/riviste\/RivistaPirelli\/1953_6.html?q=&amp;start=45&amp;lang=it#page\/44\/mode\/2up\">1953<\/a>: nessuno come lei sa raccontare all\u2019Italia del Dopoguerra \u201cil colossale sogno riformatore americano\u201d, da Sherwood Anderson a Francis Scott Fitzgerald a John Steinbeck. Et\u00e0 del Jazz e Grande Depressione, ferrovie e scioperi, coloni e -naturalmente- sempre Marilyn. Ma riecco i costumi da bagno in Lastex, in \u201c<a href=\"http:\/\/search.fondazionepirelli.org\/bookreader\/riviste\/RivistaPirelli\/1956_4.html?q=&amp;start=42&amp;lang=it#page\/42\/mode\/2up\">Donne al mare<\/a>\u201d di <strong>Gianna Manzini<\/strong>, rivista \u201cPirelli\u201d n. 4 del 1956. Donne \u201cche sentono la loro potenza in modo assoluto, libere, dimentiche dei quotidiani duelli e delle stesse quotidiane vittorie\u201d.<br \/>\nUno sguardo critico sulla modernit\u00e0 \u00e8 quello che propone <strong>Armanda Guiducci<\/strong> nel n. 6 del 1960: in \u201c<a href=\"http:\/\/search.fondazionepirelli.org\/bookreader\/riviste\/RivistaPirelli\/1960_6.html?q=&amp;start=56&amp;lang=it#page\/56\/mode\/2up\">I negozi \u2018d\u2019architetto<\/a>\u2019\u201d, la scrittrice napoletana affronta il crescente fenomeno della grande distribuzione, entrando \u201cnel vivo del moderno problema del consumare, in cui, superata la soglia della necessit\u00e0, l\u2019idea dell\u2019utile va sempre pi\u00f9 profondamente associandosi con quella del dilettevole\u201d. Mancano ancora una quindicina d\u2019anni alla notoriet\u00e0 di \u201cLa mela e il\u00a0 serpente\u201d, ma la Guiducci della rivista \u201cPirelli\u201d gi\u00e0 mostra tutta la sua profondit\u00e0 di filosofa-sociologa.<br \/>\nNel 1966 irrompe sulla scena il Cinturato, rivoluzionario pneumatico Pirelli. Immortalato nel film \u201c<a href=\"http:\/\/search.fondazionepirelli.org\/pirelli\/audiovideo\/detail\/IT-PIRELLI-AV0001-000080\/la-lepre-e-tartaruga.html?jsonVal={%22jsonVal%22:{%22query%22:%22lepre%22,%22startDate%22:%22%22,%22endDate%22:%22%22,%22fieldDate%22:%22dataNormal%22,%22_perPage%22:20}}&amp;attachmentMisc=undefined\">La lepre e la tartaruga<\/a>\u201d; dichiarato \u201cextraordinario\u201d dal pilota Juan Manuel Fangio; da guidare \u201ca occhi chiusi\u201d per l\u2019illustratore Riccardo Manzi. Oggetto, per la coppia creativa Arrigo Castellani-PinoTovaglia, il primo direttore della rivista \u201cPirelli\u201d e il secondo celebre designer italiano, del tormentone pubblicitario \u201c<a href=\"http:\/\/search.fondazionepirelli.org\/bookreader\/riviste\/RivistaPirelli\/1966_4.html?q=&amp;start=73&amp;lang=it#page\/72\/mode\/2up\">Un viaggio ma<\/a>\u201d. <em>Calembours<\/em> e giochi di parole inscritti dentro poligoni bianchi e neri, allusioni a fatti e personaggi dello spettacolo negli anni Sessanta, esercizio di gossip che diventa <em>advertising<\/em>. Non pu\u00f2 non coglierne il senso <strong>Camilla Cederna<\/strong>, che gli dedica l\u2019articolo pubblicato sul n. 4 del 1966: \u201cTu credi che sia Orsetta?\u201d, \u201cE la designer di letti chi \u00e9?\u201d, e cos\u00ec via, in un susseguirsi di associazioni e riferimenti da interpretare , come\u201cla bruna Fiamma\u201d, \u201cla Silvia pi\u00f9 bella d\u2019Italia\u201d, \u201cil paraintellettuale pallido\u201d. Quel genio di Arrigo Castellani aveva ancora una volta \u201cvisto giusto\u201d.<br \/>\nVerso la fine dei dorati anni Sessanta, <strong>Lietta Tornabuoni<\/strong> scrive \u201c<a href=\"http:\/\/search.fondazionepirelli.org\/bookreader\/riviste\/RivistaPirelli\/1968_11.html?q=pasolini&amp;start=122&amp;lang=it#page\/122\/mode\/2up\">PPP<\/a>\u201d (rivista n. 11-12 del 1968) dedicato a <strong>Pier Paolo Pasolini<\/strong>. Sono gli anni in cui il film \u201cTeorema\u201d viene sequestrato e Pasolini afferma \u201cho passato la vita a odiare i vecchi borghesi moralisti, e adesso, precocemente devo odiare anche i loro figli\u201d. E la Tornabuoni sulla rivista: \u201cQuanto pi\u00f9 Pasolini diventa provocatorio e incomodo, tanto pi\u00f9 il suo pubblico si allarga. Quanto pi\u00f9 lo circonda la scandalizzata deplorazione del mondo borghese, tanto pi\u00f9 diventa commerciabile e commerciato\u201d.<\/p>\n<p>Tanti stili, tante voci femminili per raccontare altrettante storie: buona lettura!<\/p>","protected":false},"excerpt":{"rendered":"<p>Donne e scrittura, allora: firme al femminile che negli anni sono apparse sulle pagine della rivista \u201cPirelli\u201d, fenomeno editoriale che ha lasciato profondamente il segno nella cultura degli anni Cinquanta e Sessanta del Novecento. La prima firma \u00e8 quella di Milena Milani, scrittrice savonese che, ben prima di diventare famosa per \u201cLa ragazza di nome [&hellip;]<\/p>\n","protected":false},"author":1,"featured_media":75710,"comment_status":"open","ping_status":"open","sticky":false,"template":"","format":"standard","meta":{"footnotes":""},"categories":[60,62],"tags":[118],"class_list":["post-52533","post","type-post","status-publish","format-standard","has-post-thumbnail","hentry","category-iniziative","category-storie-dal-mondo-pirelli","tag-storia-aziendale"],"acf":[],"yoast_head":"<!-- This site is optimized with the Yoast SEO plugin v25.0 - https:\/\/yoast.com\/wordpress\/plugins\/seo\/ -->\n<title>Penne rosa: le scrittrici della Rivista Pirelli | Fondazione Pirelli<\/title>\n<meta name=\"description\" content=\"Penne rosa: le scrittrici della Rivista Pirelli | Fondazione Pirelli\" \/>\n<meta name=\"robots\" content=\"index, follow, max-snippet:-1, max-image-preview:large, max-video-preview:-1\" \/>\n<link rel=\"canonical\" href=\"https:\/\/www.fondazionepirelli.org\/it\/iniziative\/penne-rosa-le-scrittrici-della-rivista-pirelli\/\" \/>\n<meta property=\"og:locale\" content=\"it_IT\" \/>\n<meta property=\"og:type\" content=\"article\" \/>\n<meta property=\"og:title\" content=\"Penne rosa: le scrittrici della Rivista Pirelli | Fondazione Pirelli\" \/>\n<meta property=\"og:description\" content=\"Penne rosa: le scrittrici della Rivista Pirelli | Fondazione Pirelli\" \/>\n<meta property=\"og:url\" content=\"https:\/\/127.0.0.1\/it\/iniziative\/penne-rosa-le-scrittrici-della-rivista-pirelli\/\" \/>\n<meta property=\"og:site_name\" content=\"Fondazione Pirelli\" \/>\n<meta property=\"article:published_time\" content=\"2018-03-08T00:00:00+00:00\" \/>\n<meta property=\"article:modified_time\" content=\"2021-12-17T16:19:26+00:00\" \/>\n<meta property=\"og:image\" content=\"https:\/\/wpsite-assets.fondazionepirelli.org\/wp-content\/uploads\/2018\/03\/20103540\/img-copertina-penne-rosa.jpg\" \/>\n\t<meta property=\"og:image:width\" content=\"1241\" \/>\n\t<meta property=\"og:image:height\" content=\"520\" \/>\n\t<meta property=\"og:image:type\" content=\"image\/jpeg\" \/>\n<meta name=\"author\" content=\"fondadmin\" \/>\n<meta name=\"twitter:card\" content=\"summary_large_image\" \/>\n<meta name=\"twitter:label1\" content=\"Scritto da\" \/>\n\t<meta name=\"twitter:data1\" content=\"fondadmin\" \/>\n\t<meta name=\"twitter:label2\" content=\"Tempo di lettura stimato\" \/>\n\t<meta name=\"twitter:data2\" content=\"3 minuti\" \/>\n<script type=\"application\/ld+json\" class=\"yoast-schema-graph\">{\"@context\":\"https:\/\/schema.org\",\"@graph\":[{\"@type\":\"WebPage\",\"@id\":\"https:\/\/127.0.0.1\/it\/iniziative\/penne-rosa-le-scrittrici-della-rivista-pirelli\/\",\"url\":\"https:\/\/127.0.0.1\/it\/iniziative\/penne-rosa-le-scrittrici-della-rivista-pirelli\/\",\"name\":\"Penne rosa: le scrittrici della Rivista Pirelli | Fondazione Pirelli\",\"isPartOf\":{\"@id\":\"https:\/\/www.fondazionepirelli.org\/it\/#website\"},\"primaryImageOfPage\":{\"@id\":\"https:\/\/127.0.0.1\/it\/iniziative\/penne-rosa-le-scrittrici-della-rivista-pirelli\/#primaryimage\"},\"image\":{\"@id\":\"https:\/\/127.0.0.1\/it\/iniziative\/penne-rosa-le-scrittrici-della-rivista-pirelli\/#primaryimage\"},\"thumbnailUrl\":\"https:\/\/wpsite-assets.fondazionepirelli.org\/wp-content\/uploads\/2018\/03\/20103540\/img-copertina-penne-rosa.jpg\",\"datePublished\":\"2018-03-08T00:00:00+00:00\",\"dateModified\":\"2021-12-17T16:19:26+00:00\",\"author\":{\"@id\":\"https:\/\/www.fondazionepirelli.org\/it\/#\/schema\/person\/f47d097000832c4a6e54538c791fdf25\"},\"description\":\"Penne rosa: le scrittrici della Rivista Pirelli | Fondazione Pirelli\",\"breadcrumb\":{\"@id\":\"https:\/\/127.0.0.1\/it\/iniziative\/penne-rosa-le-scrittrici-della-rivista-pirelli\/#breadcrumb\"},\"inLanguage\":\"it-IT\",\"potentialAction\":[{\"@type\":\"ReadAction\",\"target\":[\"https:\/\/127.0.0.1\/it\/iniziative\/penne-rosa-le-scrittrici-della-rivista-pirelli\/\"]}]},{\"@type\":\"ImageObject\",\"inLanguage\":\"it-IT\",\"@id\":\"https:\/\/127.0.0.1\/it\/iniziative\/penne-rosa-le-scrittrici-della-rivista-pirelli\/#primaryimage\",\"url\":\"https:\/\/wpsite-assets.fondazionepirelli.org\/wp-content\/uploads\/2018\/03\/20103540\/img-copertina-penne-rosa.jpg\",\"contentUrl\":\"https:\/\/wpsite-assets.fondazionepirelli.org\/wp-content\/uploads\/2018\/03\/20103540\/img-copertina-penne-rosa.jpg\",\"width\":1241,\"height\":520},{\"@type\":\"BreadcrumbList\",\"@id\":\"https:\/\/127.0.0.1\/it\/iniziative\/penne-rosa-le-scrittrici-della-rivista-pirelli\/#breadcrumb\",\"itemListElement\":[{\"@type\":\"ListItem\",\"position\":1,\"name\":\"Home\",\"item\":\"https:\/\/www.fondazionepirelli.org\/it\/\"},{\"@type\":\"ListItem\",\"position\":2,\"name\":\"Penne rosa. Le scrittrici della rivista \u201cPirelli\u201d\"}]},{\"@type\":\"WebSite\",\"@id\":\"https:\/\/www.fondazionepirelli.org\/it\/#website\",\"url\":\"https:\/\/www.fondazionepirelli.org\/it\/\",\"name\":\"Fondazione Pirelli\",\"description\":\"\",\"potentialAction\":[{\"@type\":\"SearchAction\",\"target\":{\"@type\":\"EntryPoint\",\"urlTemplate\":\"https:\/\/www.fondazionepirelli.org\/it\/?s={search_term_string}\"},\"query-input\":{\"@type\":\"PropertyValueSpecification\",\"valueRequired\":true,\"valueName\":\"search_term_string\"}}],\"inLanguage\":\"it-IT\"},{\"@type\":\"Person\",\"@id\":\"https:\/\/www.fondazionepirelli.org\/it\/#\/schema\/person\/f47d097000832c4a6e54538c791fdf25\",\"name\":\"fondadmin\",\"image\":{\"@type\":\"ImageObject\",\"inLanguage\":\"it-IT\",\"@id\":\"https:\/\/www.fondazionepirelli.org\/it\/#\/schema\/person\/image\/\",\"url\":\"https:\/\/secure.gravatar.com\/avatar\/e69498a9175ca244966e51e53c88712c024fcebe41f9a05f75657f1bb25e489b?s=96&d=mm&r=g\",\"contentUrl\":\"https:\/\/secure.gravatar.com\/avatar\/e69498a9175ca244966e51e53c88712c024fcebe41f9a05f75657f1bb25e489b?s=96&d=mm&r=g\",\"caption\":\"fondadmin\"},\"url\":\"https:\/\/www.fondazionepirelli.org\/it\/author\/fondadmin\/\"}]}<\/script>\n<!-- \/ Yoast SEO plugin. -->","yoast_head_json":{"title":"Penne rosa: le scrittrici della Rivista Pirelli | Fondazione Pirelli","description":"Penne rosa: le scrittrici della Rivista Pirelli | Fondazione Pirelli","robots":{"index":"index","follow":"follow","max-snippet":"max-snippet:-1","max-image-preview":"max-image-preview:large","max-video-preview":"max-video-preview:-1"},"canonical":"https:\/\/www.fondazionepirelli.org\/it\/iniziative\/penne-rosa-le-scrittrici-della-rivista-pirelli\/","og_locale":"it_IT","og_type":"article","og_title":"Penne rosa: le scrittrici della Rivista Pirelli | Fondazione Pirelli","og_description":"Penne rosa: le scrittrici della Rivista Pirelli | Fondazione Pirelli","og_url":"https:\/\/127.0.0.1\/it\/iniziative\/penne-rosa-le-scrittrici-della-rivista-pirelli\/","og_site_name":"Fondazione Pirelli","article_published_time":"2018-03-08T00:00:00+00:00","article_modified_time":"2021-12-17T16:19:26+00:00","og_image":[{"width":1241,"height":520,"url":"https:\/\/wpsite-assets.fondazionepirelli.org\/wp-content\/uploads\/2018\/03\/20103540\/img-copertina-penne-rosa.jpg","type":"image\/jpeg"}],"author":"fondadmin","twitter_card":"summary_large_image","twitter_misc":{"Scritto da":"fondadmin","Tempo di lettura stimato":"3 minuti"},"schema":{"@context":"https:\/\/schema.org","@graph":[{"@type":"WebPage","@id":"https:\/\/127.0.0.1\/it\/iniziative\/penne-rosa-le-scrittrici-della-rivista-pirelli\/","url":"https:\/\/127.0.0.1\/it\/iniziative\/penne-rosa-le-scrittrici-della-rivista-pirelli\/","name":"Penne rosa: le scrittrici della Rivista Pirelli | Fondazione Pirelli","isPartOf":{"@id":"https:\/\/www.fondazionepirelli.org\/it\/#website"},"primaryImageOfPage":{"@id":"https:\/\/127.0.0.1\/it\/iniziative\/penne-rosa-le-scrittrici-della-rivista-pirelli\/#primaryimage"},"image":{"@id":"https:\/\/127.0.0.1\/it\/iniziative\/penne-rosa-le-scrittrici-della-rivista-pirelli\/#primaryimage"},"thumbnailUrl":"https:\/\/wpsite-assets.fondazionepirelli.org\/wp-content\/uploads\/2018\/03\/20103540\/img-copertina-penne-rosa.jpg","datePublished":"2018-03-08T00:00:00+00:00","dateModified":"2021-12-17T16:19:26+00:00","author":{"@id":"https:\/\/www.fondazionepirelli.org\/it\/#\/schema\/person\/f47d097000832c4a6e54538c791fdf25"},"description":"Penne rosa: le scrittrici della Rivista Pirelli | Fondazione Pirelli","breadcrumb":{"@id":"https:\/\/127.0.0.1\/it\/iniziative\/penne-rosa-le-scrittrici-della-rivista-pirelli\/#breadcrumb"},"inLanguage":"it-IT","potentialAction":[{"@type":"ReadAction","target":["https:\/\/127.0.0.1\/it\/iniziative\/penne-rosa-le-scrittrici-della-rivista-pirelli\/"]}]},{"@type":"ImageObject","inLanguage":"it-IT","@id":"https:\/\/127.0.0.1\/it\/iniziative\/penne-rosa-le-scrittrici-della-rivista-pirelli\/#primaryimage","url":"https:\/\/wpsite-assets.fondazionepirelli.org\/wp-content\/uploads\/2018\/03\/20103540\/img-copertina-penne-rosa.jpg","contentUrl":"https:\/\/wpsite-assets.fondazionepirelli.org\/wp-content\/uploads\/2018\/03\/20103540\/img-copertina-penne-rosa.jpg","width":1241,"height":520},{"@type":"BreadcrumbList","@id":"https:\/\/127.0.0.1\/it\/iniziative\/penne-rosa-le-scrittrici-della-rivista-pirelli\/#breadcrumb","itemListElement":[{"@type":"ListItem","position":1,"name":"Home","item":"https:\/\/www.fondazionepirelli.org\/it\/"},{"@type":"ListItem","position":2,"name":"Penne rosa. Le scrittrici della rivista \u201cPirelli\u201d"}]},{"@type":"WebSite","@id":"https:\/\/www.fondazionepirelli.org\/it\/#website","url":"https:\/\/www.fondazionepirelli.org\/it\/","name":"Fondazione Pirelli","description":"","potentialAction":[{"@type":"SearchAction","target":{"@type":"EntryPoint","urlTemplate":"https:\/\/www.fondazionepirelli.org\/it\/?s={search_term_string}"},"query-input":{"@type":"PropertyValueSpecification","valueRequired":true,"valueName":"search_term_string"}}],"inLanguage":"it-IT"},{"@type":"Person","@id":"https:\/\/www.fondazionepirelli.org\/it\/#\/schema\/person\/f47d097000832c4a6e54538c791fdf25","name":"fondadmin","image":{"@type":"ImageObject","inLanguage":"it-IT","@id":"https:\/\/www.fondazionepirelli.org\/it\/#\/schema\/person\/image\/","url":"https:\/\/secure.gravatar.com\/avatar\/e69498a9175ca244966e51e53c88712c024fcebe41f9a05f75657f1bb25e489b?s=96&d=mm&r=g","contentUrl":"https:\/\/secure.gravatar.com\/avatar\/e69498a9175ca244966e51e53c88712c024fcebe41f9a05f75657f1bb25e489b?s=96&d=mm&r=g","caption":"fondadmin"},"url":"https:\/\/www.fondazionepirelli.org\/it\/author\/fondadmin\/"}]}},"_links":{"self":[{"href":"https:\/\/www.fondazionepirelli.org\/it\/wp-json\/wp\/v2\/posts\/52533\/"}],"collection":[{"href":"https:\/\/www.fondazionepirelli.org\/it\/wp-json\/wp\/v2\/posts\/"}],"about":[{"href":"https:\/\/www.fondazionepirelli.org\/it\/wp-json\/wp\/v2\/types\/post\/"}],"author":[{"embeddable":true,"href":"https:\/\/www.fondazionepirelli.org\/it\/wp-json\/wp\/v2\/users\/1\/"}],"replies":[{"embeddable":true,"href":"https:\/\/www.fondazionepirelli.org\/it\/wp-json\/wp\/v2\/comments\/?post=52533"}],"version-history":[{"count":10,"href":"https:\/\/www.fondazionepirelli.org\/it\/wp-json\/wp\/v2\/posts\/52533\/revisions\/"}],"predecessor-version":[{"id":76315,"href":"https:\/\/www.fondazionepirelli.org\/it\/wp-json\/wp\/v2\/posts\/52533\/revisions\/76315\/"}],"wp:featuredmedia":[{"embeddable":true,"href":"https:\/\/www.fondazionepirelli.org\/it\/wp-json\/wp\/v2\/media\/75710\/"}],"wp:attachment":[{"href":"https:\/\/www.fondazionepirelli.org\/it\/wp-json\/wp\/v2\/media\/?parent=52533"}],"wp:term":[{"taxonomy":"category","embeddable":true,"href":"https:\/\/www.fondazionepirelli.org\/it\/wp-json\/wp\/v2\/categories\/?post=52533"},{"taxonomy":"post_tag","embeddable":true,"href":"https:\/\/www.fondazionepirelli.org\/it\/wp-json\/wp\/v2\/tags\/?post=52533"}],"curies":[{"name":"wp","href":"https:\/\/api.w.org\/{rel}","templated":true}]}}