{"id":52539,"date":"2018-03-06T00:00:00","date_gmt":"2018-03-06T00:00:00","guid":{"rendered":"http:\/\/www.fondazionepirelli.org\/fondazione-pirelli\/cultura-del-lavoro-dimpresa\/"},"modified":"2019-10-28T16:44:25","modified_gmt":"2019-10-28T14:44:25","slug":"cultura-del-lavoro-dimpresa","status":"publish","type":"post","link":"https:\/\/www.fondazionepirelli.org\/it\/cultura-dimpresa\/cultura-del-lavoro-dimpresa\/","title":{"rendered":"Cultura del lavoro d\u2019impresa"},"content":{"rendered":"<p><em>Messi a fuoco la situazione e le possibili evoluzioni dei legami tra formazione, mercato del lavoro e imprese<\/em><\/p><p>Lo si \u00e8 gi\u00e0 detto varie volte: imprenditori si nasce, ma si pu\u00f2 anche diventarlo. Cos\u00ec come si pu\u00f2 diventare bravi lavoratori. Questione di crescita e di formazione, oltre che di passione. Ma cosa non sempre facile da realizzare nella gran parte dei casi. Formazione, mercato del lavoro e imprese, sono da sempre le parti di una triade che spesso stenta a formarsi armoniosamente.<\/p>\n<p>\u201cLo sviluppo di <em>employability<\/em> in alta formazione. Il ruolo dei <em>career<\/em> <em>service<\/em>\u201d, pubblicato recentemente e scritto da Vanna Boffo insieme a Carlo Terzaroli, aiuta a comprendere meglio le relazioni attive, o da attivare, proprio nell\u2019ambito dei collegamento fra formazione (universitaria), lavoro e imprese. In particolare l\u2019indagine illustra lo stato di avanzamento di un progetto di ricerca esplorativa che ha l\u2019obiettivo di indagare le esperienze di connessione tra universit\u00e0 e mondo del lavoro. Spiegano i due autori: \u201cAttraverso lo studio delle buone pratiche di <em>Career<\/em> <em>Service<\/em> sar\u00e0 possibile individuare la connessione tra didattica, ricerca e terza missione nella prospettiva di comprendere i <em>trend<\/em> dell\u2019alta formazione del futuro\u201d.<\/p>\n<p>Il lavoro inizia ragionando in termini teorici sul concetto di <em>employability <\/em>(di fatto quasi intraducibile in italiano), del quale viene ripercorsa rapidamente la storia e l\u2019evoluzione e del quale si individuano gli aspetti pi\u00f9 importanti per l\u2019oggetto della ricerca. Boffo e Terzaroli passano poi ad indicare i modelli di <em>employability <\/em>pi\u00f9 diffusi a livello mondiale per arrivare quindi ad analizzare pi\u00f9 da vicino il modello di connessione fra formazione universitaria e mercato del lavoro prima in termini generali e poi in Italia. Aiuta a chiarire questo passaggio cruciale dell\u2019articolo, una tabella che mette a confronto di diversi metodi utilizzati dai principali atenei e politecnici italiani.<\/p>\n<p>\u201cSostenere la crescita dei giovani adulti, come uomini, come cittadini e come futuri lavoratori, \u00e8 compito primario della pedagogia \u2013 spiegano quindi i due autori -. Oggi pi\u00f9 che mai, di fronte alle criticit\u00e0 della disoccupazione e al preoccupante impatto sulla costruzione dei percorsi di vita, emerge la necessit\u00e0 di prendersi cura dei soggetti anche su questo aspetto. L\u2019inserimento e la permanenza nel lavoro costituiscono, in questo quadro, strumenti indispensabili per la formazione della persona e per la sua inclusione sociale\u201d.<\/p>\n<p>Ma ci\u00f2 che pi\u00f9 conta secondo Boffo e Terzaroli \u00e8 che le ultime evoluzioni dei metodi di <em>employability <\/em>ottengono il risultato di proiettare \u201cil <em>Job<\/em> <em>Placement<\/em> nel futuro\u201d attraverso \u201cl\u2019attenzione alle strategie di costruzione di percorsi di imprenditivit\u00e0 e imprenditorialit\u00e0 attraverso l\u2019innovazione didattica extracurriculare per la costruzione di una cultura d\u2019impresa personale e sociale\u201d.<\/p>\n<p>Chiarissimo \u00e8 uno dei passaggi finali dell\u2019articolo: \u201cOggi, il lavoro non soltanto pu\u00f2 essere trovato, ma sempre pi\u00f9 pu\u00f2 essere costruito e creato, grazie all\u2019applicazione innovativa di conoscenze e competenze. Ci\u00f2 significa non soltanto un\u2019attenzione alla costruzione ex-novo di imprese, <em>spin<\/em>&#8211;<em>off<\/em> o <em>start<\/em>&#8211;<em>up<\/em>, ma la capacit\u00e0 di individuare, anche all\u2019interno di contesti lavorativi gi\u00e0 strutturati, nuovi filoni e opportunit\u00e0 di sviluppo\u201d.<\/p><p><strong>Lo sviluppo di employability in alta formazione. Il ruolo dei <em>career<\/em> <em>service<\/em><\/strong><\/p>\n<p>Vanna Boffo, Carlo Terzaroli<\/p>\n<p>MeTis.\u00a0 Mondi educativi. Temi, indagini, suggestioni, 7(2) 2017, pp. 437-467<\/p>\n","protected":false},"excerpt":{"rendered":"<p>Messi a fuoco la situazione e le possibili evoluzioni dei legami tra formazione, mercato del lavoro e impreseLo si \u00e8 gi\u00e0 detto varie volte: imprenditori si nasce, ma si pu\u00f2 anche diventarlo. Cos\u00ec come si pu\u00f2 diventare bravi lavoratori. Questione di crescita e di formazione, oltre che di passione. Ma cosa non sempre facile da [&hellip;]<\/p>\n","protected":false},"author":1,"featured_media":0,"comment_status":"open","ping_status":"open","sticky":false,"template":"","format":"standard","meta":{"footnotes":""},"categories":[54,52],"tags":[],"class_list":["post-52539","post","type-post","status-publish","format-standard","hentry","category-approfondimenti","category-cultura-dimpresa"],"acf":[],"yoast_head":"<!-- This site is optimized with the Yoast SEO plugin v25.0 - https:\/\/yoast.com\/wordpress\/plugins\/seo\/ -->\n<title>Cultura del lavoro d\u2019impresa - Fondazione Pirelli<\/title>\n<meta name=\"robots\" content=\"index, follow, max-snippet:-1, max-image-preview:large, max-video-preview:-1\" \/>\n<link rel=\"canonical\" href=\"https:\/\/www.fondazionepirelli.org\/it\/cultura-dimpresa\/cultura-del-lavoro-dimpresa\/\" \/>\n<meta property=\"og:locale\" content=\"it_IT\" \/>\n<meta property=\"og:type\" content=\"article\" \/>\n<meta property=\"og:title\" content=\"Cultura del lavoro d\u2019impresa - Fondazione Pirelli\" \/>\n<meta property=\"og:description\" content=\"Messi a fuoco la situazione e le possibili evoluzioni dei legami tra formazione, mercato del lavoro e impreseLo si \u00e8 gi\u00e0 detto varie volte: imprenditori si nasce, ma si pu\u00f2 anche diventarlo. Cos\u00ec come si pu\u00f2 diventare bravi lavoratori. Questione di crescita e di formazione, oltre che di passione. Ma cosa non sempre facile da [&hellip;]\" \/>\n<meta property=\"og:url\" content=\"https:\/\/www.fondazionepirelli.org\/it\/cultura-dimpresa\/cultura-del-lavoro-dimpresa\/\" \/>\n<meta property=\"og:site_name\" content=\"Fondazione Pirelli\" \/>\n<meta property=\"article:published_time\" content=\"2018-03-06T00:00:00+00:00\" \/>\n<meta property=\"article:modified_time\" content=\"2019-10-28T14:44:25+00:00\" \/>\n<meta name=\"author\" content=\"fondadmin\" \/>\n<meta name=\"twitter:card\" content=\"summary_large_image\" \/>\n<meta name=\"twitter:label1\" content=\"Scritto da\" \/>\n\t<meta name=\"twitter:data1\" content=\"fondadmin\" \/>\n\t<meta name=\"twitter:label2\" content=\"Tempo di lettura stimato\" \/>\n\t<meta name=\"twitter:data2\" content=\"3 minuti\" \/>\n<script type=\"application\/ld+json\" class=\"yoast-schema-graph\">{\"@context\":\"https:\/\/schema.org\",\"@graph\":[{\"@type\":\"WebPage\",\"@id\":\"https:\/\/www.fondazionepirelli.org\/it\/cultura-dimpresa\/cultura-del-lavoro-dimpresa\/\",\"url\":\"https:\/\/www.fondazionepirelli.org\/it\/cultura-dimpresa\/cultura-del-lavoro-dimpresa\/\",\"name\":\"Cultura del lavoro d\u2019impresa - Fondazione Pirelli\",\"isPartOf\":{\"@id\":\"https:\/\/www.fondazionepirelli.org\/it\/#website\"},\"datePublished\":\"2018-03-06T00:00:00+00:00\",\"dateModified\":\"2019-10-28T14:44:25+00:00\",\"author\":{\"@id\":\"https:\/\/www.fondazionepirelli.org\/it\/#\/schema\/person\/f47d097000832c4a6e54538c791fdf25\"},\"breadcrumb\":{\"@id\":\"https:\/\/www.fondazionepirelli.org\/it\/cultura-dimpresa\/cultura-del-lavoro-dimpresa\/#breadcrumb\"},\"inLanguage\":\"it-IT\",\"potentialAction\":[{\"@type\":\"ReadAction\",\"target\":[\"https:\/\/www.fondazionepirelli.org\/it\/cultura-dimpresa\/cultura-del-lavoro-dimpresa\/\"]}]},{\"@type\":\"BreadcrumbList\",\"@id\":\"https:\/\/www.fondazionepirelli.org\/it\/cultura-dimpresa\/cultura-del-lavoro-dimpresa\/#breadcrumb\",\"itemListElement\":[{\"@type\":\"ListItem\",\"position\":1,\"name\":\"Home\",\"item\":\"https:\/\/www.fondazionepirelli.org\/it\/\"},{\"@type\":\"ListItem\",\"position\":2,\"name\":\"Cultura del lavoro d\u2019impresa\"}]},{\"@type\":\"WebSite\",\"@id\":\"https:\/\/www.fondazionepirelli.org\/it\/#website\",\"url\":\"https:\/\/www.fondazionepirelli.org\/it\/\",\"name\":\"Fondazione Pirelli\",\"description\":\"\",\"potentialAction\":[{\"@type\":\"SearchAction\",\"target\":{\"@type\":\"EntryPoint\",\"urlTemplate\":\"https:\/\/www.fondazionepirelli.org\/it\/?s={search_term_string}\"},\"query-input\":{\"@type\":\"PropertyValueSpecification\",\"valueRequired\":true,\"valueName\":\"search_term_string\"}}],\"inLanguage\":\"it-IT\"},{\"@type\":\"Person\",\"@id\":\"https:\/\/www.fondazionepirelli.org\/it\/#\/schema\/person\/f47d097000832c4a6e54538c791fdf25\",\"name\":\"fondadmin\",\"image\":{\"@type\":\"ImageObject\",\"inLanguage\":\"it-IT\",\"@id\":\"https:\/\/www.fondazionepirelli.org\/it\/#\/schema\/person\/image\/\",\"url\":\"https:\/\/secure.gravatar.com\/avatar\/e69498a9175ca244966e51e53c88712c024fcebe41f9a05f75657f1bb25e489b?s=96&d=mm&r=g\",\"contentUrl\":\"https:\/\/secure.gravatar.com\/avatar\/e69498a9175ca244966e51e53c88712c024fcebe41f9a05f75657f1bb25e489b?s=96&d=mm&r=g\",\"caption\":\"fondadmin\"},\"url\":\"https:\/\/www.fondazionepirelli.org\/it\/author\/fondadmin\/\"}]}<\/script>\n<!-- \/ Yoast SEO plugin. -->","yoast_head_json":{"title":"Cultura del lavoro d\u2019impresa - Fondazione Pirelli","robots":{"index":"index","follow":"follow","max-snippet":"max-snippet:-1","max-image-preview":"max-image-preview:large","max-video-preview":"max-video-preview:-1"},"canonical":"https:\/\/www.fondazionepirelli.org\/it\/cultura-dimpresa\/cultura-del-lavoro-dimpresa\/","og_locale":"it_IT","og_type":"article","og_title":"Cultura del lavoro d\u2019impresa - Fondazione Pirelli","og_description":"Messi a fuoco la situazione e le possibili evoluzioni dei legami tra formazione, mercato del lavoro e impreseLo si \u00e8 gi\u00e0 detto varie volte: imprenditori si nasce, ma si pu\u00f2 anche diventarlo. Cos\u00ec come si pu\u00f2 diventare bravi lavoratori. Questione di crescita e di formazione, oltre che di passione. Ma cosa non sempre facile da [&hellip;]","og_url":"https:\/\/www.fondazionepirelli.org\/it\/cultura-dimpresa\/cultura-del-lavoro-dimpresa\/","og_site_name":"Fondazione Pirelli","article_published_time":"2018-03-06T00:00:00+00:00","article_modified_time":"2019-10-28T14:44:25+00:00","author":"fondadmin","twitter_card":"summary_large_image","twitter_misc":{"Scritto da":"fondadmin","Tempo di lettura stimato":"3 minuti"},"schema":{"@context":"https:\/\/schema.org","@graph":[{"@type":"WebPage","@id":"https:\/\/www.fondazionepirelli.org\/it\/cultura-dimpresa\/cultura-del-lavoro-dimpresa\/","url":"https:\/\/www.fondazionepirelli.org\/it\/cultura-dimpresa\/cultura-del-lavoro-dimpresa\/","name":"Cultura del lavoro d\u2019impresa - Fondazione Pirelli","isPartOf":{"@id":"https:\/\/www.fondazionepirelli.org\/it\/#website"},"datePublished":"2018-03-06T00:00:00+00:00","dateModified":"2019-10-28T14:44:25+00:00","author":{"@id":"https:\/\/www.fondazionepirelli.org\/it\/#\/schema\/person\/f47d097000832c4a6e54538c791fdf25"},"breadcrumb":{"@id":"https:\/\/www.fondazionepirelli.org\/it\/cultura-dimpresa\/cultura-del-lavoro-dimpresa\/#breadcrumb"},"inLanguage":"it-IT","potentialAction":[{"@type":"ReadAction","target":["https:\/\/www.fondazionepirelli.org\/it\/cultura-dimpresa\/cultura-del-lavoro-dimpresa\/"]}]},{"@type":"BreadcrumbList","@id":"https:\/\/www.fondazionepirelli.org\/it\/cultura-dimpresa\/cultura-del-lavoro-dimpresa\/#breadcrumb","itemListElement":[{"@type":"ListItem","position":1,"name":"Home","item":"https:\/\/www.fondazionepirelli.org\/it\/"},{"@type":"ListItem","position":2,"name":"Cultura del lavoro d\u2019impresa"}]},{"@type":"WebSite","@id":"https:\/\/www.fondazionepirelli.org\/it\/#website","url":"https:\/\/www.fondazionepirelli.org\/it\/","name":"Fondazione Pirelli","description":"","potentialAction":[{"@type":"SearchAction","target":{"@type":"EntryPoint","urlTemplate":"https:\/\/www.fondazionepirelli.org\/it\/?s={search_term_string}"},"query-input":{"@type":"PropertyValueSpecification","valueRequired":true,"valueName":"search_term_string"}}],"inLanguage":"it-IT"},{"@type":"Person","@id":"https:\/\/www.fondazionepirelli.org\/it\/#\/schema\/person\/f47d097000832c4a6e54538c791fdf25","name":"fondadmin","image":{"@type":"ImageObject","inLanguage":"it-IT","@id":"https:\/\/www.fondazionepirelli.org\/it\/#\/schema\/person\/image\/","url":"https:\/\/secure.gravatar.com\/avatar\/e69498a9175ca244966e51e53c88712c024fcebe41f9a05f75657f1bb25e489b?s=96&d=mm&r=g","contentUrl":"https:\/\/secure.gravatar.com\/avatar\/e69498a9175ca244966e51e53c88712c024fcebe41f9a05f75657f1bb25e489b?s=96&d=mm&r=g","caption":"fondadmin"},"url":"https:\/\/www.fondazionepirelli.org\/it\/author\/fondadmin\/"}]}},"_links":{"self":[{"href":"https:\/\/www.fondazionepirelli.org\/it\/wp-json\/wp\/v2\/posts\/52539\/"}],"collection":[{"href":"https:\/\/www.fondazionepirelli.org\/it\/wp-json\/wp\/v2\/posts\/"}],"about":[{"href":"https:\/\/www.fondazionepirelli.org\/it\/wp-json\/wp\/v2\/types\/post\/"}],"author":[{"embeddable":true,"href":"https:\/\/www.fondazionepirelli.org\/it\/wp-json\/wp\/v2\/users\/1\/"}],"replies":[{"embeddable":true,"href":"https:\/\/www.fondazionepirelli.org\/it\/wp-json\/wp\/v2\/comments\/?post=52539"}],"version-history":[{"count":1,"href":"https:\/\/www.fondazionepirelli.org\/it\/wp-json\/wp\/v2\/posts\/52539\/revisions\/"}],"predecessor-version":[{"id":70558,"href":"https:\/\/www.fondazionepirelli.org\/it\/wp-json\/wp\/v2\/posts\/52539\/revisions\/70558\/"}],"wp:attachment":[{"href":"https:\/\/www.fondazionepirelli.org\/it\/wp-json\/wp\/v2\/media\/?parent=52539"}],"wp:term":[{"taxonomy":"category","embeddable":true,"href":"https:\/\/www.fondazionepirelli.org\/it\/wp-json\/wp\/v2\/categories\/?post=52539"},{"taxonomy":"post_tag","embeddable":true,"href":"https:\/\/www.fondazionepirelli.org\/it\/wp-json\/wp\/v2\/tags\/?post=52539"}],"curies":[{"name":"wp","href":"https:\/\/api.w.org\/{rel}","templated":true}]}}