{"id":52549,"date":"2018-02-27T00:00:00","date_gmt":"2018-02-27T00:00:00","guid":{"rendered":"http:\/\/www.fondazionepirelli.org\/fondazione-pirelli\/storia-futura\/"},"modified":"2019-09-23T10:55:19","modified_gmt":"2019-09-23T08:55:19","slug":"storia-futura","status":"publish","type":"post","link":"https:\/\/www.fondazionepirelli.org\/it\/cultura-dimpresa\/storia-futura\/","title":{"rendered":"Storia futura"},"content":{"rendered":"<p><em>Un libro appena tradotto in Italia confronta il Rinascimento con l\u2019oggi e trova molti elementi comuni; condizioni favorevoli ad un nuovo scatto in avanti<\/em><\/p>\n<p><strong>\u00a0<\/strong><\/p>\n<p>Guardare oltre, sparigliare il presente, osare l\u2019inosabile. Lo si \u00e8 gi\u00e0 detto pi\u00f9 e pi\u00f9 volte, la natura dell\u2019imprenditore \u00e8 quella di chi sa vedere il mondo in modo diverso dagli altri. Non solo calcolo, ma anche istinto. E voglia di fare. Chi compie un\u2019impresa \u00e8 consapevole di vivere in un contesto che va capito a fondo.<\/p>\n<p>Leggere \u201cNuova et\u00e0 dell\u2019oro\u201d di Ian Golding e Chris Kutarna \u2013 appena pubblicato in traduzione italiana -, \u00e8 una di quelle cose che tutti dovrebbero fare. Non per erudizione, ma per comprendere cosa lega l\u2019oggi al passato e in particolare al Rinascimento. Allora come oggi vi sono, secondo gli autori, elementi forti di crisi e di difficolt\u00e0 che per\u00f2 si possono trasformare in spinte al rinnovamento e al progresso. In altre parole, cos\u00ec come accadde 500 anni fa con il Rinascimento, pu\u00f2 e deve accadere anche oggi. L\u2019idea sviluppata dagli autori (Golding insegna Globalizzazione e sviluppo alla University of Oxford ed \u00e8 stato Vicepresidente della Banca Mondiale, Kutarna \u00e8 ricercatore di Scienze politiche alla Oxford Martin School), \u00e8 quindi che, proprio come nel Rinascimento, nella nostra epoca ci sia un terreno estremamente fertile per la fioritura del genio, perch\u00e9 in nessun altro momento storico il rapporto tra scienza e tecnologia \u00e8 stato cos\u00ec stretto.<\/p>\n<p>Certo, le difficolt\u00e0 sembrano enormi. E gli esempi per capire non mancano. Dei quindici anni pi\u00f9 caldi mai avvertiti sul nostro pianeta quattordici si sono registrati nel XXI secolo. L\u2019inquinamento da carbonio ha portato i gas serra ai picchi pi\u00f9 alti dalla fine del Cretaceo. Una crisi finanziaria globale ha lasciato senza parole i cervelli meglio pagati al mondo. E ancora l\u201911 settembre, gli attacchi terroristici da Montreal a Manchester, la Brexit, i collassi nucleari, gli tsunami e gli uragani: di ragioni per pensare che tutto stia crollando ce ne sono parecchie. Gli autori ricordano per\u00f2 subito che condizioni critiche simili in quanto a portata materiale ed emotiva, si crearono proprio nel periodo storico nel quale esplose il Rinascimento. Il libro ripercorre quindi la storia delle scoperte geografiche, delle rivoluzioni scientifiche e artistiche che hanno caratterizzato l\u2019et\u00e0 moderna e le confrontano con l\u2019attualit\u00e0: come Gutenberg e la stampa, Zuckerberg e i social media contribuiscono a diffondere la conoscenza; il crollo del muro di Berlino e la globalizzazione hanno abbattuto barriere e consentito di varcare confini prima invalicabili in misura pari alla scoperta di Cristoforo Colombo; i flussi migratori di oggi, spesso determinati da movimenti geopolitici radicati nella religione, ricordano quelli provocati in Europa dalla scissione tra Chiesa cattolica e Chiesa riformata.<\/p>\n<p>Con una scrittura coinvolgente, il libro si legge quasi d\u2019un fiato (anche se conta poco meno di 400 pagine), ed \u00e8 un susseguirsi di confronti e di va e vieni dal passato al presente. Il racconto si divide in quattro parti: ieri e oggi a confronto su alcuni elementi di base, le condizioni di nascita \u201cdel genio\u201d, il confronto con \u201cil rischio\u201d (come elemento imprescindibile della natura del genio), le condizioni per affrontare il futuro: l\u2019unica parte del libro questa, che forse lascia spazio pi\u00f9 ai precetti operativi che all\u2019analisi e che per questo si diversifica non sempre con eccellenza dal resto.<\/p>\n<p>In queste pagine, gli uomini d\u2019impresa troveranno ampio materiale per orientare pi\u00f9 consapevolmente la loro azione. E magari per non sentirsi soli.<\/p>\n<p>Libro di storia e di ragionamento, \u201cNuova et\u00e0 dell\u2019oro\u201d solo apparentemente \u00e8 un accostamento di fatti diversi per dimostrare una tesi; in realt\u00e0 \u00e8 un esempio di come si pu\u00f2 guardare alla storia e al presente visti come un tutt\u2019uno.<\/p><p><strong>Nuova et\u00e0 dell\u2019oro. Guida ad un secondo Rinascimento economico e culturale<\/strong><\/p>\n<p>Ian Golding, Chris Kutarna<\/p>\n<p>il Saggiatore, 2018<\/p>\n","protected":false},"excerpt":{"rendered":"<p>Un libro appena tradotto in Italia confronta il Rinascimento con l\u2019oggi e trova molti elementi comuni; condizioni favorevoli ad un nuovo scatto in avanti \u00a0 Guardare oltre, sparigliare il presente, osare l\u2019inosabile. Lo si \u00e8 gi\u00e0 detto pi\u00f9 e pi\u00f9 volte, la natura dell\u2019imprenditore \u00e8 quella di chi sa vedere il mondo in modo diverso [&hellip;]<\/p>\n","protected":false},"author":1,"featured_media":69175,"comment_status":"open","ping_status":"open","sticky":false,"template":"","format":"standard","meta":{"footnotes":""},"categories":[52,58],"tags":[],"class_list":["post-52549","post","type-post","status-publish","format-standard","has-post-thumbnail","hentry","category-cultura-dimpresa","category-recensioni-libri"],"acf":[],"yoast_head":"<!-- This site is optimized with the Yoast SEO plugin v25.0 - https:\/\/yoast.com\/wordpress\/plugins\/seo\/ -->\n<title>Storia futura - Fondazione Pirelli<\/title>\n<meta name=\"robots\" content=\"index, follow, max-snippet:-1, max-image-preview:large, max-video-preview:-1\" \/>\n<link rel=\"canonical\" href=\"https:\/\/www.fondazionepirelli.org\/it\/cultura-dimpresa\/storia-futura\/\" \/>\n<meta property=\"og:locale\" content=\"it_IT\" \/>\n<meta property=\"og:type\" content=\"article\" \/>\n<meta property=\"og:title\" content=\"Storia futura - Fondazione Pirelli\" \/>\n<meta property=\"og:description\" content=\"Un libro appena tradotto in Italia confronta il Rinascimento con l\u2019oggi e trova molti elementi comuni; condizioni favorevoli ad un nuovo scatto in avanti \u00a0 Guardare oltre, sparigliare il presente, osare l\u2019inosabile. Lo si \u00e8 gi\u00e0 detto pi\u00f9 e pi\u00f9 volte, la natura dell\u2019imprenditore \u00e8 quella di chi sa vedere il mondo in modo diverso [&hellip;]\" \/>\n<meta property=\"og:url\" content=\"https:\/\/www.fondazionepirelli.org\/it\/cultura-dimpresa\/storia-futura\/\" \/>\n<meta property=\"og:site_name\" content=\"Fondazione Pirelli\" \/>\n<meta property=\"article:published_time\" content=\"2018-02-27T00:00:00+00:00\" \/>\n<meta property=\"article:modified_time\" content=\"2019-09-23T08:55:19+00:00\" \/>\n<meta property=\"og:image\" content=\"https:\/\/wpsite-assets.fondazionepirelli.org\/wp-content\/uploads\/2018\/02\/23105453\/nuova-eta-delloro.jpg\" \/>\n\t<meta property=\"og:image:width\" content=\"366\" \/>\n\t<meta property=\"og:image:height\" content=\"507\" \/>\n\t<meta property=\"og:image:type\" content=\"image\/jpeg\" \/>\n<meta name=\"author\" content=\"fondadmin\" \/>\n<meta name=\"twitter:card\" content=\"summary_large_image\" \/>\n<meta name=\"twitter:label1\" content=\"Scritto da\" \/>\n\t<meta name=\"twitter:data1\" content=\"fondadmin\" \/>\n\t<meta name=\"twitter:label2\" content=\"Tempo di lettura stimato\" \/>\n\t<meta name=\"twitter:data2\" content=\"3 minuti\" \/>\n<script type=\"application\/ld+json\" class=\"yoast-schema-graph\">{\"@context\":\"https:\/\/schema.org\",\"@graph\":[{\"@type\":\"WebPage\",\"@id\":\"https:\/\/www.fondazionepirelli.org\/it\/cultura-dimpresa\/storia-futura\/\",\"url\":\"https:\/\/www.fondazionepirelli.org\/it\/cultura-dimpresa\/storia-futura\/\",\"name\":\"Storia futura - Fondazione Pirelli\",\"isPartOf\":{\"@id\":\"https:\/\/www.fondazionepirelli.org\/it\/#website\"},\"primaryImageOfPage\":{\"@id\":\"https:\/\/www.fondazionepirelli.org\/it\/cultura-dimpresa\/storia-futura\/#primaryimage\"},\"image\":{\"@id\":\"https:\/\/www.fondazionepirelli.org\/it\/cultura-dimpresa\/storia-futura\/#primaryimage\"},\"thumbnailUrl\":\"https:\/\/wpsite-assets.fondazionepirelli.org\/wp-content\/uploads\/2018\/02\/23105453\/nuova-eta-delloro.jpg\",\"datePublished\":\"2018-02-27T00:00:00+00:00\",\"dateModified\":\"2019-09-23T08:55:19+00:00\",\"author\":{\"@id\":\"https:\/\/www.fondazionepirelli.org\/it\/#\/schema\/person\/f47d097000832c4a6e54538c791fdf25\"},\"breadcrumb\":{\"@id\":\"https:\/\/www.fondazionepirelli.org\/it\/cultura-dimpresa\/storia-futura\/#breadcrumb\"},\"inLanguage\":\"it-IT\",\"potentialAction\":[{\"@type\":\"ReadAction\",\"target\":[\"https:\/\/www.fondazionepirelli.org\/it\/cultura-dimpresa\/storia-futura\/\"]}]},{\"@type\":\"ImageObject\",\"inLanguage\":\"it-IT\",\"@id\":\"https:\/\/www.fondazionepirelli.org\/it\/cultura-dimpresa\/storia-futura\/#primaryimage\",\"url\":\"https:\/\/wpsite-assets.fondazionepirelli.org\/wp-content\/uploads\/2018\/02\/23105453\/nuova-eta-delloro.jpg\",\"contentUrl\":\"https:\/\/wpsite-assets.fondazionepirelli.org\/wp-content\/uploads\/2018\/02\/23105453\/nuova-eta-delloro.jpg\",\"width\":366,\"height\":507},{\"@type\":\"BreadcrumbList\",\"@id\":\"https:\/\/www.fondazionepirelli.org\/it\/cultura-dimpresa\/storia-futura\/#breadcrumb\",\"itemListElement\":[{\"@type\":\"ListItem\",\"position\":1,\"name\":\"Home\",\"item\":\"https:\/\/www.fondazionepirelli.org\/it\/\"},{\"@type\":\"ListItem\",\"position\":2,\"name\":\"Storia futura\"}]},{\"@type\":\"WebSite\",\"@id\":\"https:\/\/www.fondazionepirelli.org\/it\/#website\",\"url\":\"https:\/\/www.fondazionepirelli.org\/it\/\",\"name\":\"Fondazione Pirelli\",\"description\":\"\",\"potentialAction\":[{\"@type\":\"SearchAction\",\"target\":{\"@type\":\"EntryPoint\",\"urlTemplate\":\"https:\/\/www.fondazionepirelli.org\/it\/?s={search_term_string}\"},\"query-input\":{\"@type\":\"PropertyValueSpecification\",\"valueRequired\":true,\"valueName\":\"search_term_string\"}}],\"inLanguage\":\"it-IT\"},{\"@type\":\"Person\",\"@id\":\"https:\/\/www.fondazionepirelli.org\/it\/#\/schema\/person\/f47d097000832c4a6e54538c791fdf25\",\"name\":\"fondadmin\",\"image\":{\"@type\":\"ImageObject\",\"inLanguage\":\"it-IT\",\"@id\":\"https:\/\/www.fondazionepirelli.org\/it\/#\/schema\/person\/image\/\",\"url\":\"https:\/\/secure.gravatar.com\/avatar\/e69498a9175ca244966e51e53c88712c024fcebe41f9a05f75657f1bb25e489b?s=96&d=mm&r=g\",\"contentUrl\":\"https:\/\/secure.gravatar.com\/avatar\/e69498a9175ca244966e51e53c88712c024fcebe41f9a05f75657f1bb25e489b?s=96&d=mm&r=g\",\"caption\":\"fondadmin\"},\"url\":\"https:\/\/www.fondazionepirelli.org\/it\/author\/fondadmin\/\"}]}<\/script>\n<!-- \/ Yoast SEO plugin. -->","yoast_head_json":{"title":"Storia futura - Fondazione Pirelli","robots":{"index":"index","follow":"follow","max-snippet":"max-snippet:-1","max-image-preview":"max-image-preview:large","max-video-preview":"max-video-preview:-1"},"canonical":"https:\/\/www.fondazionepirelli.org\/it\/cultura-dimpresa\/storia-futura\/","og_locale":"it_IT","og_type":"article","og_title":"Storia futura - Fondazione Pirelli","og_description":"Un libro appena tradotto in Italia confronta il Rinascimento con l\u2019oggi e trova molti elementi comuni; condizioni favorevoli ad un nuovo scatto in avanti \u00a0 Guardare oltre, sparigliare il presente, osare l\u2019inosabile. Lo si \u00e8 gi\u00e0 detto pi\u00f9 e pi\u00f9 volte, la natura dell\u2019imprenditore \u00e8 quella di chi sa vedere il mondo in modo diverso [&hellip;]","og_url":"https:\/\/www.fondazionepirelli.org\/it\/cultura-dimpresa\/storia-futura\/","og_site_name":"Fondazione Pirelli","article_published_time":"2018-02-27T00:00:00+00:00","article_modified_time":"2019-09-23T08:55:19+00:00","og_image":[{"width":366,"height":507,"url":"https:\/\/wpsite-assets.fondazionepirelli.org\/wp-content\/uploads\/2018\/02\/23105453\/nuova-eta-delloro.jpg","type":"image\/jpeg"}],"author":"fondadmin","twitter_card":"summary_large_image","twitter_misc":{"Scritto da":"fondadmin","Tempo di lettura stimato":"3 minuti"},"schema":{"@context":"https:\/\/schema.org","@graph":[{"@type":"WebPage","@id":"https:\/\/www.fondazionepirelli.org\/it\/cultura-dimpresa\/storia-futura\/","url":"https:\/\/www.fondazionepirelli.org\/it\/cultura-dimpresa\/storia-futura\/","name":"Storia futura - Fondazione Pirelli","isPartOf":{"@id":"https:\/\/www.fondazionepirelli.org\/it\/#website"},"primaryImageOfPage":{"@id":"https:\/\/www.fondazionepirelli.org\/it\/cultura-dimpresa\/storia-futura\/#primaryimage"},"image":{"@id":"https:\/\/www.fondazionepirelli.org\/it\/cultura-dimpresa\/storia-futura\/#primaryimage"},"thumbnailUrl":"https:\/\/wpsite-assets.fondazionepirelli.org\/wp-content\/uploads\/2018\/02\/23105453\/nuova-eta-delloro.jpg","datePublished":"2018-02-27T00:00:00+00:00","dateModified":"2019-09-23T08:55:19+00:00","author":{"@id":"https:\/\/www.fondazionepirelli.org\/it\/#\/schema\/person\/f47d097000832c4a6e54538c791fdf25"},"breadcrumb":{"@id":"https:\/\/www.fondazionepirelli.org\/it\/cultura-dimpresa\/storia-futura\/#breadcrumb"},"inLanguage":"it-IT","potentialAction":[{"@type":"ReadAction","target":["https:\/\/www.fondazionepirelli.org\/it\/cultura-dimpresa\/storia-futura\/"]}]},{"@type":"ImageObject","inLanguage":"it-IT","@id":"https:\/\/www.fondazionepirelli.org\/it\/cultura-dimpresa\/storia-futura\/#primaryimage","url":"https:\/\/wpsite-assets.fondazionepirelli.org\/wp-content\/uploads\/2018\/02\/23105453\/nuova-eta-delloro.jpg","contentUrl":"https:\/\/wpsite-assets.fondazionepirelli.org\/wp-content\/uploads\/2018\/02\/23105453\/nuova-eta-delloro.jpg","width":366,"height":507},{"@type":"BreadcrumbList","@id":"https:\/\/www.fondazionepirelli.org\/it\/cultura-dimpresa\/storia-futura\/#breadcrumb","itemListElement":[{"@type":"ListItem","position":1,"name":"Home","item":"https:\/\/www.fondazionepirelli.org\/it\/"},{"@type":"ListItem","position":2,"name":"Storia futura"}]},{"@type":"WebSite","@id":"https:\/\/www.fondazionepirelli.org\/it\/#website","url":"https:\/\/www.fondazionepirelli.org\/it\/","name":"Fondazione Pirelli","description":"","potentialAction":[{"@type":"SearchAction","target":{"@type":"EntryPoint","urlTemplate":"https:\/\/www.fondazionepirelli.org\/it\/?s={search_term_string}"},"query-input":{"@type":"PropertyValueSpecification","valueRequired":true,"valueName":"search_term_string"}}],"inLanguage":"it-IT"},{"@type":"Person","@id":"https:\/\/www.fondazionepirelli.org\/it\/#\/schema\/person\/f47d097000832c4a6e54538c791fdf25","name":"fondadmin","image":{"@type":"ImageObject","inLanguage":"it-IT","@id":"https:\/\/www.fondazionepirelli.org\/it\/#\/schema\/person\/image\/","url":"https:\/\/secure.gravatar.com\/avatar\/e69498a9175ca244966e51e53c88712c024fcebe41f9a05f75657f1bb25e489b?s=96&d=mm&r=g","contentUrl":"https:\/\/secure.gravatar.com\/avatar\/e69498a9175ca244966e51e53c88712c024fcebe41f9a05f75657f1bb25e489b?s=96&d=mm&r=g","caption":"fondadmin"},"url":"https:\/\/www.fondazionepirelli.org\/it\/author\/fondadmin\/"}]}},"_links":{"self":[{"href":"https:\/\/www.fondazionepirelli.org\/it\/wp-json\/wp\/v2\/posts\/52549\/"}],"collection":[{"href":"https:\/\/www.fondazionepirelli.org\/it\/wp-json\/wp\/v2\/posts\/"}],"about":[{"href":"https:\/\/www.fondazionepirelli.org\/it\/wp-json\/wp\/v2\/types\/post\/"}],"author":[{"embeddable":true,"href":"https:\/\/www.fondazionepirelli.org\/it\/wp-json\/wp\/v2\/users\/1\/"}],"replies":[{"embeddable":true,"href":"https:\/\/www.fondazionepirelli.org\/it\/wp-json\/wp\/v2\/comments\/?post=52549"}],"version-history":[{"count":2,"href":"https:\/\/www.fondazionepirelli.org\/it\/wp-json\/wp\/v2\/posts\/52549\/revisions\/"}],"predecessor-version":[{"id":69177,"href":"https:\/\/www.fondazionepirelli.org\/it\/wp-json\/wp\/v2\/posts\/52549\/revisions\/69177\/"}],"wp:featuredmedia":[{"embeddable":true,"href":"https:\/\/www.fondazionepirelli.org\/it\/wp-json\/wp\/v2\/media\/69175\/"}],"wp:attachment":[{"href":"https:\/\/www.fondazionepirelli.org\/it\/wp-json\/wp\/v2\/media\/?parent=52549"}],"wp:term":[{"taxonomy":"category","embeddable":true,"href":"https:\/\/www.fondazionepirelli.org\/it\/wp-json\/wp\/v2\/categories\/?post=52549"},{"taxonomy":"post_tag","embeddable":true,"href":"https:\/\/www.fondazionepirelli.org\/it\/wp-json\/wp\/v2\/tags\/?post=52549"}],"curies":[{"name":"wp","href":"https:\/\/api.w.org\/{rel}","templated":true}]}}