{"id":52560,"date":"2018-02-20T00:00:00","date_gmt":"2018-02-20T00:00:00","guid":{"rendered":"http:\/\/www.fondazionepirelli.org\/fondazione-pirelli\/sostenibilita-sociale-e-ambientale-ed-economia-civile-una-buona-scelta-per-fare-crescere-imprese-e-paese\/"},"modified":"2019-06-03T09:39:51","modified_gmt":"2019-06-03T09:39:51","slug":"sostenibilita-sociale-e-ambientale-ed-economia-civile-una-buona-scelta-per-fare-crescere-imprese-e-paese","status":"publish","type":"post","link":"https:\/\/www.fondazionepirelli.org\/it\/cultura-dimpresa\/sostenibilita-sociale-e-ambientale-ed-economia-civile-una-buona-scelta-per-fare-crescere-imprese-e-paese\/","title":{"rendered":"Sostenibilit\u00e0 sociale e ambientale ed economia civile: una buona scelta per fare crescere imprese e Paese"},"content":{"rendered":"<p>L\u2019industria \u00e8 <strong>conoscenza<\/strong>. Competenze con solide radici nella tradizione del \u201cbello e ben fatto\u201d e intelligente apertura all\u2019innovazione. E <strong>cultura politecnica<\/strong> che fa sintesi tra scienza, tecnologia e saperi umanistici. La sua competitivit\u00e0, soprattutto in Italia, fa leva sulle capacit\u00e0 di cogliere tempestivamente il cambiamento e di adattarvi produzioni e prodotti, avendo \u201cla qualit\u00e0\u201d come valore distintivo. E, negli sconvolgimenti della globalizzazione pi\u00f9 impetuosa e della crescita delle diseguaglianze sociali e dei gravi rischi ambientali, \u00e8 proprio l\u2019industria, la manifattura innovativa, a poter essere attore protagonista di sostenibilit\u00e0 e inclusione sociale. Ha ragione Paolo Bricco quando scrive che \u201cla <strong>sostenibilit\u00e0<\/strong> \u00e8 la nuova chiave a stella\u201d (<em>Il Sole24Ore<\/em>, 16 febbraio). Era, la \u201c<strong>chiave a stella<\/strong>\u201d, lo strumento essenziale della meccanica, dell\u2019industria, dell\u2019operosit\u00e0 competente, caro a un grande scrittore come Primo Levi (che proprio cos\u00ec intitol\u00f2 uno dei suoi libri di maggior successo, tutto costruito attorno al tecnico Tino Faussone, operaio specializzato nel montaggio di tralicci, ponti e gru). Oggi, dunque, sostenibilit\u00e0 come cardine dell\u2019impresa, fattore di sviluppo, attrezzatura per costruire equilibri sociali ed economici migliori.<\/p>\n<p>\u201cLe sostenibili carte dell\u2019Italia\u201d \u00e8 stato, appunto, il titolo del convegno con cui il Centro Studi Confindustria ha aperto, gioved\u00ec 15, le due giornate delle Assise Generali dell\u2019organizzazione degli imprenditori a Verona, delineando le iniziative in corso in moltissime imprese e gli impegni strategici da sostenere per \u201clo sviluppo inclusivo che riduca le diseguaglianze\u201d e tuteli l\u2019ambiente, considerato appunto come fattore essenziale di migliore qualit\u00e0 della vita e del lavoro e dunque come cardine di buona crescita.<\/p>\n<p>C\u2019\u00e8 un \u201cManifesto sulla <strong>responsabilit\u00e0 sociale d\u2019impresa per l\u2019Industria 4.0<\/strong>\u201d in dieci punti (innovazione, ricerca, formazione, integrit\u00e0 e contrasto alla corruzione, inclusione sociale e di genere, nuove scelte di <em>governance <\/em>aziendale, iniziative per fare crescere la consapevolezza dei maggiori problemi ambientali e sociali che hanno impatto su imprese e territori). E se ne discuter\u00e0 a lungo, coinvolgendo tutti gli <em>stakeholders <\/em>e i decisori politici. \u201cLavorare su un differente modello di sviluppo\u201d, dice in sintesi Rossana Revello, presidente del Gruppo Tecnico confindustriale sulla sostenibilit\u00e0. La \u201cmorale del tornio\u201d, l\u2019idea d\u2019una economia meglio equilibrata, civile, inclusiva, attenta alle persone e ai loro valori, fondata sul senso di responsabilit\u00e0 delle imprese, \u00e8 una strategia su cui vale la pena insistere.<\/p>\n<p>Su questa prospettiva ha molto insistito il presidente di Confindustria Vincenzo Boccia, nelle conclusioni delle Assise, davanti a un vero e proprio \u201cpopolo degli imprenditori\u201d, come hanno scritto i commentatori pi\u00f9 acuti, per dare conto di una platea che non \u00e8 n\u00e9 \u201csalotto buono\u201d n\u00e9 circolo dei \u201cpoteri forti\u201d ma parte essenziale di un\u2019Italia che vuole puntare con forza su crescita e responsabilit\u00e0.<\/p>\n<p>La strategia \u00e8 quella di un \u201c<strong>Piano per l\u2019Italia<\/strong>\u201d, 250 miliardi, in cinque anni ,di investimenti in infrastrutture e innovazione, finanziati anche con gli eurobond e in grado di creare 1,8 milioni di nuovi occupati, portando il Paese verso il 2% di aumento del Pil. E in questo piano la sostenibilit\u00e0 \u00e8 un capitolo fondamentale. Anche per stimolare investimenti, interni e internazionali.<\/p>\n<p>Gli investimenti finanziari in settori e in imprese sostenibili &#8211; documenta il <strong>Centro Studi Confindustri<\/strong>a &#8211; valgono 23mila miliardi (dato 2015), un quarto del monte investimenti totali, e sono in crescita: il 25% in pi\u00f9, rispetto ai due anni precedenti. Il 52,6% di questi investimenti finisce in Europa, manifattura d\u2019alto livello, rapporto stretto tra industrie e territori, mano d\u2019opera di qualit\u00e0, diffusa sensibilit\u00e0 ai temi sociali e dell\u2019ambiente, interesse a costruire paradigmi di sviluppo in questa direzione. \u201cLa societ\u00e0 e il mercato\u201d, secondo un grande storico, Fernand Braudel, sono sempre stati i soggetti d\u2019una netta dicotomia nella nostra storia. Adesso, appunto la sostenibilit\u00e0 pu\u00f2 sanarla.<\/p>\n<p>Sostenibilit\u00e0 come \u201cchiave a stella\u201d di sviluppo anche per gli interessi diretti delle imprese. Le B-Corp, le Benefit Corporation (le imprese che fanno propri i valori della sostenibilit\u00e0 e lo certificano), sono 2.400 in tutto il mondo e il loro numero \u00e8 in aumento. 54 sono le italiane. Beneficiano di maggior attenzione da parte degli investitori, ma anche dei consumatori (lo documenta il Diversity Brand Index, realizzato dall\u2019associazione Diversity e dalla societ\u00e0 di consulenza Focus Management; <em>Corriere della Sera<\/em>, 9 febbraio). Crescono di pi\u00f9 e meglio. Fanno utili anche nel lungo periodo. \u201cOperare con integrit\u00e0 si traduce in migliori performance finanziarie\u201d, sostiene l\u2019Ethisphere Institute, che ogni anni pubblica il <em>World\u2019s Most Ethical Company Report <\/em>e dichiara che le compagnie incluse nella classifica (l\u2019italiana Illy, per esempio) hanno registrato negli ultimi cinque anni performance superiori del 10,7% rispetto all\u2019indice delle societ\u00e0 americane ad alta capitalizzazione.<\/p>\n<p>Le scelte etiche e di sostenibilit\u00e0 fanno bene ai bilanci. Le imprese italiane, da sempre innervate nel territorio e con una robusta sensibilit\u00e0 alle relazioni sociali, ne sono testimoni esemplare. Non solo le grandi, quotate in Borsa e internazionalizzate. Ma anche le piccole e medie, in cui si diffondono strumenti di welfare aziendale e di territorio molto innovativi, si sta attenti alle dimensioni della \u201cfabbrica bella\u201d accogliente, luminosa, sicura, di basso impatto ambientale, si lavora secondo culture di \u201ccomunit\u00e0\u201d e di \u201cinclusione\u201d che affondano le radici della migliore cultura d\u2019impresa elaborata nel lungo corso del Novecento, da Ivrea olivettiana alle Marche, da Milano metropoli accogliente alle aree lombarde, emiliane e venete in cui innovazione e socialit\u00e0 convivono, pur tra conflitti e limiti.<\/p>\n<p>Sostenibilit\u00e0 come scelta di lungo periodo, dunque. Consapevole e aperta. La certificazione dei propri comportamenti da parte di analisti e certificatori indipendenti \u00e8 essenziale. Anche da questo punto di vista le imprese italiane sono avanguardia. Lo documenta il <em><strong>Sustainability Yearbook 2018<\/strong> <\/em>\u00a0di RobecoSAM, la societ\u00e0 che stila ogni anni il <em>Dow Jones Sustainability Index<\/em>, analizzando le performances economico-finanziaria, ambientale e sociale che determinano la sostenibilit\u00e0 aziendale. 2.479 le societ\u00e0 esaminate, in sessanta settori industriali. Quest\u2019anno, tra le 70 migliori,\u00a0 tre societ\u00e0 italiane si sono aggiudicate il riconoscimento <em>Gold Class<\/em>: la Pirelli (al vertice mondiale tra le imprese del settore \u201cauto componente\u201d), la Saipem e la Cnh. La sostenibilit\u00e0 ha un grande valore. E fa crescere. E\u2019, insomma, una impegnativa scelta civile. E anche un buon affare.<\/p>\n","protected":false},"excerpt":{"rendered":"<p>L\u2019industria \u00e8 conoscenza. Competenze con solide radici nella tradizione del \u201cbello e ben fatto\u201d e intelligente apertura all\u2019innovazione. E cultura politecnica che fa sintesi tra scienza, tecnologia e saperi umanistici. La sua competitivit\u00e0, soprattutto in Italia, fa leva sulle capacit\u00e0 di cogliere tempestivamente il cambiamento e di adattarvi produzioni e prodotti, avendo \u201cla qualit\u00e0\u201d come [&hellip;]<\/p>\n","protected":false},"author":1,"featured_media":57155,"comment_status":"open","ping_status":"open","sticky":false,"template":"","format":"standard","meta":{"footnotes":""},"categories":[53,52],"tags":[],"class_list":["post-52560","post","type-post","status-publish","format-standard","has-post-thumbnail","hentry","category-blog","category-cultura-dimpresa"],"acf":[],"yoast_head":"<!-- This site is optimized with the Yoast SEO plugin v25.0 - https:\/\/yoast.com\/wordpress\/plugins\/seo\/ -->\n<title>Sostenibilit\u00e0 sociale e ambientale ed economia civile: una buona scelta per fare crescere imprese e Paese - Fondazione Pirelli<\/title>\n<meta name=\"robots\" content=\"index, follow, max-snippet:-1, max-image-preview:large, max-video-preview:-1\" \/>\n<link rel=\"canonical\" href=\"https:\/\/www.fondazionepirelli.org\/it\/cultura-dimpresa\/sostenibilita-sociale-e-ambientale-ed-economia-civile-una-buona-scelta-per-fare-crescere-imprese-e-paese\/\" \/>\n<meta property=\"og:locale\" content=\"it_IT\" \/>\n<meta property=\"og:type\" content=\"article\" \/>\n<meta property=\"og:title\" content=\"Sostenibilit\u00e0 sociale e ambientale ed economia civile: una buona scelta per fare crescere imprese e Paese - Fondazione Pirelli\" \/>\n<meta property=\"og:description\" content=\"L\u2019industria \u00e8 conoscenza. Competenze con solide radici nella tradizione del \u201cbello e ben fatto\u201d e intelligente apertura all\u2019innovazione. E cultura politecnica che fa sintesi tra scienza, tecnologia e saperi umanistici. La sua competitivit\u00e0, soprattutto in Italia, fa leva sulle capacit\u00e0 di cogliere tempestivamente il cambiamento e di adattarvi produzioni e prodotti, avendo \u201cla qualit\u00e0\u201d come [&hellip;]\" \/>\n<meta property=\"og:url\" content=\"https:\/\/127.0.0.1\/it\/cultura-dimpresa\/sostenibilita-sociale-e-ambientale-ed-economia-civile-una-buona-scelta-per-fare-crescere-imprese-e-paese\/\" \/>\n<meta property=\"og:site_name\" content=\"Fondazione Pirelli\" \/>\n<meta property=\"article:published_time\" content=\"2018-02-20T00:00:00+00:00\" \/>\n<meta property=\"article:modified_time\" content=\"2019-06-03T09:39:51+00:00\" \/>\n<meta property=\"og:image\" content=\"https:\/\/wpsite-assets.fondazionepirelli.org\/wp-content\/uploads\/2018\/02\/03093932\/sostenibilita%CC%80_mondo-e1559554780602.jpg\" \/>\n\t<meta property=\"og:image:width\" content=\"600\" \/>\n\t<meta property=\"og:image:height\" content=\"338\" \/>\n\t<meta property=\"og:image:type\" content=\"image\/jpeg\" \/>\n<meta name=\"author\" content=\"fondadmin\" \/>\n<meta name=\"twitter:card\" content=\"summary_large_image\" \/>\n<meta name=\"twitter:label1\" content=\"Scritto da\" \/>\n\t<meta name=\"twitter:data1\" content=\"fondadmin\" \/>\n\t<meta name=\"twitter:label2\" content=\"Tempo di lettura stimato\" \/>\n\t<meta name=\"twitter:data2\" content=\"5 minuti\" \/>\n<script type=\"application\/ld+json\" class=\"yoast-schema-graph\">{\"@context\":\"https:\/\/schema.org\",\"@graph\":[{\"@type\":\"WebPage\",\"@id\":\"https:\/\/127.0.0.1\/it\/cultura-dimpresa\/sostenibilita-sociale-e-ambientale-ed-economia-civile-una-buona-scelta-per-fare-crescere-imprese-e-paese\/\",\"url\":\"https:\/\/127.0.0.1\/it\/cultura-dimpresa\/sostenibilita-sociale-e-ambientale-ed-economia-civile-una-buona-scelta-per-fare-crescere-imprese-e-paese\/\",\"name\":\"Sostenibilit\u00e0 sociale e ambientale ed economia civile: una buona scelta per fare crescere imprese e Paese - Fondazione Pirelli\",\"isPartOf\":{\"@id\":\"https:\/\/www.fondazionepirelli.org\/it\/#website\"},\"primaryImageOfPage\":{\"@id\":\"https:\/\/127.0.0.1\/it\/cultura-dimpresa\/sostenibilita-sociale-e-ambientale-ed-economia-civile-una-buona-scelta-per-fare-crescere-imprese-e-paese\/#primaryimage\"},\"image\":{\"@id\":\"https:\/\/127.0.0.1\/it\/cultura-dimpresa\/sostenibilita-sociale-e-ambientale-ed-economia-civile-una-buona-scelta-per-fare-crescere-imprese-e-paese\/#primaryimage\"},\"thumbnailUrl\":\"https:\/\/wpsite-assets.fondazionepirelli.org\/wp-content\/uploads\/2018\/02\/03093932\/sostenibilita%CC%80_mondo-e1559554780602.jpg\",\"datePublished\":\"2018-02-20T00:00:00+00:00\",\"dateModified\":\"2019-06-03T09:39:51+00:00\",\"author\":{\"@id\":\"https:\/\/www.fondazionepirelli.org\/it\/#\/schema\/person\/f47d097000832c4a6e54538c791fdf25\"},\"breadcrumb\":{\"@id\":\"https:\/\/127.0.0.1\/it\/cultura-dimpresa\/sostenibilita-sociale-e-ambientale-ed-economia-civile-una-buona-scelta-per-fare-crescere-imprese-e-paese\/#breadcrumb\"},\"inLanguage\":\"it-IT\",\"potentialAction\":[{\"@type\":\"ReadAction\",\"target\":[\"https:\/\/127.0.0.1\/it\/cultura-dimpresa\/sostenibilita-sociale-e-ambientale-ed-economia-civile-una-buona-scelta-per-fare-crescere-imprese-e-paese\/\"]}]},{\"@type\":\"ImageObject\",\"inLanguage\":\"it-IT\",\"@id\":\"https:\/\/127.0.0.1\/it\/cultura-dimpresa\/sostenibilita-sociale-e-ambientale-ed-economia-civile-una-buona-scelta-per-fare-crescere-imprese-e-paese\/#primaryimage\",\"url\":\"https:\/\/wpsite-assets.fondazionepirelli.org\/wp-content\/uploads\/2018\/02\/03093932\/sostenibilita%CC%80_mondo-e1559554780602.jpg\",\"contentUrl\":\"https:\/\/wpsite-assets.fondazionepirelli.org\/wp-content\/uploads\/2018\/02\/03093932\/sostenibilita%CC%80_mondo-e1559554780602.jpg\",\"width\":600,\"height\":338},{\"@type\":\"BreadcrumbList\",\"@id\":\"https:\/\/127.0.0.1\/it\/cultura-dimpresa\/sostenibilita-sociale-e-ambientale-ed-economia-civile-una-buona-scelta-per-fare-crescere-imprese-e-paese\/#breadcrumb\",\"itemListElement\":[{\"@type\":\"ListItem\",\"position\":1,\"name\":\"Home\",\"item\":\"https:\/\/www.fondazionepirelli.org\/it\/\"},{\"@type\":\"ListItem\",\"position\":2,\"name\":\"Sostenibilit\u00e0 sociale e ambientale ed economia civile: una buona scelta per fare crescere imprese e Paese\"}]},{\"@type\":\"WebSite\",\"@id\":\"https:\/\/www.fondazionepirelli.org\/it\/#website\",\"url\":\"https:\/\/www.fondazionepirelli.org\/it\/\",\"name\":\"Fondazione Pirelli\",\"description\":\"\",\"potentialAction\":[{\"@type\":\"SearchAction\",\"target\":{\"@type\":\"EntryPoint\",\"urlTemplate\":\"https:\/\/www.fondazionepirelli.org\/it\/?s={search_term_string}\"},\"query-input\":{\"@type\":\"PropertyValueSpecification\",\"valueRequired\":true,\"valueName\":\"search_term_string\"}}],\"inLanguage\":\"it-IT\"},{\"@type\":\"Person\",\"@id\":\"https:\/\/www.fondazionepirelli.org\/it\/#\/schema\/person\/f47d097000832c4a6e54538c791fdf25\",\"name\":\"fondadmin\",\"image\":{\"@type\":\"ImageObject\",\"inLanguage\":\"it-IT\",\"@id\":\"https:\/\/www.fondazionepirelli.org\/it\/#\/schema\/person\/image\/\",\"url\":\"https:\/\/secure.gravatar.com\/avatar\/e69498a9175ca244966e51e53c88712c024fcebe41f9a05f75657f1bb25e489b?s=96&d=mm&r=g\",\"contentUrl\":\"https:\/\/secure.gravatar.com\/avatar\/e69498a9175ca244966e51e53c88712c024fcebe41f9a05f75657f1bb25e489b?s=96&d=mm&r=g\",\"caption\":\"fondadmin\"},\"url\":\"https:\/\/www.fondazionepirelli.org\/it\/author\/fondadmin\/\"}]}<\/script>\n<!-- \/ Yoast SEO plugin. -->","yoast_head_json":{"title":"Sostenibilit\u00e0 sociale e ambientale ed economia civile: una buona scelta per fare crescere imprese e Paese - Fondazione Pirelli","robots":{"index":"index","follow":"follow","max-snippet":"max-snippet:-1","max-image-preview":"max-image-preview:large","max-video-preview":"max-video-preview:-1"},"canonical":"https:\/\/www.fondazionepirelli.org\/it\/cultura-dimpresa\/sostenibilita-sociale-e-ambientale-ed-economia-civile-una-buona-scelta-per-fare-crescere-imprese-e-paese\/","og_locale":"it_IT","og_type":"article","og_title":"Sostenibilit\u00e0 sociale e ambientale ed economia civile: una buona scelta per fare crescere imprese e Paese - Fondazione Pirelli","og_description":"L\u2019industria \u00e8 conoscenza. Competenze con solide radici nella tradizione del \u201cbello e ben fatto\u201d e intelligente apertura all\u2019innovazione. E cultura politecnica che fa sintesi tra scienza, tecnologia e saperi umanistici. La sua competitivit\u00e0, soprattutto in Italia, fa leva sulle capacit\u00e0 di cogliere tempestivamente il cambiamento e di adattarvi produzioni e prodotti, avendo \u201cla qualit\u00e0\u201d come [&hellip;]","og_url":"https:\/\/127.0.0.1\/it\/cultura-dimpresa\/sostenibilita-sociale-e-ambientale-ed-economia-civile-una-buona-scelta-per-fare-crescere-imprese-e-paese\/","og_site_name":"Fondazione Pirelli","article_published_time":"2018-02-20T00:00:00+00:00","article_modified_time":"2019-06-03T09:39:51+00:00","og_image":[{"width":600,"height":338,"url":"https:\/\/wpsite-assets.fondazionepirelli.org\/wp-content\/uploads\/2018\/02\/03093932\/sostenibilita%CC%80_mondo-e1559554780602.jpg","type":"image\/jpeg"}],"author":"fondadmin","twitter_card":"summary_large_image","twitter_misc":{"Scritto da":"fondadmin","Tempo di lettura stimato":"5 minuti"},"schema":{"@context":"https:\/\/schema.org","@graph":[{"@type":"WebPage","@id":"https:\/\/127.0.0.1\/it\/cultura-dimpresa\/sostenibilita-sociale-e-ambientale-ed-economia-civile-una-buona-scelta-per-fare-crescere-imprese-e-paese\/","url":"https:\/\/127.0.0.1\/it\/cultura-dimpresa\/sostenibilita-sociale-e-ambientale-ed-economia-civile-una-buona-scelta-per-fare-crescere-imprese-e-paese\/","name":"Sostenibilit\u00e0 sociale e ambientale ed economia civile: una buona scelta per fare crescere imprese e Paese - Fondazione Pirelli","isPartOf":{"@id":"https:\/\/www.fondazionepirelli.org\/it\/#website"},"primaryImageOfPage":{"@id":"https:\/\/127.0.0.1\/it\/cultura-dimpresa\/sostenibilita-sociale-e-ambientale-ed-economia-civile-una-buona-scelta-per-fare-crescere-imprese-e-paese\/#primaryimage"},"image":{"@id":"https:\/\/127.0.0.1\/it\/cultura-dimpresa\/sostenibilita-sociale-e-ambientale-ed-economia-civile-una-buona-scelta-per-fare-crescere-imprese-e-paese\/#primaryimage"},"thumbnailUrl":"https:\/\/wpsite-assets.fondazionepirelli.org\/wp-content\/uploads\/2018\/02\/03093932\/sostenibilita%CC%80_mondo-e1559554780602.jpg","datePublished":"2018-02-20T00:00:00+00:00","dateModified":"2019-06-03T09:39:51+00:00","author":{"@id":"https:\/\/www.fondazionepirelli.org\/it\/#\/schema\/person\/f47d097000832c4a6e54538c791fdf25"},"breadcrumb":{"@id":"https:\/\/127.0.0.1\/it\/cultura-dimpresa\/sostenibilita-sociale-e-ambientale-ed-economia-civile-una-buona-scelta-per-fare-crescere-imprese-e-paese\/#breadcrumb"},"inLanguage":"it-IT","potentialAction":[{"@type":"ReadAction","target":["https:\/\/127.0.0.1\/it\/cultura-dimpresa\/sostenibilita-sociale-e-ambientale-ed-economia-civile-una-buona-scelta-per-fare-crescere-imprese-e-paese\/"]}]},{"@type":"ImageObject","inLanguage":"it-IT","@id":"https:\/\/127.0.0.1\/it\/cultura-dimpresa\/sostenibilita-sociale-e-ambientale-ed-economia-civile-una-buona-scelta-per-fare-crescere-imprese-e-paese\/#primaryimage","url":"https:\/\/wpsite-assets.fondazionepirelli.org\/wp-content\/uploads\/2018\/02\/03093932\/sostenibilita%CC%80_mondo-e1559554780602.jpg","contentUrl":"https:\/\/wpsite-assets.fondazionepirelli.org\/wp-content\/uploads\/2018\/02\/03093932\/sostenibilita%CC%80_mondo-e1559554780602.jpg","width":600,"height":338},{"@type":"BreadcrumbList","@id":"https:\/\/127.0.0.1\/it\/cultura-dimpresa\/sostenibilita-sociale-e-ambientale-ed-economia-civile-una-buona-scelta-per-fare-crescere-imprese-e-paese\/#breadcrumb","itemListElement":[{"@type":"ListItem","position":1,"name":"Home","item":"https:\/\/www.fondazionepirelli.org\/it\/"},{"@type":"ListItem","position":2,"name":"Sostenibilit\u00e0 sociale e ambientale ed economia civile: una buona scelta per fare crescere imprese e Paese"}]},{"@type":"WebSite","@id":"https:\/\/www.fondazionepirelli.org\/it\/#website","url":"https:\/\/www.fondazionepirelli.org\/it\/","name":"Fondazione Pirelli","description":"","potentialAction":[{"@type":"SearchAction","target":{"@type":"EntryPoint","urlTemplate":"https:\/\/www.fondazionepirelli.org\/it\/?s={search_term_string}"},"query-input":{"@type":"PropertyValueSpecification","valueRequired":true,"valueName":"search_term_string"}}],"inLanguage":"it-IT"},{"@type":"Person","@id":"https:\/\/www.fondazionepirelli.org\/it\/#\/schema\/person\/f47d097000832c4a6e54538c791fdf25","name":"fondadmin","image":{"@type":"ImageObject","inLanguage":"it-IT","@id":"https:\/\/www.fondazionepirelli.org\/it\/#\/schema\/person\/image\/","url":"https:\/\/secure.gravatar.com\/avatar\/e69498a9175ca244966e51e53c88712c024fcebe41f9a05f75657f1bb25e489b?s=96&d=mm&r=g","contentUrl":"https:\/\/secure.gravatar.com\/avatar\/e69498a9175ca244966e51e53c88712c024fcebe41f9a05f75657f1bb25e489b?s=96&d=mm&r=g","caption":"fondadmin"},"url":"https:\/\/www.fondazionepirelli.org\/it\/author\/fondadmin\/"}]}},"_links":{"self":[{"href":"https:\/\/www.fondazionepirelli.org\/it\/wp-json\/wp\/v2\/posts\/52560\/"}],"collection":[{"href":"https:\/\/www.fondazionepirelli.org\/it\/wp-json\/wp\/v2\/posts\/"}],"about":[{"href":"https:\/\/www.fondazionepirelli.org\/it\/wp-json\/wp\/v2\/types\/post\/"}],"author":[{"embeddable":true,"href":"https:\/\/www.fondazionepirelli.org\/it\/wp-json\/wp\/v2\/users\/1\/"}],"replies":[{"embeddable":true,"href":"https:\/\/www.fondazionepirelli.org\/it\/wp-json\/wp\/v2\/comments\/?post=52560"}],"version-history":[{"count":2,"href":"https:\/\/www.fondazionepirelli.org\/it\/wp-json\/wp\/v2\/posts\/52560\/revisions\/"}],"predecessor-version":[{"id":57157,"href":"https:\/\/www.fondazionepirelli.org\/it\/wp-json\/wp\/v2\/posts\/52560\/revisions\/57157\/"}],"wp:featuredmedia":[{"embeddable":true,"href":"https:\/\/www.fondazionepirelli.org\/it\/wp-json\/wp\/v2\/media\/57155\/"}],"wp:attachment":[{"href":"https:\/\/www.fondazionepirelli.org\/it\/wp-json\/wp\/v2\/media\/?parent=52560"}],"wp:term":[{"taxonomy":"category","embeddable":true,"href":"https:\/\/www.fondazionepirelli.org\/it\/wp-json\/wp\/v2\/categories\/?post=52560"},{"taxonomy":"post_tag","embeddable":true,"href":"https:\/\/www.fondazionepirelli.org\/it\/wp-json\/wp\/v2\/tags\/?post=52560"}],"curies":[{"name":"wp","href":"https:\/\/api.w.org\/{rel}","templated":true}]}}