{"id":52571,"date":"2018-02-13T00:00:00","date_gmt":"2018-02-13T00:00:00","guid":{"rendered":"http:\/\/www.fondazionepirelli.org\/fondazione-pirelli\/viaggio-distruzione-anche-per-le-imprese\/"},"modified":"2019-09-23T10:56:38","modified_gmt":"2019-09-23T08:56:38","slug":"viaggio-distruzione-anche-per-le-imprese","status":"publish","type":"post","link":"https:\/\/www.fondazionepirelli.org\/it\/cultura-dimpresa\/viaggio-distruzione-anche-per-le-imprese\/","title":{"rendered":"Viaggio d\u2019istruzione. Anche per le imprese"},"content":{"rendered":"<p><em>Raccolti in volume i 60 contributi apparsi su il Mulino che raccontano l\u2019Italia di oggi<\/em><\/p>\n<p><strong>\u00a0<\/strong><\/p>\n<p>Un viaggio per capire meglio il luogo dove si vive, si lavora, si produce. Un viaggio fatto oggi, non tanto pensando a quanto \u00e8 accaduto ma a quanto potrebbe accadere. Ed un viaggio che fa bene a tutti, anche a chi si occupa di impresa.<\/p>\n<p>\u00c8 il senso di \u201cViaggio in Italia\u201d, curato da Gianfranco Viesti e Bruno Simili per la rivista il Mulino e riproposto in volume da poche settimane. Raccolta di 60 interventi (apparsi negli ultimi mesi), il \u201cviaggio del Mulino\u201d parte esplicitamente da altri viaggi passati (quello di Goethe di duecento anni fa e quello pi\u00f9 recente di Guido Piovene), ma non ne scimmiotta nulla e, anzi, aggiunge e attualizza un quadro dell\u2019Italia che efficacemente viene riassunto nel sottotitolo della raccolta: \u201cRacconto di un Paese difficile e bellissimo\u201d.<\/p>\n<p>Proprio di racconto si tratta<strong>, <\/strong>composto lungo la Penisola grazie a una straordinaria rete di collaboratori che, il nostro Paese, lo studiano e lo analizzano per mestiere ogni giorno. Quasi istantanee (tutti gli interventi hanno il gran pregio di essere brevi ma non per questo superficiali), che seguono la realt\u00e0 e non uno schema fisso. Ad essere colte, quindi, le realt\u00e0 di grandi citt\u00e0 ma anche di intere regioni, oppure di singole aree geografiche. Per tutte le tappe, l\u2019accento \u00e8 proprio sul racconto e sulla narrazione piuttosto che sul numero. Un accorgimento da non sottovalutare, che i curatori del volume sottolineano spiegando: \u201cVia via che arrivavano le corrispondenze dalle varie citt\u00e0, dalle regioni, dai territori maturava l\u2019impressione che questo viaggio aggiungesse diversi elementi alla comprensione di un\u2019Italia che, paradossalmente, viene descritta con regolarit\u00e0 da grafici e tabelle, con abbondanza di cifre e percentuali, ma che in realt\u00e0 non conosciamo se non in piccola parte. Siamo sommersi di dati e conosciamo cos\u00ec poco quel che succede nel nostro Paese, specie nel nuovo secolo e con la grande crisi\u201d.<\/p>\n<p>Qualit\u00e0 contro sterile quantit\u00e0 dunque. Un approccio alla realt\u00e0 che d\u00e0 i suoi frutti attraverso la narrazione (nella quale i numeri esistono ma non sono prevaricanti), e l\u2019interpretazione che lascia per\u00f2 spazio all\u2019informazione utile per farsi un\u2019idea da soli. Senza trascurare nulla, ma senza dare spazio ai facili entusiasmi cos\u00ec come agli altrettanto facili pessimismi.<\/p>\n<p>\u201cViaggio in Italia\u201d \u00e8 dunque una lettura non solo importante ma affascinante; utile anche per chi \u2013 uomo d\u2019impresa -, deve comprendere il senso dell\u2019organizzazione produttiva alla quale lavora.<\/p><p><strong>Viaggio in Italia<\/strong><\/p>\n<p><strong>Gianfranco Viesti, Bruno Simili (a cura di)<\/strong><\/p>\n<p>Mulino, 2018 (il Mulino n. 6\/2017)<\/p>\n","protected":false},"excerpt":{"rendered":"<p>Raccolti in volume i 60 contributi apparsi su il Mulino che raccontano l\u2019Italia di oggi \u00a0 Un viaggio per capire meglio il luogo dove si vive, si lavora, si produce. Un viaggio fatto oggi, non tanto pensando a quanto \u00e8 accaduto ma a quanto potrebbe accadere. Ed un viaggio che fa bene a tutti, anche [&hellip;]<\/p>\n","protected":false},"author":1,"featured_media":69171,"comment_status":"open","ping_status":"open","sticky":false,"template":"","format":"standard","meta":{"footnotes":""},"categories":[52,58],"tags":[],"class_list":["post-52571","post","type-post","status-publish","format-standard","has-post-thumbnail","hentry","category-cultura-dimpresa","category-recensioni-libri"],"acf":[],"yoast_head":"<!-- This site is optimized with the Yoast SEO plugin v25.0 - https:\/\/yoast.com\/wordpress\/plugins\/seo\/ -->\n<title>Viaggio d\u2019istruzione. Anche per le imprese - Fondazione Pirelli<\/title>\n<meta name=\"robots\" content=\"index, follow, max-snippet:-1, max-image-preview:large, max-video-preview:-1\" \/>\n<link rel=\"canonical\" href=\"https:\/\/www.fondazionepirelli.org\/it\/cultura-dimpresa\/viaggio-distruzione-anche-per-le-imprese\/\" \/>\n<meta property=\"og:locale\" content=\"it_IT\" \/>\n<meta property=\"og:type\" content=\"article\" \/>\n<meta property=\"og:title\" content=\"Viaggio d\u2019istruzione. Anche per le imprese - Fondazione Pirelli\" \/>\n<meta property=\"og:description\" content=\"Raccolti in volume i 60 contributi apparsi su il Mulino che raccontano l\u2019Italia di oggi \u00a0 Un viaggio per capire meglio il luogo dove si vive, si lavora, si produce. Un viaggio fatto oggi, non tanto pensando a quanto \u00e8 accaduto ma a quanto potrebbe accadere. Ed un viaggio che fa bene a tutti, anche [&hellip;]\" \/>\n<meta property=\"og:url\" content=\"https:\/\/www.fondazionepirelli.org\/it\/cultura-dimpresa\/viaggio-distruzione-anche-per-le-imprese\/\" \/>\n<meta property=\"og:site_name\" content=\"Fondazione Pirelli\" \/>\n<meta property=\"article:published_time\" content=\"2018-02-13T00:00:00+00:00\" \/>\n<meta property=\"article:modified_time\" content=\"2019-09-23T08:56:38+00:00\" \/>\n<meta property=\"og:image\" content=\"https:\/\/wpsite-assets.fondazionepirelli.org\/wp-content\/uploads\/2018\/02\/23105449\/viaggio-in-italia.jpg\" \/>\n\t<meta property=\"og:image:width\" content=\"333\" \/>\n\t<meta property=\"og:image:height\" content=\"458\" \/>\n\t<meta property=\"og:image:type\" content=\"image\/jpeg\" \/>\n<meta name=\"author\" content=\"fondadmin\" \/>\n<meta name=\"twitter:card\" content=\"summary_large_image\" \/>\n<meta name=\"twitter:label1\" content=\"Scritto da\" \/>\n\t<meta name=\"twitter:data1\" content=\"fondadmin\" \/>\n\t<meta name=\"twitter:label2\" content=\"Tempo di lettura stimato\" \/>\n\t<meta name=\"twitter:data2\" content=\"2 minuti\" \/>\n<script type=\"application\/ld+json\" class=\"yoast-schema-graph\">{\"@context\":\"https:\/\/schema.org\",\"@graph\":[{\"@type\":\"WebPage\",\"@id\":\"https:\/\/www.fondazionepirelli.org\/it\/cultura-dimpresa\/viaggio-distruzione-anche-per-le-imprese\/\",\"url\":\"https:\/\/www.fondazionepirelli.org\/it\/cultura-dimpresa\/viaggio-distruzione-anche-per-le-imprese\/\",\"name\":\"Viaggio d\u2019istruzione. Anche per le imprese - Fondazione Pirelli\",\"isPartOf\":{\"@id\":\"https:\/\/www.fondazionepirelli.org\/it\/#website\"},\"primaryImageOfPage\":{\"@id\":\"https:\/\/www.fondazionepirelli.org\/it\/cultura-dimpresa\/viaggio-distruzione-anche-per-le-imprese\/#primaryimage\"},\"image\":{\"@id\":\"https:\/\/www.fondazionepirelli.org\/it\/cultura-dimpresa\/viaggio-distruzione-anche-per-le-imprese\/#primaryimage\"},\"thumbnailUrl\":\"https:\/\/wpsite-assets.fondazionepirelli.org\/wp-content\/uploads\/2018\/02\/23105449\/viaggio-in-italia.jpg\",\"datePublished\":\"2018-02-13T00:00:00+00:00\",\"dateModified\":\"2019-09-23T08:56:38+00:00\",\"author\":{\"@id\":\"https:\/\/www.fondazionepirelli.org\/it\/#\/schema\/person\/f47d097000832c4a6e54538c791fdf25\"},\"breadcrumb\":{\"@id\":\"https:\/\/www.fondazionepirelli.org\/it\/cultura-dimpresa\/viaggio-distruzione-anche-per-le-imprese\/#breadcrumb\"},\"inLanguage\":\"it-IT\",\"potentialAction\":[{\"@type\":\"ReadAction\",\"target\":[\"https:\/\/www.fondazionepirelli.org\/it\/cultura-dimpresa\/viaggio-distruzione-anche-per-le-imprese\/\"]}]},{\"@type\":\"ImageObject\",\"inLanguage\":\"it-IT\",\"@id\":\"https:\/\/www.fondazionepirelli.org\/it\/cultura-dimpresa\/viaggio-distruzione-anche-per-le-imprese\/#primaryimage\",\"url\":\"https:\/\/wpsite-assets.fondazionepirelli.org\/wp-content\/uploads\/2018\/02\/23105449\/viaggio-in-italia.jpg\",\"contentUrl\":\"https:\/\/wpsite-assets.fondazionepirelli.org\/wp-content\/uploads\/2018\/02\/23105449\/viaggio-in-italia.jpg\",\"width\":333,\"height\":458},{\"@type\":\"BreadcrumbList\",\"@id\":\"https:\/\/www.fondazionepirelli.org\/it\/cultura-dimpresa\/viaggio-distruzione-anche-per-le-imprese\/#breadcrumb\",\"itemListElement\":[{\"@type\":\"ListItem\",\"position\":1,\"name\":\"Home\",\"item\":\"https:\/\/www.fondazionepirelli.org\/it\/\"},{\"@type\":\"ListItem\",\"position\":2,\"name\":\"Viaggio d\u2019istruzione. Anche per le imprese\"}]},{\"@type\":\"WebSite\",\"@id\":\"https:\/\/www.fondazionepirelli.org\/it\/#website\",\"url\":\"https:\/\/www.fondazionepirelli.org\/it\/\",\"name\":\"Fondazione Pirelli\",\"description\":\"\",\"potentialAction\":[{\"@type\":\"SearchAction\",\"target\":{\"@type\":\"EntryPoint\",\"urlTemplate\":\"https:\/\/www.fondazionepirelli.org\/it\/?s={search_term_string}\"},\"query-input\":{\"@type\":\"PropertyValueSpecification\",\"valueRequired\":true,\"valueName\":\"search_term_string\"}}],\"inLanguage\":\"it-IT\"},{\"@type\":\"Person\",\"@id\":\"https:\/\/www.fondazionepirelli.org\/it\/#\/schema\/person\/f47d097000832c4a6e54538c791fdf25\",\"name\":\"fondadmin\",\"image\":{\"@type\":\"ImageObject\",\"inLanguage\":\"it-IT\",\"@id\":\"https:\/\/www.fondazionepirelli.org\/it\/#\/schema\/person\/image\/\",\"url\":\"https:\/\/secure.gravatar.com\/avatar\/e69498a9175ca244966e51e53c88712c024fcebe41f9a05f75657f1bb25e489b?s=96&d=mm&r=g\",\"contentUrl\":\"https:\/\/secure.gravatar.com\/avatar\/e69498a9175ca244966e51e53c88712c024fcebe41f9a05f75657f1bb25e489b?s=96&d=mm&r=g\",\"caption\":\"fondadmin\"},\"url\":\"https:\/\/www.fondazionepirelli.org\/it\/author\/fondadmin\/\"}]}<\/script>\n<!-- \/ Yoast SEO plugin. -->","yoast_head_json":{"title":"Viaggio d\u2019istruzione. Anche per le imprese - Fondazione Pirelli","robots":{"index":"index","follow":"follow","max-snippet":"max-snippet:-1","max-image-preview":"max-image-preview:large","max-video-preview":"max-video-preview:-1"},"canonical":"https:\/\/www.fondazionepirelli.org\/it\/cultura-dimpresa\/viaggio-distruzione-anche-per-le-imprese\/","og_locale":"it_IT","og_type":"article","og_title":"Viaggio d\u2019istruzione. Anche per le imprese - Fondazione Pirelli","og_description":"Raccolti in volume i 60 contributi apparsi su il Mulino che raccontano l\u2019Italia di oggi \u00a0 Un viaggio per capire meglio il luogo dove si vive, si lavora, si produce. Un viaggio fatto oggi, non tanto pensando a quanto \u00e8 accaduto ma a quanto potrebbe accadere. Ed un viaggio che fa bene a tutti, anche [&hellip;]","og_url":"https:\/\/www.fondazionepirelli.org\/it\/cultura-dimpresa\/viaggio-distruzione-anche-per-le-imprese\/","og_site_name":"Fondazione Pirelli","article_published_time":"2018-02-13T00:00:00+00:00","article_modified_time":"2019-09-23T08:56:38+00:00","og_image":[{"width":333,"height":458,"url":"https:\/\/wpsite-assets.fondazionepirelli.org\/wp-content\/uploads\/2018\/02\/23105449\/viaggio-in-italia.jpg","type":"image\/jpeg"}],"author":"fondadmin","twitter_card":"summary_large_image","twitter_misc":{"Scritto da":"fondadmin","Tempo di lettura stimato":"2 minuti"},"schema":{"@context":"https:\/\/schema.org","@graph":[{"@type":"WebPage","@id":"https:\/\/www.fondazionepirelli.org\/it\/cultura-dimpresa\/viaggio-distruzione-anche-per-le-imprese\/","url":"https:\/\/www.fondazionepirelli.org\/it\/cultura-dimpresa\/viaggio-distruzione-anche-per-le-imprese\/","name":"Viaggio d\u2019istruzione. Anche per le imprese - Fondazione Pirelli","isPartOf":{"@id":"https:\/\/www.fondazionepirelli.org\/it\/#website"},"primaryImageOfPage":{"@id":"https:\/\/www.fondazionepirelli.org\/it\/cultura-dimpresa\/viaggio-distruzione-anche-per-le-imprese\/#primaryimage"},"image":{"@id":"https:\/\/www.fondazionepirelli.org\/it\/cultura-dimpresa\/viaggio-distruzione-anche-per-le-imprese\/#primaryimage"},"thumbnailUrl":"https:\/\/wpsite-assets.fondazionepirelli.org\/wp-content\/uploads\/2018\/02\/23105449\/viaggio-in-italia.jpg","datePublished":"2018-02-13T00:00:00+00:00","dateModified":"2019-09-23T08:56:38+00:00","author":{"@id":"https:\/\/www.fondazionepirelli.org\/it\/#\/schema\/person\/f47d097000832c4a6e54538c791fdf25"},"breadcrumb":{"@id":"https:\/\/www.fondazionepirelli.org\/it\/cultura-dimpresa\/viaggio-distruzione-anche-per-le-imprese\/#breadcrumb"},"inLanguage":"it-IT","potentialAction":[{"@type":"ReadAction","target":["https:\/\/www.fondazionepirelli.org\/it\/cultura-dimpresa\/viaggio-distruzione-anche-per-le-imprese\/"]}]},{"@type":"ImageObject","inLanguage":"it-IT","@id":"https:\/\/www.fondazionepirelli.org\/it\/cultura-dimpresa\/viaggio-distruzione-anche-per-le-imprese\/#primaryimage","url":"https:\/\/wpsite-assets.fondazionepirelli.org\/wp-content\/uploads\/2018\/02\/23105449\/viaggio-in-italia.jpg","contentUrl":"https:\/\/wpsite-assets.fondazionepirelli.org\/wp-content\/uploads\/2018\/02\/23105449\/viaggio-in-italia.jpg","width":333,"height":458},{"@type":"BreadcrumbList","@id":"https:\/\/www.fondazionepirelli.org\/it\/cultura-dimpresa\/viaggio-distruzione-anche-per-le-imprese\/#breadcrumb","itemListElement":[{"@type":"ListItem","position":1,"name":"Home","item":"https:\/\/www.fondazionepirelli.org\/it\/"},{"@type":"ListItem","position":2,"name":"Viaggio d\u2019istruzione. Anche per le imprese"}]},{"@type":"WebSite","@id":"https:\/\/www.fondazionepirelli.org\/it\/#website","url":"https:\/\/www.fondazionepirelli.org\/it\/","name":"Fondazione Pirelli","description":"","potentialAction":[{"@type":"SearchAction","target":{"@type":"EntryPoint","urlTemplate":"https:\/\/www.fondazionepirelli.org\/it\/?s={search_term_string}"},"query-input":{"@type":"PropertyValueSpecification","valueRequired":true,"valueName":"search_term_string"}}],"inLanguage":"it-IT"},{"@type":"Person","@id":"https:\/\/www.fondazionepirelli.org\/it\/#\/schema\/person\/f47d097000832c4a6e54538c791fdf25","name":"fondadmin","image":{"@type":"ImageObject","inLanguage":"it-IT","@id":"https:\/\/www.fondazionepirelli.org\/it\/#\/schema\/person\/image\/","url":"https:\/\/secure.gravatar.com\/avatar\/e69498a9175ca244966e51e53c88712c024fcebe41f9a05f75657f1bb25e489b?s=96&d=mm&r=g","contentUrl":"https:\/\/secure.gravatar.com\/avatar\/e69498a9175ca244966e51e53c88712c024fcebe41f9a05f75657f1bb25e489b?s=96&d=mm&r=g","caption":"fondadmin"},"url":"https:\/\/www.fondazionepirelli.org\/it\/author\/fondadmin\/"}]}},"_links":{"self":[{"href":"https:\/\/www.fondazionepirelli.org\/it\/wp-json\/wp\/v2\/posts\/52571\/"}],"collection":[{"href":"https:\/\/www.fondazionepirelli.org\/it\/wp-json\/wp\/v2\/posts\/"}],"about":[{"href":"https:\/\/www.fondazionepirelli.org\/it\/wp-json\/wp\/v2\/types\/post\/"}],"author":[{"embeddable":true,"href":"https:\/\/www.fondazionepirelli.org\/it\/wp-json\/wp\/v2\/users\/1\/"}],"replies":[{"embeddable":true,"href":"https:\/\/www.fondazionepirelli.org\/it\/wp-json\/wp\/v2\/comments\/?post=52571"}],"version-history":[{"count":3,"href":"https:\/\/www.fondazionepirelli.org\/it\/wp-json\/wp\/v2\/posts\/52571\/revisions\/"}],"predecessor-version":[{"id":69179,"href":"https:\/\/www.fondazionepirelli.org\/it\/wp-json\/wp\/v2\/posts\/52571\/revisions\/69179\/"}],"wp:featuredmedia":[{"embeddable":true,"href":"https:\/\/www.fondazionepirelli.org\/it\/wp-json\/wp\/v2\/media\/69171\/"}],"wp:attachment":[{"href":"https:\/\/www.fondazionepirelli.org\/it\/wp-json\/wp\/v2\/media\/?parent=52571"}],"wp:term":[{"taxonomy":"category","embeddable":true,"href":"https:\/\/www.fondazionepirelli.org\/it\/wp-json\/wp\/v2\/categories\/?post=52571"},{"taxonomy":"post_tag","embeddable":true,"href":"https:\/\/www.fondazionepirelli.org\/it\/wp-json\/wp\/v2\/tags\/?post=52571"}],"curies":[{"name":"wp","href":"https:\/\/api.w.org\/{rel}","templated":true}]}}