{"id":52573,"date":"2018-02-13T00:00:00","date_gmt":"2018-02-13T00:00:00","guid":{"rendered":"http:\/\/www.fondazionepirelli.org\/fondazione-pirelli\/le-clamorose-promesse-elettorali-le-incompetenze-e-il-fallimento-storico-dellidea-della-cuoca-di-lenin\/"},"modified":"2019-05-30T16:40:44","modified_gmt":"2019-05-30T16:40:44","slug":"le-clamorose-promesse-elettorali-le-incompetenze-e-il-fallimento-storico-dellidea-della-cuoca-di-lenin","status":"publish","type":"post","link":"https:\/\/www.fondazionepirelli.org\/it\/cultura-dimpresa\/le-clamorose-promesse-elettorali-le-incompetenze-e-il-fallimento-storico-dellidea-della-cuoca-di-lenin\/","title":{"rendered":"Le clamorose promesse elettorali, le incompetenze e il fallimento storico dell\u2019idea della cuoca di Lenin"},"content":{"rendered":"<p class=\"Corpo\"><span lang=\"IT\">E\u2019 una campagna elettorale segnata da clamorose <strong>promesse<\/strong>, numeri buttati l\u00ec a casaccio, propaganda che fa disinvoltamente leva su pur legittimi stati d\u2019animo di preoccupazione e paura. Ecco quel che c\u2019\u00e8 sotto gli occhi di tutti, in una condizione di discorso pubblico approssimativo e denso di incompetenze. Gli osservatori e i cronisti della politica sanno bene che proprio le campagne elettorali, segnate da affannose ricerche di consenso, non sono mai state tra le pagine migliori della struttura stessa della democrazia liberale. Ma, come sempre, c\u2019\u00e8 modo e modo&#8230; E sta nella responsabilit\u00e0 di chi \u00e8, o pretende di diventare, \u201cclasse dirigente\u201d e forza di governo, non allontanare troppo il piano della propaganda e delle promesse da quello dei programmi di governo concreti e realizzabili. Pena la crisi, nel tempo, del cardine stesso della democrazia: la fiducia.<\/span><\/p>\n<p class=\"Corpo\"><span lang=\"IT\">Ecco due parole chiave: <strong>senso di responsabilit\u00e0<\/strong> e <strong>costruzione di fiducia<\/strong>. Senza, c\u2019\u00e8 solo crisi.<\/span><\/p>\n<p class=\"Corpo\"><span lang=\"IT\">L\u2019<strong>incompetenza<\/strong> di chi vota \u00e8 \u201cl\u2019inevitabile tributo da pagare per avere la democrazia e godere dei suoi vantaggi\u201d, ha ben spiegato un lucido studioso della politica, Angelo Panebianco (\u201cCorriere della Sera\u201d, 18 gennaio). L\u2019incompetenza del votato, invece, \u00e8 \u201cuna iattura\u201d. E\u2019 vero, Lenin aveva teorizzato, al momento della nascita dell\u2019Urss, giusto un secolo fa, che il governo dei Soviet era per sua natura cos\u00ec efficiente e perfetto che avrebbe potuto essere presieduto anche da una cuoca. Ma la storia non gli ha proprio dato ragione. N\u00e9 una cuoca ha mai governato n\u00e9 quel governo ha ben funzionato. Guardarsene, dunque, dall\u2019idea di tornare all\u2019incompetenza della cuoca di Lenin.<\/span><\/p>\n<p class=\"Corpo\"><span lang=\"IT\">Meglio, invece, provare a discutere con intelligenza e lungimiranza sulle questioni economiche vere che ci sono sul tappeto. Sul ruolo dell\u2019Italia in Europa, per esempio, in tempi in cui l\u2019asse tra Francia e Germania prova a ridefinire gli equilibri di guida della Ue, con una strategia a \u201cdue velocit\u00e0\u201d. L\u2019Italia star\u00e0 dentro o si ritrover\u00e0 ai margini? E quali ne sarebbero le conseguenze? Nazionalismi, sovranismi e propaganda anti-euro dove ci portano? <\/span><\/p>\n<p class=\"Corpo\"><span lang=\"IT\">Una delle partite politiche essenziali, in questo scenario, riguarda il debito pubblico da ridurre, come ci chiede giustamente la Commissione Ue (il Pil cresce, ma le politiche di contenimento e rientro dal debito, anche durante un ciclo economico favorevole, non fanno sufficienti passi avanti). E le riforme da avviare o rafforzare: meno spesa pubblica corrente, maggiori investimenti in infrastrutture, innovazione, sviluppo.<\/span><\/p>\n<p class=\"Corpo\"><span lang=\"IT\">Di debito pubblico, per\u00f2, in campagna elettorale si parla pochissimo (nonostante le autorevoli sollecitazioni di Carlo Cottarelli, un economista di rilievo internazionale che conosce bene il tema: ha costituito un \u201c<strong>Osservatorio<\/strong>\u201d all\u2019Universit\u00e0 Cattolica di Milano e ha appena pubblicato \u201cI sette peccati capitali dell\u2019economia italiana\u201d, Feltrinelli: evasione fiscale, corruzione, eccesso di burocrazia, lentezza della giustizia, crollo demografico, divario tra Nord e Sud, difficolt\u00e0 a convivere con l\u2019euro). Ma quel debito \u00e8 un macigno sul futuro, un freno alla crescita, una ferita per il destino delle giovani generazioni.<\/span><\/p>\n<p class=\"Corpo\"><span lang=\"IT\">Non se ne parla, appunto. Abbondano, invece, le promesse di pensioni pi\u00f9 alte e facili (abolendo la riforma Fornero), di redditi di cittadinanza, di finanziamenti e incentivi e di generici e generali tagli di tasse, senza per\u00f2 mai spiegare bene, agli elettori, i costi degli interventi e i modi per trovare le risorse finanziarie per farvi fronte. Forse aumentando il deficit e il debito pubblico?<\/span><\/p>\n<p class=\"Corpo\"><span lang=\"IT\">Si parla poco anche di <strong>impresa<\/strong>, <strong>innovazione<\/strong>, lavoro produttivo, trasformazione digitale della manifattura, anche se \u00e8 proprio dall\u2019impresa che nascono ricchezza e lavoro, non certo dalla sovrabbondanza della spesa pubblica. \u201cL\u2019impresa rimossa dai partiti\u201d, nota Dario Di Vico, che conosce bene attitudini e fragilit\u00e0 delle impese italiane (\u201cCorriere della Sera\u201d, 13 febbraio). E aggiunge: \u201cLa maggiore responsabilit\u00e0 di questa rimozione ricade sui segretari che, confezionando le liste, si sono ben guardati di inserire, in quantit\u00e0 consistente, personalit\u00e0 competenti dell\u2019industria e del lavoro\u201d. Dunque \u201cil tasso di conoscenza dei problemi dell\u2019economia moderna di cui potr\u00e0 godere il prossimo Parlamento si prevede ai minimi storici\u201d. <\/span><\/p>\n<p class=\"Corpo\"><span lang=\"IT\">Scarsa competenza, troppa propaganda. E, di propaganda in propaganda, c\u2019\u00e8 chi propone di abolire il Jobs Act, che ha migliorato il funzionamento del mercato del lavoro e stimolato occupazione. E chi, per \u201cproteggere\u201d le piccole imprese in crisi, parla di \u201cdazi\u201d sulle merci in ingresso sul nostro mercato, senza pensare per\u00f2 ai danni rilevanti per un\u2019industria italiana fortemente orientata all\u2019export e che morirebbe non di concorrenza a basso costo ma di chiusura sul povero mercato nazionale. E c\u2019\u00e8 ancora chi annuncia una \u201ctassa sui robot\u201d, idea bizzarra nata tempo fa da una battuta infelice di Bill Gates, ripresa da un paio di studiosi in vena di popolarit\u00e0 e adesso appunto rilanciata in campagna elettorale e giustamente condannata da Carlo Calenda, competente ministro dello Sviluppo economico: un\u2019idea \u201csuicida\u201d.<\/span><\/p>\n<p class=\"Corpo\"><span lang=\"IT\">L\u2019Italia, per tenere in piedi e rendere <strong>competitiva<\/strong> la sua industria manifatturiera (con tutto il sistema dei servizi collegati) ha bisogno di stimolare, anche fiscalmente, l\u2019innovazione e la trasformazione <span class=\"Nessuno\"><i>digital<\/i><\/span> verso \u201cIndustria4.0\u201d, come stanno facendo da qualche tempo i governi. Altro, appunto, che \u201ctassare robot\u201d (discorso ben diverso \u00e8 affrontare i cambiamenti radicali nel mondo del lavoro, con seri provvedimenti di formazione e sostegno sociale su mercati professionali in trasformazione).<\/span><\/p>\n<p class=\"Corpo\"><span lang=\"IT\">Vanit\u00e0, nel senso di parole vaghe che sfidano l\u2019aria. E incompetenze. Tutto ci\u00f2 di cui l\u2019economia, in tempi di fragile ripresa, non ha alcun bisogno. Confindustria, per riportare al centro dell\u2019attenzione le questioni della crescita economica, pi\u00f9 dinamica e inclusiva, ha convocato, per venerd\u00ec 16, le \u201cAssise Generali\u201d a Verona su temi come \u201cItalia pi\u00f9 semplice ed efficiente; scuola, formazione, lavoro e inclusione dei giovani; investimenti e sostenibilit\u00e0 ambientale e sociale; stimoli all\u2019impresa che cambia; fisco a supporto di investimenti e crescita; Europa come miglior luogo per fare impresa\u201d. Analisi, dati, fatti, progetti. Su cui chiamare i politici a prendere impegni con senso di responsabilit\u00e0, a indicare prospettive. Con chiarezza e, si spera, credibilit\u00e0 e competenza. <\/span><\/p>\n","protected":false},"excerpt":{"rendered":"<p>E\u2019 una campagna elettorale segnata da clamorose promesse, numeri buttati l\u00ec a casaccio, propaganda che fa disinvoltamente leva su pur legittimi stati d\u2019animo di preoccupazione e paura. Ecco quel che c\u2019\u00e8 sotto gli occhi di tutti, in una condizione di discorso pubblico approssimativo e denso di incompetenze. Gli osservatori e i cronisti della politica sanno [&hellip;]<\/p>\n","protected":false},"author":1,"featured_media":57073,"comment_status":"open","ping_status":"open","sticky":false,"template":"","format":"standard","meta":{"footnotes":""},"categories":[53,52],"tags":[],"class_list":["post-52573","post","type-post","status-publish","format-standard","has-post-thumbnail","hentry","category-blog","category-cultura-dimpresa"],"acf":[],"yoast_head":"<!-- This site is optimized with the Yoast SEO plugin v25.0 - https:\/\/yoast.com\/wordpress\/plugins\/seo\/ -->\n<title>Le clamorose promesse elettorali, le incompetenze e il fallimento storico dell\u2019idea della cuoca di Lenin - Fondazione Pirelli<\/title>\n<meta name=\"robots\" content=\"index, follow, max-snippet:-1, max-image-preview:large, max-video-preview:-1\" \/>\n<link rel=\"canonical\" href=\"https:\/\/www.fondazionepirelli.org\/it\/cultura-dimpresa\/le-clamorose-promesse-elettorali-le-incompetenze-e-il-fallimento-storico-dellidea-della-cuoca-di-lenin\/\" \/>\n<meta property=\"og:locale\" content=\"it_IT\" \/>\n<meta property=\"og:type\" content=\"article\" \/>\n<meta property=\"og:title\" content=\"Le clamorose promesse elettorali, le incompetenze e il fallimento storico dell\u2019idea della cuoca di Lenin - Fondazione Pirelli\" \/>\n<meta property=\"og:description\" content=\"E\u2019 una campagna elettorale segnata da clamorose promesse, numeri buttati l\u00ec a casaccio, propaganda che fa disinvoltamente leva su pur legittimi stati d\u2019animo di preoccupazione e paura. Ecco quel che c\u2019\u00e8 sotto gli occhi di tutti, in una condizione di discorso pubblico approssimativo e denso di incompetenze. Gli osservatori e i cronisti della politica sanno [&hellip;]\" \/>\n<meta property=\"og:url\" content=\"https:\/\/www.fondazionepirelli.org\/it\/cultura-dimpresa\/le-clamorose-promesse-elettorali-le-incompetenze-e-il-fallimento-storico-dellidea-della-cuoca-di-lenin\/\" \/>\n<meta property=\"og:site_name\" content=\"Fondazione Pirelli\" \/>\n<meta property=\"article:published_time\" content=\"2018-02-13T00:00:00+00:00\" \/>\n<meta property=\"article:modified_time\" content=\"2019-05-30T16:40:44+00:00\" \/>\n<meta property=\"og:image\" content=\"https:\/\/wpsite-assets.fondazionepirelli.org\/wp-content\/uploads\/2018\/02\/30164027\/propaganda-e1559234435315.jpg\" \/>\n\t<meta property=\"og:image:width\" content=\"600\" \/>\n\t<meta property=\"og:image:height\" content=\"297\" \/>\n\t<meta property=\"og:image:type\" content=\"image\/jpeg\" \/>\n<meta name=\"author\" content=\"fondadmin\" \/>\n<meta name=\"twitter:card\" content=\"summary_large_image\" \/>\n<meta name=\"twitter:label1\" content=\"Scritto da\" \/>\n\t<meta name=\"twitter:data1\" content=\"fondadmin\" \/>\n\t<meta name=\"twitter:label2\" content=\"Tempo di lettura stimato\" \/>\n\t<meta name=\"twitter:data2\" content=\"5 minuti\" \/>\n<script type=\"application\/ld+json\" class=\"yoast-schema-graph\">{\"@context\":\"https:\/\/schema.org\",\"@graph\":[{\"@type\":\"WebPage\",\"@id\":\"https:\/\/www.fondazionepirelli.org\/it\/cultura-dimpresa\/le-clamorose-promesse-elettorali-le-incompetenze-e-il-fallimento-storico-dellidea-della-cuoca-di-lenin\/\",\"url\":\"https:\/\/www.fondazionepirelli.org\/it\/cultura-dimpresa\/le-clamorose-promesse-elettorali-le-incompetenze-e-il-fallimento-storico-dellidea-della-cuoca-di-lenin\/\",\"name\":\"Le clamorose promesse elettorali, le incompetenze e il fallimento storico dell\u2019idea della cuoca di Lenin - Fondazione Pirelli\",\"isPartOf\":{\"@id\":\"https:\/\/www.fondazionepirelli.org\/it\/#website\"},\"primaryImageOfPage\":{\"@id\":\"https:\/\/www.fondazionepirelli.org\/it\/cultura-dimpresa\/le-clamorose-promesse-elettorali-le-incompetenze-e-il-fallimento-storico-dellidea-della-cuoca-di-lenin\/#primaryimage\"},\"image\":{\"@id\":\"https:\/\/www.fondazionepirelli.org\/it\/cultura-dimpresa\/le-clamorose-promesse-elettorali-le-incompetenze-e-il-fallimento-storico-dellidea-della-cuoca-di-lenin\/#primaryimage\"},\"thumbnailUrl\":\"https:\/\/wpsite-assets.fondazionepirelli.org\/wp-content\/uploads\/2018\/02\/30164027\/propaganda-e1559234435315.jpg\",\"datePublished\":\"2018-02-13T00:00:00+00:00\",\"dateModified\":\"2019-05-30T16:40:44+00:00\",\"author\":{\"@id\":\"https:\/\/www.fondazionepirelli.org\/it\/#\/schema\/person\/f47d097000832c4a6e54538c791fdf25\"},\"breadcrumb\":{\"@id\":\"https:\/\/www.fondazionepirelli.org\/it\/cultura-dimpresa\/le-clamorose-promesse-elettorali-le-incompetenze-e-il-fallimento-storico-dellidea-della-cuoca-di-lenin\/#breadcrumb\"},\"inLanguage\":\"it-IT\",\"potentialAction\":[{\"@type\":\"ReadAction\",\"target\":[\"https:\/\/www.fondazionepirelli.org\/it\/cultura-dimpresa\/le-clamorose-promesse-elettorali-le-incompetenze-e-il-fallimento-storico-dellidea-della-cuoca-di-lenin\/\"]}]},{\"@type\":\"ImageObject\",\"inLanguage\":\"it-IT\",\"@id\":\"https:\/\/www.fondazionepirelli.org\/it\/cultura-dimpresa\/le-clamorose-promesse-elettorali-le-incompetenze-e-il-fallimento-storico-dellidea-della-cuoca-di-lenin\/#primaryimage\",\"url\":\"https:\/\/wpsite-assets.fondazionepirelli.org\/wp-content\/uploads\/2018\/02\/30164027\/propaganda-e1559234435315.jpg\",\"contentUrl\":\"https:\/\/wpsite-assets.fondazionepirelli.org\/wp-content\/uploads\/2018\/02\/30164027\/propaganda-e1559234435315.jpg\",\"width\":600,\"height\":297},{\"@type\":\"BreadcrumbList\",\"@id\":\"https:\/\/www.fondazionepirelli.org\/it\/cultura-dimpresa\/le-clamorose-promesse-elettorali-le-incompetenze-e-il-fallimento-storico-dellidea-della-cuoca-di-lenin\/#breadcrumb\",\"itemListElement\":[{\"@type\":\"ListItem\",\"position\":1,\"name\":\"Home\",\"item\":\"https:\/\/www.fondazionepirelli.org\/it\/\"},{\"@type\":\"ListItem\",\"position\":2,\"name\":\"Le clamorose promesse elettorali, le incompetenze e il fallimento storico dell\u2019idea della cuoca di Lenin\"}]},{\"@type\":\"WebSite\",\"@id\":\"https:\/\/www.fondazionepirelli.org\/it\/#website\",\"url\":\"https:\/\/www.fondazionepirelli.org\/it\/\",\"name\":\"Fondazione Pirelli\",\"description\":\"\",\"potentialAction\":[{\"@type\":\"SearchAction\",\"target\":{\"@type\":\"EntryPoint\",\"urlTemplate\":\"https:\/\/www.fondazionepirelli.org\/it\/?s={search_term_string}\"},\"query-input\":{\"@type\":\"PropertyValueSpecification\",\"valueRequired\":true,\"valueName\":\"search_term_string\"}}],\"inLanguage\":\"it-IT\"},{\"@type\":\"Person\",\"@id\":\"https:\/\/www.fondazionepirelli.org\/it\/#\/schema\/person\/f47d097000832c4a6e54538c791fdf25\",\"name\":\"fondadmin\",\"image\":{\"@type\":\"ImageObject\",\"inLanguage\":\"it-IT\",\"@id\":\"https:\/\/www.fondazionepirelli.org\/it\/#\/schema\/person\/image\/\",\"url\":\"https:\/\/secure.gravatar.com\/avatar\/e69498a9175ca244966e51e53c88712c024fcebe41f9a05f75657f1bb25e489b?s=96&d=mm&r=g\",\"contentUrl\":\"https:\/\/secure.gravatar.com\/avatar\/e69498a9175ca244966e51e53c88712c024fcebe41f9a05f75657f1bb25e489b?s=96&d=mm&r=g\",\"caption\":\"fondadmin\"},\"url\":\"https:\/\/www.fondazionepirelli.org\/it\/author\/fondadmin\/\"}]}<\/script>\n<!-- \/ Yoast SEO plugin. -->","yoast_head_json":{"title":"Le clamorose promesse elettorali, le incompetenze e il fallimento storico dell\u2019idea della cuoca di Lenin - Fondazione Pirelli","robots":{"index":"index","follow":"follow","max-snippet":"max-snippet:-1","max-image-preview":"max-image-preview:large","max-video-preview":"max-video-preview:-1"},"canonical":"https:\/\/www.fondazionepirelli.org\/it\/cultura-dimpresa\/le-clamorose-promesse-elettorali-le-incompetenze-e-il-fallimento-storico-dellidea-della-cuoca-di-lenin\/","og_locale":"it_IT","og_type":"article","og_title":"Le clamorose promesse elettorali, le incompetenze e il fallimento storico dell\u2019idea della cuoca di Lenin - Fondazione Pirelli","og_description":"E\u2019 una campagna elettorale segnata da clamorose promesse, numeri buttati l\u00ec a casaccio, propaganda che fa disinvoltamente leva su pur legittimi stati d\u2019animo di preoccupazione e paura. Ecco quel che c\u2019\u00e8 sotto gli occhi di tutti, in una condizione di discorso pubblico approssimativo e denso di incompetenze. Gli osservatori e i cronisti della politica sanno [&hellip;]","og_url":"https:\/\/www.fondazionepirelli.org\/it\/cultura-dimpresa\/le-clamorose-promesse-elettorali-le-incompetenze-e-il-fallimento-storico-dellidea-della-cuoca-di-lenin\/","og_site_name":"Fondazione Pirelli","article_published_time":"2018-02-13T00:00:00+00:00","article_modified_time":"2019-05-30T16:40:44+00:00","og_image":[{"width":600,"height":297,"url":"https:\/\/wpsite-assets.fondazionepirelli.org\/wp-content\/uploads\/2018\/02\/30164027\/propaganda-e1559234435315.jpg","type":"image\/jpeg"}],"author":"fondadmin","twitter_card":"summary_large_image","twitter_misc":{"Scritto da":"fondadmin","Tempo di lettura stimato":"5 minuti"},"schema":{"@context":"https:\/\/schema.org","@graph":[{"@type":"WebPage","@id":"https:\/\/www.fondazionepirelli.org\/it\/cultura-dimpresa\/le-clamorose-promesse-elettorali-le-incompetenze-e-il-fallimento-storico-dellidea-della-cuoca-di-lenin\/","url":"https:\/\/www.fondazionepirelli.org\/it\/cultura-dimpresa\/le-clamorose-promesse-elettorali-le-incompetenze-e-il-fallimento-storico-dellidea-della-cuoca-di-lenin\/","name":"Le clamorose promesse elettorali, le incompetenze e il fallimento storico dell\u2019idea della cuoca di Lenin - Fondazione Pirelli","isPartOf":{"@id":"https:\/\/www.fondazionepirelli.org\/it\/#website"},"primaryImageOfPage":{"@id":"https:\/\/www.fondazionepirelli.org\/it\/cultura-dimpresa\/le-clamorose-promesse-elettorali-le-incompetenze-e-il-fallimento-storico-dellidea-della-cuoca-di-lenin\/#primaryimage"},"image":{"@id":"https:\/\/www.fondazionepirelli.org\/it\/cultura-dimpresa\/le-clamorose-promesse-elettorali-le-incompetenze-e-il-fallimento-storico-dellidea-della-cuoca-di-lenin\/#primaryimage"},"thumbnailUrl":"https:\/\/wpsite-assets.fondazionepirelli.org\/wp-content\/uploads\/2018\/02\/30164027\/propaganda-e1559234435315.jpg","datePublished":"2018-02-13T00:00:00+00:00","dateModified":"2019-05-30T16:40:44+00:00","author":{"@id":"https:\/\/www.fondazionepirelli.org\/it\/#\/schema\/person\/f47d097000832c4a6e54538c791fdf25"},"breadcrumb":{"@id":"https:\/\/www.fondazionepirelli.org\/it\/cultura-dimpresa\/le-clamorose-promesse-elettorali-le-incompetenze-e-il-fallimento-storico-dellidea-della-cuoca-di-lenin\/#breadcrumb"},"inLanguage":"it-IT","potentialAction":[{"@type":"ReadAction","target":["https:\/\/www.fondazionepirelli.org\/it\/cultura-dimpresa\/le-clamorose-promesse-elettorali-le-incompetenze-e-il-fallimento-storico-dellidea-della-cuoca-di-lenin\/"]}]},{"@type":"ImageObject","inLanguage":"it-IT","@id":"https:\/\/www.fondazionepirelli.org\/it\/cultura-dimpresa\/le-clamorose-promesse-elettorali-le-incompetenze-e-il-fallimento-storico-dellidea-della-cuoca-di-lenin\/#primaryimage","url":"https:\/\/wpsite-assets.fondazionepirelli.org\/wp-content\/uploads\/2018\/02\/30164027\/propaganda-e1559234435315.jpg","contentUrl":"https:\/\/wpsite-assets.fondazionepirelli.org\/wp-content\/uploads\/2018\/02\/30164027\/propaganda-e1559234435315.jpg","width":600,"height":297},{"@type":"BreadcrumbList","@id":"https:\/\/www.fondazionepirelli.org\/it\/cultura-dimpresa\/le-clamorose-promesse-elettorali-le-incompetenze-e-il-fallimento-storico-dellidea-della-cuoca-di-lenin\/#breadcrumb","itemListElement":[{"@type":"ListItem","position":1,"name":"Home","item":"https:\/\/www.fondazionepirelli.org\/it\/"},{"@type":"ListItem","position":2,"name":"Le clamorose promesse elettorali, le incompetenze e il fallimento storico dell\u2019idea della cuoca di Lenin"}]},{"@type":"WebSite","@id":"https:\/\/www.fondazionepirelli.org\/it\/#website","url":"https:\/\/www.fondazionepirelli.org\/it\/","name":"Fondazione Pirelli","description":"","potentialAction":[{"@type":"SearchAction","target":{"@type":"EntryPoint","urlTemplate":"https:\/\/www.fondazionepirelli.org\/it\/?s={search_term_string}"},"query-input":{"@type":"PropertyValueSpecification","valueRequired":true,"valueName":"search_term_string"}}],"inLanguage":"it-IT"},{"@type":"Person","@id":"https:\/\/www.fondazionepirelli.org\/it\/#\/schema\/person\/f47d097000832c4a6e54538c791fdf25","name":"fondadmin","image":{"@type":"ImageObject","inLanguage":"it-IT","@id":"https:\/\/www.fondazionepirelli.org\/it\/#\/schema\/person\/image\/","url":"https:\/\/secure.gravatar.com\/avatar\/e69498a9175ca244966e51e53c88712c024fcebe41f9a05f75657f1bb25e489b?s=96&d=mm&r=g","contentUrl":"https:\/\/secure.gravatar.com\/avatar\/e69498a9175ca244966e51e53c88712c024fcebe41f9a05f75657f1bb25e489b?s=96&d=mm&r=g","caption":"fondadmin"},"url":"https:\/\/www.fondazionepirelli.org\/it\/author\/fondadmin\/"}]}},"_links":{"self":[{"href":"https:\/\/www.fondazionepirelli.org\/it\/wp-json\/wp\/v2\/posts\/52573\/"}],"collection":[{"href":"https:\/\/www.fondazionepirelli.org\/it\/wp-json\/wp\/v2\/posts\/"}],"about":[{"href":"https:\/\/www.fondazionepirelli.org\/it\/wp-json\/wp\/v2\/types\/post\/"}],"author":[{"embeddable":true,"href":"https:\/\/www.fondazionepirelli.org\/it\/wp-json\/wp\/v2\/users\/1\/"}],"replies":[{"embeddable":true,"href":"https:\/\/www.fondazionepirelli.org\/it\/wp-json\/wp\/v2\/comments\/?post=52573"}],"version-history":[{"count":3,"href":"https:\/\/www.fondazionepirelli.org\/it\/wp-json\/wp\/v2\/posts\/52573\/revisions\/"}],"predecessor-version":[{"id":57075,"href":"https:\/\/www.fondazionepirelli.org\/it\/wp-json\/wp\/v2\/posts\/52573\/revisions\/57075\/"}],"wp:featuredmedia":[{"embeddable":true,"href":"https:\/\/www.fondazionepirelli.org\/it\/wp-json\/wp\/v2\/media\/57073\/"}],"wp:attachment":[{"href":"https:\/\/www.fondazionepirelli.org\/it\/wp-json\/wp\/v2\/media\/?parent=52573"}],"wp:term":[{"taxonomy":"category","embeddable":true,"href":"https:\/\/www.fondazionepirelli.org\/it\/wp-json\/wp\/v2\/categories\/?post=52573"},{"taxonomy":"post_tag","embeddable":true,"href":"https:\/\/www.fondazionepirelli.org\/it\/wp-json\/wp\/v2\/tags\/?post=52573"}],"curies":[{"name":"wp","href":"https:\/\/api.w.org\/{rel}","templated":true}]}}