{"id":52579,"date":"2018-02-06T00:00:00","date_gmt":"2018-02-06T00:00:00","guid":{"rendered":"http:\/\/www.fondazionepirelli.org\/fondazione-pirelli\/cultura-letteraria-dimpresa\/"},"modified":"2019-10-10T08:59:19","modified_gmt":"2019-10-10T06:59:19","slug":"cultura-letteraria-dimpresa","status":"publish","type":"post","link":"https:\/\/www.fondazionepirelli.org\/it\/cultura-dimpresa\/cultura-letteraria-dimpresa\/","title":{"rendered":"Cultura letteraria d\u2019impresa"},"content":{"rendered":"<p><em>Uno dei pi\u00f9 recenti interventi del Governatore della Banca d\u2019Italia, riesce ad unire economia e letteratura fornendo le linee di una completa cultura del produrre<\/em><\/p>\n<p><strong>\u00a0<\/strong><\/p>\n<p>\u00c8 ormai cosa che circola piuttosto spesso: di fronte alla digitalizzazione sempre pi\u00f9 spinta dell\u2019economia e della produzione, \u00e8 importante non perdere di vista anche ci\u00f2 che \u00e8 altro da queste. Per eccesso, donne e uomini contro macchine e computer. Che non \u00e8 cosa da fare e nemmeno da perseguire, ma che indica quanto sia importante oggi \u2013 anche nelle imprese e pi\u00f9 in generale nelle economie -, guardare agli aspetti umani e creativi dell\u2019attivit\u00e0 produttiva e di tutto quanto ad essa pu\u00f2 essere connesso. Cultura d\u2019impresa a tutto campo, insomma. Fatta anche di responsabilit\u00e0 sociale nei confronti di ci\u00f2 che sta fuori dalle fabbriche e dagli uffici. E fatta anche dalla coesistenza di calcolo e arte, organizzazione e letteratura, conoscenza e tutto tondo.<\/p>\n<p>A questo proposto, \u00e8 una buona lettura quanto detto e scritto da Ignazio Visco (Governatore della Banca d\u2019Italia), in occasione del 35\u00b0 Seminario di Perfezionamento della Scuola per Librai e in particolare sulla domanda: \u201cDove nascono le storie?\u201d.<\/p>\n<p>Visco nel suo \u201cInvestire in conoscenza\u201d scrive da economista e Governatore, ma anche da appassionato lettore. E scrive riuscendo a mettere insieme \u2013 in nemmeno una ventina di pagine -, ragionamenti che legano la buona economia con il buon leggere, la finanza con la letteratura, le necessit\u00e0 impellenti circa la ripresa dello sviluppo con quelle altrettanti impellenti di una cultura umanistica che si va perdendo.<\/p>\n<p>Il racconto del fitto intreccio fra letteratura ed economia \u2013 perch\u00e9 poi di racconto si tratta -, inizia quindi dalla risposta alla domanda su dove nascano le storie (anche in economia) per poi passare al \u201cmondo che cambia e i ritardi dell\u2019Italia\u201d (sintesi del progresso e della posizione del nostro Paese) che finisce con il toccare temi spinosi come quello della natura del capitale umano e delle competenze e quindi della formazione e della scuola; per arrivare a chiedersi dove davvero la nostra societ\u00e0 stia andando. Visco quindi conclude elaborando una risposta. Il percorso giusto \u00e8 quello dell\u2019investire in cultura e conoscenza (a questo proposito viene rilevato un seppur minimo cambiamento positivo). Elementi che non sono per\u00f2 solamente tecnica e calcolo, ma qualcosa di ben pi\u00f9 ampio.<\/p>\n<p>Percorrendo il testo del Governatore fioccano autori disparatissimi, di vario genere e tutti calzanti: Adam Smith e \u00e9mile Zola, Ivan Turgenev e George Eliot e poi ancora Tolstoj, Sraffa, Keynes, Tomasi di Lampedusa, Durrenmatt, Wilder, Omero, Oscar Wilde, Tullio De Mauro e Federico Caff\u00e8, senza contare Dante, Seneca e Socrate. Tutti posti al servizio non dell\u2019economia oppure della letteratura, ma della conoscenza completa.<\/p>\n<p>Colpisce ad un certo punto la citazione di un passo di Durrenmatt sul caso (e quindi indirettamente sul calcolo, anche in economia), tratto da un racconto poliziesco (\u201cLa promessa\u201d di circa 60 anni fa) che dice: \u201cVoi costruite le vostre trame con logica. [\u2026] Con la logica ci si accosta soltanto parzialmente alla verit\u00e0 [\u2026] i fattori di disturbo che si intrufolano nel gioco sono cos\u00ec frequenti che troppo spesso sono unicamente la fortuna professionale e il caso a decidere a nostro favore. O in nostro sfavore. [\u2026] Un fatto non pu\u00f2 \u2018tornare\u2019 come torna un conto, perch\u00e9 noi non conosciamo mai tutti i fattori necessari ma soltanto pochi elementi per lo pi\u00f9 secondari. E ci\u00f2 che \u00e8 casuale, incalcolabile, incommensurabile ha una parte troppo grande\u201d.<\/p>\n<p>Leggere Visco \u00e8 in questo caso \u2013 forse pi\u00f9 che in altri -, una bella esperienza, da fare e rifare.<\/p><p><strong>Investire in conoscenza<\/strong><\/p>\n<p>Ignazio Visco<\/p>\n<p>35\u00b0 Seminario di Perfezionamento della Scuola per Librai su: \u201cTradizione e innovazione in libreria\u201d, Giornata conclusiva: \u201cDove nascono le storie?\u201d<\/p>\n<p>Venezia, Fondazione Cini, 2018<\/p>\n","protected":false},"excerpt":{"rendered":"<p>Uno dei pi\u00f9 recenti interventi del Governatore della Banca d\u2019Italia, riesce ad unire economia e letteratura fornendo le linee di una completa cultura del produrre \u00a0 \u00c8 ormai cosa che circola piuttosto spesso: di fronte alla digitalizzazione sempre pi\u00f9 spinta dell\u2019economia e della produzione, \u00e8 importante non perdere di vista anche ci\u00f2 che \u00e8 altro [&hellip;]<\/p>\n","protected":false},"author":1,"featured_media":0,"comment_status":"open","ping_status":"open","sticky":false,"template":"","format":"standard","meta":{"footnotes":""},"categories":[54,52],"tags":[],"class_list":["post-52579","post","type-post","status-publish","format-standard","hentry","category-approfondimenti","category-cultura-dimpresa"],"acf":[],"yoast_head":"<!-- This site is optimized with the Yoast SEO plugin v25.0 - https:\/\/yoast.com\/wordpress\/plugins\/seo\/ -->\n<title>Cultura letteraria d\u2019impresa - Fondazione Pirelli<\/title>\n<meta name=\"robots\" content=\"index, follow, max-snippet:-1, max-image-preview:large, max-video-preview:-1\" \/>\n<link rel=\"canonical\" href=\"https:\/\/www.fondazionepirelli.org\/it\/cultura-dimpresa\/cultura-letteraria-dimpresa\/\" \/>\n<meta property=\"og:locale\" content=\"it_IT\" \/>\n<meta property=\"og:type\" content=\"article\" \/>\n<meta property=\"og:title\" content=\"Cultura letteraria d\u2019impresa - Fondazione Pirelli\" \/>\n<meta property=\"og:description\" content=\"Uno dei pi\u00f9 recenti interventi del Governatore della Banca d\u2019Italia, riesce ad unire economia e letteratura fornendo le linee di una completa cultura del produrre \u00a0 \u00c8 ormai cosa che circola piuttosto spesso: di fronte alla digitalizzazione sempre pi\u00f9 spinta dell\u2019economia e della produzione, \u00e8 importante non perdere di vista anche ci\u00f2 che \u00e8 altro [&hellip;]\" \/>\n<meta property=\"og:url\" content=\"https:\/\/www.fondazionepirelli.org\/it\/cultura-dimpresa\/cultura-letteraria-dimpresa\/\" \/>\n<meta property=\"og:site_name\" content=\"Fondazione Pirelli\" \/>\n<meta property=\"article:published_time\" content=\"2018-02-06T00:00:00+00:00\" \/>\n<meta property=\"article:modified_time\" content=\"2019-10-10T06:59:19+00:00\" \/>\n<meta name=\"author\" content=\"fondadmin\" \/>\n<meta name=\"twitter:card\" content=\"summary_large_image\" \/>\n<meta name=\"twitter:label1\" content=\"Scritto da\" \/>\n\t<meta name=\"twitter:data1\" content=\"fondadmin\" \/>\n\t<meta name=\"twitter:label2\" content=\"Tempo di lettura stimato\" \/>\n\t<meta name=\"twitter:data2\" content=\"3 minuti\" \/>\n<script type=\"application\/ld+json\" class=\"yoast-schema-graph\">{\"@context\":\"https:\/\/schema.org\",\"@graph\":[{\"@type\":\"WebPage\",\"@id\":\"https:\/\/www.fondazionepirelli.org\/it\/cultura-dimpresa\/cultura-letteraria-dimpresa\/\",\"url\":\"https:\/\/www.fondazionepirelli.org\/it\/cultura-dimpresa\/cultura-letteraria-dimpresa\/\",\"name\":\"Cultura letteraria d\u2019impresa - Fondazione Pirelli\",\"isPartOf\":{\"@id\":\"https:\/\/www.fondazionepirelli.org\/it\/#website\"},\"datePublished\":\"2018-02-06T00:00:00+00:00\",\"dateModified\":\"2019-10-10T06:59:19+00:00\",\"author\":{\"@id\":\"https:\/\/www.fondazionepirelli.org\/it\/#\/schema\/person\/f47d097000832c4a6e54538c791fdf25\"},\"breadcrumb\":{\"@id\":\"https:\/\/www.fondazionepirelli.org\/it\/cultura-dimpresa\/cultura-letteraria-dimpresa\/#breadcrumb\"},\"inLanguage\":\"it-IT\",\"potentialAction\":[{\"@type\":\"ReadAction\",\"target\":[\"https:\/\/www.fondazionepirelli.org\/it\/cultura-dimpresa\/cultura-letteraria-dimpresa\/\"]}]},{\"@type\":\"BreadcrumbList\",\"@id\":\"https:\/\/www.fondazionepirelli.org\/it\/cultura-dimpresa\/cultura-letteraria-dimpresa\/#breadcrumb\",\"itemListElement\":[{\"@type\":\"ListItem\",\"position\":1,\"name\":\"Home\",\"item\":\"https:\/\/www.fondazionepirelli.org\/it\/\"},{\"@type\":\"ListItem\",\"position\":2,\"name\":\"Cultura letteraria d\u2019impresa\"}]},{\"@type\":\"WebSite\",\"@id\":\"https:\/\/www.fondazionepirelli.org\/it\/#website\",\"url\":\"https:\/\/www.fondazionepirelli.org\/it\/\",\"name\":\"Fondazione Pirelli\",\"description\":\"\",\"potentialAction\":[{\"@type\":\"SearchAction\",\"target\":{\"@type\":\"EntryPoint\",\"urlTemplate\":\"https:\/\/www.fondazionepirelli.org\/it\/?s={search_term_string}\"},\"query-input\":{\"@type\":\"PropertyValueSpecification\",\"valueRequired\":true,\"valueName\":\"search_term_string\"}}],\"inLanguage\":\"it-IT\"},{\"@type\":\"Person\",\"@id\":\"https:\/\/www.fondazionepirelli.org\/it\/#\/schema\/person\/f47d097000832c4a6e54538c791fdf25\",\"name\":\"fondadmin\",\"image\":{\"@type\":\"ImageObject\",\"inLanguage\":\"it-IT\",\"@id\":\"https:\/\/www.fondazionepirelli.org\/it\/#\/schema\/person\/image\/\",\"url\":\"https:\/\/secure.gravatar.com\/avatar\/e69498a9175ca244966e51e53c88712c024fcebe41f9a05f75657f1bb25e489b?s=96&d=mm&r=g\",\"contentUrl\":\"https:\/\/secure.gravatar.com\/avatar\/e69498a9175ca244966e51e53c88712c024fcebe41f9a05f75657f1bb25e489b?s=96&d=mm&r=g\",\"caption\":\"fondadmin\"},\"url\":\"https:\/\/www.fondazionepirelli.org\/it\/author\/fondadmin\/\"}]}<\/script>\n<!-- \/ Yoast SEO plugin. -->","yoast_head_json":{"title":"Cultura letteraria d\u2019impresa - Fondazione Pirelli","robots":{"index":"index","follow":"follow","max-snippet":"max-snippet:-1","max-image-preview":"max-image-preview:large","max-video-preview":"max-video-preview:-1"},"canonical":"https:\/\/www.fondazionepirelli.org\/it\/cultura-dimpresa\/cultura-letteraria-dimpresa\/","og_locale":"it_IT","og_type":"article","og_title":"Cultura letteraria d\u2019impresa - Fondazione Pirelli","og_description":"Uno dei pi\u00f9 recenti interventi del Governatore della Banca d\u2019Italia, riesce ad unire economia e letteratura fornendo le linee di una completa cultura del produrre \u00a0 \u00c8 ormai cosa che circola piuttosto spesso: di fronte alla digitalizzazione sempre pi\u00f9 spinta dell\u2019economia e della produzione, \u00e8 importante non perdere di vista anche ci\u00f2 che \u00e8 altro [&hellip;]","og_url":"https:\/\/www.fondazionepirelli.org\/it\/cultura-dimpresa\/cultura-letteraria-dimpresa\/","og_site_name":"Fondazione Pirelli","article_published_time":"2018-02-06T00:00:00+00:00","article_modified_time":"2019-10-10T06:59:19+00:00","author":"fondadmin","twitter_card":"summary_large_image","twitter_misc":{"Scritto da":"fondadmin","Tempo di lettura stimato":"3 minuti"},"schema":{"@context":"https:\/\/schema.org","@graph":[{"@type":"WebPage","@id":"https:\/\/www.fondazionepirelli.org\/it\/cultura-dimpresa\/cultura-letteraria-dimpresa\/","url":"https:\/\/www.fondazionepirelli.org\/it\/cultura-dimpresa\/cultura-letteraria-dimpresa\/","name":"Cultura letteraria d\u2019impresa - Fondazione Pirelli","isPartOf":{"@id":"https:\/\/www.fondazionepirelli.org\/it\/#website"},"datePublished":"2018-02-06T00:00:00+00:00","dateModified":"2019-10-10T06:59:19+00:00","author":{"@id":"https:\/\/www.fondazionepirelli.org\/it\/#\/schema\/person\/f47d097000832c4a6e54538c791fdf25"},"breadcrumb":{"@id":"https:\/\/www.fondazionepirelli.org\/it\/cultura-dimpresa\/cultura-letteraria-dimpresa\/#breadcrumb"},"inLanguage":"it-IT","potentialAction":[{"@type":"ReadAction","target":["https:\/\/www.fondazionepirelli.org\/it\/cultura-dimpresa\/cultura-letteraria-dimpresa\/"]}]},{"@type":"BreadcrumbList","@id":"https:\/\/www.fondazionepirelli.org\/it\/cultura-dimpresa\/cultura-letteraria-dimpresa\/#breadcrumb","itemListElement":[{"@type":"ListItem","position":1,"name":"Home","item":"https:\/\/www.fondazionepirelli.org\/it\/"},{"@type":"ListItem","position":2,"name":"Cultura letteraria d\u2019impresa"}]},{"@type":"WebSite","@id":"https:\/\/www.fondazionepirelli.org\/it\/#website","url":"https:\/\/www.fondazionepirelli.org\/it\/","name":"Fondazione Pirelli","description":"","potentialAction":[{"@type":"SearchAction","target":{"@type":"EntryPoint","urlTemplate":"https:\/\/www.fondazionepirelli.org\/it\/?s={search_term_string}"},"query-input":{"@type":"PropertyValueSpecification","valueRequired":true,"valueName":"search_term_string"}}],"inLanguage":"it-IT"},{"@type":"Person","@id":"https:\/\/www.fondazionepirelli.org\/it\/#\/schema\/person\/f47d097000832c4a6e54538c791fdf25","name":"fondadmin","image":{"@type":"ImageObject","inLanguage":"it-IT","@id":"https:\/\/www.fondazionepirelli.org\/it\/#\/schema\/person\/image\/","url":"https:\/\/secure.gravatar.com\/avatar\/e69498a9175ca244966e51e53c88712c024fcebe41f9a05f75657f1bb25e489b?s=96&d=mm&r=g","contentUrl":"https:\/\/secure.gravatar.com\/avatar\/e69498a9175ca244966e51e53c88712c024fcebe41f9a05f75657f1bb25e489b?s=96&d=mm&r=g","caption":"fondadmin"},"url":"https:\/\/www.fondazionepirelli.org\/it\/author\/fondadmin\/"}]}},"_links":{"self":[{"href":"https:\/\/www.fondazionepirelli.org\/it\/wp-json\/wp\/v2\/posts\/52579\/"}],"collection":[{"href":"https:\/\/www.fondazionepirelli.org\/it\/wp-json\/wp\/v2\/posts\/"}],"about":[{"href":"https:\/\/www.fondazionepirelli.org\/it\/wp-json\/wp\/v2\/types\/post\/"}],"author":[{"embeddable":true,"href":"https:\/\/www.fondazionepirelli.org\/it\/wp-json\/wp\/v2\/users\/1\/"}],"replies":[{"embeddable":true,"href":"https:\/\/www.fondazionepirelli.org\/it\/wp-json\/wp\/v2\/comments\/?post=52579"}],"version-history":[{"count":2,"href":"https:\/\/www.fondazionepirelli.org\/it\/wp-json\/wp\/v2\/posts\/52579\/revisions\/"}],"predecessor-version":[{"id":69753,"href":"https:\/\/www.fondazionepirelli.org\/it\/wp-json\/wp\/v2\/posts\/52579\/revisions\/69753\/"}],"wp:attachment":[{"href":"https:\/\/www.fondazionepirelli.org\/it\/wp-json\/wp\/v2\/media\/?parent=52579"}],"wp:term":[{"taxonomy":"category","embeddable":true,"href":"https:\/\/www.fondazionepirelli.org\/it\/wp-json\/wp\/v2\/categories\/?post=52579"},{"taxonomy":"post_tag","embeddable":true,"href":"https:\/\/www.fondazionepirelli.org\/it\/wp-json\/wp\/v2\/tags\/?post=52579"}],"curies":[{"name":"wp","href":"https:\/\/api.w.org\/{rel}","templated":true}]}}