{"id":52582,"date":"2018-02-06T00:00:00","date_gmt":"2018-02-06T00:00:00","guid":{"rendered":"http:\/\/www.fondazionepirelli.org\/fondazione-pirelli\/metropoli-milano-come-progettare-e-governare-tra-competizione-hi-tech-lavoro-e-solidarieta\/"},"modified":"2019-06-03T09:37:53","modified_gmt":"2019-06-03T09:37:53","slug":"metropoli-milano-come-progettare-e-governare-tra-competizione-hi-tech-lavoro-e-solidarieta","status":"publish","type":"post","link":"https:\/\/www.fondazionepirelli.org\/it\/cultura-dimpresa\/metropoli-milano-come-progettare-e-governare-tra-competizione-hi-tech-lavoro-e-solidarieta\/","title":{"rendered":"Metropoli Milano, come progettare e governare tra competizione hi tech, lavoro e solidariet\u00e0"},"content":{"rendered":"<p class=\"Corpo\"><span lang=\"IT\"><strong>Milano<\/strong>, un futuro da progettare e decidere. Da provare a scrivere. E discutere. Milano come paradigma d\u2019una tendenza internazionale alla prevalenza delle metropoli e delle megalopoli come luoghi centrali dell\u2019innovazione e dello sviluppo economico. Con tutto il carico delle opportunit\u00e0 e dei problemi, tra <span class=\"Nessuno\"><i><strong>smart economy<\/strong>, <\/i><\/span>lavoro in crisi, vecchi e nuovi diritti, competizione accesa e inclusione sociale. Antinomie, conflitti, nuove sfide. Ci sono buoni libri che aiutano a capire meglio. Un buon esempio: \u201cMilano e il secolo delle citt\u00e0\u201d, scritto da <strong>Giuseppe Sala<\/strong>, pubblicato da La nave di Teseo e presentato ieri sera, con gran pubblico, al Piccolo Teatro, in un colloquio con <strong>Ferruccio De Bortoli<\/strong>. Un libro da sindaco. E da persona che sa bene come le metropoli abbiano uno straordinario bisogno di pensiero, di visione, di dibattito sincero. E di governo. In un confronto dialettico tra pubblica amministrazione e soggetti sociali, dall\u2019Assolombarda alle altre imprese dei servizi e ai sindacati, dai centri della cultura, della scienza e dell\u2019universit\u00e0 alla Chiesa ambrosiana.<\/span><\/p>\n<p class=\"Corpo\"><span lang=\"IT\">La Milano di cui si parla \u00e8 una citt\u00e0 aperta, consapevole da sempre che \u201cmilanese \u00e8 chi lavora a Milano\u201d, come nella cultura della responsabilit\u00e0 e dell\u2019accoglienza che risale ai tempi di Ambrogio vescovo. Ed \u00e8 una <strong>citt\u00e0 innovativa<\/strong> e operosa, attenta a mercati e imprese (le porte di Milano hanno sempre avuto una funzione economica: caselli del dazio, luoghi d\u2019ingresso e uscita delle merci). Ma anche <strong>responsabile socialmente<\/strong>. Milano modello? Senza arroganza antipatica, Milano come locomotiva d\u2019un incrocio d\u2019attivit\u00e0 economiche, tra manifattura, servizi, finanza, economia della conoscenza, rilancio delle radici industriali e stimolo alle s<span class=\"Nessuno\"><i>tart up. <\/i><\/span>Un processo che coinvolge una \u201cmegalopoli padana\u201d da venti milioni d\u2019abitanti, da Torino alla via Emilia da Motor Valley, Food Valley e Packaging Valley con industrie, centri di ricerca e universit\u00e0, dalle valli ai piedi delle Alpi alle distese imprenditoriali del Nord Est dopo Brescia e Verona. Una megalopoli tra le pi\u00f9 forti d\u2019Europa. L\u2019orizzonte \u00e8 il 2030, strategie e scelte politiche di lungo periodo. Analogo a quello del dibattito in corso su spazi e funzioni della metropoli negli incontri dell\u2019Advisory Board di Assolombarda, con la partecipazione dei maggiori imprenditori e manager delle grandi imprese italiane e internazionali. <\/span><\/p>\n<p class=\"Corpo\"><span lang=\"IT\">\u201cMilano sta facendo la sua parte. Deve continuare a farla per s\u00e9, mentre il resto d\u2019Italia si accontenta delle ricadute di indotto (che si sono) e di immagine o questo impegno pu\u00f2 rientrare in un disegno politico del Paese?\u201d, si chiede Sala. La risposta \u00e8 ovvia. Ma la sua attuazione \u00e8 tutt\u2019altro che scontata. Se ne riparler\u00e0 dopo le elezioni del 4 marzo.<\/span><\/p>\n<p class=\"Corpo\"><span lang=\"IT\">Certo, Milano andr\u00e0 avanti. Pi\u00f9 debole e fragile, comunque, se non star\u00e0 dentro un disegno di governo generale (e di investimenti pubblici nazionali su infrastrutture, formazione, riforme per l\u2019innovazione, il lavoro, la qualit\u00e0 di funzionamento della pubblica amministrazione).<\/span><\/p>\n<p class=\"Corpo\"><span lang=\"IT\">Sala racconta una Milano efficiente, quella dell\u2019Expo e degli investimenti internazionali che arrivano sempre pi\u00f9 consistenti. E solidale, con gli impegni per le periferie. Attraente (crescono le presenze turistiche, tra tempo libero, cultura e affari), l\u2019unica citt\u00e0 italiana innovativa nell\u2019elenco stilato dal <strong>World Economic Forum<\/strong>. E capace di reggere le sfide internazionali, come quella per la sede dell\u2019Ema (Milano ha presentato a Bruxelles un progetto di qualit\u00e0 e tempestivo, con un luogo, il Grattacielo Pirelli, gi\u00e0 pronto per ospitare gli uffici dell\u2019Agenzia del Farmaco; Amsterdam, premiata dall\u2019estrazione a sorte, invece no, sino alla pessima figura internazionale dei lavori incompiuti e dei rinvii: un capovolgimento dei luoghi comuni, noi efficienti, gli arroganti olandesi pasticcioni e inadempienti).<\/span><\/p>\n<p class=\"Corpo\"><span lang=\"IT\">Milano dunque paradigma. Con tutte le difficolt\u00e0 e le contraddizioni che nessuno nasconde. Come risulta, peraltro, dai racconti del \u201cViaggio in Italia\u201d pubblicati in un numero speciale della rivista \u201cIl Mulino\u201d (di Milano scrive Gabriele Pasqui, urbanista del Politecnico, ma in tanti si confrontano nel bene e nel male con Milano, per descrivere \u201cun Paese plurale, difficile e bellissimo\u201d). E dai saggi pubblicati in <strong>\u201cBrand Milano\u201d<\/strong>, un \u201cAtlante della nuova narrativa identitaria\u201d a cura di Stefano Rolando, promosso dal Comitato Scientifico degli Atenei milanesi e pubblicato da Mimesis. Brand non come marchio e comunicazione, ma come \u201cevoluzione di un grande patrimonio simbolico urbano\u201d, come identit\u00e0 profonda e futuribile, come motore di racconto dello sviluppo.<\/span><\/p>\n<p class=\"Corpo\"><span lang=\"IT\">Si torna cos\u00ec al tema cardine del ruolo delle grandi citt\u00e0. La letteratura politica, economica e sociologica \u00e8 sempre pi\u00f9 ampia e densa di analisi interessanti e di suggerimenti. Si pu\u00f2 fare riferimento all\u2019essenziale saggio mandato in libreria pochi anni fa, nel 2013, da <strong>Benjamin R. Barber<\/strong>, politologo americano di grande influenza, \u201cIf Mayors ruled the World\u201d, Yale University Press, con un un sottotitolo esplicito, \u201cDysfuncional Nations, Rising Cities\u201d. E arrivare a tempi recenti con \u201cThe New Urban Crisis\u201d di Richard Florida, edito da Basic Books: il teorico dell\u2019ascesa della \u201cnuova classe creativa\u201d (un successo editoriale internazionale del 2003) nota adesso che \u201cour cities are increasing inequality, deepening segregation, and failing the middle class\u201d e si chiede come reagire, come cercare cio\u00e8 di attenuare le diseguaglianze, come provare a fare crescere metropoli pi\u00f9 inclusive, migliorando infrastrutture, servizi, accoglienze e cercando di governare le tendenze del mercato immobiliare, le crescenti disparit\u00e0 dei prezzi delle case tra le aree privilegiate dei \u201ccreativi\u201d e quelle, impoverite, dei ceti \u201cal servizio\u201d dei creativi stessi. Con un\u2019idea di fondo: la creativit\u00e0 \u00e8 fondamentale (con tutti i corollari delle libert\u00e0, del dinamismo individuale, dei premi al mercato selettivo e al merito), ma nessuno pu\u00f2 pensare di fare a meno di scelte politiche, urbanistiche, di riequilibrio sociale. Scelte che investono i \u201cMayors\u201d cari a Barber, ma anche gli Stati nazionali e, per quel che ci riguarda, gli organismi politici della Ue. Come e con che miscela tra metropoli ed Europa? Il dibattito \u00e8 aperto. <\/span><\/p>\n<p class=\"Corpo\"><span lang=\"IT\">Sono utili, in questo, le analisi e le indicazioni di <strong>Parag Khanna<\/strong>, ex consigliere di <strong>Obama<\/strong> e analista del Centre on Asia and Globalization di Singapore in \u201cLa rinascita delle Citt\u00e0-Stato\u201d, appena pubblicato in Italia da Fazi: \u201cIl futuro \u00e8 gi\u00e0 qui: entro trent\u2019anni la politica mondiale sar\u00e0 dominata da macro-citt\u00e0, megalopoli influenti e cos\u00ec connesse tra loro da non diversi pi\u00f9 piegare al concetto di confine. Citt\u00e0-Stato efficienti sul modello di quelle antiche, dunque non necessariamente indipendenti ma con un\u2019autonomia tale da potersi impegnare in relazioni globali di cui beneficer\u00e0 tutto il territorio circostante\u201d. Singapore e Dubai, Amburgo e Istanbul, New York e Londra, Barcellona e Milano ne sono esempi. Gi\u00e0, proprio la Barcellona motore economico della Spagna, che non sogna la secessione da Madrid ma una pi\u00f9 dinamica autonomia catalana nel quadro dell\u2019Europa e del Mediterraneo. <\/span><\/p>\n<p class=\"Corpo\"><span lang=\"IT\">Citt\u00e0-Stato \u00e8 una forma di governo, che ricorda le potenti citt\u00e0 rinascimentali italiane, Genova e Venezia, Firenze e appunto Milano, ma anche le ricche citt\u00e0 anseatiche forti di finanza, commerci, porti e cantieri navali, poi finite in crisi nei secoli del trionfo degli Stati nazionali, tra Seicento e avvio del Novecento. Ma, storia a parte, Citt\u00e0-Stato \u00e8 una dimensione economica e sociale con cui fare in modo nuovo i conti, in stagioni di economie globali, interconnessioni spinte ma anche riscoperta dei valori del <span class=\"Nessuno\"><i>genius loci<\/i><\/span> come strumento competitivo, dei territori come distintivit\u00e0 ed esclusivit\u00e0 di prodotti, esperienze, servizi. Lo spiegano bene Carlo Ratti e Matthew Claudel in \u201cLa citt\u00e0 di domani\u201d, Einaudi: \u201cCome le reti stanno cambiando il futuro urbano\u201d.<\/span><\/p>\n<p class=\"Corpo\"><span lang=\"IT\">Viviamo tempi di crisi. E di <strong>metamorfosi<\/strong>. Difficile, immersi nella quotidianit\u00e0 spesso contraddittoria dei flussi economici e sociali, individuare le tendenze e i segni forti del cambiamento. Ma \u00e8 proprio questa la sfida culturale e politica da cogliere: dare un ordine dinamico ai fatti, elaborare prospettive, cercare di definire un \u201csenso\u201d delle scelte politiche ed economiche. Sfida da classe dirigente in senso ampio, da vera e propria <span class=\"Nessuno\"><i>ruling class<\/i><\/span>, che decide e applica le regole. Sfida di responsabilit\u00e0 civile.<\/span><\/p>\n<p class=\"Corpo\"><span lang=\"IT\">Nella storia, da Ambrogio vescovo all\u2019Illuminismo, dal Risorgimento di Cattaneo agli anni Cinquanta e Sessanta del boom economico animato anche da lungimiranti imprenditori e intellettuali visionari (spesso in stretta collaborazione), proprio questo Milano ha fatto, pur non essendo capitale: lasciare segni forti di progresso, coniugare interesse economici e valori sociali, competitivit\u00e0 e solidariet\u00e0. E fornire paradigmi interessanti sia all\u2019Italia che all\u2019Europa. Sono temi di oggi.<\/span><\/p>\n","protected":false},"excerpt":{"rendered":"<p>Milano, un futuro da progettare e decidere. Da provare a scrivere. E discutere. Milano come paradigma d\u2019una tendenza internazionale alla prevalenza delle metropoli e delle megalopoli come luoghi centrali dell\u2019innovazione e dello sviluppo economico. Con tutto il carico delle opportunit\u00e0 e dei problemi, tra smart economy, lavoro in crisi, vecchi e nuovi diritti, competizione accesa [&hellip;]<\/p>\n","protected":false},"author":1,"featured_media":57151,"comment_status":"open","ping_status":"open","sticky":false,"template":"","format":"standard","meta":{"footnotes":""},"categories":[53,52],"tags":[],"class_list":["post-52582","post","type-post","status-publish","format-standard","has-post-thumbnail","hentry","category-blog","category-cultura-dimpresa"],"acf":[],"yoast_head":"<!-- This site is optimized with the Yoast SEO plugin v25.0 - https:\/\/yoast.com\/wordpress\/plugins\/seo\/ -->\n<title>Metropoli Milano, come progettare e governare tra competizione hi tech, lavoro e solidariet\u00e0 - Fondazione Pirelli<\/title>\n<meta name=\"robots\" content=\"index, follow, max-snippet:-1, max-image-preview:large, max-video-preview:-1\" \/>\n<link rel=\"canonical\" href=\"https:\/\/www.fondazionepirelli.org\/it\/cultura-dimpresa\/metropoli-milano-come-progettare-e-governare-tra-competizione-hi-tech-lavoro-e-solidarieta\/\" \/>\n<meta property=\"og:locale\" content=\"it_IT\" \/>\n<meta property=\"og:type\" content=\"article\" \/>\n<meta property=\"og:title\" content=\"Metropoli Milano, come progettare e governare tra competizione hi tech, lavoro e solidariet\u00e0 - Fondazione Pirelli\" \/>\n<meta property=\"og:description\" content=\"Milano, un futuro da progettare e decidere. Da provare a scrivere. E discutere. Milano come paradigma d\u2019una tendenza internazionale alla prevalenza delle metropoli e delle megalopoli come luoghi centrali dell\u2019innovazione e dello sviluppo economico. Con tutto il carico delle opportunit\u00e0 e dei problemi, tra smart economy, lavoro in crisi, vecchi e nuovi diritti, competizione accesa [&hellip;]\" \/>\n<meta property=\"og:url\" content=\"https:\/\/127.0.0.1\/it\/cultura-dimpresa\/metropoli-milano-come-progettare-e-governare-tra-competizione-hi-tech-lavoro-e-solidarieta\/\" \/>\n<meta property=\"og:site_name\" content=\"Fondazione Pirelli\" \/>\n<meta property=\"article:published_time\" content=\"2018-02-06T00:00:00+00:00\" \/>\n<meta property=\"article:modified_time\" content=\"2019-06-03T09:37:53+00:00\" \/>\n<meta property=\"og:image\" content=\"https:\/\/wpsite-assets.fondazionepirelli.org\/wp-content\/uploads\/2018\/02\/03093717\/Piazza-Gae-Aulenti-e1559554658514.jpg\" \/>\n\t<meta property=\"og:image:width\" content=\"600\" \/>\n\t<meta property=\"og:image:height\" content=\"338\" \/>\n\t<meta property=\"og:image:type\" content=\"image\/jpeg\" \/>\n<meta name=\"author\" content=\"fondadmin\" \/>\n<meta name=\"twitter:card\" content=\"summary_large_image\" \/>\n<meta name=\"twitter:label1\" content=\"Scritto da\" \/>\n\t<meta name=\"twitter:data1\" content=\"fondadmin\" \/>\n\t<meta name=\"twitter:label2\" content=\"Tempo di lettura stimato\" \/>\n\t<meta name=\"twitter:data2\" content=\"7 minuti\" \/>\n<script type=\"application\/ld+json\" class=\"yoast-schema-graph\">{\"@context\":\"https:\/\/schema.org\",\"@graph\":[{\"@type\":\"WebPage\",\"@id\":\"https:\/\/127.0.0.1\/it\/cultura-dimpresa\/metropoli-milano-come-progettare-e-governare-tra-competizione-hi-tech-lavoro-e-solidarieta\/\",\"url\":\"https:\/\/127.0.0.1\/it\/cultura-dimpresa\/metropoli-milano-come-progettare-e-governare-tra-competizione-hi-tech-lavoro-e-solidarieta\/\",\"name\":\"Metropoli Milano, come progettare e governare tra competizione hi tech, lavoro e solidariet\u00e0 - Fondazione Pirelli\",\"isPartOf\":{\"@id\":\"https:\/\/www.fondazionepirelli.org\/it\/#website\"},\"primaryImageOfPage\":{\"@id\":\"https:\/\/127.0.0.1\/it\/cultura-dimpresa\/metropoli-milano-come-progettare-e-governare-tra-competizione-hi-tech-lavoro-e-solidarieta\/#primaryimage\"},\"image\":{\"@id\":\"https:\/\/127.0.0.1\/it\/cultura-dimpresa\/metropoli-milano-come-progettare-e-governare-tra-competizione-hi-tech-lavoro-e-solidarieta\/#primaryimage\"},\"thumbnailUrl\":\"https:\/\/wpsite-assets.fondazionepirelli.org\/wp-content\/uploads\/2018\/02\/03093717\/Piazza-Gae-Aulenti-e1559554658514.jpg\",\"datePublished\":\"2018-02-06T00:00:00+00:00\",\"dateModified\":\"2019-06-03T09:37:53+00:00\",\"author\":{\"@id\":\"https:\/\/www.fondazionepirelli.org\/it\/#\/schema\/person\/f47d097000832c4a6e54538c791fdf25\"},\"breadcrumb\":{\"@id\":\"https:\/\/127.0.0.1\/it\/cultura-dimpresa\/metropoli-milano-come-progettare-e-governare-tra-competizione-hi-tech-lavoro-e-solidarieta\/#breadcrumb\"},\"inLanguage\":\"it-IT\",\"potentialAction\":[{\"@type\":\"ReadAction\",\"target\":[\"https:\/\/127.0.0.1\/it\/cultura-dimpresa\/metropoli-milano-come-progettare-e-governare-tra-competizione-hi-tech-lavoro-e-solidarieta\/\"]}]},{\"@type\":\"ImageObject\",\"inLanguage\":\"it-IT\",\"@id\":\"https:\/\/127.0.0.1\/it\/cultura-dimpresa\/metropoli-milano-come-progettare-e-governare-tra-competizione-hi-tech-lavoro-e-solidarieta\/#primaryimage\",\"url\":\"https:\/\/wpsite-assets.fondazionepirelli.org\/wp-content\/uploads\/2018\/02\/03093717\/Piazza-Gae-Aulenti-e1559554658514.jpg\",\"contentUrl\":\"https:\/\/wpsite-assets.fondazionepirelli.org\/wp-content\/uploads\/2018\/02\/03093717\/Piazza-Gae-Aulenti-e1559554658514.jpg\",\"width\":600,\"height\":338},{\"@type\":\"BreadcrumbList\",\"@id\":\"https:\/\/127.0.0.1\/it\/cultura-dimpresa\/metropoli-milano-come-progettare-e-governare-tra-competizione-hi-tech-lavoro-e-solidarieta\/#breadcrumb\",\"itemListElement\":[{\"@type\":\"ListItem\",\"position\":1,\"name\":\"Home\",\"item\":\"https:\/\/www.fondazionepirelli.org\/it\/\"},{\"@type\":\"ListItem\",\"position\":2,\"name\":\"Metropoli Milano, come progettare e governare tra competizione hi tech, lavoro e solidariet\u00e0\"}]},{\"@type\":\"WebSite\",\"@id\":\"https:\/\/www.fondazionepirelli.org\/it\/#website\",\"url\":\"https:\/\/www.fondazionepirelli.org\/it\/\",\"name\":\"Fondazione Pirelli\",\"description\":\"\",\"potentialAction\":[{\"@type\":\"SearchAction\",\"target\":{\"@type\":\"EntryPoint\",\"urlTemplate\":\"https:\/\/www.fondazionepirelli.org\/it\/?s={search_term_string}\"},\"query-input\":{\"@type\":\"PropertyValueSpecification\",\"valueRequired\":true,\"valueName\":\"search_term_string\"}}],\"inLanguage\":\"it-IT\"},{\"@type\":\"Person\",\"@id\":\"https:\/\/www.fondazionepirelli.org\/it\/#\/schema\/person\/f47d097000832c4a6e54538c791fdf25\",\"name\":\"fondadmin\",\"image\":{\"@type\":\"ImageObject\",\"inLanguage\":\"it-IT\",\"@id\":\"https:\/\/www.fondazionepirelli.org\/it\/#\/schema\/person\/image\/\",\"url\":\"https:\/\/secure.gravatar.com\/avatar\/e69498a9175ca244966e51e53c88712c024fcebe41f9a05f75657f1bb25e489b?s=96&d=mm&r=g\",\"contentUrl\":\"https:\/\/secure.gravatar.com\/avatar\/e69498a9175ca244966e51e53c88712c024fcebe41f9a05f75657f1bb25e489b?s=96&d=mm&r=g\",\"caption\":\"fondadmin\"},\"url\":\"https:\/\/www.fondazionepirelli.org\/it\/author\/fondadmin\/\"}]}<\/script>\n<!-- \/ Yoast SEO plugin. -->","yoast_head_json":{"title":"Metropoli Milano, come progettare e governare tra competizione hi tech, lavoro e solidariet\u00e0 - Fondazione Pirelli","robots":{"index":"index","follow":"follow","max-snippet":"max-snippet:-1","max-image-preview":"max-image-preview:large","max-video-preview":"max-video-preview:-1"},"canonical":"https:\/\/www.fondazionepirelli.org\/it\/cultura-dimpresa\/metropoli-milano-come-progettare-e-governare-tra-competizione-hi-tech-lavoro-e-solidarieta\/","og_locale":"it_IT","og_type":"article","og_title":"Metropoli Milano, come progettare e governare tra competizione hi tech, lavoro e solidariet\u00e0 - Fondazione Pirelli","og_description":"Milano, un futuro da progettare e decidere. Da provare a scrivere. E discutere. Milano come paradigma d\u2019una tendenza internazionale alla prevalenza delle metropoli e delle megalopoli come luoghi centrali dell\u2019innovazione e dello sviluppo economico. Con tutto il carico delle opportunit\u00e0 e dei problemi, tra smart economy, lavoro in crisi, vecchi e nuovi diritti, competizione accesa [&hellip;]","og_url":"https:\/\/127.0.0.1\/it\/cultura-dimpresa\/metropoli-milano-come-progettare-e-governare-tra-competizione-hi-tech-lavoro-e-solidarieta\/","og_site_name":"Fondazione Pirelli","article_published_time":"2018-02-06T00:00:00+00:00","article_modified_time":"2019-06-03T09:37:53+00:00","og_image":[{"width":600,"height":338,"url":"https:\/\/wpsite-assets.fondazionepirelli.org\/wp-content\/uploads\/2018\/02\/03093717\/Piazza-Gae-Aulenti-e1559554658514.jpg","type":"image\/jpeg"}],"author":"fondadmin","twitter_card":"summary_large_image","twitter_misc":{"Scritto da":"fondadmin","Tempo di lettura stimato":"7 minuti"},"schema":{"@context":"https:\/\/schema.org","@graph":[{"@type":"WebPage","@id":"https:\/\/127.0.0.1\/it\/cultura-dimpresa\/metropoli-milano-come-progettare-e-governare-tra-competizione-hi-tech-lavoro-e-solidarieta\/","url":"https:\/\/127.0.0.1\/it\/cultura-dimpresa\/metropoli-milano-come-progettare-e-governare-tra-competizione-hi-tech-lavoro-e-solidarieta\/","name":"Metropoli Milano, come progettare e governare tra competizione hi tech, lavoro e solidariet\u00e0 - Fondazione Pirelli","isPartOf":{"@id":"https:\/\/www.fondazionepirelli.org\/it\/#website"},"primaryImageOfPage":{"@id":"https:\/\/127.0.0.1\/it\/cultura-dimpresa\/metropoli-milano-come-progettare-e-governare-tra-competizione-hi-tech-lavoro-e-solidarieta\/#primaryimage"},"image":{"@id":"https:\/\/127.0.0.1\/it\/cultura-dimpresa\/metropoli-milano-come-progettare-e-governare-tra-competizione-hi-tech-lavoro-e-solidarieta\/#primaryimage"},"thumbnailUrl":"https:\/\/wpsite-assets.fondazionepirelli.org\/wp-content\/uploads\/2018\/02\/03093717\/Piazza-Gae-Aulenti-e1559554658514.jpg","datePublished":"2018-02-06T00:00:00+00:00","dateModified":"2019-06-03T09:37:53+00:00","author":{"@id":"https:\/\/www.fondazionepirelli.org\/it\/#\/schema\/person\/f47d097000832c4a6e54538c791fdf25"},"breadcrumb":{"@id":"https:\/\/127.0.0.1\/it\/cultura-dimpresa\/metropoli-milano-come-progettare-e-governare-tra-competizione-hi-tech-lavoro-e-solidarieta\/#breadcrumb"},"inLanguage":"it-IT","potentialAction":[{"@type":"ReadAction","target":["https:\/\/127.0.0.1\/it\/cultura-dimpresa\/metropoli-milano-come-progettare-e-governare-tra-competizione-hi-tech-lavoro-e-solidarieta\/"]}]},{"@type":"ImageObject","inLanguage":"it-IT","@id":"https:\/\/127.0.0.1\/it\/cultura-dimpresa\/metropoli-milano-come-progettare-e-governare-tra-competizione-hi-tech-lavoro-e-solidarieta\/#primaryimage","url":"https:\/\/wpsite-assets.fondazionepirelli.org\/wp-content\/uploads\/2018\/02\/03093717\/Piazza-Gae-Aulenti-e1559554658514.jpg","contentUrl":"https:\/\/wpsite-assets.fondazionepirelli.org\/wp-content\/uploads\/2018\/02\/03093717\/Piazza-Gae-Aulenti-e1559554658514.jpg","width":600,"height":338},{"@type":"BreadcrumbList","@id":"https:\/\/127.0.0.1\/it\/cultura-dimpresa\/metropoli-milano-come-progettare-e-governare-tra-competizione-hi-tech-lavoro-e-solidarieta\/#breadcrumb","itemListElement":[{"@type":"ListItem","position":1,"name":"Home","item":"https:\/\/www.fondazionepirelli.org\/it\/"},{"@type":"ListItem","position":2,"name":"Metropoli Milano, come progettare e governare tra competizione hi tech, lavoro e solidariet\u00e0"}]},{"@type":"WebSite","@id":"https:\/\/www.fondazionepirelli.org\/it\/#website","url":"https:\/\/www.fondazionepirelli.org\/it\/","name":"Fondazione Pirelli","description":"","potentialAction":[{"@type":"SearchAction","target":{"@type":"EntryPoint","urlTemplate":"https:\/\/www.fondazionepirelli.org\/it\/?s={search_term_string}"},"query-input":{"@type":"PropertyValueSpecification","valueRequired":true,"valueName":"search_term_string"}}],"inLanguage":"it-IT"},{"@type":"Person","@id":"https:\/\/www.fondazionepirelli.org\/it\/#\/schema\/person\/f47d097000832c4a6e54538c791fdf25","name":"fondadmin","image":{"@type":"ImageObject","inLanguage":"it-IT","@id":"https:\/\/www.fondazionepirelli.org\/it\/#\/schema\/person\/image\/","url":"https:\/\/secure.gravatar.com\/avatar\/e69498a9175ca244966e51e53c88712c024fcebe41f9a05f75657f1bb25e489b?s=96&d=mm&r=g","contentUrl":"https:\/\/secure.gravatar.com\/avatar\/e69498a9175ca244966e51e53c88712c024fcebe41f9a05f75657f1bb25e489b?s=96&d=mm&r=g","caption":"fondadmin"},"url":"https:\/\/www.fondazionepirelli.org\/it\/author\/fondadmin\/"}]}},"_links":{"self":[{"href":"https:\/\/www.fondazionepirelli.org\/it\/wp-json\/wp\/v2\/posts\/52582\/"}],"collection":[{"href":"https:\/\/www.fondazionepirelli.org\/it\/wp-json\/wp\/v2\/posts\/"}],"about":[{"href":"https:\/\/www.fondazionepirelli.org\/it\/wp-json\/wp\/v2\/types\/post\/"}],"author":[{"embeddable":true,"href":"https:\/\/www.fondazionepirelli.org\/it\/wp-json\/wp\/v2\/users\/1\/"}],"replies":[{"embeddable":true,"href":"https:\/\/www.fondazionepirelli.org\/it\/wp-json\/wp\/v2\/comments\/?post=52582"}],"version-history":[{"count":2,"href":"https:\/\/www.fondazionepirelli.org\/it\/wp-json\/wp\/v2\/posts\/52582\/revisions\/"}],"predecessor-version":[{"id":57153,"href":"https:\/\/www.fondazionepirelli.org\/it\/wp-json\/wp\/v2\/posts\/52582\/revisions\/57153\/"}],"wp:featuredmedia":[{"embeddable":true,"href":"https:\/\/www.fondazionepirelli.org\/it\/wp-json\/wp\/v2\/media\/57151\/"}],"wp:attachment":[{"href":"https:\/\/www.fondazionepirelli.org\/it\/wp-json\/wp\/v2\/media\/?parent=52582"}],"wp:term":[{"taxonomy":"category","embeddable":true,"href":"https:\/\/www.fondazionepirelli.org\/it\/wp-json\/wp\/v2\/categories\/?post=52582"},{"taxonomy":"post_tag","embeddable":true,"href":"https:\/\/www.fondazionepirelli.org\/it\/wp-json\/wp\/v2\/tags\/?post=52582"}],"curies":[{"name":"wp","href":"https:\/\/api.w.org\/{rel}","templated":true}]}}