{"id":52598,"date":"2018-01-23T00:00:00","date_gmt":"2018-01-23T00:00:00","guid":{"rendered":"http:\/\/www.fondazionepirelli.org\/fondazione-pirelli\/cultura-digitale-nelle-scuole-le-proposte-di-riforma-e-il-bisogno-di-conoscenza-critica-e-responsabile\/"},"modified":"2019-09-23T12:39:08","modified_gmt":"2019-09-23T10:39:08","slug":"cultura-digitale-nelle-scuole-le-proposte-di-riforma-e-il-bisogno-di-conoscenza-critica-e-responsabile","status":"publish","type":"post","link":"https:\/\/www.fondazionepirelli.org\/it\/cultura-dimpresa\/cultura-digitale-nelle-scuole-le-proposte-di-riforma-e-il-bisogno-di-conoscenza-critica-e-responsabile\/","title":{"rendered":"Cultura digitale nelle scuole, le proposte di riforma e il bisogno di conoscenza critica e responsabile"},"content":{"rendered":"<p>Un decalogo del Ministero dell\u2019Istruzione sull\u2019uso dei<strong> telefonini in classe,<\/strong> come strumento didattico, appena arrivato nelle scuole italiane. E una discussione molto partecipata sulla necessit\u00e0 di migliorare, appunto nelle scuole, la conoscenza del mondo <strong>digitale<\/strong>, sino alla proposta di creare un vero e proprio \u201c<strong>liceo di cultura digitale<\/strong>\u201d. Sono temi chiave per lo sviluppo economico del Paese, ma anche e forse soprattutto per il sistema di relazioni culturali e sociali, per l\u2019informazione e, perch\u00e9 no?, per la stessa tenuta di lungo periodo della nostra democrazia.<\/p>\n<p>Opportuno dibattito, dunque. Cui d\u00e0 un contributo essenziale <strong>Francesco Profumo<\/strong>, ex ministro della Pubblica Istruzione, dell\u2019Universit\u00e0 e della Ricerca (ma anche ex presidente del Cnr ed ex rettore del Politecnico di Torino e adesso presidente della Fondazione San Paolo, una delle pi\u00f9 prestigiose istituzioni culturali e sociali italiane).<\/p>\n<p>In un articolo su \u201cAvvenire\u201d (19 gennaio), intervenendo in un dibattito avviato dal quotidiano della Conferenza Episcopale, il professor Profumo giudica positiva l\u2019idea del \u201cliceo della cultura digitale\u201d, insiste su una riforma del sistema formativo che ancora troppo risente dei canoni dell\u2019educazione formulati negli anni Venti del Novecento dal ministro Giovanni Gentile e ispirati da idealismo e storicismo crociano e guarda alle prospettive del mercato del lavoro nei suoi aspetti qualitativi e quantitativi: un lavoro \u201cche non \u00e8 solo funzione del cambiamento tecnologico, ma \u00e8 influenzato anche da un insieme di altre variabili, quali la sostenibilit\u00e0 ambientale, la globalizzazione, il cambiamento demografico, l\u2019aumento delle diseguaglianze, l\u2019incertezza del quadro politico\u201d.<\/p>\n<p>Tutte questioni che chiedono nuovi metodi di insegnamento e apprendimento e nuovi programmi: \u201cDiventa fondamentale alfabetizzarsi e sviluppare le conoscenze e competenze digitali non solo attraverso l\u2019utilizzo di modalit\u00e0 informali, ma anche attraverso l\u2019utilizzo di metodologie formali, da acquisire in ambito scolastico e attraverso esperienze di alternanza scuola-lavoro\u201d. Forse, appunto, \u201cun liceo digitale\u201d. O fors\u2019anche &#8211; val la pena aggiungere &#8211; un impegno robusto di cultura digitale in tutte le strutture scolastiche, dalla scuola dell\u2019obbligo alle tante e diverse scuole superiori.<\/p>\n<p>Il \u201cdecalogo\u201d del ministero \u00e8 utile, anche se parziale. Vale la pena pensare, pi\u00f9 ambiziosamente, a una \u201ceducazione digitale responsabile\u201d (Pierangelo Soldavini, \u201cIl Sole24Ore\u201d, 21 gennaio) e quadrare all\u2019uso di telefonini e tablet come strumenti d\u2019apprendimento di cui avere chiari anche limiti e potenzialit\u00e0. Dante, Petrarca e la geografia on line? Perch\u00e9 no? Purch\u00e9 non si perda la dimensione delle studio come impegno serio, ricerca, responsabilit\u00e0, senza cadere vittime d\u2019un modo banalizzato nella sua sola dimensione ludica.<\/p>\n<p>Siamo infatti di fronte a culture e mestieri che cambiano. Profumo ha proprio ragione. Servono conoscenze migliori. Non tanto competenze, che si acquisiscono nel corso del tempo, sapendo bene quanto sia e sar\u00e0 sempre pi\u00f9 diffuso il bisogno di formazione permanente, d\u2019un <strong><em>long life learnig<\/em><\/strong>. Quanto, appunto, conoscenze. E capacit\u00e0 di ragionamento critico. Un metodo, molto pi\u00f9 che una tecnica. Una capacit\u00e0 di entrare criticamente nel merito delle questioni: \u201cAdess ghe capissarem on quaicoss:\u00a0 andemm a guardagh denter\u201d, c\u2019\u00e8 scritto sulla parte d\u2019ingresso della Fondazione Pirelli, per capire qualcosa \u201cguardiamo dentro\u201d una macchina, un processo, una tecnologia, secondo la battuta attribuita all\u2019ingegner Luigi Emanueli, scienziato e uomo d\u2019impresa nei primi decenni del Novecento, stagione d\u2019impetuosa crescita Pirelli, eccellenza <em>hi tech <\/em>e sofisticata \u201ccivilt\u00e0 delle macchine\u201d.<\/p>\n<p>Il merito critico delle questioni. Proprio quel metodo che la cultura scientifica del Novecento ci ha lasciato in eredit\u00e0: l\u2019abitudine alla \u201cfalsificazione\u201d cara a Karl Popper e alla sua \u201csociet\u00e0 aperta\u201d (provare sempre a smentire un\u2019acquisizione scientifica, cercare nuovi dati e fare nuovi esperimenti per verificarne meglio fondatezza e infondatezza e poi andare avanti), la consapevolezza che la scienza sia una condizione in evoluzione, in cui nulla \u00e8 dato per sempre. Ne \u00e8 attualissima testimonianza anche il dibattito, spesso aspro e tagliente, nella prima met\u00e0 del Novecento tra Niels Bohr e Albert Einstein sui fondamenti della fisica quantistica, la relativit\u00e0, la casualit\u00e0, il \u201cprincipio di indeterminazione\u201d e sulle questioni scientifiche ed etiche (lo racconta bene Gabriella Greison in \u201cL\u2019incredibile cena dei fisici quantistici\u201d, Salani).<\/p>\n<p>La critica, dunque. Secondo la lezione di Kant. Sapendo che tra le caratteristiche del mondo digitale c\u2019\u00e8 il costante cambiamento che riguarda relazioni, materiali, tecnologie, ambienti, abitudini di vita e lavoro. Che investe il mondo digitale stesso. E, proprio adesso, non soltanto le sue logiche ma anche la sua stessa \u201caccettabilit\u00e0\u201d, la sua legittimazione sociale.<\/p>\n<p>\u201cIl mondo nuovo della Silicon Valley che spaventa tutta l\u2019America\u201d, ha raccontato su \u201cla Repubblica\u201d (15 gennaio) Enrico Moretti, economista alla University of California (il suo libro pi\u00f9 noto \u00e8 \u201cLa nuova economia del lavoro\u201d, Mondadori), documentando come l\u2019universo <em>hi tech<\/em>, innovativo, globale, cosmopolita, colto, <em>liberal<\/em>, di alto reddito ed elevata sensibilit\u00e0 per l\u2019ambiente e i diritti civili, sia sempre pi\u00f9 inviso, negli Usa, non solo all\u2019opinione pubblica della destra rappresentata da Trump ma anche ad ambienti di sinistra, democratici, che temono violazioni della privacy, disinformazione da <em>fake news<\/em> senza argini sufficienti e abuso di posizione dominante dei colossi digitali ai danni dei consumatori. Le recenti rivelazioni sulla vulnerabilit\u00e0 dei sistemi informatici e sulle speculazioni finanziarie collegate hanno peggiorato il quadro.<\/p>\n<p>Che il sistema dei valori e della fiducia nel mondo <em>digital<\/em> sia in crisi lo conferma anche la copertina di \u201cThe Economist\u201d nell\u2019ultimo numero in edicola. \u201cTaming the titans\u201d, dice il titolo, su un inquietante fondo rosso cupo animato da tre mostri d\u2019acciaio con i simboli di Amazon, Facebook e Google. Un avvertimento a neutralizzare o rendere inoffensivi quei giganti: \u201cCome possono essere controllati?\u201d.<\/p>\n<p>&Egrave; un ribaltamento di senso e consenso che fa molto riflettere. L\u2019opposizione non pu\u00f2 essere fatta alla Trump, populista e \u201cluddista\u201d.<\/p>\n<p>Il mondo <em>digital<\/em> \u00e8 la nostra realt\u00e0, nelle attivit\u00e0 produttive, nei movimenti, nei rapporti interpersonali, nella salvaguardia dell\u2019ambiente e nella costruzione e gestione di pi\u00f9 abitabili <em>smart city<\/em>. Con processi positivi. E radicali miglioramenti della qualit\u00e0 di vita e lavoro.\u00a0 Dunque serve pi\u00f9 cultura critica, una sapiente attitudine a capirne e governarne i processi e le prospettive. A partire dalla scuola, appunto. I nativi digitali e cio\u00e8 i nostri figli e nipoti non possono che esserne sempre pi\u00f9 gli attori consapevoli.<\/p>\n","protected":false},"excerpt":{"rendered":"<p>Un decalogo del Ministero dell\u2019Istruzione sull\u2019uso dei telefonini in classe, come strumento didattico, appena arrivato nelle scuole italiane. E una discussione molto partecipata sulla necessit\u00e0 di migliorare, appunto nelle scuole, la conoscenza del mondo digitale, sino alla proposta di creare un vero e proprio \u201cliceo di cultura digitale\u201d. Sono temi chiave per lo sviluppo economico [&hellip;]<\/p>\n","protected":false},"author":1,"featured_media":57129,"comment_status":"open","ping_status":"open","sticky":false,"template":"","format":"standard","meta":{"footnotes":""},"categories":[53,52],"tags":[],"class_list":["post-52598","post","type-post","status-publish","format-standard","has-post-thumbnail","hentry","category-blog","category-cultura-dimpresa"],"acf":[],"yoast_head":"<!-- This site is optimized with the Yoast SEO plugin v25.0 - https:\/\/yoast.com\/wordpress\/plugins\/seo\/ -->\n<title>Cultura digitale nelle scuole, le proposte di riforma e il bisogno di conoscenza critica e responsabile - Fondazione Pirelli<\/title>\n<meta name=\"robots\" content=\"index, follow, max-snippet:-1, max-image-preview:large, max-video-preview:-1\" \/>\n<link rel=\"canonical\" href=\"https:\/\/www.fondazionepirelli.org\/it\/cultura-dimpresa\/cultura-digitale-nelle-scuole-le-proposte-di-riforma-e-il-bisogno-di-conoscenza-critica-e-responsabile\/\" \/>\n<meta property=\"og:locale\" content=\"it_IT\" \/>\n<meta property=\"og:type\" content=\"article\" \/>\n<meta property=\"og:title\" content=\"Cultura digitale nelle scuole, le proposte di riforma e il bisogno di conoscenza critica e responsabile - Fondazione Pirelli\" \/>\n<meta property=\"og:description\" content=\"Un decalogo del Ministero dell\u2019Istruzione sull\u2019uso dei telefonini in classe, come strumento didattico, appena arrivato nelle scuole italiane. E una discussione molto partecipata sulla necessit\u00e0 di migliorare, appunto nelle scuole, la conoscenza del mondo digitale, sino alla proposta di creare un vero e proprio \u201cliceo di cultura digitale\u201d. Sono temi chiave per lo sviluppo economico [&hellip;]\" \/>\n<meta property=\"og:url\" content=\"https:\/\/127.0.0.1\/it\/cultura-dimpresa\/cultura-digitale-nelle-scuole-le-proposte-di-riforma-e-il-bisogno-di-conoscenza-critica-e-responsabile\/\" \/>\n<meta property=\"og:site_name\" content=\"Fondazione Pirelli\" \/>\n<meta property=\"article:published_time\" content=\"2018-01-23T00:00:00+00:00\" \/>\n<meta property=\"article:modified_time\" content=\"2019-09-23T10:39:08+00:00\" \/>\n<meta property=\"og:image\" content=\"https:\/\/wpsite-assets.fondazionepirelli.org\/wp-content\/uploads\/2018\/01\/03082024\/EBOOK-e1559550047105.jpg\" \/>\n\t<meta property=\"og:image:width\" content=\"600\" \/>\n\t<meta property=\"og:image:height\" content=\"400\" \/>\n\t<meta property=\"og:image:type\" content=\"image\/jpeg\" \/>\n<meta name=\"author\" content=\"fondadmin\" \/>\n<meta name=\"twitter:card\" content=\"summary_large_image\" \/>\n<meta name=\"twitter:label1\" content=\"Scritto da\" \/>\n\t<meta name=\"twitter:data1\" content=\"fondadmin\" \/>\n\t<meta name=\"twitter:label2\" content=\"Tempo di lettura stimato\" \/>\n\t<meta name=\"twitter:data2\" content=\"5 minuti\" \/>\n<script type=\"application\/ld+json\" class=\"yoast-schema-graph\">{\"@context\":\"https:\/\/schema.org\",\"@graph\":[{\"@type\":\"WebPage\",\"@id\":\"https:\/\/127.0.0.1\/it\/cultura-dimpresa\/cultura-digitale-nelle-scuole-le-proposte-di-riforma-e-il-bisogno-di-conoscenza-critica-e-responsabile\/\",\"url\":\"https:\/\/127.0.0.1\/it\/cultura-dimpresa\/cultura-digitale-nelle-scuole-le-proposte-di-riforma-e-il-bisogno-di-conoscenza-critica-e-responsabile\/\",\"name\":\"Cultura digitale nelle scuole, le proposte di riforma e il bisogno di conoscenza critica e responsabile - Fondazione Pirelli\",\"isPartOf\":{\"@id\":\"https:\/\/www.fondazionepirelli.org\/it\/#website\"},\"primaryImageOfPage\":{\"@id\":\"https:\/\/127.0.0.1\/it\/cultura-dimpresa\/cultura-digitale-nelle-scuole-le-proposte-di-riforma-e-il-bisogno-di-conoscenza-critica-e-responsabile\/#primaryimage\"},\"image\":{\"@id\":\"https:\/\/127.0.0.1\/it\/cultura-dimpresa\/cultura-digitale-nelle-scuole-le-proposte-di-riforma-e-il-bisogno-di-conoscenza-critica-e-responsabile\/#primaryimage\"},\"thumbnailUrl\":\"https:\/\/wpsite-assets.fondazionepirelli.org\/wp-content\/uploads\/2018\/01\/03082024\/EBOOK-e1559550047105.jpg\",\"datePublished\":\"2018-01-23T00:00:00+00:00\",\"dateModified\":\"2019-09-23T10:39:08+00:00\",\"author\":{\"@id\":\"https:\/\/www.fondazionepirelli.org\/it\/#\/schema\/person\/f47d097000832c4a6e54538c791fdf25\"},\"breadcrumb\":{\"@id\":\"https:\/\/127.0.0.1\/it\/cultura-dimpresa\/cultura-digitale-nelle-scuole-le-proposte-di-riforma-e-il-bisogno-di-conoscenza-critica-e-responsabile\/#breadcrumb\"},\"inLanguage\":\"it-IT\",\"potentialAction\":[{\"@type\":\"ReadAction\",\"target\":[\"https:\/\/127.0.0.1\/it\/cultura-dimpresa\/cultura-digitale-nelle-scuole-le-proposte-di-riforma-e-il-bisogno-di-conoscenza-critica-e-responsabile\/\"]}]},{\"@type\":\"ImageObject\",\"inLanguage\":\"it-IT\",\"@id\":\"https:\/\/127.0.0.1\/it\/cultura-dimpresa\/cultura-digitale-nelle-scuole-le-proposte-di-riforma-e-il-bisogno-di-conoscenza-critica-e-responsabile\/#primaryimage\",\"url\":\"https:\/\/wpsite-assets.fondazionepirelli.org\/wp-content\/uploads\/2018\/01\/03082024\/EBOOK-e1559550047105.jpg\",\"contentUrl\":\"https:\/\/wpsite-assets.fondazionepirelli.org\/wp-content\/uploads\/2018\/01\/03082024\/EBOOK-e1559550047105.jpg\",\"width\":600,\"height\":400},{\"@type\":\"BreadcrumbList\",\"@id\":\"https:\/\/127.0.0.1\/it\/cultura-dimpresa\/cultura-digitale-nelle-scuole-le-proposte-di-riforma-e-il-bisogno-di-conoscenza-critica-e-responsabile\/#breadcrumb\",\"itemListElement\":[{\"@type\":\"ListItem\",\"position\":1,\"name\":\"Home\",\"item\":\"https:\/\/www.fondazionepirelli.org\/it\/\"},{\"@type\":\"ListItem\",\"position\":2,\"name\":\"Cultura digitale nelle scuole, le proposte di riforma e il bisogno di conoscenza critica e responsabile\"}]},{\"@type\":\"WebSite\",\"@id\":\"https:\/\/www.fondazionepirelli.org\/it\/#website\",\"url\":\"https:\/\/www.fondazionepirelli.org\/it\/\",\"name\":\"Fondazione Pirelli\",\"description\":\"\",\"potentialAction\":[{\"@type\":\"SearchAction\",\"target\":{\"@type\":\"EntryPoint\",\"urlTemplate\":\"https:\/\/www.fondazionepirelli.org\/it\/?s={search_term_string}\"},\"query-input\":{\"@type\":\"PropertyValueSpecification\",\"valueRequired\":true,\"valueName\":\"search_term_string\"}}],\"inLanguage\":\"it-IT\"},{\"@type\":\"Person\",\"@id\":\"https:\/\/www.fondazionepirelli.org\/it\/#\/schema\/person\/f47d097000832c4a6e54538c791fdf25\",\"name\":\"fondadmin\",\"image\":{\"@type\":\"ImageObject\",\"inLanguage\":\"it-IT\",\"@id\":\"https:\/\/www.fondazionepirelli.org\/it\/#\/schema\/person\/image\/\",\"url\":\"https:\/\/secure.gravatar.com\/avatar\/e69498a9175ca244966e51e53c88712c024fcebe41f9a05f75657f1bb25e489b?s=96&d=mm&r=g\",\"contentUrl\":\"https:\/\/secure.gravatar.com\/avatar\/e69498a9175ca244966e51e53c88712c024fcebe41f9a05f75657f1bb25e489b?s=96&d=mm&r=g\",\"caption\":\"fondadmin\"},\"url\":\"https:\/\/www.fondazionepirelli.org\/it\/author\/fondadmin\/\"}]}<\/script>\n<!-- \/ Yoast SEO plugin. -->","yoast_head_json":{"title":"Cultura digitale nelle scuole, le proposte di riforma e il bisogno di conoscenza critica e responsabile - Fondazione Pirelli","robots":{"index":"index","follow":"follow","max-snippet":"max-snippet:-1","max-image-preview":"max-image-preview:large","max-video-preview":"max-video-preview:-1"},"canonical":"https:\/\/www.fondazionepirelli.org\/it\/cultura-dimpresa\/cultura-digitale-nelle-scuole-le-proposte-di-riforma-e-il-bisogno-di-conoscenza-critica-e-responsabile\/","og_locale":"it_IT","og_type":"article","og_title":"Cultura digitale nelle scuole, le proposte di riforma e il bisogno di conoscenza critica e responsabile - Fondazione Pirelli","og_description":"Un decalogo del Ministero dell\u2019Istruzione sull\u2019uso dei telefonini in classe, come strumento didattico, appena arrivato nelle scuole italiane. E una discussione molto partecipata sulla necessit\u00e0 di migliorare, appunto nelle scuole, la conoscenza del mondo digitale, sino alla proposta di creare un vero e proprio \u201cliceo di cultura digitale\u201d. Sono temi chiave per lo sviluppo economico [&hellip;]","og_url":"https:\/\/127.0.0.1\/it\/cultura-dimpresa\/cultura-digitale-nelle-scuole-le-proposte-di-riforma-e-il-bisogno-di-conoscenza-critica-e-responsabile\/","og_site_name":"Fondazione Pirelli","article_published_time":"2018-01-23T00:00:00+00:00","article_modified_time":"2019-09-23T10:39:08+00:00","og_image":[{"width":600,"height":400,"url":"https:\/\/wpsite-assets.fondazionepirelli.org\/wp-content\/uploads\/2018\/01\/03082024\/EBOOK-e1559550047105.jpg","type":"image\/jpeg"}],"author":"fondadmin","twitter_card":"summary_large_image","twitter_misc":{"Scritto da":"fondadmin","Tempo di lettura stimato":"5 minuti"},"schema":{"@context":"https:\/\/schema.org","@graph":[{"@type":"WebPage","@id":"https:\/\/127.0.0.1\/it\/cultura-dimpresa\/cultura-digitale-nelle-scuole-le-proposte-di-riforma-e-il-bisogno-di-conoscenza-critica-e-responsabile\/","url":"https:\/\/127.0.0.1\/it\/cultura-dimpresa\/cultura-digitale-nelle-scuole-le-proposte-di-riforma-e-il-bisogno-di-conoscenza-critica-e-responsabile\/","name":"Cultura digitale nelle scuole, le proposte di riforma e il bisogno di conoscenza critica e responsabile - Fondazione Pirelli","isPartOf":{"@id":"https:\/\/www.fondazionepirelli.org\/it\/#website"},"primaryImageOfPage":{"@id":"https:\/\/127.0.0.1\/it\/cultura-dimpresa\/cultura-digitale-nelle-scuole-le-proposte-di-riforma-e-il-bisogno-di-conoscenza-critica-e-responsabile\/#primaryimage"},"image":{"@id":"https:\/\/127.0.0.1\/it\/cultura-dimpresa\/cultura-digitale-nelle-scuole-le-proposte-di-riforma-e-il-bisogno-di-conoscenza-critica-e-responsabile\/#primaryimage"},"thumbnailUrl":"https:\/\/wpsite-assets.fondazionepirelli.org\/wp-content\/uploads\/2018\/01\/03082024\/EBOOK-e1559550047105.jpg","datePublished":"2018-01-23T00:00:00+00:00","dateModified":"2019-09-23T10:39:08+00:00","author":{"@id":"https:\/\/www.fondazionepirelli.org\/it\/#\/schema\/person\/f47d097000832c4a6e54538c791fdf25"},"breadcrumb":{"@id":"https:\/\/127.0.0.1\/it\/cultura-dimpresa\/cultura-digitale-nelle-scuole-le-proposte-di-riforma-e-il-bisogno-di-conoscenza-critica-e-responsabile\/#breadcrumb"},"inLanguage":"it-IT","potentialAction":[{"@type":"ReadAction","target":["https:\/\/127.0.0.1\/it\/cultura-dimpresa\/cultura-digitale-nelle-scuole-le-proposte-di-riforma-e-il-bisogno-di-conoscenza-critica-e-responsabile\/"]}]},{"@type":"ImageObject","inLanguage":"it-IT","@id":"https:\/\/127.0.0.1\/it\/cultura-dimpresa\/cultura-digitale-nelle-scuole-le-proposte-di-riforma-e-il-bisogno-di-conoscenza-critica-e-responsabile\/#primaryimage","url":"https:\/\/wpsite-assets.fondazionepirelli.org\/wp-content\/uploads\/2018\/01\/03082024\/EBOOK-e1559550047105.jpg","contentUrl":"https:\/\/wpsite-assets.fondazionepirelli.org\/wp-content\/uploads\/2018\/01\/03082024\/EBOOK-e1559550047105.jpg","width":600,"height":400},{"@type":"BreadcrumbList","@id":"https:\/\/127.0.0.1\/it\/cultura-dimpresa\/cultura-digitale-nelle-scuole-le-proposte-di-riforma-e-il-bisogno-di-conoscenza-critica-e-responsabile\/#breadcrumb","itemListElement":[{"@type":"ListItem","position":1,"name":"Home","item":"https:\/\/www.fondazionepirelli.org\/it\/"},{"@type":"ListItem","position":2,"name":"Cultura digitale nelle scuole, le proposte di riforma e il bisogno di conoscenza critica e responsabile"}]},{"@type":"WebSite","@id":"https:\/\/www.fondazionepirelli.org\/it\/#website","url":"https:\/\/www.fondazionepirelli.org\/it\/","name":"Fondazione Pirelli","description":"","potentialAction":[{"@type":"SearchAction","target":{"@type":"EntryPoint","urlTemplate":"https:\/\/www.fondazionepirelli.org\/it\/?s={search_term_string}"},"query-input":{"@type":"PropertyValueSpecification","valueRequired":true,"valueName":"search_term_string"}}],"inLanguage":"it-IT"},{"@type":"Person","@id":"https:\/\/www.fondazionepirelli.org\/it\/#\/schema\/person\/f47d097000832c4a6e54538c791fdf25","name":"fondadmin","image":{"@type":"ImageObject","inLanguage":"it-IT","@id":"https:\/\/www.fondazionepirelli.org\/it\/#\/schema\/person\/image\/","url":"https:\/\/secure.gravatar.com\/avatar\/e69498a9175ca244966e51e53c88712c024fcebe41f9a05f75657f1bb25e489b?s=96&d=mm&r=g","contentUrl":"https:\/\/secure.gravatar.com\/avatar\/e69498a9175ca244966e51e53c88712c024fcebe41f9a05f75657f1bb25e489b?s=96&d=mm&r=g","caption":"fondadmin"},"url":"https:\/\/www.fondazionepirelli.org\/it\/author\/fondadmin\/"}]}},"_links":{"self":[{"href":"https:\/\/www.fondazionepirelli.org\/it\/wp-json\/wp\/v2\/posts\/52598\/"}],"collection":[{"href":"https:\/\/www.fondazionepirelli.org\/it\/wp-json\/wp\/v2\/posts\/"}],"about":[{"href":"https:\/\/www.fondazionepirelli.org\/it\/wp-json\/wp\/v2\/types\/post\/"}],"author":[{"embeddable":true,"href":"https:\/\/www.fondazionepirelli.org\/it\/wp-json\/wp\/v2\/users\/1\/"}],"replies":[{"embeddable":true,"href":"https:\/\/www.fondazionepirelli.org\/it\/wp-json\/wp\/v2\/comments\/?post=52598"}],"version-history":[{"count":4,"href":"https:\/\/www.fondazionepirelli.org\/it\/wp-json\/wp\/v2\/posts\/52598\/revisions\/"}],"predecessor-version":[{"id":69204,"href":"https:\/\/www.fondazionepirelli.org\/it\/wp-json\/wp\/v2\/posts\/52598\/revisions\/69204\/"}],"wp:featuredmedia":[{"embeddable":true,"href":"https:\/\/www.fondazionepirelli.org\/it\/wp-json\/wp\/v2\/media\/57129\/"}],"wp:attachment":[{"href":"https:\/\/www.fondazionepirelli.org\/it\/wp-json\/wp\/v2\/media\/?parent=52598"}],"wp:term":[{"taxonomy":"category","embeddable":true,"href":"https:\/\/www.fondazionepirelli.org\/it\/wp-json\/wp\/v2\/categories\/?post=52598"},{"taxonomy":"post_tag","embeddable":true,"href":"https:\/\/www.fondazionepirelli.org\/it\/wp-json\/wp\/v2\/tags\/?post=52598"}],"curies":[{"name":"wp","href":"https:\/\/api.w.org\/{rel}","templated":true}]}}